{"id":925428,"date":"2025-01-18T11:42:40","date_gmt":"2025-01-18T14:42:40","guid":{"rendered":"https:\/\/www.pm.pb.gov.br\/portal\/?p=925428"},"modified":"2025-01-18T11:57:10","modified_gmt":"2025-01-18T14:57:10","slug":"operacao-verao-pm-apreende-cinco-armas-de-fogo-e-frustra-criminosos-em-joao-pessoa","status":"publish","type":"post","link":"https:\/\/www.pm.pb.gov.br\/portal\/2025\/01\/18\/operacao-verao-pm-apreende-cinco-armas-de-fogo-e-frustra-criminosos-em-joao-pessoa\/","title":{"rendered":"OPERA\u00c7\u00c3O VER\u00c3O: PM apreende cinco armas de fogo e frustra criminosos em Jo\u00e3o Pessoa"},"content":{"rendered":"\n<p><strong>C<\/strong><span style=\"font-size: revert; color: initial;\">inco armas de fogo foram apreendidas pela Pol\u00edcia Militar nas \u00faltimas horas da sexta-feira (17) em Jo\u00e3o Pessoa, durante a Opera\u00e7\u00e3o Ver\u00e3o. As a\u00e7\u00f5es de seguran\u00e7a frustraram criminosos, apreenderam muni\u00e7\u00f5es, coletes bal\u00edsticos, drogas, e foram realizadas em diversos bairros do capital. A Opera\u00e7\u00e3o foi coordenada pelo pr\u00f3prio comandante-geral da PM, o coronel S\u00e9rgio Fonseca (foto acima ilustrativa).<\/span><\/p>\n<p>Em Mandacaru, A PM apreendeu um rev\u00f3lver que estava com um criminoso que fugiu ao perceber a chegada dos policiais na regi\u00e3o da rua do M\u00e9xico, pr\u00f3ximo a linha f\u00e9rrea e \u00e0 avenida Tancredo Neves (foto abaixo). Com essa a\u00e7\u00e3o sobe para seis as armas apreendidas na localidade, desde a \u00faltima semana, frustrando outros delitos que ocorriam. \u201cT\u00ednhamos den\u00fancias de criminosos cometendo assaltos na regi\u00e3o da avenida Tancredo Neves, e temos dado resposta com essas e outras a\u00e7\u00f5es de seguran\u00e7a na regi\u00e3o, tranquilizando assim a comunidade\u201d, explicou o coronel S\u00e9rgio.<\/p>\n<p><img loading=\"lazy\" decoding=\"async\" class=\"size-medium wp-image-925426 aligncenter\" src=\"http:\/\/www.pm.pb.gov.br\/portal\/wp-content\/uploads\/2025\/01\/IMG-20250118-WA0001-455x445.jpg\" alt=\"\" width=\"455\" height=\"445\" srcset=\"https:\/\/www.pm.pb.gov.br\/portal\/wp-content\/uploads\/2025\/01\/IMG-20250118-WA0001-455x445.jpg 455w, https:\/\/www.pm.pb.gov.br\/portal\/wp-content\/uploads\/2025\/01\/IMG-20250118-WA0001-582x570.jpg 582w, https:\/\/www.pm.pb.gov.br\/portal\/wp-content\/uploads\/2025\/01\/IMG-20250118-WA0001-768x752.jpg 768w, https:\/\/www.pm.pb.gov.br\/portal\/wp-content\/uploads\/2025\/01\/IMG-20250118-WA0001-1536x1504.jpg 1536w, https:\/\/www.pm.pb.gov.br\/portal\/wp-content\/uploads\/2025\/01\/IMG-20250118-WA0001-2048x2005.jpg 2048w\" sizes=\"(max-width: 455px) 100vw, 455px\" \/><\/p>\n<p>J\u00e1 no Varadouro, duas pistolas foram apreendidas com dois homens que transitavam em um ve\u00edculo. Eles tamb\u00e9m estavam com colete bal\u00edstico. Um dos acusados j\u00e1 possu\u00eda tornozeleira eletr\u00f4nica (foto abaixo).<\/p>\n<p><img loading=\"lazy\" decoding=\"async\" class=\"size-medium wp-image-925425 aligncenter\" src=\"http:\/\/www.pm.pb.gov.br\/portal\/wp-content\/uploads\/2025\/01\/IMG-20250118-WA0003-624x445.jpg\" alt=\"\" width=\"624\" height=\"445\" srcset=\"https:\/\/www.pm.pb.gov.br\/portal\/wp-content\/uploads\/2025\/01\/IMG-20250118-WA0003-624x445.jpg 624w, https:\/\/www.pm.pb.gov.br\/portal\/wp-content\/uploads\/2025\/01\/IMG-20250118-WA0003-800x570.jpg 800w, https:\/\/www.pm.pb.gov.br\/portal\/wp-content\/uploads\/2025\/01\/IMG-20250118-WA0003-768x547.jpg 768w, https:\/\/www.pm.pb.gov.br\/portal\/wp-content\/uploads\/2025\/01\/IMG-20250118-WA0003.jpg 957w\" sizes=\"(max-width: 624px) 100vw, 624px\" \/><\/p>\n<p>No bairro do Bessa, um rev\u00f3lver, diversas muni\u00e7\u00f5es, e v\u00e1rias por\u00e7\u00f5es de drogas foram apreendidos em uma localidade de tr\u00e1fico. A a\u00e7\u00e3o da PM contou com ajuda do faro dos c\u00e3es da Companhia de Policiamento com C\u00e3es (CPC\u00e3es), que conseguiram localizar os objetos il\u00edcitos na localidade de dif\u00edcil acesso.<\/p>\n<p><strong>Zona sul \u2013<\/strong> Pela tarde, policiais prenderam uma dupla que estava com uma motocicleta roubada da cidade de Queimadas. Os acusados foram presos com um rev\u00f3lver (foto abaixo).<\/p>\n<p><img loading=\"lazy\" decoding=\"async\" class=\" wp-image-925429 aligncenter\" src=\"http:\/\/www.pm.pb.gov.br\/portal\/wp-content\/uploads\/2025\/01\/WhatsApp-Image-2025-01-17-at-21.59.55-1-591x445.jpeg\" alt=\"\" width=\"521\" height=\"392\" srcset=\"https:\/\/www.pm.pb.gov.br\/portal\/wp-content\/uploads\/2025\/01\/WhatsApp-Image-2025-01-17-at-21.59.55-1-591x445.jpeg 591w, https:\/\/www.pm.pb.gov.br\/portal\/wp-content\/uploads\/2025\/01\/WhatsApp-Image-2025-01-17-at-21.59.55-1-757x570.jpeg 757w, https:\/\/www.pm.pb.gov.br\/portal\/wp-content\/uploads\/2025\/01\/WhatsApp-Image-2025-01-17-at-21.59.55-1-768x578.jpeg 768w, https:\/\/www.pm.pb.gov.br\/portal\/wp-content\/uploads\/2025\/01\/WhatsApp-Image-2025-01-17-at-21.59.55-1-1536x1157.jpeg 1536w, https:\/\/www.pm.pb.gov.br\/portal\/wp-content\/uploads\/2025\/01\/WhatsApp-Image-2025-01-17-at-21.59.55-1-2048x1542.jpeg 2048w\" sizes=\"(max-width: 521px) 100vw, 521px\" \/><\/p>\n<p>Todas as ocorr\u00eancias foram encaminhadas para as delegacias para os procedimentos cab\u00edveis. Novas a\u00e7\u00f5es de seguran\u00e7a devem ocorrer neste final de semana.<\/p>\n<p><em>Atualizado \u00e0s 11h59.<\/em><\/p>\n","protected":false},"excerpt":{"rendered":"<p>Cinco armas de fogo foram apreendidas pela Pol\u00edcia Militar nas \u00faltimas horas da sexta-feira (17) em Jo\u00e3o Pessoa, durante a<\/p>\n","protected":false},"author":12,"featured_media":925347,"comment_status":"closed","ping_status":"closed","sticky":false,"template":"","format":"standard","meta":{"_exactmetrics_skip_tracking":false,"_exactmetrics_sitenote_active":false,"_exactmetrics_sitenote_note":"","_exactmetrics_sitenote_category":0,"footnotes":""},"categories":[4],"tags":[],"yoast_head":"<!-- This site is optimized with the Yoast SEO plugin v22.0 - https:\/\/yoast.com\/wordpress\/plugins\/seo\/ -->\n<title>OPERA\u00c7\u00c3O VER\u00c3O: PM apreende cinco armas de fogo e frustra criminosos em Jo\u00e3o Pessoa - Pol\u00edcia Militar da Para\u00edba<\/title>\n<meta name=\"description\" content=\"A\u00e7\u00f5es de seguran\u00e7a tamb\u00e9m apreenderam muni\u00e7\u00f5es, coletes bal\u00edsticos, drogas, sendo coordenadas pelo coronel S\u00e9rgio.\" \/>\n<meta name=\"robots\" content=\"index, follow, max-snippet:-1, max-image-preview:large, max-video-preview:-1\" \/>\n<link rel=\"canonical\" href=\"https:\/\/www.pm.pb.gov.br\/portal\/2025\/01\/18\/operacao-verao-pm-apreende-cinco-armas-de-fogo-e-frustra-criminosos-em-joao-pessoa\/\" \/>\n<meta property=\"og:locale\" content=\"pt_BR\" \/>\n<meta property=\"og:type\" content=\"article\" \/>\n<meta property=\"og:title\" content=\"OPERA\u00c7\u00c3O VER\u00c3O: PM apreende cinco armas de fogo e frustra criminosos em Jo\u00e3o Pessoa - Pol\u00edcia Militar da Para\u00edba\" \/>\n<meta property=\"og:description\" content=\"A\u00e7\u00f5es de seguran\u00e7a tamb\u00e9m apreenderam muni\u00e7\u00f5es, coletes bal\u00edsticos, drogas, sendo coordenadas pelo coronel S\u00e9rgio.\" \/>\n<meta property=\"og:url\" content=\"https:\/\/www.pm.pb.gov.br\/portal\/2025\/01\/18\/operacao-verao-pm-apreende-cinco-armas-de-fogo-e-frustra-criminosos-em-joao-pessoa\/\" \/>\n<meta property=\"og:site_name\" content=\"Pol\u00edcia Militar da Para\u00edba\" \/>\n<meta property=\"article:published_time\" content=\"2025-01-18T14:42:40+00:00\" \/>\n<meta property=\"article:modified_time\" content=\"2025-01-18T14:57:10+00:00\" \/>\n<meta property=\"og:image\" content=\"http:\/\/www.pm.pb.gov.br\/portal\/wp-content\/uploads\/2025\/01\/WhatsApp-Image-2025-01-08-at-1.58.00-AM-scaled.jpeg\" \/>\n\t<meta property=\"og:image:width\" content=\"2560\" \/>\n\t<meta property=\"og:image:height\" content=\"1920\" \/>\n\t<meta property=\"og:image:type\" content=\"image\/jpeg\" \/>\n<meta name=\"author\" content=\"Tarcisio Oliveira\" \/>\n<meta name=\"twitter:card\" content=\"summary_large_image\" \/>\n<meta name=\"twitter:label1\" content=\"Escrito por\" \/>\n\t<meta name=\"twitter:data1\" content=\"Tarcisio Oliveira\" \/>\n\t<meta name=\"twitter:label2\" content=\"Est. tempo de leitura\" \/>\n\t<meta name=\"twitter:data2\" content=\"3 minutos\" \/>\n<script type=\"application\/ld+json\" class=\"yoast-schema-graph\">{\"@context\":\"https:\/\/schema.org\",\"@graph\":[{\"@type\":\"Article\",\"@id\":\"https:\/\/www.pm.pb.gov.br\/portal\/2025\/01\/18\/operacao-verao-pm-apreende-cinco-armas-de-fogo-e-frustra-criminosos-em-joao-pessoa\/#article\",\"isPartOf\":{\"@id\":\"https:\/\/www.pm.pb.gov.br\/portal\/2025\/01\/18\/operacao-verao-pm-apreende-cinco-armas-de-fogo-e-frustra-criminosos-em-joao-pessoa\/\"},\"author\":{\"name\":\"Tarcisio Oliveira\",\"@id\":\"https:\/\/www.pm.pb.gov.br\/portal\/#\/schema\/person\/f84f56dcc78ce4357054da888b8247fd\"},\"headline\":\"OPERA\u00c7\u00c3O VER\u00c3O: PM apreende cinco armas de fogo e frustra criminosos em Jo\u00e3o Pessoa\",\"datePublished\":\"2025-01-18T14:42:40+00:00\",\"dateModified\":\"2025-01-18T14:57:10+00:00\",\"mainEntityOfPage\":{\"@id\":\"https:\/\/www.pm.pb.gov.br\/portal\/2025\/01\/18\/operacao-verao-pm-apreende-cinco-armas-de-fogo-e-frustra-criminosos-em-joao-pessoa\/\"},\"wordCount\":339,\"publisher\":{\"@id\":\"https:\/\/www.pm.pb.gov.br\/portal\/#organization\"},\"articleSection\":[\"A\u00e7\u00f5es Policiais\"],\"inLanguage\":\"pt-BR\"},{\"@type\":\"WebPage\",\"@id\":\"https:\/\/www.pm.pb.gov.br\/portal\/2025\/01\/18\/operacao-verao-pm-apreende-cinco-armas-de-fogo-e-frustra-criminosos-em-joao-pessoa\/\",\"url\":\"https:\/\/www.pm.pb.gov.br\/portal\/2025\/01\/18\/operacao-verao-pm-apreende-cinco-armas-de-fogo-e-frustra-criminosos-em-joao-pessoa\/\",\"name\":\"OPERA\u00c7\u00c3O VER\u00c3O: PM apreende cinco armas de fogo e frustra criminosos em Jo\u00e3o Pessoa - Pol\u00edcia Militar da Para\u00edba\",\"isPartOf\":{\"@id\":\"https:\/\/www.pm.pb.gov.br\/portal\/#website\"},\"datePublished\":\"2025-01-18T14:42:40+00:00\",\"dateModified\":\"2025-01-18T14:57:10+00:00\",\"description\":\"A\u00e7\u00f5es de seguran\u00e7a tamb\u00e9m apreenderam muni\u00e7\u00f5es, coletes bal\u00edsticos, drogas, sendo coordenadas pelo coronel S\u00e9rgio.\",\"breadcrumb\":{\"@id\":\"https:\/\/www.pm.pb.gov.br\/portal\/2025\/01\/18\/operacao-verao-pm-apreende-cinco-armas-de-fogo-e-frustra-criminosos-em-joao-pessoa\/#breadcrumb\"},\"inLanguage\":\"pt-BR\",\"potentialAction\":[{\"@type\":\"ReadAction\",\"target\":[\"https:\/\/www.pm.pb.gov.br\/portal\/2025\/01\/18\/operacao-verao-pm-apreende-cinco-armas-de-fogo-e-frustra-criminosos-em-joao-pessoa\/\"]}]},{\"@type\":\"BreadcrumbList\",\"@id\":\"https:\/\/www.pm.pb.gov.br\/portal\/2025\/01\/18\/operacao-verao-pm-apreende-cinco-armas-de-fogo-e-frustra-criminosos-em-joao-pessoa\/#breadcrumb\",\"itemListElement\":[{\"@type\":\"ListItem\",\"position\":1,\"name\":\"In\u00edcio\",\"item\":\"https:\/\/www.pm.pb.gov.br\/portal\/\"},{\"@type\":\"ListItem\",\"position\":2,\"name\":\"OPERA\u00c7\u00c3O VER\u00c3O: PM apreende cinco armas de fogo e frustra criminosos em Jo\u00e3o Pessoa\"}]},{\"@type\":\"WebSite\",\"@id\":\"https:\/\/www.pm.pb.gov.br\/portal\/#website\",\"url\":\"https:\/\/www.pm.pb.gov.br\/portal\/\",\"name\":\"Pol\u00edcia Militar da Para\u00edba\",\"description\":\"\",\"publisher\":{\"@id\":\"https:\/\/www.pm.pb.gov.br\/portal\/#organization\"},\"potentialAction\":[{\"@type\":\"SearchAction\",\"target\":{\"@type\":\"EntryPoint\",\"urlTemplate\":\"https:\/\/www.pm.pb.gov.br\/portal\/?s={search_term_string}\"},\"query-input\":\"required name=search_term_string\"}],\"inLanguage\":\"pt-BR\"},{\"@type\":\"Organization\",\"@id\":\"https:\/\/www.pm.pb.gov.br\/portal\/#organization\",\"name\":\"Pol\u00edcia Militar da Para\u00edba\",\"url\":\"https:\/\/www.pm.pb.gov.br\/portal\/\",\"logo\":{\"@type\":\"ImageObject\",\"inLanguage\":\"pt-BR\",\"@id\":\"https:\/\/www.pm.pb.gov.br\/portal\/#\/schema\/logo\/image\/\",\"url\":\"https:\/\/www.pm.pb.gov.br\/portal\/wp-content\/uploads\/2025\/03\/cropped-logo-site-mag2-1.png\",\"contentUrl\":\"https:\/\/www.pm.pb.gov.br\/portal\/wp-content\/uploads\/2025\/03\/cropped-logo-site-mag2-1.png\",\"width\":320,\"height\":90,\"caption\":\"Pol\u00edcia Militar da Para\u00edba\"},\"image\":{\"@id\":\"https:\/\/www.pm.pb.gov.br\/portal\/#\/schema\/logo\/image\/\"}},{\"@type\":\"Person\",\"@id\":\"https:\/\/www.pm.pb.gov.br\/portal\/#\/schema\/person\/f84f56dcc78ce4357054da888b8247fd\",\"name\":\"Tarcisio Oliveira\",\"image\":{\"@type\":\"ImageObject\",\"inLanguage\":\"pt-BR\",\"@id\":\"https:\/\/www.pm.pb.gov.br\/portal\/#\/schema\/person\/image\/\",\"url\":\"https:\/\/secure.gravatar.com\/avatar\/72917b630b69d31cd0297507f34bac97?s=96&d=mm&r=g\",\"contentUrl\":\"https:\/\/secure.gravatar.com\/avatar\/72917b630b69d31cd0297507f34bac97?s=96&d=mm&r=g\",\"caption\":\"Tarcisio Oliveira\"},\"url\":\"https:\/\/www.pm.pb.gov.br\/portal\/author\/tarcisio\/\"}]}<\/script>\n<!-- \/ Yoast SEO plugin. -->","yoast_head_json":{"title":"OPERA\u00c7\u00c3O VER\u00c3O: PM apreende cinco armas de fogo e frustra criminosos em Jo\u00e3o Pessoa - Pol\u00edcia Militar da Para\u00edba","description":"A\u00e7\u00f5es de seguran\u00e7a tamb\u00e9m apreenderam muni\u00e7\u00f5es, coletes bal\u00edsticos, drogas, sendo coordenadas pelo coronel S\u00e9rgio.","robots":{"index":"index","follow":"follow","max-snippet":"max-snippet:-1","max-image-preview":"max-image-preview:large","max-video-preview":"max-video-preview:-1"},"canonical":"https:\/\/www.pm.pb.gov.br\/portal\/2025\/01\/18\/operacao-verao-pm-apreende-cinco-armas-de-fogo-e-frustra-criminosos-em-joao-pessoa\/","og_locale":"pt_BR","og_type":"article","og_title":"OPERA\u00c7\u00c3O VER\u00c3O: PM apreende cinco armas de fogo e frustra criminosos em Jo\u00e3o Pessoa - Pol\u00edcia Militar da Para\u00edba","og_description":"A\u00e7\u00f5es de seguran\u00e7a tamb\u00e9m apreenderam muni\u00e7\u00f5es, coletes bal\u00edsticos, drogas, sendo coordenadas pelo coronel S\u00e9rgio.","og_url":"https:\/\/www.pm.pb.gov.br\/portal\/2025\/01\/18\/operacao-verao-pm-apreende-cinco-armas-de-fogo-e-frustra-criminosos-em-joao-pessoa\/","og_site_name":"Pol\u00edcia Militar da Para\u00edba","article_published_time":"2025-01-18T14:42:40+00:00","article_modified_time":"2025-01-18T14:57:10+00:00","og_image":[{"width":2560,"height":1920,"url":"http:\/\/www.pm.pb.gov.br\/portal\/wp-content\/uploads\/2025\/01\/WhatsApp-Image-2025-01-08-at-1.58.00-AM-scaled.jpeg","type":"image\/jpeg"}],"author":"Tarcisio Oliveira","twitter_card":"summary_large_image","twitter_misc":{"Escrito por":"Tarcisio Oliveira","Est. tempo de leitura":"3 minutos"},"schema":{"@context":"https:\/\/schema.org","@graph":[{"@type":"Article","@id":"https:\/\/www.pm.pb.gov.br\/portal\/2025\/01\/18\/operacao-verao-pm-apreende-cinco-armas-de-fogo-e-frustra-criminosos-em-joao-pessoa\/#article","isPartOf":{"@id":"https:\/\/www.pm.pb.gov.br\/portal\/2025\/01\/18\/operacao-verao-pm-apreende-cinco-armas-de-fogo-e-frustra-criminosos-em-joao-pessoa\/"},"author":{"name":"Tarcisio Oliveira","@id":"https:\/\/www.pm.pb.gov.br\/portal\/#\/schema\/person\/f84f56dcc78ce4357054da888b8247fd"},"headline":"OPERA\u00c7\u00c3O VER\u00c3O: PM apreende cinco armas de fogo e frustra criminosos em Jo\u00e3o Pessoa","datePublished":"2025-01-18T14:42:40+00:00","dateModified":"2025-01-18T14:57:10+00:00","mainEntityOfPage":{"@id":"https:\/\/www.pm.pb.gov.br\/portal\/2025\/01\/18\/operacao-verao-pm-apreende-cinco-armas-de-fogo-e-frustra-criminosos-em-joao-pessoa\/"},"wordCount":339,"publisher":{"@id":"https:\/\/www.pm.pb.gov.br\/portal\/#organization"},"articleSection":["A\u00e7\u00f5es Policiais"],"inLanguage":"pt-BR"},{"@type":"WebPage","@id":"https:\/\/www.pm.pb.gov.br\/portal\/2025\/01\/18\/operacao-verao-pm-apreende-cinco-armas-de-fogo-e-frustra-criminosos-em-joao-pessoa\/","url":"https:\/\/www.pm.pb.gov.br\/portal\/2025\/01\/18\/operacao-verao-pm-apreende-cinco-armas-de-fogo-e-frustra-criminosos-em-joao-pessoa\/","name":"OPERA\u00c7\u00c3O VER\u00c3O: PM apreende cinco armas de fogo e frustra criminosos em Jo\u00e3o Pessoa - Pol\u00edcia Militar da Para\u00edba","isPartOf":{"@id":"https:\/\/www.pm.pb.gov.br\/portal\/#website"},"datePublished":"2025-01-18T14:42:40+00:00","dateModified":"2025-01-18T14:57:10+00:00","description":"A\u00e7\u00f5es de seguran\u00e7a tamb\u00e9m apreenderam muni\u00e7\u00f5es, coletes bal\u00edsticos, drogas, sendo coordenadas pelo coronel S\u00e9rgio.","breadcrumb":{"@id":"https:\/\/www.pm.pb.gov.br\/portal\/2025\/01\/18\/operacao-verao-pm-apreende-cinco-armas-de-fogo-e-frustra-criminosos-em-joao-pessoa\/#breadcrumb"},"inLanguage":"pt-BR","potentialAction":[{"@type":"ReadAction","target":["https:\/\/www.pm.pb.gov.br\/portal\/2025\/01\/18\/operacao-verao-pm-apreende-cinco-armas-de-fogo-e-frustra-criminosos-em-joao-pessoa\/"]}]},{"@type":"BreadcrumbList","@id":"https:\/\/www.pm.pb.gov.br\/portal\/2025\/01\/18\/operacao-verao-pm-apreende-cinco-armas-de-fogo-e-frustra-criminosos-em-joao-pessoa\/#breadcrumb","itemListElement":[{"@type":"ListItem","position":1,"name":"In\u00edcio","item":"https:\/\/www.pm.pb.gov.br\/portal\/"},{"@type":"ListItem","position":2,"name":"OPERA\u00c7\u00c3O VER\u00c3O: PM apreende cinco armas de fogo e frustra criminosos em Jo\u00e3o Pessoa"}]},{"@type":"WebSite","@id":"https:\/\/www.pm.pb.gov.br\/portal\/#website","url":"https:\/\/www.pm.pb.gov.br\/portal\/","name":"Pol\u00edcia Militar da Para\u00edba","description":"","publisher":{"@id":"https:\/\/www.pm.pb.gov.br\/portal\/#organization"},"potentialAction":[{"@type":"SearchAction","target":{"@type":"EntryPoint","urlTemplate":"https:\/\/www.pm.pb.gov.br\/portal\/?s={search_term_string}"},"query-input":"required name=search_term_string"}],"inLanguage":"pt-BR"},{"@type":"Organization","@id":"https:\/\/www.pm.pb.gov.br\/portal\/#organization","name":"Pol\u00edcia Militar da Para\u00edba","url":"https:\/\/www.pm.pb.gov.br\/portal\/","logo":{"@type":"ImageObject","inLanguage":"pt-BR","@id":"https:\/\/www.pm.pb.gov.br\/portal\/#\/schema\/logo\/image\/","url":"https:\/\/www.pm.pb.gov.br\/portal\/wp-content\/uploads\/2025\/03\/cropped-logo-site-mag2-1.png","contentUrl":"https:\/\/www.pm.pb.gov.br\/portal\/wp-content\/uploads\/2025\/03\/cropped-logo-site-mag2-1.png","width":320,"height":90,"caption":"Pol\u00edcia Militar da Para\u00edba"},"image":{"@id":"https:\/\/www.pm.pb.gov.br\/portal\/#\/schema\/logo\/image\/"}},{"@type":"Person","@id":"https:\/\/www.pm.pb.gov.br\/portal\/#\/schema\/person\/f84f56dcc78ce4357054da888b8247fd","name":"Tarcisio Oliveira","image":{"@type":"ImageObject","inLanguage":"pt-BR","@id":"https:\/\/www.pm.pb.gov.br\/portal\/#\/schema\/person\/image\/","url":"https:\/\/secure.gravatar.com\/avatar\/72917b630b69d31cd0297507f34bac97?s=96&d=mm&r=g","contentUrl":"https:\/\/secure.gravatar.com\/avatar\/72917b630b69d31cd0297507f34bac97?s=96&d=mm&r=g","caption":"Tarcisio Oliveira"},"url":"https:\/\/www.pm.pb.gov.br\/portal\/author\/tarcisio\/"}]}},"_links":{"self":[{"href":"https:\/\/www.pm.pb.gov.br\/portal\/wp-json\/wp\/v2\/posts\/925428"}],"collection":[{"href":"https:\/\/www.pm.pb.gov.br\/portal\/wp-json\/wp\/v2\/posts"}],"about":[{"href":"https:\/\/www.pm.pb.gov.br\/portal\/wp-json\/wp\/v2\/types\/post"}],"author":[{"embeddable":true,"href":"https:\/\/www.pm.pb.gov.br\/portal\/wp-json\/wp\/v2\/users\/12"}],"replies":[{"embeddable":true,"href":"https:\/\/www.pm.pb.gov.br\/portal\/wp-json\/wp\/v2\/comments?post=925428"}],"version-history":[{"count":2,"href":"https:\/\/www.pm.pb.gov.br\/portal\/wp-json\/wp\/v2\/posts\/925428\/revisions"}],"predecessor-version":[{"id":925432,"href":"https:\/\/www.pm.pb.gov.br\/portal\/wp-json\/wp\/v2\/posts\/925428\/revisions\/925432"}],"wp:featuredmedia":[{"embeddable":true,"href":"https:\/\/www.pm.pb.gov.br\/portal\/wp-json\/wp\/v2\/media\/925347"}],"wp:attachment":[{"href":"https:\/\/www.pm.pb.gov.br\/portal\/wp-json\/wp\/v2\/media?parent=925428"}],"wp:term":[{"taxonomy":"category","embeddable":true,"href":"https:\/\/www.pm.pb.gov.br\/portal\/wp-json\/wp\/v2\/categories?post=925428"},{"taxonomy":"post_tag","embeddable":true,"href":"https:\/\/www.pm.pb.gov.br\/portal\/wp-json\/wp\/v2\/tags?post=925428"}],"curies":[{"name":"wp","href":"https:\/\/api.w.org\/{rel}","templated":true}]}}