{"id":925424,"date":"2025-01-18T07:41:30","date_gmt":"2025-01-18T10:41:30","guid":{"rendered":"https:\/\/www.pm.pb.gov.br\/portal\/?p=925424"},"modified":"2025-01-18T11:44:00","modified_gmt":"2025-01-18T14:44:00","slug":"policia-militar-apreende-tres-armas-de-fogo-na-zona-norte-de-joao-pessoa","status":"publish","type":"post","link":"https:\/\/www.pm.pb.gov.br\/portal\/2025\/01\/18\/policia-militar-apreende-tres-armas-de-fogo-na-zona-norte-de-joao-pessoa\/","title":{"rendered":"Pol\u00edcia Militar apreende tr\u00eas armas de fogo na zona norte de Jo\u00e3o Pessoa"},"content":{"rendered":"\n\n\n<p>Tr\u00eas armas de fogo foram apreendidas pela Pol\u00edcia Militar na noite dessa sexta-feira (17) abrindo as a\u00e7\u00f5es de seguran\u00e7a do final de semana. As apreens\u00f5es ocorreram em bairros da zona norte da capital frustrando a\u00e7\u00f5es criminosas.<\/p>\n<p>Em Mandacaru, um rev\u00f3lver foi apreendido ap\u00f3s policiais militares flagrarem um grupo criminoso pr\u00f3ximo a linha do trem. Os acusados conseguiram fugir mas abandonaram o armamento (foto abaixo).<\/p>\n<p><img loading=\"lazy\" decoding=\"async\" class=\"size-medium wp-image-925426 aligncenter\" src=\"http:\/\/www.pm.pb.gov.br\/portal\/wp-content\/uploads\/2025\/01\/IMG-20250118-WA0001-455x445.jpg\" alt=\"\" width=\"455\" height=\"445\" srcset=\"https:\/\/www.pm.pb.gov.br\/portal\/wp-content\/uploads\/2025\/01\/IMG-20250118-WA0001-455x445.jpg 455w, https:\/\/www.pm.pb.gov.br\/portal\/wp-content\/uploads\/2025\/01\/IMG-20250118-WA0001-582x570.jpg 582w, https:\/\/www.pm.pb.gov.br\/portal\/wp-content\/uploads\/2025\/01\/IMG-20250118-WA0001-768x752.jpg 768w, https:\/\/www.pm.pb.gov.br\/portal\/wp-content\/uploads\/2025\/01\/IMG-20250118-WA0001-1536x1504.jpg 1536w, https:\/\/www.pm.pb.gov.br\/portal\/wp-content\/uploads\/2025\/01\/IMG-20250118-WA0001-2048x2005.jpg 2048w\" sizes=\"(max-width: 455px) 100vw, 455px\" \/><\/p>\n<p>Mais cedo, nas proximidades da Pra\u00e7a da Pedra, no Varadoro, foram duas pistolas as armas apreendidas, al\u00e9m de colete bal\u00edstico. O material estava com dois infratores, abordados em um carro pelos policiais (foto acima principal). Ainda de acordo com a equipe, um dos presos j\u00e1 usava tornozeleira eletr\u00f4nica.<\/p>\n<p>As ocorr\u00eancias foram encaminhadas para as delegacias. As apreens\u00e3o foram realizadas no \u00e2mbito da Opera\u00e7\u00e3o Ver\u00e3o por tropas do 1\u00b0 Batalh\u00e3o, Batalh\u00e3o de Policiamento do Choque (BPChoque), sob coordena\u00e7\u00e3o do pr\u00f3prio comandante-geral da PM, o coronel S\u00e9rgio Fonseca.<\/p>\n<p>Atualizado \u00e0s 11h46.<\/p>\n","protected":false},"excerpt":{"rendered":"<p>Tr\u00eas armas de fogo foram apreendidas pela Pol\u00edcia Militar na noite dessa sexta-feira (17) abrindo as a\u00e7\u00f5es de seguran\u00e7a do<\/p>\n","protected":false},"author":12,"featured_media":925425,"comment_status":"closed","ping_status":"closed","sticky":false,"template":"","format":"standard","meta":{"_exactmetrics_skip_tracking":false,"_exactmetrics_sitenote_active":false,"_exactmetrics_sitenote_note":"","_exactmetrics_sitenote_category":0,"footnotes":""},"categories":[4],"tags":[],"yoast_head":"<!-- This site is optimized with the Yoast SEO plugin v22.0 - https:\/\/yoast.com\/wordpress\/plugins\/seo\/ -->\n<title>Pol\u00edcia Militar apreende tr\u00eas armas de fogo na zona norte de Jo\u00e3o Pessoa - Pol\u00edcia Militar da Para\u00edba<\/title>\n<meta name=\"description\" content=\"As apreens\u00e3o e pris\u00f5es foram realizadas no \u00e2mbito da Opera\u00e7\u00e3o Ver\u00e3o, sob coordena\u00e7\u00e3o do pr\u00f3prio comandante-geral da PM, o coronel S\u00e9rgio Fonseca.\" \/>\n<meta name=\"robots\" content=\"index, follow, max-snippet:-1, max-image-preview:large, max-video-preview:-1\" \/>\n<link rel=\"canonical\" href=\"https:\/\/www.pm.pb.gov.br\/portal\/2025\/01\/18\/policia-militar-apreende-tres-armas-de-fogo-na-zona-norte-de-joao-pessoa\/\" \/>\n<meta property=\"og:locale\" content=\"pt_BR\" \/>\n<meta property=\"og:type\" content=\"article\" \/>\n<meta property=\"og:title\" content=\"Pol\u00edcia Militar apreende tr\u00eas armas de fogo na zona norte de Jo\u00e3o Pessoa - Pol\u00edcia Militar da Para\u00edba\" \/>\n<meta property=\"og:description\" content=\"As apreens\u00e3o e pris\u00f5es foram realizadas no \u00e2mbito da Opera\u00e7\u00e3o Ver\u00e3o, sob coordena\u00e7\u00e3o do pr\u00f3prio comandante-geral da PM, o coronel S\u00e9rgio Fonseca.\" \/>\n<meta property=\"og:url\" content=\"https:\/\/www.pm.pb.gov.br\/portal\/2025\/01\/18\/policia-militar-apreende-tres-armas-de-fogo-na-zona-norte-de-joao-pessoa\/\" \/>\n<meta property=\"og:site_name\" content=\"Pol\u00edcia Militar da Para\u00edba\" \/>\n<meta property=\"article:published_time\" content=\"2025-01-18T10:41:30+00:00\" \/>\n<meta property=\"article:modified_time\" content=\"2025-01-18T14:44:00+00:00\" \/>\n<meta property=\"og:image\" content=\"http:\/\/www.pm.pb.gov.br\/portal\/wp-content\/uploads\/2025\/01\/IMG-20250118-WA0003.jpg\" \/>\n\t<meta property=\"og:image:width\" content=\"957\" \/>\n\t<meta property=\"og:image:height\" content=\"682\" \/>\n\t<meta property=\"og:image:type\" content=\"image\/jpeg\" \/>\n<meta name=\"author\" content=\"Tarcisio Oliveira\" \/>\n<meta name=\"twitter:card\" content=\"summary_large_image\" \/>\n<meta name=\"twitter:label1\" content=\"Escrito por\" \/>\n\t<meta name=\"twitter:data1\" content=\"Tarcisio Oliveira\" \/>\n\t<meta name=\"twitter:label2\" content=\"Est. tempo de leitura\" \/>\n\t<meta name=\"twitter:data2\" content=\"2 minutos\" \/>\n<script type=\"application\/ld+json\" class=\"yoast-schema-graph\">{\"@context\":\"https:\/\/schema.org\",\"@graph\":[{\"@type\":\"Article\",\"@id\":\"https:\/\/www.pm.pb.gov.br\/portal\/2025\/01\/18\/policia-militar-apreende-tres-armas-de-fogo-na-zona-norte-de-joao-pessoa\/#article\",\"isPartOf\":{\"@id\":\"https:\/\/www.pm.pb.gov.br\/portal\/2025\/01\/18\/policia-militar-apreende-tres-armas-de-fogo-na-zona-norte-de-joao-pessoa\/\"},\"author\":{\"name\":\"Tarcisio Oliveira\",\"@id\":\"https:\/\/www.pm.pb.gov.br\/portal\/#\/schema\/person\/f84f56dcc78ce4357054da888b8247fd\"},\"headline\":\"Pol\u00edcia Militar apreende tr\u00eas armas de fogo na zona norte de Jo\u00e3o Pessoa\",\"datePublished\":\"2025-01-18T10:41:30+00:00\",\"dateModified\":\"2025-01-18T14:44:00+00:00\",\"mainEntityOfPage\":{\"@id\":\"https:\/\/www.pm.pb.gov.br\/portal\/2025\/01\/18\/policia-militar-apreende-tres-armas-de-fogo-na-zona-norte-de-joao-pessoa\/\"},\"wordCount\":189,\"publisher\":{\"@id\":\"https:\/\/www.pm.pb.gov.br\/portal\/#organization\"},\"articleSection\":[\"A\u00e7\u00f5es Policiais\"],\"inLanguage\":\"pt-BR\"},{\"@type\":\"WebPage\",\"@id\":\"https:\/\/www.pm.pb.gov.br\/portal\/2025\/01\/18\/policia-militar-apreende-tres-armas-de-fogo-na-zona-norte-de-joao-pessoa\/\",\"url\":\"https:\/\/www.pm.pb.gov.br\/portal\/2025\/01\/18\/policia-militar-apreende-tres-armas-de-fogo-na-zona-norte-de-joao-pessoa\/\",\"name\":\"Pol\u00edcia Militar apreende tr\u00eas armas de fogo na zona norte de Jo\u00e3o Pessoa - Pol\u00edcia Militar da Para\u00edba\",\"isPartOf\":{\"@id\":\"https:\/\/www.pm.pb.gov.br\/portal\/#website\"},\"datePublished\":\"2025-01-18T10:41:30+00:00\",\"dateModified\":\"2025-01-18T14:44:00+00:00\",\"description\":\"As apreens\u00e3o e pris\u00f5es foram realizadas no \u00e2mbito da Opera\u00e7\u00e3o Ver\u00e3o, sob coordena\u00e7\u00e3o do pr\u00f3prio comandante-geral da PM, o coronel S\u00e9rgio Fonseca.\",\"breadcrumb\":{\"@id\":\"https:\/\/www.pm.pb.gov.br\/portal\/2025\/01\/18\/policia-militar-apreende-tres-armas-de-fogo-na-zona-norte-de-joao-pessoa\/#breadcrumb\"},\"inLanguage\":\"pt-BR\",\"potentialAction\":[{\"@type\":\"ReadAction\",\"target\":[\"https:\/\/www.pm.pb.gov.br\/portal\/2025\/01\/18\/policia-militar-apreende-tres-armas-de-fogo-na-zona-norte-de-joao-pessoa\/\"]}]},{\"@type\":\"BreadcrumbList\",\"@id\":\"https:\/\/www.pm.pb.gov.br\/portal\/2025\/01\/18\/policia-militar-apreende-tres-armas-de-fogo-na-zona-norte-de-joao-pessoa\/#breadcrumb\",\"itemListElement\":[{\"@type\":\"ListItem\",\"position\":1,\"name\":\"In\u00edcio\",\"item\":\"https:\/\/www.pm.pb.gov.br\/portal\/\"},{\"@type\":\"ListItem\",\"position\":2,\"name\":\"Pol\u00edcia Militar apreende tr\u00eas armas de fogo na zona norte de Jo\u00e3o Pessoa\"}]},{\"@type\":\"WebSite\",\"@id\":\"https:\/\/www.pm.pb.gov.br\/portal\/#website\",\"url\":\"https:\/\/www.pm.pb.gov.br\/portal\/\",\"name\":\"Pol\u00edcia Militar da Para\u00edba\",\"description\":\"\",\"publisher\":{\"@id\":\"https:\/\/www.pm.pb.gov.br\/portal\/#organization\"},\"potentialAction\":[{\"@type\":\"SearchAction\",\"target\":{\"@type\":\"EntryPoint\",\"urlTemplate\":\"https:\/\/www.pm.pb.gov.br\/portal\/?s={search_term_string}\"},\"query-input\":\"required name=search_term_string\"}],\"inLanguage\":\"pt-BR\"},{\"@type\":\"Organization\",\"@id\":\"https:\/\/www.pm.pb.gov.br\/portal\/#organization\",\"name\":\"Pol\u00edcia Militar da Para\u00edba\",\"url\":\"https:\/\/www.pm.pb.gov.br\/portal\/\",\"logo\":{\"@type\":\"ImageObject\",\"inLanguage\":\"pt-BR\",\"@id\":\"https:\/\/www.pm.pb.gov.br\/portal\/#\/schema\/logo\/image\/\",\"url\":\"https:\/\/www.pm.pb.gov.br\/portal\/wp-content\/uploads\/2025\/03\/cropped-logo-site-mag2-1.png\",\"contentUrl\":\"https:\/\/www.pm.pb.gov.br\/portal\/wp-content\/uploads\/2025\/03\/cropped-logo-site-mag2-1.png\",\"width\":320,\"height\":90,\"caption\":\"Pol\u00edcia Militar da Para\u00edba\"},\"image\":{\"@id\":\"https:\/\/www.pm.pb.gov.br\/portal\/#\/schema\/logo\/image\/\"}},{\"@type\":\"Person\",\"@id\":\"https:\/\/www.pm.pb.gov.br\/portal\/#\/schema\/person\/f84f56dcc78ce4357054da888b8247fd\",\"name\":\"Tarcisio Oliveira\",\"image\":{\"@type\":\"ImageObject\",\"inLanguage\":\"pt-BR\",\"@id\":\"https:\/\/www.pm.pb.gov.br\/portal\/#\/schema\/person\/image\/\",\"url\":\"https:\/\/secure.gravatar.com\/avatar\/72917b630b69d31cd0297507f34bac97?s=96&d=mm&r=g\",\"contentUrl\":\"https:\/\/secure.gravatar.com\/avatar\/72917b630b69d31cd0297507f34bac97?s=96&d=mm&r=g\",\"caption\":\"Tarcisio Oliveira\"},\"url\":\"https:\/\/www.pm.pb.gov.br\/portal\/author\/tarcisio\/\"}]}<\/script>\n<!-- \/ Yoast SEO plugin. -->","yoast_head_json":{"title":"Pol\u00edcia Militar apreende tr\u00eas armas de fogo na zona norte de Jo\u00e3o Pessoa - Pol\u00edcia Militar da Para\u00edba","description":"As apreens\u00e3o e pris\u00f5es foram realizadas no \u00e2mbito da Opera\u00e7\u00e3o Ver\u00e3o, sob coordena\u00e7\u00e3o do pr\u00f3prio comandante-geral da PM, o coronel S\u00e9rgio Fonseca.","robots":{"index":"index","follow":"follow","max-snippet":"max-snippet:-1","max-image-preview":"max-image-preview:large","max-video-preview":"max-video-preview:-1"},"canonical":"https:\/\/www.pm.pb.gov.br\/portal\/2025\/01\/18\/policia-militar-apreende-tres-armas-de-fogo-na-zona-norte-de-joao-pessoa\/","og_locale":"pt_BR","og_type":"article","og_title":"Pol\u00edcia Militar apreende tr\u00eas armas de fogo na zona norte de Jo\u00e3o Pessoa - Pol\u00edcia Militar da Para\u00edba","og_description":"As apreens\u00e3o e pris\u00f5es foram realizadas no \u00e2mbito da Opera\u00e7\u00e3o Ver\u00e3o, sob coordena\u00e7\u00e3o do pr\u00f3prio comandante-geral da PM, o coronel S\u00e9rgio Fonseca.","og_url":"https:\/\/www.pm.pb.gov.br\/portal\/2025\/01\/18\/policia-militar-apreende-tres-armas-de-fogo-na-zona-norte-de-joao-pessoa\/","og_site_name":"Pol\u00edcia Militar da Para\u00edba","article_published_time":"2025-01-18T10:41:30+00:00","article_modified_time":"2025-01-18T14:44:00+00:00","og_image":[{"width":957,"height":682,"url":"http:\/\/www.pm.pb.gov.br\/portal\/wp-content\/uploads\/2025\/01\/IMG-20250118-WA0003.jpg","type":"image\/jpeg"}],"author":"Tarcisio Oliveira","twitter_card":"summary_large_image","twitter_misc":{"Escrito por":"Tarcisio Oliveira","Est. tempo de leitura":"2 minutos"},"schema":{"@context":"https:\/\/schema.org","@graph":[{"@type":"Article","@id":"https:\/\/www.pm.pb.gov.br\/portal\/2025\/01\/18\/policia-militar-apreende-tres-armas-de-fogo-na-zona-norte-de-joao-pessoa\/#article","isPartOf":{"@id":"https:\/\/www.pm.pb.gov.br\/portal\/2025\/01\/18\/policia-militar-apreende-tres-armas-de-fogo-na-zona-norte-de-joao-pessoa\/"},"author":{"name":"Tarcisio Oliveira","@id":"https:\/\/www.pm.pb.gov.br\/portal\/#\/schema\/person\/f84f56dcc78ce4357054da888b8247fd"},"headline":"Pol\u00edcia Militar apreende tr\u00eas armas de fogo na zona norte de Jo\u00e3o Pessoa","datePublished":"2025-01-18T10:41:30+00:00","dateModified":"2025-01-18T14:44:00+00:00","mainEntityOfPage":{"@id":"https:\/\/www.pm.pb.gov.br\/portal\/2025\/01\/18\/policia-militar-apreende-tres-armas-de-fogo-na-zona-norte-de-joao-pessoa\/"},"wordCount":189,"publisher":{"@id":"https:\/\/www.pm.pb.gov.br\/portal\/#organization"},"articleSection":["A\u00e7\u00f5es Policiais"],"inLanguage":"pt-BR"},{"@type":"WebPage","@id":"https:\/\/www.pm.pb.gov.br\/portal\/2025\/01\/18\/policia-militar-apreende-tres-armas-de-fogo-na-zona-norte-de-joao-pessoa\/","url":"https:\/\/www.pm.pb.gov.br\/portal\/2025\/01\/18\/policia-militar-apreende-tres-armas-de-fogo-na-zona-norte-de-joao-pessoa\/","name":"Pol\u00edcia Militar apreende tr\u00eas armas de fogo na zona norte de Jo\u00e3o Pessoa - Pol\u00edcia Militar da Para\u00edba","isPartOf":{"@id":"https:\/\/www.pm.pb.gov.br\/portal\/#website"},"datePublished":"2025-01-18T10:41:30+00:00","dateModified":"2025-01-18T14:44:00+00:00","description":"As apreens\u00e3o e pris\u00f5es foram realizadas no \u00e2mbito da Opera\u00e7\u00e3o Ver\u00e3o, sob coordena\u00e7\u00e3o do pr\u00f3prio comandante-geral da PM, o coronel S\u00e9rgio Fonseca.","breadcrumb":{"@id":"https:\/\/www.pm.pb.gov.br\/portal\/2025\/01\/18\/policia-militar-apreende-tres-armas-de-fogo-na-zona-norte-de-joao-pessoa\/#breadcrumb"},"inLanguage":"pt-BR","potentialAction":[{"@type":"ReadAction","target":["https:\/\/www.pm.pb.gov.br\/portal\/2025\/01\/18\/policia-militar-apreende-tres-armas-de-fogo-na-zona-norte-de-joao-pessoa\/"]}]},{"@type":"BreadcrumbList","@id":"https:\/\/www.pm.pb.gov.br\/portal\/2025\/01\/18\/policia-militar-apreende-tres-armas-de-fogo-na-zona-norte-de-joao-pessoa\/#breadcrumb","itemListElement":[{"@type":"ListItem","position":1,"name":"In\u00edcio","item":"https:\/\/www.pm.pb.gov.br\/portal\/"},{"@type":"ListItem","position":2,"name":"Pol\u00edcia Militar apreende tr\u00eas armas de fogo na zona norte de Jo\u00e3o Pessoa"}]},{"@type":"WebSite","@id":"https:\/\/www.pm.pb.gov.br\/portal\/#website","url":"https:\/\/www.pm.pb.gov.br\/portal\/","name":"Pol\u00edcia Militar da Para\u00edba","description":"","publisher":{"@id":"https:\/\/www.pm.pb.gov.br\/portal\/#organization"},"potentialAction":[{"@type":"SearchAction","target":{"@type":"EntryPoint","urlTemplate":"https:\/\/www.pm.pb.gov.br\/portal\/?s={search_term_string}"},"query-input":"required name=search_term_string"}],"inLanguage":"pt-BR"},{"@type":"Organization","@id":"https:\/\/www.pm.pb.gov.br\/portal\/#organization","name":"Pol\u00edcia Militar da Para\u00edba","url":"https:\/\/www.pm.pb.gov.br\/portal\/","logo":{"@type":"ImageObject","inLanguage":"pt-BR","@id":"https:\/\/www.pm.pb.gov.br\/portal\/#\/schema\/logo\/image\/","url":"https:\/\/www.pm.pb.gov.br\/portal\/wp-content\/uploads\/2025\/03\/cropped-logo-site-mag2-1.png","contentUrl":"https:\/\/www.pm.pb.gov.br\/portal\/wp-content\/uploads\/2025\/03\/cropped-logo-site-mag2-1.png","width":320,"height":90,"caption":"Pol\u00edcia Militar da Para\u00edba"},"image":{"@id":"https:\/\/www.pm.pb.gov.br\/portal\/#\/schema\/logo\/image\/"}},{"@type":"Person","@id":"https:\/\/www.pm.pb.gov.br\/portal\/#\/schema\/person\/f84f56dcc78ce4357054da888b8247fd","name":"Tarcisio Oliveira","image":{"@type":"ImageObject","inLanguage":"pt-BR","@id":"https:\/\/www.pm.pb.gov.br\/portal\/#\/schema\/person\/image\/","url":"https:\/\/secure.gravatar.com\/avatar\/72917b630b69d31cd0297507f34bac97?s=96&d=mm&r=g","contentUrl":"https:\/\/secure.gravatar.com\/avatar\/72917b630b69d31cd0297507f34bac97?s=96&d=mm&r=g","caption":"Tarcisio Oliveira"},"url":"https:\/\/www.pm.pb.gov.br\/portal\/author\/tarcisio\/"}]}},"_links":{"self":[{"href":"https:\/\/www.pm.pb.gov.br\/portal\/wp-json\/wp\/v2\/posts\/925424"}],"collection":[{"href":"https:\/\/www.pm.pb.gov.br\/portal\/wp-json\/wp\/v2\/posts"}],"about":[{"href":"https:\/\/www.pm.pb.gov.br\/portal\/wp-json\/wp\/v2\/types\/post"}],"author":[{"embeddable":true,"href":"https:\/\/www.pm.pb.gov.br\/portal\/wp-json\/wp\/v2\/users\/12"}],"replies":[{"embeddable":true,"href":"https:\/\/www.pm.pb.gov.br\/portal\/wp-json\/wp\/v2\/comments?post=925424"}],"version-history":[{"count":2,"href":"https:\/\/www.pm.pb.gov.br\/portal\/wp-json\/wp\/v2\/posts\/925424\/revisions"}],"predecessor-version":[{"id":925431,"href":"https:\/\/www.pm.pb.gov.br\/portal\/wp-json\/wp\/v2\/posts\/925424\/revisions\/925431"}],"wp:featuredmedia":[{"embeddable":true,"href":"https:\/\/www.pm.pb.gov.br\/portal\/wp-json\/wp\/v2\/media\/925425"}],"wp:attachment":[{"href":"https:\/\/www.pm.pb.gov.br\/portal\/wp-json\/wp\/v2\/media?parent=925424"}],"wp:term":[{"taxonomy":"category","embeddable":true,"href":"https:\/\/www.pm.pb.gov.br\/portal\/wp-json\/wp\/v2\/categories?post=925424"},{"taxonomy":"post_tag","embeddable":true,"href":"https:\/\/www.pm.pb.gov.br\/portal\/wp-json\/wp\/v2\/tags?post=925424"}],"curies":[{"name":"wp","href":"https:\/\/api.w.org\/{rel}","templated":true}]}}