{"id":925209,"date":"2025-01-06T11:27:58","date_gmt":"2025-01-06T14:27:58","guid":{"rendered":"https:\/\/www.pm.pb.gov.br\/portal\/?p=925209"},"modified":"2025-01-06T11:28:00","modified_gmt":"2025-01-06T14:28:00","slug":"acoes-de-seguranca-apreendem-15-armas-de-fogo-no-primeiro-final-de-semana-do-ano-na-pb","status":"publish","type":"post","link":"https:\/\/www.pm.pb.gov.br\/portal\/2025\/01\/06\/acoes-de-seguranca-apreendem-15-armas-de-fogo-no-primeiro-final-de-semana-do-ano-na-pb\/","title":{"rendered":"A\u00e7\u00f5es de seguran\u00e7a apreendem 15 armas de fogo no primeiro final de semana do ano na PB"},"content":{"rendered":"\n<p>O primeiro final de semana do ano na Para\u00edba teve 15 armas de fogo apreendidas pela Pol\u00edcia Militar em a\u00e7\u00f5es de seguran\u00e7a e durante a Opera\u00e7\u00e3o Ver\u00e3o. As apreens\u00f5es ocorreram entre a sexta-feira e o \u00faltimo domingo (05), prevenindo delitos e frustrando novos crimes. Ao todo, as a\u00e7\u00f5es de seguran\u00e7a conduziram 110 pessoas para as delegacias.<\/p>\n<p>Entre os presos est\u00e3o foragidos da Justi\u00e7a com mandados de pris\u00e3o, autores de crimes presos em flagrante, e adolescentes suspeitos de cometerem atos infracionais. Do total das 15 armas apreendidas, quatro delas foram localizadas na zona sul de Jo\u00e3o Pessoa quando a PM frustrou um ataque de um grupo criminoso e prendeu tr\u00eas acusados (foto abaixo).<\/p>\n<p><img loading=\"lazy\" decoding=\"async\" class=\"size-medium wp-image-925194 aligncenter\" src=\"http:\/\/www.pm.pb.gov.br\/portal\/wp-content\/uploads\/2025\/01\/WhatsApp-Image-2025-01-05-at-11.04.06-1-397x445.jpeg\" alt=\"\" width=\"397\" height=\"445\" srcset=\"https:\/\/www.pm.pb.gov.br\/portal\/wp-content\/uploads\/2025\/01\/WhatsApp-Image-2025-01-05-at-11.04.06-1-397x445.jpeg 397w, https:\/\/www.pm.pb.gov.br\/portal\/wp-content\/uploads\/2025\/01\/WhatsApp-Image-2025-01-05-at-11.04.06-1-508x570.jpeg 508w, https:\/\/www.pm.pb.gov.br\/portal\/wp-content\/uploads\/2025\/01\/WhatsApp-Image-2025-01-05-at-11.04.06-1-768x862.jpeg 768w, https:\/\/www.pm.pb.gov.br\/portal\/wp-content\/uploads\/2025\/01\/WhatsApp-Image-2025-01-05-at-11.04.06-1.jpeg 900w\" sizes=\"(max-width: 397px) 100vw, 397px\" \/><\/p>\n<p>Cerca de dois quilos e quase 300 por\u00e7\u00f5es de drogas foram retiradas das ruas pelas a\u00e7\u00f5es da PM, que localizaram acusados de tr\u00e1fico. S\u00f3 em Sousa foi apreendido mais de um quilo de subst\u00e2ncia semelhante \u00e0 coca\u00edna com um acusado que estava com vasto material de tr\u00e1fico (foto principal acima).<\/p>\n<p>Nos tr\u00eas dias de a\u00e7\u00e3o, a PM recuperou 25 ve\u00edculos que haviam sido roubados ou furtados, sendo a maioria deles entregues aos leg\u00edtimos propriet\u00e1rios.<\/p>\n<p>Os dados apresentados s\u00e3o de um levantamento do Estado-Maior Estrat\u00e9gico, que analisou as ocorr\u00eancias do per\u00edodo. As a\u00e7\u00f5es da PM ocorreram com refor\u00e7o do policiamento realizado durante a Opera\u00e7\u00e3o Ver\u00e3o.<\/p>\n\n\n","protected":false},"excerpt":{"rendered":"<p>O primeiro final de semana do ano na Para\u00edba teve 15 armas de fogo apreendidas pela Pol\u00edcia Militar em a\u00e7\u00f5es<\/p>\n","protected":false},"author":12,"featured_media":925211,"comment_status":"closed","ping_status":"closed","sticky":false,"template":"","format":"standard","meta":{"_exactmetrics_skip_tracking":false,"_exactmetrics_sitenote_active":false,"_exactmetrics_sitenote_note":"","_exactmetrics_sitenote_category":0,"footnotes":""},"categories":[4],"tags":[],"yoast_head":"<!-- This site is optimized with the Yoast SEO plugin v22.0 - https:\/\/yoast.com\/wordpress\/plugins\/seo\/ -->\n<title>A\u00e7\u00f5es de seguran\u00e7a apreendem 15 armas de fogo no primeiro final de semana do ano na PB - Pol\u00edcia Militar da Para\u00edba<\/title>\n<meta name=\"description\" content=\"As apreens\u00f5es ocorreram entre a sexta-feira e o \u00faltimo domingo (05), prevenindo delitos e frustrando novos crimes.\" \/>\n<meta name=\"robots\" content=\"index, follow, max-snippet:-1, max-image-preview:large, max-video-preview:-1\" \/>\n<link rel=\"canonical\" href=\"https:\/\/www.pm.pb.gov.br\/portal\/2025\/01\/06\/acoes-de-seguranca-apreendem-15-armas-de-fogo-no-primeiro-final-de-semana-do-ano-na-pb\/\" \/>\n<meta property=\"og:locale\" content=\"pt_BR\" \/>\n<meta property=\"og:type\" content=\"article\" \/>\n<meta property=\"og:title\" content=\"A\u00e7\u00f5es de seguran\u00e7a apreendem 15 armas de fogo no primeiro final de semana do ano na PB - Pol\u00edcia Militar da Para\u00edba\" \/>\n<meta property=\"og:description\" content=\"As apreens\u00f5es ocorreram entre a sexta-feira e o \u00faltimo domingo (05), prevenindo delitos e frustrando novos crimes.\" \/>\n<meta property=\"og:url\" content=\"https:\/\/www.pm.pb.gov.br\/portal\/2025\/01\/06\/acoes-de-seguranca-apreendem-15-armas-de-fogo-no-primeiro-final-de-semana-do-ano-na-pb\/\" \/>\n<meta property=\"og:site_name\" content=\"Pol\u00edcia Militar da Para\u00edba\" \/>\n<meta property=\"article:published_time\" content=\"2025-01-06T14:27:58+00:00\" \/>\n<meta property=\"article:modified_time\" content=\"2025-01-06T14:28:00+00:00\" \/>\n<meta property=\"og:image\" content=\"http:\/\/www.pm.pb.gov.br\/portal\/wp-content\/uploads\/2025\/01\/drogas_sousa1-1.jpeg\" \/>\n\t<meta property=\"og:image:width\" content=\"800\" \/>\n\t<meta property=\"og:image:height\" content=\"445\" \/>\n\t<meta property=\"og:image:type\" content=\"image\/jpeg\" \/>\n<meta name=\"author\" content=\"Tarcisio Oliveira\" \/>\n<meta name=\"twitter:card\" content=\"summary_large_image\" \/>\n<meta name=\"twitter:label1\" content=\"Escrito por\" \/>\n\t<meta name=\"twitter:data1\" content=\"Tarcisio Oliveira\" \/>\n\t<meta name=\"twitter:label2\" content=\"Est. tempo de leitura\" \/>\n\t<meta name=\"twitter:data2\" content=\"2 minutos\" \/>\n<script type=\"application\/ld+json\" class=\"yoast-schema-graph\">{\"@context\":\"https:\/\/schema.org\",\"@graph\":[{\"@type\":\"Article\",\"@id\":\"https:\/\/www.pm.pb.gov.br\/portal\/2025\/01\/06\/acoes-de-seguranca-apreendem-15-armas-de-fogo-no-primeiro-final-de-semana-do-ano-na-pb\/#article\",\"isPartOf\":{\"@id\":\"https:\/\/www.pm.pb.gov.br\/portal\/2025\/01\/06\/acoes-de-seguranca-apreendem-15-armas-de-fogo-no-primeiro-final-de-semana-do-ano-na-pb\/\"},\"author\":{\"name\":\"Tarcisio Oliveira\",\"@id\":\"https:\/\/www.pm.pb.gov.br\/portal\/#\/schema\/person\/f84f56dcc78ce4357054da888b8247fd\"},\"headline\":\"A\u00e7\u00f5es de seguran\u00e7a apreendem 15 armas de fogo no primeiro final de semana do ano na PB\",\"datePublished\":\"2025-01-06T14:27:58+00:00\",\"dateModified\":\"2025-01-06T14:28:00+00:00\",\"mainEntityOfPage\":{\"@id\":\"https:\/\/www.pm.pb.gov.br\/portal\/2025\/01\/06\/acoes-de-seguranca-apreendem-15-armas-de-fogo-no-primeiro-final-de-semana-do-ano-na-pb\/\"},\"wordCount\":260,\"publisher\":{\"@id\":\"https:\/\/www.pm.pb.gov.br\/portal\/#organization\"},\"articleSection\":[\"A\u00e7\u00f5es Policiais\"],\"inLanguage\":\"pt-BR\"},{\"@type\":\"WebPage\",\"@id\":\"https:\/\/www.pm.pb.gov.br\/portal\/2025\/01\/06\/acoes-de-seguranca-apreendem-15-armas-de-fogo-no-primeiro-final-de-semana-do-ano-na-pb\/\",\"url\":\"https:\/\/www.pm.pb.gov.br\/portal\/2025\/01\/06\/acoes-de-seguranca-apreendem-15-armas-de-fogo-no-primeiro-final-de-semana-do-ano-na-pb\/\",\"name\":\"A\u00e7\u00f5es de seguran\u00e7a apreendem 15 armas de fogo no primeiro final de semana do ano na PB - Pol\u00edcia Militar da Para\u00edba\",\"isPartOf\":{\"@id\":\"https:\/\/www.pm.pb.gov.br\/portal\/#website\"},\"datePublished\":\"2025-01-06T14:27:58+00:00\",\"dateModified\":\"2025-01-06T14:28:00+00:00\",\"description\":\"As apreens\u00f5es ocorreram entre a sexta-feira e o \u00faltimo domingo (05), prevenindo delitos e frustrando novos crimes.\",\"breadcrumb\":{\"@id\":\"https:\/\/www.pm.pb.gov.br\/portal\/2025\/01\/06\/acoes-de-seguranca-apreendem-15-armas-de-fogo-no-primeiro-final-de-semana-do-ano-na-pb\/#breadcrumb\"},\"inLanguage\":\"pt-BR\",\"potentialAction\":[{\"@type\":\"ReadAction\",\"target\":[\"https:\/\/www.pm.pb.gov.br\/portal\/2025\/01\/06\/acoes-de-seguranca-apreendem-15-armas-de-fogo-no-primeiro-final-de-semana-do-ano-na-pb\/\"]}]},{\"@type\":\"BreadcrumbList\",\"@id\":\"https:\/\/www.pm.pb.gov.br\/portal\/2025\/01\/06\/acoes-de-seguranca-apreendem-15-armas-de-fogo-no-primeiro-final-de-semana-do-ano-na-pb\/#breadcrumb\",\"itemListElement\":[{\"@type\":\"ListItem\",\"position\":1,\"name\":\"In\u00edcio\",\"item\":\"https:\/\/www.pm.pb.gov.br\/portal\/\"},{\"@type\":\"ListItem\",\"position\":2,\"name\":\"A\u00e7\u00f5es de seguran\u00e7a apreendem 15 armas de fogo no primeiro final de semana do ano na PB\"}]},{\"@type\":\"WebSite\",\"@id\":\"https:\/\/www.pm.pb.gov.br\/portal\/#website\",\"url\":\"https:\/\/www.pm.pb.gov.br\/portal\/\",\"name\":\"Pol\u00edcia Militar da Para\u00edba\",\"description\":\"\",\"publisher\":{\"@id\":\"https:\/\/www.pm.pb.gov.br\/portal\/#organization\"},\"potentialAction\":[{\"@type\":\"SearchAction\",\"target\":{\"@type\":\"EntryPoint\",\"urlTemplate\":\"https:\/\/www.pm.pb.gov.br\/portal\/?s={search_term_string}\"},\"query-input\":\"required name=search_term_string\"}],\"inLanguage\":\"pt-BR\"},{\"@type\":\"Organization\",\"@id\":\"https:\/\/www.pm.pb.gov.br\/portal\/#organization\",\"name\":\"Pol\u00edcia Militar da Para\u00edba\",\"url\":\"https:\/\/www.pm.pb.gov.br\/portal\/\",\"logo\":{\"@type\":\"ImageObject\",\"inLanguage\":\"pt-BR\",\"@id\":\"https:\/\/www.pm.pb.gov.br\/portal\/#\/schema\/logo\/image\/\",\"url\":\"https:\/\/www.pm.pb.gov.br\/portal\/wp-content\/uploads\/2025\/03\/cropped-logo-site-mag2-1.png\",\"contentUrl\":\"https:\/\/www.pm.pb.gov.br\/portal\/wp-content\/uploads\/2025\/03\/cropped-logo-site-mag2-1.png\",\"width\":320,\"height\":90,\"caption\":\"Pol\u00edcia Militar da Para\u00edba\"},\"image\":{\"@id\":\"https:\/\/www.pm.pb.gov.br\/portal\/#\/schema\/logo\/image\/\"}},{\"@type\":\"Person\",\"@id\":\"https:\/\/www.pm.pb.gov.br\/portal\/#\/schema\/person\/f84f56dcc78ce4357054da888b8247fd\",\"name\":\"Tarcisio Oliveira\",\"image\":{\"@type\":\"ImageObject\",\"inLanguage\":\"pt-BR\",\"@id\":\"https:\/\/www.pm.pb.gov.br\/portal\/#\/schema\/person\/image\/\",\"url\":\"https:\/\/secure.gravatar.com\/avatar\/72917b630b69d31cd0297507f34bac97?s=96&d=mm&r=g\",\"contentUrl\":\"https:\/\/secure.gravatar.com\/avatar\/72917b630b69d31cd0297507f34bac97?s=96&d=mm&r=g\",\"caption\":\"Tarcisio Oliveira\"},\"url\":\"https:\/\/www.pm.pb.gov.br\/portal\/author\/tarcisio\/\"}]}<\/script>\n<!-- \/ Yoast SEO plugin. -->","yoast_head_json":{"title":"A\u00e7\u00f5es de seguran\u00e7a apreendem 15 armas de fogo no primeiro final de semana do ano na PB - Pol\u00edcia Militar da Para\u00edba","description":"As apreens\u00f5es ocorreram entre a sexta-feira e o \u00faltimo domingo (05), prevenindo delitos e frustrando novos crimes.","robots":{"index":"index","follow":"follow","max-snippet":"max-snippet:-1","max-image-preview":"max-image-preview:large","max-video-preview":"max-video-preview:-1"},"canonical":"https:\/\/www.pm.pb.gov.br\/portal\/2025\/01\/06\/acoes-de-seguranca-apreendem-15-armas-de-fogo-no-primeiro-final-de-semana-do-ano-na-pb\/","og_locale":"pt_BR","og_type":"article","og_title":"A\u00e7\u00f5es de seguran\u00e7a apreendem 15 armas de fogo no primeiro final de semana do ano na PB - Pol\u00edcia Militar da Para\u00edba","og_description":"As apreens\u00f5es ocorreram entre a sexta-feira e o \u00faltimo domingo (05), prevenindo delitos e frustrando novos crimes.","og_url":"https:\/\/www.pm.pb.gov.br\/portal\/2025\/01\/06\/acoes-de-seguranca-apreendem-15-armas-de-fogo-no-primeiro-final-de-semana-do-ano-na-pb\/","og_site_name":"Pol\u00edcia Militar da Para\u00edba","article_published_time":"2025-01-06T14:27:58+00:00","article_modified_time":"2025-01-06T14:28:00+00:00","og_image":[{"width":800,"height":445,"url":"http:\/\/www.pm.pb.gov.br\/portal\/wp-content\/uploads\/2025\/01\/drogas_sousa1-1.jpeg","type":"image\/jpeg"}],"author":"Tarcisio Oliveira","twitter_card":"summary_large_image","twitter_misc":{"Escrito por":"Tarcisio Oliveira","Est. tempo de leitura":"2 minutos"},"schema":{"@context":"https:\/\/schema.org","@graph":[{"@type":"Article","@id":"https:\/\/www.pm.pb.gov.br\/portal\/2025\/01\/06\/acoes-de-seguranca-apreendem-15-armas-de-fogo-no-primeiro-final-de-semana-do-ano-na-pb\/#article","isPartOf":{"@id":"https:\/\/www.pm.pb.gov.br\/portal\/2025\/01\/06\/acoes-de-seguranca-apreendem-15-armas-de-fogo-no-primeiro-final-de-semana-do-ano-na-pb\/"},"author":{"name":"Tarcisio Oliveira","@id":"https:\/\/www.pm.pb.gov.br\/portal\/#\/schema\/person\/f84f56dcc78ce4357054da888b8247fd"},"headline":"A\u00e7\u00f5es de seguran\u00e7a apreendem 15 armas de fogo no primeiro final de semana do ano na PB","datePublished":"2025-01-06T14:27:58+00:00","dateModified":"2025-01-06T14:28:00+00:00","mainEntityOfPage":{"@id":"https:\/\/www.pm.pb.gov.br\/portal\/2025\/01\/06\/acoes-de-seguranca-apreendem-15-armas-de-fogo-no-primeiro-final-de-semana-do-ano-na-pb\/"},"wordCount":260,"publisher":{"@id":"https:\/\/www.pm.pb.gov.br\/portal\/#organization"},"articleSection":["A\u00e7\u00f5es Policiais"],"inLanguage":"pt-BR"},{"@type":"WebPage","@id":"https:\/\/www.pm.pb.gov.br\/portal\/2025\/01\/06\/acoes-de-seguranca-apreendem-15-armas-de-fogo-no-primeiro-final-de-semana-do-ano-na-pb\/","url":"https:\/\/www.pm.pb.gov.br\/portal\/2025\/01\/06\/acoes-de-seguranca-apreendem-15-armas-de-fogo-no-primeiro-final-de-semana-do-ano-na-pb\/","name":"A\u00e7\u00f5es de seguran\u00e7a apreendem 15 armas de fogo no primeiro final de semana do ano na PB - Pol\u00edcia Militar da Para\u00edba","isPartOf":{"@id":"https:\/\/www.pm.pb.gov.br\/portal\/#website"},"datePublished":"2025-01-06T14:27:58+00:00","dateModified":"2025-01-06T14:28:00+00:00","description":"As apreens\u00f5es ocorreram entre a sexta-feira e o \u00faltimo domingo (05), prevenindo delitos e frustrando novos crimes.","breadcrumb":{"@id":"https:\/\/www.pm.pb.gov.br\/portal\/2025\/01\/06\/acoes-de-seguranca-apreendem-15-armas-de-fogo-no-primeiro-final-de-semana-do-ano-na-pb\/#breadcrumb"},"inLanguage":"pt-BR","potentialAction":[{"@type":"ReadAction","target":["https:\/\/www.pm.pb.gov.br\/portal\/2025\/01\/06\/acoes-de-seguranca-apreendem-15-armas-de-fogo-no-primeiro-final-de-semana-do-ano-na-pb\/"]}]},{"@type":"BreadcrumbList","@id":"https:\/\/www.pm.pb.gov.br\/portal\/2025\/01\/06\/acoes-de-seguranca-apreendem-15-armas-de-fogo-no-primeiro-final-de-semana-do-ano-na-pb\/#breadcrumb","itemListElement":[{"@type":"ListItem","position":1,"name":"In\u00edcio","item":"https:\/\/www.pm.pb.gov.br\/portal\/"},{"@type":"ListItem","position":2,"name":"A\u00e7\u00f5es de seguran\u00e7a apreendem 15 armas de fogo no primeiro final de semana do ano na PB"}]},{"@type":"WebSite","@id":"https:\/\/www.pm.pb.gov.br\/portal\/#website","url":"https:\/\/www.pm.pb.gov.br\/portal\/","name":"Pol\u00edcia Militar da Para\u00edba","description":"","publisher":{"@id":"https:\/\/www.pm.pb.gov.br\/portal\/#organization"},"potentialAction":[{"@type":"SearchAction","target":{"@type":"EntryPoint","urlTemplate":"https:\/\/www.pm.pb.gov.br\/portal\/?s={search_term_string}"},"query-input":"required name=search_term_string"}],"inLanguage":"pt-BR"},{"@type":"Organization","@id":"https:\/\/www.pm.pb.gov.br\/portal\/#organization","name":"Pol\u00edcia Militar da Para\u00edba","url":"https:\/\/www.pm.pb.gov.br\/portal\/","logo":{"@type":"ImageObject","inLanguage":"pt-BR","@id":"https:\/\/www.pm.pb.gov.br\/portal\/#\/schema\/logo\/image\/","url":"https:\/\/www.pm.pb.gov.br\/portal\/wp-content\/uploads\/2025\/03\/cropped-logo-site-mag2-1.png","contentUrl":"https:\/\/www.pm.pb.gov.br\/portal\/wp-content\/uploads\/2025\/03\/cropped-logo-site-mag2-1.png","width":320,"height":90,"caption":"Pol\u00edcia Militar da Para\u00edba"},"image":{"@id":"https:\/\/www.pm.pb.gov.br\/portal\/#\/schema\/logo\/image\/"}},{"@type":"Person","@id":"https:\/\/www.pm.pb.gov.br\/portal\/#\/schema\/person\/f84f56dcc78ce4357054da888b8247fd","name":"Tarcisio Oliveira","image":{"@type":"ImageObject","inLanguage":"pt-BR","@id":"https:\/\/www.pm.pb.gov.br\/portal\/#\/schema\/person\/image\/","url":"https:\/\/secure.gravatar.com\/avatar\/72917b630b69d31cd0297507f34bac97?s=96&d=mm&r=g","contentUrl":"https:\/\/secure.gravatar.com\/avatar\/72917b630b69d31cd0297507f34bac97?s=96&d=mm&r=g","caption":"Tarcisio Oliveira"},"url":"https:\/\/www.pm.pb.gov.br\/portal\/author\/tarcisio\/"}]}},"_links":{"self":[{"href":"https:\/\/www.pm.pb.gov.br\/portal\/wp-json\/wp\/v2\/posts\/925209"}],"collection":[{"href":"https:\/\/www.pm.pb.gov.br\/portal\/wp-json\/wp\/v2\/posts"}],"about":[{"href":"https:\/\/www.pm.pb.gov.br\/portal\/wp-json\/wp\/v2\/types\/post"}],"author":[{"embeddable":true,"href":"https:\/\/www.pm.pb.gov.br\/portal\/wp-json\/wp\/v2\/users\/12"}],"replies":[{"embeddable":true,"href":"https:\/\/www.pm.pb.gov.br\/portal\/wp-json\/wp\/v2\/comments?post=925209"}],"version-history":[{"count":1,"href":"https:\/\/www.pm.pb.gov.br\/portal\/wp-json\/wp\/v2\/posts\/925209\/revisions"}],"predecessor-version":[{"id":925212,"href":"https:\/\/www.pm.pb.gov.br\/portal\/wp-json\/wp\/v2\/posts\/925209\/revisions\/925212"}],"wp:featuredmedia":[{"embeddable":true,"href":"https:\/\/www.pm.pb.gov.br\/portal\/wp-json\/wp\/v2\/media\/925211"}],"wp:attachment":[{"href":"https:\/\/www.pm.pb.gov.br\/portal\/wp-json\/wp\/v2\/media?parent=925209"}],"wp:term":[{"taxonomy":"category","embeddable":true,"href":"https:\/\/www.pm.pb.gov.br\/portal\/wp-json\/wp\/v2\/categories?post=925209"},{"taxonomy":"post_tag","embeddable":true,"href":"https:\/\/www.pm.pb.gov.br\/portal\/wp-json\/wp\/v2\/tags?post=925209"}],"curies":[{"name":"wp","href":"https:\/\/api.w.org\/{rel}","templated":true}]}}