{"id":925184,"date":"2025-01-04T16:42:07","date_gmt":"2025-01-04T19:42:07","guid":{"rendered":"https:\/\/www.pm.pb.gov.br\/portal\/?p=925184"},"modified":"2025-01-04T16:52:35","modified_gmt":"2025-01-04T19:52:35","slug":"operacao-verao-policia-militar-resgata-familia-apos-moto-aquatica-naufragar-no-estuario-do-rio-paraiba","status":"publish","type":"post","link":"https:\/\/www.pm.pb.gov.br\/portal\/2025\/01\/04\/operacao-verao-policia-militar-resgata-familia-apos-moto-aquatica-naufragar-no-estuario-do-rio-paraiba\/","title":{"rendered":"OPERA\u00c7\u00c3O VER\u00c3O: Pol\u00edcia Militar resgata fam\u00edlia ap\u00f3s moto aqu\u00e1tica naufragar no estu\u00e1rio do rio Para\u00edba"},"content":{"rendered":"\n<p>A Pol\u00edcia Militar resgatou, neste final de semana, um pai e seus dois filhos que estavam \u00e0 deriva no rio Para\u00edba, na regi\u00e3o da Ilha da Restinga, ap\u00f3s a moto aqu\u00e1tica que conduziam ter naufragado (foto acima ilustrativa). O resgate aconteceu na tarde deste \u00faltimo s\u00e1bado (04) em Cabedelo, durante refor\u00e7o das a\u00e7\u00f5es da PM na Opera\u00e7\u00e3o Ver\u00e3o.<\/p>\n<p>Equipes de policiamento n\u00e1utico do Batalh\u00e3o Especializado em Policiamento Tur\u00edstico (BEPTur) resgataram um homem e seus filhos, de 17 e 11 anos de idade. A moto aqu\u00e1tica que o trio conduzia ficou parcialmente submersa. De acordo com os policiais que atenderam a fam\u00edlia, os filhos foram conduzidos para terra, e o homem foi levado para a Ilha da Restinga. As duas a\u00e7\u00f5es foram realizadas pelos policiais sargento Freitas, cabo Vinicius e soldado Romualdo (nas fotos abaixo e com a familia resgatada).<\/p>\n<p><img loading=\"lazy\" decoding=\"async\" class=\"size-medium wp-image-925187 aligncenter\" src=\"http:\/\/www.pm.pb.gov.br\/portal\/wp-content\/uploads\/2025\/01\/IMG_20250104_164056-445x445.jpg\" alt=\"\" width=\"445\" height=\"445\" srcset=\"https:\/\/www.pm.pb.gov.br\/portal\/wp-content\/uploads\/2025\/01\/IMG_20250104_164056-445x445.jpg 445w, https:\/\/www.pm.pb.gov.br\/portal\/wp-content\/uploads\/2025\/01\/IMG_20250104_164056-570x570.jpg 570w, https:\/\/www.pm.pb.gov.br\/portal\/wp-content\/uploads\/2025\/01\/IMG_20250104_164056-768x768.jpg 768w, https:\/\/www.pm.pb.gov.br\/portal\/wp-content\/uploads\/2025\/01\/IMG_20250104_164056-1536x1536.jpg 1536w, https:\/\/www.pm.pb.gov.br\/portal\/wp-content\/uploads\/2025\/01\/IMG_20250104_164056-150x150.jpg 150w, https:\/\/www.pm.pb.gov.br\/portal\/wp-content\/uploads\/2025\/01\/IMG_20250104_164056.jpg 1564w\" sizes=\"(max-width: 445px) 100vw, 445px\" \/><\/p>\n<p>A condu\u00e7\u00e3o do pai e da moto tamb\u00e9m contou com apoio de uma lancha que passava logo ap\u00f3s a chegada da PM na regi\u00e3o. Da Ilha, o homem e a moto aqu\u00e1tica que havia apresentado pane foram conduzidos pela Marina que ele fazia parte.<\/p>\n<p>\u201cEsse resgate ocorre justamente durante nosso refor\u00e7o policial que realizamos no estu\u00e1rio do rio Para\u00edba, e em regi\u00f5es da orla e praia, que recebe um grande fluxo de pessoas neste m\u00eas de janeiro. Al\u00e9m de prevenir delitos, especialmente hoje agimos neste salvamento que foi exitoso, resguardando a vida daquela fam\u00edlia\u201d, explicou o tenente-coronel Bruno, comandante do BEPTur.<\/p>\n<p><img loading=\"lazy\" decoding=\"async\" class=\"size-medium wp-image-925190 aligncenter\" src=\"http:\/\/www.pm.pb.gov.br\/portal\/wp-content\/uploads\/2025\/01\/IMG-20250104-WA0019-517x445.jpg\" alt=\"\" width=\"517\" height=\"445\" srcset=\"https:\/\/www.pm.pb.gov.br\/portal\/wp-content\/uploads\/2025\/01\/IMG-20250104-WA0019-517x445.jpg 517w, https:\/\/www.pm.pb.gov.br\/portal\/wp-content\/uploads\/2025\/01\/IMG-20250104-WA0019-662x570.jpg 662w, https:\/\/www.pm.pb.gov.br\/portal\/wp-content\/uploads\/2025\/01\/IMG-20250104-WA0019-768x661.jpg 768w, https:\/\/www.pm.pb.gov.br\/portal\/wp-content\/uploads\/2025\/01\/IMG-20250104-WA0019-1536x1322.jpg 1536w, https:\/\/www.pm.pb.gov.br\/portal\/wp-content\/uploads\/2025\/01\/IMG-20250104-WA0019.jpg 1600w\" sizes=\"(max-width: 517px) 100vw, 517px\" \/><\/p>\n<p>As a\u00e7\u00f5es da Opera\u00e7\u00e3o Ver\u00e3o continuam durante todo o m\u00eas de janeiro.<\/p>\n<p>\u00a0<\/p>\n","protected":false},"excerpt":{"rendered":"<p>A Pol\u00edcia Militar resgatou, neste final de semana, um pai e seus dois filhos que estavam \u00e0 deriva no rio<\/p>\n","protected":false},"author":12,"featured_media":923281,"comment_status":"closed","ping_status":"closed","sticky":false,"template":"","format":"standard","meta":{"_exactmetrics_skip_tracking":false,"_exactmetrics_sitenote_active":false,"_exactmetrics_sitenote_note":"","_exactmetrics_sitenote_category":0,"footnotes":""},"categories":[4],"tags":[],"yoast_head":"<!-- This site is optimized with the Yoast SEO plugin v22.0 - https:\/\/yoast.com\/wordpress\/plugins\/seo\/ -->\n<title>OPERA\u00c7\u00c3O VER\u00c3O: Pol\u00edcia Militar resgata fam\u00edlia ap\u00f3s moto aqu\u00e1tica naufragar no estu\u00e1rio do rio Para\u00edba - Pol\u00edcia Militar da Para\u00edba<\/title>\n<meta name=\"robots\" content=\"index, follow, max-snippet:-1, max-image-preview:large, max-video-preview:-1\" \/>\n<link rel=\"canonical\" href=\"https:\/\/www.pm.pb.gov.br\/portal\/2025\/01\/04\/operacao-verao-policia-militar-resgata-familia-apos-moto-aquatica-naufragar-no-estuario-do-rio-paraiba\/\" \/>\n<meta property=\"og:locale\" content=\"pt_BR\" \/>\n<meta property=\"og:type\" content=\"article\" \/>\n<meta property=\"og:title\" content=\"OPERA\u00c7\u00c3O VER\u00c3O: Pol\u00edcia Militar resgata fam\u00edlia ap\u00f3s moto aqu\u00e1tica naufragar no estu\u00e1rio do rio Para\u00edba - Pol\u00edcia Militar da Para\u00edba\" \/>\n<meta property=\"og:description\" content=\"A Pol\u00edcia Militar resgatou, neste final de semana, um pai e seus dois filhos que estavam \u00e0 deriva no rio\" \/>\n<meta property=\"og:url\" content=\"https:\/\/www.pm.pb.gov.br\/portal\/2025\/01\/04\/operacao-verao-policia-militar-resgata-familia-apos-moto-aquatica-naufragar-no-estuario-do-rio-paraiba\/\" \/>\n<meta property=\"og:site_name\" content=\"Pol\u00edcia Militar da Para\u00edba\" \/>\n<meta property=\"article:published_time\" content=\"2025-01-04T19:42:07+00:00\" \/>\n<meta property=\"article:modified_time\" content=\"2025-01-04T19:52:35+00:00\" \/>\n<meta property=\"og:image\" content=\"http:\/\/www.pm.pb.gov.br\/portal\/wp-content\/uploads\/2024\/07\/WhatsApp-Image-2024-07-25-at-09.51.16.jpeg\" \/>\n\t<meta property=\"og:image:width\" content=\"800\" \/>\n\t<meta property=\"og:image:height\" content=\"445\" \/>\n\t<meta property=\"og:image:type\" content=\"image\/jpeg\" \/>\n<meta name=\"author\" content=\"Tarcisio Oliveira\" \/>\n<meta name=\"twitter:card\" content=\"summary_large_image\" \/>\n<meta name=\"twitter:label1\" content=\"Escrito por\" \/>\n\t<meta name=\"twitter:data1\" content=\"Tarcisio Oliveira\" \/>\n\t<meta name=\"twitter:label2\" content=\"Est. tempo de leitura\" \/>\n\t<meta name=\"twitter:data2\" content=\"2 minutos\" \/>\n<script type=\"application\/ld+json\" class=\"yoast-schema-graph\">{\"@context\":\"https:\/\/schema.org\",\"@graph\":[{\"@type\":\"Article\",\"@id\":\"https:\/\/www.pm.pb.gov.br\/portal\/2025\/01\/04\/operacao-verao-policia-militar-resgata-familia-apos-moto-aquatica-naufragar-no-estuario-do-rio-paraiba\/#article\",\"isPartOf\":{\"@id\":\"https:\/\/www.pm.pb.gov.br\/portal\/2025\/01\/04\/operacao-verao-policia-militar-resgata-familia-apos-moto-aquatica-naufragar-no-estuario-do-rio-paraiba\/\"},\"author\":{\"name\":\"Tarcisio Oliveira\",\"@id\":\"https:\/\/www.pm.pb.gov.br\/portal\/#\/schema\/person\/f84f56dcc78ce4357054da888b8247fd\"},\"headline\":\"OPERA\u00c7\u00c3O VER\u00c3O: Pol\u00edcia Militar resgata fam\u00edlia ap\u00f3s moto aqu\u00e1tica naufragar no estu\u00e1rio do rio Para\u00edba\",\"datePublished\":\"2025-01-04T19:42:07+00:00\",\"dateModified\":\"2025-01-04T19:52:35+00:00\",\"mainEntityOfPage\":{\"@id\":\"https:\/\/www.pm.pb.gov.br\/portal\/2025\/01\/04\/operacao-verao-policia-militar-resgata-familia-apos-moto-aquatica-naufragar-no-estuario-do-rio-paraiba\/\"},\"wordCount\":303,\"publisher\":{\"@id\":\"https:\/\/www.pm.pb.gov.br\/portal\/#organization\"},\"articleSection\":[\"A\u00e7\u00f5es Policiais\"],\"inLanguage\":\"pt-BR\"},{\"@type\":\"WebPage\",\"@id\":\"https:\/\/www.pm.pb.gov.br\/portal\/2025\/01\/04\/operacao-verao-policia-militar-resgata-familia-apos-moto-aquatica-naufragar-no-estuario-do-rio-paraiba\/\",\"url\":\"https:\/\/www.pm.pb.gov.br\/portal\/2025\/01\/04\/operacao-verao-policia-militar-resgata-familia-apos-moto-aquatica-naufragar-no-estuario-do-rio-paraiba\/\",\"name\":\"OPERA\u00c7\u00c3O VER\u00c3O: Pol\u00edcia Militar resgata fam\u00edlia ap\u00f3s moto aqu\u00e1tica naufragar no estu\u00e1rio do rio Para\u00edba - Pol\u00edcia Militar da Para\u00edba\",\"isPartOf\":{\"@id\":\"https:\/\/www.pm.pb.gov.br\/portal\/#website\"},\"datePublished\":\"2025-01-04T19:42:07+00:00\",\"dateModified\":\"2025-01-04T19:52:35+00:00\",\"breadcrumb\":{\"@id\":\"https:\/\/www.pm.pb.gov.br\/portal\/2025\/01\/04\/operacao-verao-policia-militar-resgata-familia-apos-moto-aquatica-naufragar-no-estuario-do-rio-paraiba\/#breadcrumb\"},\"inLanguage\":\"pt-BR\",\"potentialAction\":[{\"@type\":\"ReadAction\",\"target\":[\"https:\/\/www.pm.pb.gov.br\/portal\/2025\/01\/04\/operacao-verao-policia-militar-resgata-familia-apos-moto-aquatica-naufragar-no-estuario-do-rio-paraiba\/\"]}]},{\"@type\":\"BreadcrumbList\",\"@id\":\"https:\/\/www.pm.pb.gov.br\/portal\/2025\/01\/04\/operacao-verao-policia-militar-resgata-familia-apos-moto-aquatica-naufragar-no-estuario-do-rio-paraiba\/#breadcrumb\",\"itemListElement\":[{\"@type\":\"ListItem\",\"position\":1,\"name\":\"In\u00edcio\",\"item\":\"https:\/\/www.pm.pb.gov.br\/portal\/\"},{\"@type\":\"ListItem\",\"position\":2,\"name\":\"OPERA\u00c7\u00c3O VER\u00c3O: Pol\u00edcia Militar resgata fam\u00edlia ap\u00f3s moto aqu\u00e1tica naufragar no estu\u00e1rio do rio Para\u00edba\"}]},{\"@type\":\"WebSite\",\"@id\":\"https:\/\/www.pm.pb.gov.br\/portal\/#website\",\"url\":\"https:\/\/www.pm.pb.gov.br\/portal\/\",\"name\":\"Pol\u00edcia Militar da Para\u00edba\",\"description\":\"\",\"publisher\":{\"@id\":\"https:\/\/www.pm.pb.gov.br\/portal\/#organization\"},\"potentialAction\":[{\"@type\":\"SearchAction\",\"target\":{\"@type\":\"EntryPoint\",\"urlTemplate\":\"https:\/\/www.pm.pb.gov.br\/portal\/?s={search_term_string}\"},\"query-input\":\"required name=search_term_string\"}],\"inLanguage\":\"pt-BR\"},{\"@type\":\"Organization\",\"@id\":\"https:\/\/www.pm.pb.gov.br\/portal\/#organization\",\"name\":\"Pol\u00edcia Militar da Para\u00edba\",\"url\":\"https:\/\/www.pm.pb.gov.br\/portal\/\",\"logo\":{\"@type\":\"ImageObject\",\"inLanguage\":\"pt-BR\",\"@id\":\"https:\/\/www.pm.pb.gov.br\/portal\/#\/schema\/logo\/image\/\",\"url\":\"https:\/\/www.pm.pb.gov.br\/portal\/wp-content\/uploads\/2025\/03\/cropped-logo-site-mag2-1.png\",\"contentUrl\":\"https:\/\/www.pm.pb.gov.br\/portal\/wp-content\/uploads\/2025\/03\/cropped-logo-site-mag2-1.png\",\"width\":320,\"height\":90,\"caption\":\"Pol\u00edcia Militar da Para\u00edba\"},\"image\":{\"@id\":\"https:\/\/www.pm.pb.gov.br\/portal\/#\/schema\/logo\/image\/\"}},{\"@type\":\"Person\",\"@id\":\"https:\/\/www.pm.pb.gov.br\/portal\/#\/schema\/person\/f84f56dcc78ce4357054da888b8247fd\",\"name\":\"Tarcisio Oliveira\",\"image\":{\"@type\":\"ImageObject\",\"inLanguage\":\"pt-BR\",\"@id\":\"https:\/\/www.pm.pb.gov.br\/portal\/#\/schema\/person\/image\/\",\"url\":\"https:\/\/secure.gravatar.com\/avatar\/72917b630b69d31cd0297507f34bac97?s=96&d=mm&r=g\",\"contentUrl\":\"https:\/\/secure.gravatar.com\/avatar\/72917b630b69d31cd0297507f34bac97?s=96&d=mm&r=g\",\"caption\":\"Tarcisio Oliveira\"},\"url\":\"https:\/\/www.pm.pb.gov.br\/portal\/author\/tarcisio\/\"}]}<\/script>\n<!-- \/ Yoast SEO plugin. -->","yoast_head_json":{"title":"OPERA\u00c7\u00c3O VER\u00c3O: Pol\u00edcia Militar resgata fam\u00edlia ap\u00f3s moto aqu\u00e1tica naufragar no estu\u00e1rio do rio Para\u00edba - Pol\u00edcia Militar da Para\u00edba","robots":{"index":"index","follow":"follow","max-snippet":"max-snippet:-1","max-image-preview":"max-image-preview:large","max-video-preview":"max-video-preview:-1"},"canonical":"https:\/\/www.pm.pb.gov.br\/portal\/2025\/01\/04\/operacao-verao-policia-militar-resgata-familia-apos-moto-aquatica-naufragar-no-estuario-do-rio-paraiba\/","og_locale":"pt_BR","og_type":"article","og_title":"OPERA\u00c7\u00c3O VER\u00c3O: Pol\u00edcia Militar resgata fam\u00edlia ap\u00f3s moto aqu\u00e1tica naufragar no estu\u00e1rio do rio Para\u00edba - Pol\u00edcia Militar da Para\u00edba","og_description":"A Pol\u00edcia Militar resgatou, neste final de semana, um pai e seus dois filhos que estavam \u00e0 deriva no rio","og_url":"https:\/\/www.pm.pb.gov.br\/portal\/2025\/01\/04\/operacao-verao-policia-militar-resgata-familia-apos-moto-aquatica-naufragar-no-estuario-do-rio-paraiba\/","og_site_name":"Pol\u00edcia Militar da Para\u00edba","article_published_time":"2025-01-04T19:42:07+00:00","article_modified_time":"2025-01-04T19:52:35+00:00","og_image":[{"width":800,"height":445,"url":"http:\/\/www.pm.pb.gov.br\/portal\/wp-content\/uploads\/2024\/07\/WhatsApp-Image-2024-07-25-at-09.51.16.jpeg","type":"image\/jpeg"}],"author":"Tarcisio Oliveira","twitter_card":"summary_large_image","twitter_misc":{"Escrito por":"Tarcisio Oliveira","Est. tempo de leitura":"2 minutos"},"schema":{"@context":"https:\/\/schema.org","@graph":[{"@type":"Article","@id":"https:\/\/www.pm.pb.gov.br\/portal\/2025\/01\/04\/operacao-verao-policia-militar-resgata-familia-apos-moto-aquatica-naufragar-no-estuario-do-rio-paraiba\/#article","isPartOf":{"@id":"https:\/\/www.pm.pb.gov.br\/portal\/2025\/01\/04\/operacao-verao-policia-militar-resgata-familia-apos-moto-aquatica-naufragar-no-estuario-do-rio-paraiba\/"},"author":{"name":"Tarcisio Oliveira","@id":"https:\/\/www.pm.pb.gov.br\/portal\/#\/schema\/person\/f84f56dcc78ce4357054da888b8247fd"},"headline":"OPERA\u00c7\u00c3O VER\u00c3O: Pol\u00edcia Militar resgata fam\u00edlia ap\u00f3s moto aqu\u00e1tica naufragar no estu\u00e1rio do rio Para\u00edba","datePublished":"2025-01-04T19:42:07+00:00","dateModified":"2025-01-04T19:52:35+00:00","mainEntityOfPage":{"@id":"https:\/\/www.pm.pb.gov.br\/portal\/2025\/01\/04\/operacao-verao-policia-militar-resgata-familia-apos-moto-aquatica-naufragar-no-estuario-do-rio-paraiba\/"},"wordCount":303,"publisher":{"@id":"https:\/\/www.pm.pb.gov.br\/portal\/#organization"},"articleSection":["A\u00e7\u00f5es Policiais"],"inLanguage":"pt-BR"},{"@type":"WebPage","@id":"https:\/\/www.pm.pb.gov.br\/portal\/2025\/01\/04\/operacao-verao-policia-militar-resgata-familia-apos-moto-aquatica-naufragar-no-estuario-do-rio-paraiba\/","url":"https:\/\/www.pm.pb.gov.br\/portal\/2025\/01\/04\/operacao-verao-policia-militar-resgata-familia-apos-moto-aquatica-naufragar-no-estuario-do-rio-paraiba\/","name":"OPERA\u00c7\u00c3O VER\u00c3O: Pol\u00edcia Militar resgata fam\u00edlia ap\u00f3s moto aqu\u00e1tica naufragar no estu\u00e1rio do rio Para\u00edba - Pol\u00edcia Militar da Para\u00edba","isPartOf":{"@id":"https:\/\/www.pm.pb.gov.br\/portal\/#website"},"datePublished":"2025-01-04T19:42:07+00:00","dateModified":"2025-01-04T19:52:35+00:00","breadcrumb":{"@id":"https:\/\/www.pm.pb.gov.br\/portal\/2025\/01\/04\/operacao-verao-policia-militar-resgata-familia-apos-moto-aquatica-naufragar-no-estuario-do-rio-paraiba\/#breadcrumb"},"inLanguage":"pt-BR","potentialAction":[{"@type":"ReadAction","target":["https:\/\/www.pm.pb.gov.br\/portal\/2025\/01\/04\/operacao-verao-policia-militar-resgata-familia-apos-moto-aquatica-naufragar-no-estuario-do-rio-paraiba\/"]}]},{"@type":"BreadcrumbList","@id":"https:\/\/www.pm.pb.gov.br\/portal\/2025\/01\/04\/operacao-verao-policia-militar-resgata-familia-apos-moto-aquatica-naufragar-no-estuario-do-rio-paraiba\/#breadcrumb","itemListElement":[{"@type":"ListItem","position":1,"name":"In\u00edcio","item":"https:\/\/www.pm.pb.gov.br\/portal\/"},{"@type":"ListItem","position":2,"name":"OPERA\u00c7\u00c3O VER\u00c3O: Pol\u00edcia Militar resgata fam\u00edlia ap\u00f3s moto aqu\u00e1tica naufragar no estu\u00e1rio do rio Para\u00edba"}]},{"@type":"WebSite","@id":"https:\/\/www.pm.pb.gov.br\/portal\/#website","url":"https:\/\/www.pm.pb.gov.br\/portal\/","name":"Pol\u00edcia Militar da Para\u00edba","description":"","publisher":{"@id":"https:\/\/www.pm.pb.gov.br\/portal\/#organization"},"potentialAction":[{"@type":"SearchAction","target":{"@type":"EntryPoint","urlTemplate":"https:\/\/www.pm.pb.gov.br\/portal\/?s={search_term_string}"},"query-input":"required name=search_term_string"}],"inLanguage":"pt-BR"},{"@type":"Organization","@id":"https:\/\/www.pm.pb.gov.br\/portal\/#organization","name":"Pol\u00edcia Militar da Para\u00edba","url":"https:\/\/www.pm.pb.gov.br\/portal\/","logo":{"@type":"ImageObject","inLanguage":"pt-BR","@id":"https:\/\/www.pm.pb.gov.br\/portal\/#\/schema\/logo\/image\/","url":"https:\/\/www.pm.pb.gov.br\/portal\/wp-content\/uploads\/2025\/03\/cropped-logo-site-mag2-1.png","contentUrl":"https:\/\/www.pm.pb.gov.br\/portal\/wp-content\/uploads\/2025\/03\/cropped-logo-site-mag2-1.png","width":320,"height":90,"caption":"Pol\u00edcia Militar da Para\u00edba"},"image":{"@id":"https:\/\/www.pm.pb.gov.br\/portal\/#\/schema\/logo\/image\/"}},{"@type":"Person","@id":"https:\/\/www.pm.pb.gov.br\/portal\/#\/schema\/person\/f84f56dcc78ce4357054da888b8247fd","name":"Tarcisio Oliveira","image":{"@type":"ImageObject","inLanguage":"pt-BR","@id":"https:\/\/www.pm.pb.gov.br\/portal\/#\/schema\/person\/image\/","url":"https:\/\/secure.gravatar.com\/avatar\/72917b630b69d31cd0297507f34bac97?s=96&d=mm&r=g","contentUrl":"https:\/\/secure.gravatar.com\/avatar\/72917b630b69d31cd0297507f34bac97?s=96&d=mm&r=g","caption":"Tarcisio Oliveira"},"url":"https:\/\/www.pm.pb.gov.br\/portal\/author\/tarcisio\/"}]}},"_links":{"self":[{"href":"https:\/\/www.pm.pb.gov.br\/portal\/wp-json\/wp\/v2\/posts\/925184"}],"collection":[{"href":"https:\/\/www.pm.pb.gov.br\/portal\/wp-json\/wp\/v2\/posts"}],"about":[{"href":"https:\/\/www.pm.pb.gov.br\/portal\/wp-json\/wp\/v2\/types\/post"}],"author":[{"embeddable":true,"href":"https:\/\/www.pm.pb.gov.br\/portal\/wp-json\/wp\/v2\/users\/12"}],"replies":[{"embeddable":true,"href":"https:\/\/www.pm.pb.gov.br\/portal\/wp-json\/wp\/v2\/comments?post=925184"}],"version-history":[{"count":2,"href":"https:\/\/www.pm.pb.gov.br\/portal\/wp-json\/wp\/v2\/posts\/925184\/revisions"}],"predecessor-version":[{"id":925191,"href":"https:\/\/www.pm.pb.gov.br\/portal\/wp-json\/wp\/v2\/posts\/925184\/revisions\/925191"}],"wp:featuredmedia":[{"embeddable":true,"href":"https:\/\/www.pm.pb.gov.br\/portal\/wp-json\/wp\/v2\/media\/923281"}],"wp:attachment":[{"href":"https:\/\/www.pm.pb.gov.br\/portal\/wp-json\/wp\/v2\/media?parent=925184"}],"wp:term":[{"taxonomy":"category","embeddable":true,"href":"https:\/\/www.pm.pb.gov.br\/portal\/wp-json\/wp\/v2\/categories?post=925184"},{"taxonomy":"post_tag","embeddable":true,"href":"https:\/\/www.pm.pb.gov.br\/portal\/wp-json\/wp\/v2\/tags?post=925184"}],"curies":[{"name":"wp","href":"https:\/\/api.w.org\/{rel}","templated":true}]}}