{"id":925179,"date":"2025-01-04T09:23:00","date_gmt":"2025-01-04T12:23:00","guid":{"rendered":"https:\/\/www.pm.pb.gov.br\/portal\/?p=925179"},"modified":"2025-01-04T09:24:05","modified_gmt":"2025-01-04T12:24:05","slug":"crimes-frustrados-policia-militar-prende-acusado-de-roubo-que-vinha-agindo-em-patos","status":"publish","type":"post","link":"https:\/\/www.pm.pb.gov.br\/portal\/2025\/01\/04\/crimes-frustrados-policia-militar-prende-acusado-de-roubo-que-vinha-agindo-em-patos\/","title":{"rendered":"CRIMES FRUSTRADOS: Pol\u00edcia Militar prende acusado de roubo que vinha agindo em Patos"},"content":{"rendered":"\n<p>Na tarde da \u00faltima sexta-feira (03) , a guarni\u00e7\u00e3o de R\u00e1dio Patrulha da 1\u00aa Companhia do 3\u00ba Batalh\u00e3o realizou a captura de um indiv\u00edduo suspeito de envolvimento em uma s\u00e9rie de roubos registrados em estabelecimentos comerciais na cidade de Patos (foto acima ilustrativa). A a\u00e7\u00e3o teve in\u00edcio por volta das 16h20, quando a guarni\u00e7\u00e3o foi acionada via Centro Integrado de Comando e Controle (CICC) para averiguar um roubo ocorrido em uma farm\u00e1cia localizada na Rua do Prado, no bairro Santo Ant\u00f4nio.<\/p>\n<p>Durante a a\u00e7\u00e3o criminosa, o suspeito subtraiu aproximadamente R$ 100,00 utilizando supostamente uma arma de fogo para intimidar as v\u00edtimas. Ap\u00f3s atender a ocorr\u00eancia e orientar os respons\u00e1veis sobre os procedimentos legais, os policiais iniciaram dilig\u00eancias para localizar o autor do crime. Com o apoio de outras equipes guarni\u00e7\u00f5es policiais, como Rotam e Coordenador do Policiamento da Unidade, as buscas foram intensificadas.<\/p>\n<p>Por volta das 17h20, com base em informa\u00e7\u00f5es obtidas por militares de folga, o suspeito foi localizado em uma resid\u00eancia na Rua Augusto dos Anjos, no mesmo bairro. O indiv\u00edduo ainda tentou fugir, mas foi contido logo em seguida. Durante a abordagem, foi constatado que o acusado j\u00e1 possu\u00eda um mandado de pris\u00e3o preventiva em aberto, expedido pelo Plant\u00e3o Judici\u00e1rio do 1\u00ba Grau do Tribunal de Justi\u00e7a da Para\u00edba, com base no artigo 157 do C\u00f3digo Penal Brasileiro, que tipifica o crime de roubo. Al\u00e9m disso, ele \u00e9 investigado por outros roubos ocorridos recentemente em estabelecimentos da regi\u00e3o.<\/p>\n<p>Considerando os fatos, o indiv\u00edduo foi conduzido \u00e0 Delegacia de Roubos e Furtos de Patos e apresentado \u00e0 autoridade policial competente para que sejam tomadas as provid\u00eancias legais cab\u00edveis.<\/p>\n<p><em>Com informa\u00e7\u00f5es da P5 do 3\u00b0 BPM<\/em><\/p>\n","protected":false},"excerpt":{"rendered":"<p>Na tarde da \u00faltima sexta-feira (03) , a guarni\u00e7\u00e3o de R\u00e1dio Patrulha da 1\u00aa Companhia do 3\u00ba Batalh\u00e3o realizou a<\/p>\n","protected":false},"author":12,"featured_media":905436,"comment_status":"closed","ping_status":"closed","sticky":false,"template":"","format":"standard","meta":{"_exactmetrics_skip_tracking":false,"_exactmetrics_sitenote_active":false,"_exactmetrics_sitenote_note":"","_exactmetrics_sitenote_category":0,"footnotes":""},"categories":[4],"tags":[],"yoast_head":"<!-- This site is optimized with the Yoast SEO plugin v22.0 - https:\/\/yoast.com\/wordpress\/plugins\/seo\/ -->\n<title>CRIMES FRUSTRADOS: Pol\u00edcia Militar prende acusado de roubo que vinha agindo em Patos - Pol\u00edcia Militar da Para\u00edba<\/title>\n<meta name=\"robots\" content=\"index, follow, max-snippet:-1, max-image-preview:large, max-video-preview:-1\" \/>\n<link rel=\"canonical\" href=\"https:\/\/www.pm.pb.gov.br\/portal\/2025\/01\/04\/crimes-frustrados-policia-militar-prende-acusado-de-roubo-que-vinha-agindo-em-patos\/\" \/>\n<meta property=\"og:locale\" content=\"pt_BR\" \/>\n<meta property=\"og:type\" content=\"article\" \/>\n<meta property=\"og:title\" content=\"CRIMES FRUSTRADOS: Pol\u00edcia Militar prende acusado de roubo que vinha agindo em Patos - Pol\u00edcia Militar da Para\u00edba\" \/>\n<meta property=\"og:description\" content=\"Na tarde da \u00faltima sexta-feira (03) , a guarni\u00e7\u00e3o de R\u00e1dio Patrulha da 1\u00aa Companhia do 3\u00ba Batalh\u00e3o realizou a\" \/>\n<meta property=\"og:url\" content=\"https:\/\/www.pm.pb.gov.br\/portal\/2025\/01\/04\/crimes-frustrados-policia-militar-prende-acusado-de-roubo-que-vinha-agindo-em-patos\/\" \/>\n<meta property=\"og:site_name\" content=\"Pol\u00edcia Militar da Para\u00edba\" \/>\n<meta property=\"article:published_time\" content=\"2025-01-04T12:23:00+00:00\" \/>\n<meta property=\"article:modified_time\" content=\"2025-01-04T12:24:05+00:00\" \/>\n<meta property=\"og:image\" content=\"http:\/\/www.pm.pb.gov.br\/portal\/wp-content\/uploads\/2020\/05\/ilustrativa_patos.jpeg\" \/>\n\t<meta property=\"og:image:width\" content=\"800\" \/>\n\t<meta property=\"og:image:height\" content=\"445\" \/>\n\t<meta property=\"og:image:type\" content=\"image\/jpeg\" \/>\n<meta name=\"author\" content=\"Tarcisio Oliveira\" \/>\n<meta name=\"twitter:card\" content=\"summary_large_image\" \/>\n<meta name=\"twitter:label1\" content=\"Escrito por\" \/>\n\t<meta name=\"twitter:data1\" content=\"Tarcisio Oliveira\" \/>\n\t<meta name=\"twitter:label2\" content=\"Est. tempo de leitura\" \/>\n\t<meta name=\"twitter:data2\" content=\"2 minutos\" \/>\n<script type=\"application\/ld+json\" class=\"yoast-schema-graph\">{\"@context\":\"https:\/\/schema.org\",\"@graph\":[{\"@type\":\"Article\",\"@id\":\"https:\/\/www.pm.pb.gov.br\/portal\/2025\/01\/04\/crimes-frustrados-policia-militar-prende-acusado-de-roubo-que-vinha-agindo-em-patos\/#article\",\"isPartOf\":{\"@id\":\"https:\/\/www.pm.pb.gov.br\/portal\/2025\/01\/04\/crimes-frustrados-policia-militar-prende-acusado-de-roubo-que-vinha-agindo-em-patos\/\"},\"author\":{\"name\":\"Tarcisio Oliveira\",\"@id\":\"https:\/\/www.pm.pb.gov.br\/portal\/#\/schema\/person\/f84f56dcc78ce4357054da888b8247fd\"},\"headline\":\"CRIMES FRUSTRADOS: Pol\u00edcia Militar prende acusado de roubo que vinha agindo em Patos\",\"datePublished\":\"2025-01-04T12:23:00+00:00\",\"dateModified\":\"2025-01-04T12:24:05+00:00\",\"mainEntityOfPage\":{\"@id\":\"https:\/\/www.pm.pb.gov.br\/portal\/2025\/01\/04\/crimes-frustrados-policia-militar-prende-acusado-de-roubo-que-vinha-agindo-em-patos\/\"},\"wordCount\":313,\"publisher\":{\"@id\":\"https:\/\/www.pm.pb.gov.br\/portal\/#organization\"},\"articleSection\":[\"A\u00e7\u00f5es Policiais\"],\"inLanguage\":\"pt-BR\"},{\"@type\":\"WebPage\",\"@id\":\"https:\/\/www.pm.pb.gov.br\/portal\/2025\/01\/04\/crimes-frustrados-policia-militar-prende-acusado-de-roubo-que-vinha-agindo-em-patos\/\",\"url\":\"https:\/\/www.pm.pb.gov.br\/portal\/2025\/01\/04\/crimes-frustrados-policia-militar-prende-acusado-de-roubo-que-vinha-agindo-em-patos\/\",\"name\":\"CRIMES FRUSTRADOS: Pol\u00edcia Militar prende acusado de roubo que vinha agindo em Patos - Pol\u00edcia Militar da Para\u00edba\",\"isPartOf\":{\"@id\":\"https:\/\/www.pm.pb.gov.br\/portal\/#website\"},\"datePublished\":\"2025-01-04T12:23:00+00:00\",\"dateModified\":\"2025-01-04T12:24:05+00:00\",\"breadcrumb\":{\"@id\":\"https:\/\/www.pm.pb.gov.br\/portal\/2025\/01\/04\/crimes-frustrados-policia-militar-prende-acusado-de-roubo-que-vinha-agindo-em-patos\/#breadcrumb\"},\"inLanguage\":\"pt-BR\",\"potentialAction\":[{\"@type\":\"ReadAction\",\"target\":[\"https:\/\/www.pm.pb.gov.br\/portal\/2025\/01\/04\/crimes-frustrados-policia-militar-prende-acusado-de-roubo-que-vinha-agindo-em-patos\/\"]}]},{\"@type\":\"BreadcrumbList\",\"@id\":\"https:\/\/www.pm.pb.gov.br\/portal\/2025\/01\/04\/crimes-frustrados-policia-militar-prende-acusado-de-roubo-que-vinha-agindo-em-patos\/#breadcrumb\",\"itemListElement\":[{\"@type\":\"ListItem\",\"position\":1,\"name\":\"In\u00edcio\",\"item\":\"https:\/\/www.pm.pb.gov.br\/portal\/\"},{\"@type\":\"ListItem\",\"position\":2,\"name\":\"CRIMES FRUSTRADOS: Pol\u00edcia Militar prende acusado de roubo que vinha agindo em Patos\"}]},{\"@type\":\"WebSite\",\"@id\":\"https:\/\/www.pm.pb.gov.br\/portal\/#website\",\"url\":\"https:\/\/www.pm.pb.gov.br\/portal\/\",\"name\":\"Pol\u00edcia Militar da Para\u00edba\",\"description\":\"\",\"publisher\":{\"@id\":\"https:\/\/www.pm.pb.gov.br\/portal\/#organization\"},\"potentialAction\":[{\"@type\":\"SearchAction\",\"target\":{\"@type\":\"EntryPoint\",\"urlTemplate\":\"https:\/\/www.pm.pb.gov.br\/portal\/?s={search_term_string}\"},\"query-input\":\"required name=search_term_string\"}],\"inLanguage\":\"pt-BR\"},{\"@type\":\"Organization\",\"@id\":\"https:\/\/www.pm.pb.gov.br\/portal\/#organization\",\"name\":\"Pol\u00edcia Militar da Para\u00edba\",\"url\":\"https:\/\/www.pm.pb.gov.br\/portal\/\",\"logo\":{\"@type\":\"ImageObject\",\"inLanguage\":\"pt-BR\",\"@id\":\"https:\/\/www.pm.pb.gov.br\/portal\/#\/schema\/logo\/image\/\",\"url\":\"https:\/\/www.pm.pb.gov.br\/portal\/wp-content\/uploads\/2025\/03\/cropped-logo-site-mag2-1.png\",\"contentUrl\":\"https:\/\/www.pm.pb.gov.br\/portal\/wp-content\/uploads\/2025\/03\/cropped-logo-site-mag2-1.png\",\"width\":320,\"height\":90,\"caption\":\"Pol\u00edcia Militar da Para\u00edba\"},\"image\":{\"@id\":\"https:\/\/www.pm.pb.gov.br\/portal\/#\/schema\/logo\/image\/\"}},{\"@type\":\"Person\",\"@id\":\"https:\/\/www.pm.pb.gov.br\/portal\/#\/schema\/person\/f84f56dcc78ce4357054da888b8247fd\",\"name\":\"Tarcisio Oliveira\",\"image\":{\"@type\":\"ImageObject\",\"inLanguage\":\"pt-BR\",\"@id\":\"https:\/\/www.pm.pb.gov.br\/portal\/#\/schema\/person\/image\/\",\"url\":\"https:\/\/secure.gravatar.com\/avatar\/72917b630b69d31cd0297507f34bac97?s=96&d=mm&r=g\",\"contentUrl\":\"https:\/\/secure.gravatar.com\/avatar\/72917b630b69d31cd0297507f34bac97?s=96&d=mm&r=g\",\"caption\":\"Tarcisio Oliveira\"},\"url\":\"https:\/\/www.pm.pb.gov.br\/portal\/author\/tarcisio\/\"}]}<\/script>\n<!-- \/ Yoast SEO plugin. -->","yoast_head_json":{"title":"CRIMES FRUSTRADOS: Pol\u00edcia Militar prende acusado de roubo que vinha agindo em Patos - Pol\u00edcia Militar da Para\u00edba","robots":{"index":"index","follow":"follow","max-snippet":"max-snippet:-1","max-image-preview":"max-image-preview:large","max-video-preview":"max-video-preview:-1"},"canonical":"https:\/\/www.pm.pb.gov.br\/portal\/2025\/01\/04\/crimes-frustrados-policia-militar-prende-acusado-de-roubo-que-vinha-agindo-em-patos\/","og_locale":"pt_BR","og_type":"article","og_title":"CRIMES FRUSTRADOS: Pol\u00edcia Militar prende acusado de roubo que vinha agindo em Patos - Pol\u00edcia Militar da Para\u00edba","og_description":"Na tarde da \u00faltima sexta-feira (03) , a guarni\u00e7\u00e3o de R\u00e1dio Patrulha da 1\u00aa Companhia do 3\u00ba Batalh\u00e3o realizou a","og_url":"https:\/\/www.pm.pb.gov.br\/portal\/2025\/01\/04\/crimes-frustrados-policia-militar-prende-acusado-de-roubo-que-vinha-agindo-em-patos\/","og_site_name":"Pol\u00edcia Militar da Para\u00edba","article_published_time":"2025-01-04T12:23:00+00:00","article_modified_time":"2025-01-04T12:24:05+00:00","og_image":[{"width":800,"height":445,"url":"http:\/\/www.pm.pb.gov.br\/portal\/wp-content\/uploads\/2020\/05\/ilustrativa_patos.jpeg","type":"image\/jpeg"}],"author":"Tarcisio Oliveira","twitter_card":"summary_large_image","twitter_misc":{"Escrito por":"Tarcisio Oliveira","Est. tempo de leitura":"2 minutos"},"schema":{"@context":"https:\/\/schema.org","@graph":[{"@type":"Article","@id":"https:\/\/www.pm.pb.gov.br\/portal\/2025\/01\/04\/crimes-frustrados-policia-militar-prende-acusado-de-roubo-que-vinha-agindo-em-patos\/#article","isPartOf":{"@id":"https:\/\/www.pm.pb.gov.br\/portal\/2025\/01\/04\/crimes-frustrados-policia-militar-prende-acusado-de-roubo-que-vinha-agindo-em-patos\/"},"author":{"name":"Tarcisio Oliveira","@id":"https:\/\/www.pm.pb.gov.br\/portal\/#\/schema\/person\/f84f56dcc78ce4357054da888b8247fd"},"headline":"CRIMES FRUSTRADOS: Pol\u00edcia Militar prende acusado de roubo que vinha agindo em Patos","datePublished":"2025-01-04T12:23:00+00:00","dateModified":"2025-01-04T12:24:05+00:00","mainEntityOfPage":{"@id":"https:\/\/www.pm.pb.gov.br\/portal\/2025\/01\/04\/crimes-frustrados-policia-militar-prende-acusado-de-roubo-que-vinha-agindo-em-patos\/"},"wordCount":313,"publisher":{"@id":"https:\/\/www.pm.pb.gov.br\/portal\/#organization"},"articleSection":["A\u00e7\u00f5es Policiais"],"inLanguage":"pt-BR"},{"@type":"WebPage","@id":"https:\/\/www.pm.pb.gov.br\/portal\/2025\/01\/04\/crimes-frustrados-policia-militar-prende-acusado-de-roubo-que-vinha-agindo-em-patos\/","url":"https:\/\/www.pm.pb.gov.br\/portal\/2025\/01\/04\/crimes-frustrados-policia-militar-prende-acusado-de-roubo-que-vinha-agindo-em-patos\/","name":"CRIMES FRUSTRADOS: Pol\u00edcia Militar prende acusado de roubo que vinha agindo em Patos - Pol\u00edcia Militar da Para\u00edba","isPartOf":{"@id":"https:\/\/www.pm.pb.gov.br\/portal\/#website"},"datePublished":"2025-01-04T12:23:00+00:00","dateModified":"2025-01-04T12:24:05+00:00","breadcrumb":{"@id":"https:\/\/www.pm.pb.gov.br\/portal\/2025\/01\/04\/crimes-frustrados-policia-militar-prende-acusado-de-roubo-que-vinha-agindo-em-patos\/#breadcrumb"},"inLanguage":"pt-BR","potentialAction":[{"@type":"ReadAction","target":["https:\/\/www.pm.pb.gov.br\/portal\/2025\/01\/04\/crimes-frustrados-policia-militar-prende-acusado-de-roubo-que-vinha-agindo-em-patos\/"]}]},{"@type":"BreadcrumbList","@id":"https:\/\/www.pm.pb.gov.br\/portal\/2025\/01\/04\/crimes-frustrados-policia-militar-prende-acusado-de-roubo-que-vinha-agindo-em-patos\/#breadcrumb","itemListElement":[{"@type":"ListItem","position":1,"name":"In\u00edcio","item":"https:\/\/www.pm.pb.gov.br\/portal\/"},{"@type":"ListItem","position":2,"name":"CRIMES FRUSTRADOS: Pol\u00edcia Militar prende acusado de roubo que vinha agindo em Patos"}]},{"@type":"WebSite","@id":"https:\/\/www.pm.pb.gov.br\/portal\/#website","url":"https:\/\/www.pm.pb.gov.br\/portal\/","name":"Pol\u00edcia Militar da Para\u00edba","description":"","publisher":{"@id":"https:\/\/www.pm.pb.gov.br\/portal\/#organization"},"potentialAction":[{"@type":"SearchAction","target":{"@type":"EntryPoint","urlTemplate":"https:\/\/www.pm.pb.gov.br\/portal\/?s={search_term_string}"},"query-input":"required name=search_term_string"}],"inLanguage":"pt-BR"},{"@type":"Organization","@id":"https:\/\/www.pm.pb.gov.br\/portal\/#organization","name":"Pol\u00edcia Militar da Para\u00edba","url":"https:\/\/www.pm.pb.gov.br\/portal\/","logo":{"@type":"ImageObject","inLanguage":"pt-BR","@id":"https:\/\/www.pm.pb.gov.br\/portal\/#\/schema\/logo\/image\/","url":"https:\/\/www.pm.pb.gov.br\/portal\/wp-content\/uploads\/2025\/03\/cropped-logo-site-mag2-1.png","contentUrl":"https:\/\/www.pm.pb.gov.br\/portal\/wp-content\/uploads\/2025\/03\/cropped-logo-site-mag2-1.png","width":320,"height":90,"caption":"Pol\u00edcia Militar da Para\u00edba"},"image":{"@id":"https:\/\/www.pm.pb.gov.br\/portal\/#\/schema\/logo\/image\/"}},{"@type":"Person","@id":"https:\/\/www.pm.pb.gov.br\/portal\/#\/schema\/person\/f84f56dcc78ce4357054da888b8247fd","name":"Tarcisio Oliveira","image":{"@type":"ImageObject","inLanguage":"pt-BR","@id":"https:\/\/www.pm.pb.gov.br\/portal\/#\/schema\/person\/image\/","url":"https:\/\/secure.gravatar.com\/avatar\/72917b630b69d31cd0297507f34bac97?s=96&d=mm&r=g","contentUrl":"https:\/\/secure.gravatar.com\/avatar\/72917b630b69d31cd0297507f34bac97?s=96&d=mm&r=g","caption":"Tarcisio Oliveira"},"url":"https:\/\/www.pm.pb.gov.br\/portal\/author\/tarcisio\/"}]}},"_links":{"self":[{"href":"https:\/\/www.pm.pb.gov.br\/portal\/wp-json\/wp\/v2\/posts\/925179"}],"collection":[{"href":"https:\/\/www.pm.pb.gov.br\/portal\/wp-json\/wp\/v2\/posts"}],"about":[{"href":"https:\/\/www.pm.pb.gov.br\/portal\/wp-json\/wp\/v2\/types\/post"}],"author":[{"embeddable":true,"href":"https:\/\/www.pm.pb.gov.br\/portal\/wp-json\/wp\/v2\/users\/12"}],"replies":[{"embeddable":true,"href":"https:\/\/www.pm.pb.gov.br\/portal\/wp-json\/wp\/v2\/comments?post=925179"}],"version-history":[{"count":2,"href":"https:\/\/www.pm.pb.gov.br\/portal\/wp-json\/wp\/v2\/posts\/925179\/revisions"}],"predecessor-version":[{"id":925182,"href":"https:\/\/www.pm.pb.gov.br\/portal\/wp-json\/wp\/v2\/posts\/925179\/revisions\/925182"}],"wp:featuredmedia":[{"embeddable":true,"href":"https:\/\/www.pm.pb.gov.br\/portal\/wp-json\/wp\/v2\/media\/905436"}],"wp:attachment":[{"href":"https:\/\/www.pm.pb.gov.br\/portal\/wp-json\/wp\/v2\/media?parent=925179"}],"wp:term":[{"taxonomy":"category","embeddable":true,"href":"https:\/\/www.pm.pb.gov.br\/portal\/wp-json\/wp\/v2\/categories?post=925179"},{"taxonomy":"post_tag","embeddable":true,"href":"https:\/\/www.pm.pb.gov.br\/portal\/wp-json\/wp\/v2\/tags?post=925179"}],"curies":[{"name":"wp","href":"https:\/\/api.w.org\/{rel}","templated":true}]}}