{"id":924787,"date":"2024-11-20T10:25:33","date_gmt":"2024-11-20T13:25:33","guid":{"rendered":"https:\/\/www.pm.pb.gov.br\/portal\/?p=924787"},"modified":"2024-11-23T07:09:23","modified_gmt":"2024-11-23T10:09:23","slug":"ultima-chamada-inscricoes-para-o-cfo-da-policia-militar-terminam-nesta-quarta-feira","status":"publish","type":"post","link":"https:\/\/www.pm.pb.gov.br\/portal\/2024\/11\/20\/ultima-chamada-inscricoes-para-o-cfo-da-policia-militar-terminam-nesta-quarta-feira\/","title":{"rendered":"\u00daLTIMA CHAMADA: Inscri\u00e7\u00f5es para o CFO da Pol\u00edcia Militar terminam nesta quarta-feira"},"content":{"rendered":"Termina \u00e0s 23h59min desta quarta-feira(20) o prazo das inscri\u00e7\u00f5es para o concurso do Curso de Forma\u00e7\u00e3o de Oficiais 2025. Os interessados devem acessar o site da Pol\u00edcia Militar (https:\/\/www.pm.pb.gov.br\/inscricaoCFOPMPB2025\/), preencher o formul\u00e1rio, imprimir o boleto e pagar em qualquer ag\u00eancia do Banco do Brasil at\u00e9 esta quinta-feira (21). O valor cobrado \u00e9 de R$ 120 reais.<br \/><br \/>O certame usa a nota desse \u00faltimo Exame Nacional do Ensino M\u00e9dio (ENEM), portanto para concorrer o candidato deve ter feito o ENEM. \u00c9 exigido n\u00edvel superior e requisitos de idade (completar no ano da inscri\u00e7\u00e3o do concurso 18 anos, no m\u00ednimo, e 32 anos, no m\u00e1ximo) e altura m\u00ednima (1,60 m para homens e 1,55 m para mulheres), al\u00e9m de outras exig\u00eancias que podem ser conferidas no item 4 do edital.<br \/><br \/>O concurso tem 30 vagas de ampla concorr\u00eancia (mulheres e homens) e 20% das vagas s\u00e3o para pessoas negras. Os aprovados j\u00e1 come\u00e7am a receber remunera\u00e7\u00e3o durante o per\u00edodo de forma\u00e7\u00e3o, onde o cadete do 1\u00ba ano ganha R$ 3.003,48 reais. <br \/>S\u00e3o duas fases: exame intelectual (que foram as provas do ENEM desses \u00faltimos dois finais de semana) e os exames complementares (psicol\u00f3gico, sa\u00fade e aptid\u00e3o f\u00edsica). O Curso de Forma\u00e7\u00e3o de Oficiais tem dura\u00e7\u00e3o de tr\u00eas anos letivos, em per\u00edodo integral e regime de dedica\u00e7\u00e3o exclusiva.<br \/>","protected":false},"excerpt":{"rendered":"<p>Termina \u00e0s 23h59min desta quarta-feira(20) o prazo das inscri\u00e7\u00f5es para o concurso do Curso de Forma\u00e7\u00e3o de Oficiais 2025. Os<\/p>\n","protected":false},"author":18,"featured_media":919395,"comment_status":"closed","ping_status":"closed","sticky":false,"template":"","format":"standard","meta":{"_exactmetrics_skip_tracking":false,"_exactmetrics_sitenote_active":false,"_exactmetrics_sitenote_note":"","_exactmetrics_sitenote_category":0,"footnotes":""},"categories":[6],"tags":[],"yoast_head":"<!-- This site is optimized with the Yoast SEO plugin v22.0 - https:\/\/yoast.com\/wordpress\/plugins\/seo\/ -->\n<title>\u00daLTIMA CHAMADA: Inscri\u00e7\u00f5es para o CFO da Pol\u00edcia Militar terminam nesta quarta-feira - Pol\u00edcia Militar da Para\u00edba<\/title>\n<meta name=\"robots\" content=\"index, follow, max-snippet:-1, max-image-preview:large, max-video-preview:-1\" \/>\n<link rel=\"canonical\" href=\"https:\/\/www.pm.pb.gov.br\/portal\/2024\/11\/20\/ultima-chamada-inscricoes-para-o-cfo-da-policia-militar-terminam-nesta-quarta-feira\/\" \/>\n<meta property=\"og:locale\" content=\"pt_BR\" \/>\n<meta property=\"og:type\" content=\"article\" \/>\n<meta property=\"og:title\" content=\"\u00daLTIMA CHAMADA: Inscri\u00e7\u00f5es para o CFO da Pol\u00edcia Militar terminam nesta quarta-feira - Pol\u00edcia Militar da Para\u00edba\" \/>\n<meta property=\"og:description\" content=\"Termina \u00e0s 23h59min desta quarta-feira(20) o prazo das inscri\u00e7\u00f5es para o concurso do Curso de Forma\u00e7\u00e3o de Oficiais 2025. Os\" \/>\n<meta property=\"og:url\" content=\"https:\/\/www.pm.pb.gov.br\/portal\/2024\/11\/20\/ultima-chamada-inscricoes-para-o-cfo-da-policia-militar-terminam-nesta-quarta-feira\/\" \/>\n<meta property=\"og:site_name\" content=\"Pol\u00edcia Militar da Para\u00edba\" \/>\n<meta property=\"article:published_time\" content=\"2024-11-20T13:25:33+00:00\" \/>\n<meta property=\"article:modified_time\" content=\"2024-11-23T10:09:23+00:00\" \/>\n<meta property=\"og:image\" content=\"http:\/\/www.pm.pb.gov.br\/portal\/wp-content\/uploads\/2023\/11\/cfo2-2.jpg\" \/>\n\t<meta property=\"og:image:width\" content=\"800\" \/>\n\t<meta property=\"og:image:height\" content=\"445\" \/>\n\t<meta property=\"og:image:type\" content=\"image\/jpeg\" \/>\n<meta name=\"author\" content=\"Luiz Duarte\" \/>\n<meta name=\"twitter:card\" content=\"summary_large_image\" \/>\n<meta name=\"twitter:label1\" content=\"Escrito por\" \/>\n\t<meta name=\"twitter:data1\" content=\"Luiz Duarte\" \/>\n\t<meta name=\"twitter:label2\" content=\"Est. tempo de leitura\" \/>\n\t<meta name=\"twitter:data2\" content=\"2 minutos\" \/>\n<script type=\"application\/ld+json\" class=\"yoast-schema-graph\">{\"@context\":\"https:\/\/schema.org\",\"@graph\":[{\"@type\":\"Article\",\"@id\":\"https:\/\/www.pm.pb.gov.br\/portal\/2024\/11\/20\/ultima-chamada-inscricoes-para-o-cfo-da-policia-militar-terminam-nesta-quarta-feira\/#article\",\"isPartOf\":{\"@id\":\"https:\/\/www.pm.pb.gov.br\/portal\/2024\/11\/20\/ultima-chamada-inscricoes-para-o-cfo-da-policia-militar-terminam-nesta-quarta-feira\/\"},\"author\":{\"name\":\"Luiz Duarte\",\"@id\":\"https:\/\/www.pm.pb.gov.br\/portal\/#\/schema\/person\/89dd009e2523c97adf8def1d6cf90ca1\"},\"headline\":\"\u00daLTIMA CHAMADA: Inscri\u00e7\u00f5es para o CFO da Pol\u00edcia Militar terminam nesta quarta-feira\",\"datePublished\":\"2024-11-20T13:25:33+00:00\",\"dateModified\":\"2024-11-23T10:09:23+00:00\",\"mainEntityOfPage\":{\"@id\":\"https:\/\/www.pm.pb.gov.br\/portal\/2024\/11\/20\/ultima-chamada-inscricoes-para-o-cfo-da-policia-militar-terminam-nesta-quarta-feira\/\"},\"wordCount\":251,\"publisher\":{\"@id\":\"https:\/\/www.pm.pb.gov.br\/portal\/#organization\"},\"articleSection\":[\"Cursos\"],\"inLanguage\":\"pt-BR\"},{\"@type\":\"WebPage\",\"@id\":\"https:\/\/www.pm.pb.gov.br\/portal\/2024\/11\/20\/ultima-chamada-inscricoes-para-o-cfo-da-policia-militar-terminam-nesta-quarta-feira\/\",\"url\":\"https:\/\/www.pm.pb.gov.br\/portal\/2024\/11\/20\/ultima-chamada-inscricoes-para-o-cfo-da-policia-militar-terminam-nesta-quarta-feira\/\",\"name\":\"\u00daLTIMA CHAMADA: Inscri\u00e7\u00f5es para o CFO da Pol\u00edcia Militar terminam nesta quarta-feira - Pol\u00edcia Militar da Para\u00edba\",\"isPartOf\":{\"@id\":\"https:\/\/www.pm.pb.gov.br\/portal\/#website\"},\"datePublished\":\"2024-11-20T13:25:33+00:00\",\"dateModified\":\"2024-11-23T10:09:23+00:00\",\"breadcrumb\":{\"@id\":\"https:\/\/www.pm.pb.gov.br\/portal\/2024\/11\/20\/ultima-chamada-inscricoes-para-o-cfo-da-policia-militar-terminam-nesta-quarta-feira\/#breadcrumb\"},\"inLanguage\":\"pt-BR\",\"potentialAction\":[{\"@type\":\"ReadAction\",\"target\":[\"https:\/\/www.pm.pb.gov.br\/portal\/2024\/11\/20\/ultima-chamada-inscricoes-para-o-cfo-da-policia-militar-terminam-nesta-quarta-feira\/\"]}]},{\"@type\":\"BreadcrumbList\",\"@id\":\"https:\/\/www.pm.pb.gov.br\/portal\/2024\/11\/20\/ultima-chamada-inscricoes-para-o-cfo-da-policia-militar-terminam-nesta-quarta-feira\/#breadcrumb\",\"itemListElement\":[{\"@type\":\"ListItem\",\"position\":1,\"name\":\"In\u00edcio\",\"item\":\"https:\/\/www.pm.pb.gov.br\/portal\/\"},{\"@type\":\"ListItem\",\"position\":2,\"name\":\"\u00daLTIMA CHAMADA: Inscri\u00e7\u00f5es para o CFO da Pol\u00edcia Militar terminam nesta quarta-feira\"}]},{\"@type\":\"WebSite\",\"@id\":\"https:\/\/www.pm.pb.gov.br\/portal\/#website\",\"url\":\"https:\/\/www.pm.pb.gov.br\/portal\/\",\"name\":\"Pol\u00edcia Militar da Para\u00edba\",\"description\":\"\",\"publisher\":{\"@id\":\"https:\/\/www.pm.pb.gov.br\/portal\/#organization\"},\"potentialAction\":[{\"@type\":\"SearchAction\",\"target\":{\"@type\":\"EntryPoint\",\"urlTemplate\":\"https:\/\/www.pm.pb.gov.br\/portal\/?s={search_term_string}\"},\"query-input\":\"required name=search_term_string\"}],\"inLanguage\":\"pt-BR\"},{\"@type\":\"Organization\",\"@id\":\"https:\/\/www.pm.pb.gov.br\/portal\/#organization\",\"name\":\"Pol\u00edcia Militar da Para\u00edba\",\"url\":\"https:\/\/www.pm.pb.gov.br\/portal\/\",\"logo\":{\"@type\":\"ImageObject\",\"inLanguage\":\"pt-BR\",\"@id\":\"https:\/\/www.pm.pb.gov.br\/portal\/#\/schema\/logo\/image\/\",\"url\":\"https:\/\/www.pm.pb.gov.br\/portal\/wp-content\/uploads\/2025\/03\/cropped-logo-site-mag2-1.png\",\"contentUrl\":\"https:\/\/www.pm.pb.gov.br\/portal\/wp-content\/uploads\/2025\/03\/cropped-logo-site-mag2-1.png\",\"width\":320,\"height\":90,\"caption\":\"Pol\u00edcia Militar da Para\u00edba\"},\"image\":{\"@id\":\"https:\/\/www.pm.pb.gov.br\/portal\/#\/schema\/logo\/image\/\"}},{\"@type\":\"Person\",\"@id\":\"https:\/\/www.pm.pb.gov.br\/portal\/#\/schema\/person\/89dd009e2523c97adf8def1d6cf90ca1\",\"name\":\"Luiz Duarte\",\"image\":{\"@type\":\"ImageObject\",\"inLanguage\":\"pt-BR\",\"@id\":\"https:\/\/www.pm.pb.gov.br\/portal\/#\/schema\/person\/image\/\",\"url\":\"https:\/\/secure.gravatar.com\/avatar\/ce5539b97246ef4d24dd039a3f64145b?s=96&d=mm&r=g\",\"contentUrl\":\"https:\/\/secure.gravatar.com\/avatar\/ce5539b97246ef4d24dd039a3f64145b?s=96&d=mm&r=g\",\"caption\":\"Luiz Duarte\"},\"url\":\"https:\/\/www.pm.pb.gov.br\/portal\/author\/luiz\/\"}]}<\/script>\n<!-- \/ Yoast SEO plugin. -->","yoast_head_json":{"title":"\u00daLTIMA CHAMADA: Inscri\u00e7\u00f5es para o CFO da Pol\u00edcia Militar terminam nesta quarta-feira - Pol\u00edcia Militar da Para\u00edba","robots":{"index":"index","follow":"follow","max-snippet":"max-snippet:-1","max-image-preview":"max-image-preview:large","max-video-preview":"max-video-preview:-1"},"canonical":"https:\/\/www.pm.pb.gov.br\/portal\/2024\/11\/20\/ultima-chamada-inscricoes-para-o-cfo-da-policia-militar-terminam-nesta-quarta-feira\/","og_locale":"pt_BR","og_type":"article","og_title":"\u00daLTIMA CHAMADA: Inscri\u00e7\u00f5es para o CFO da Pol\u00edcia Militar terminam nesta quarta-feira - Pol\u00edcia Militar da Para\u00edba","og_description":"Termina \u00e0s 23h59min desta quarta-feira(20) o prazo das inscri\u00e7\u00f5es para o concurso do Curso de Forma\u00e7\u00e3o de Oficiais 2025. Os","og_url":"https:\/\/www.pm.pb.gov.br\/portal\/2024\/11\/20\/ultima-chamada-inscricoes-para-o-cfo-da-policia-militar-terminam-nesta-quarta-feira\/","og_site_name":"Pol\u00edcia Militar da Para\u00edba","article_published_time":"2024-11-20T13:25:33+00:00","article_modified_time":"2024-11-23T10:09:23+00:00","og_image":[{"width":800,"height":445,"url":"http:\/\/www.pm.pb.gov.br\/portal\/wp-content\/uploads\/2023\/11\/cfo2-2.jpg","type":"image\/jpeg"}],"author":"Luiz Duarte","twitter_card":"summary_large_image","twitter_misc":{"Escrito por":"Luiz Duarte","Est. tempo de leitura":"2 minutos"},"schema":{"@context":"https:\/\/schema.org","@graph":[{"@type":"Article","@id":"https:\/\/www.pm.pb.gov.br\/portal\/2024\/11\/20\/ultima-chamada-inscricoes-para-o-cfo-da-policia-militar-terminam-nesta-quarta-feira\/#article","isPartOf":{"@id":"https:\/\/www.pm.pb.gov.br\/portal\/2024\/11\/20\/ultima-chamada-inscricoes-para-o-cfo-da-policia-militar-terminam-nesta-quarta-feira\/"},"author":{"name":"Luiz Duarte","@id":"https:\/\/www.pm.pb.gov.br\/portal\/#\/schema\/person\/89dd009e2523c97adf8def1d6cf90ca1"},"headline":"\u00daLTIMA CHAMADA: Inscri\u00e7\u00f5es para o CFO da Pol\u00edcia Militar terminam nesta quarta-feira","datePublished":"2024-11-20T13:25:33+00:00","dateModified":"2024-11-23T10:09:23+00:00","mainEntityOfPage":{"@id":"https:\/\/www.pm.pb.gov.br\/portal\/2024\/11\/20\/ultima-chamada-inscricoes-para-o-cfo-da-policia-militar-terminam-nesta-quarta-feira\/"},"wordCount":251,"publisher":{"@id":"https:\/\/www.pm.pb.gov.br\/portal\/#organization"},"articleSection":["Cursos"],"inLanguage":"pt-BR"},{"@type":"WebPage","@id":"https:\/\/www.pm.pb.gov.br\/portal\/2024\/11\/20\/ultima-chamada-inscricoes-para-o-cfo-da-policia-militar-terminam-nesta-quarta-feira\/","url":"https:\/\/www.pm.pb.gov.br\/portal\/2024\/11\/20\/ultima-chamada-inscricoes-para-o-cfo-da-policia-militar-terminam-nesta-quarta-feira\/","name":"\u00daLTIMA CHAMADA: Inscri\u00e7\u00f5es para o CFO da Pol\u00edcia Militar terminam nesta quarta-feira - Pol\u00edcia Militar da Para\u00edba","isPartOf":{"@id":"https:\/\/www.pm.pb.gov.br\/portal\/#website"},"datePublished":"2024-11-20T13:25:33+00:00","dateModified":"2024-11-23T10:09:23+00:00","breadcrumb":{"@id":"https:\/\/www.pm.pb.gov.br\/portal\/2024\/11\/20\/ultima-chamada-inscricoes-para-o-cfo-da-policia-militar-terminam-nesta-quarta-feira\/#breadcrumb"},"inLanguage":"pt-BR","potentialAction":[{"@type":"ReadAction","target":["https:\/\/www.pm.pb.gov.br\/portal\/2024\/11\/20\/ultima-chamada-inscricoes-para-o-cfo-da-policia-militar-terminam-nesta-quarta-feira\/"]}]},{"@type":"BreadcrumbList","@id":"https:\/\/www.pm.pb.gov.br\/portal\/2024\/11\/20\/ultima-chamada-inscricoes-para-o-cfo-da-policia-militar-terminam-nesta-quarta-feira\/#breadcrumb","itemListElement":[{"@type":"ListItem","position":1,"name":"In\u00edcio","item":"https:\/\/www.pm.pb.gov.br\/portal\/"},{"@type":"ListItem","position":2,"name":"\u00daLTIMA CHAMADA: Inscri\u00e7\u00f5es para o CFO da Pol\u00edcia Militar terminam nesta quarta-feira"}]},{"@type":"WebSite","@id":"https:\/\/www.pm.pb.gov.br\/portal\/#website","url":"https:\/\/www.pm.pb.gov.br\/portal\/","name":"Pol\u00edcia Militar da Para\u00edba","description":"","publisher":{"@id":"https:\/\/www.pm.pb.gov.br\/portal\/#organization"},"potentialAction":[{"@type":"SearchAction","target":{"@type":"EntryPoint","urlTemplate":"https:\/\/www.pm.pb.gov.br\/portal\/?s={search_term_string}"},"query-input":"required name=search_term_string"}],"inLanguage":"pt-BR"},{"@type":"Organization","@id":"https:\/\/www.pm.pb.gov.br\/portal\/#organization","name":"Pol\u00edcia Militar da Para\u00edba","url":"https:\/\/www.pm.pb.gov.br\/portal\/","logo":{"@type":"ImageObject","inLanguage":"pt-BR","@id":"https:\/\/www.pm.pb.gov.br\/portal\/#\/schema\/logo\/image\/","url":"https:\/\/www.pm.pb.gov.br\/portal\/wp-content\/uploads\/2025\/03\/cropped-logo-site-mag2-1.png","contentUrl":"https:\/\/www.pm.pb.gov.br\/portal\/wp-content\/uploads\/2025\/03\/cropped-logo-site-mag2-1.png","width":320,"height":90,"caption":"Pol\u00edcia Militar da Para\u00edba"},"image":{"@id":"https:\/\/www.pm.pb.gov.br\/portal\/#\/schema\/logo\/image\/"}},{"@type":"Person","@id":"https:\/\/www.pm.pb.gov.br\/portal\/#\/schema\/person\/89dd009e2523c97adf8def1d6cf90ca1","name":"Luiz Duarte","image":{"@type":"ImageObject","inLanguage":"pt-BR","@id":"https:\/\/www.pm.pb.gov.br\/portal\/#\/schema\/person\/image\/","url":"https:\/\/secure.gravatar.com\/avatar\/ce5539b97246ef4d24dd039a3f64145b?s=96&d=mm&r=g","contentUrl":"https:\/\/secure.gravatar.com\/avatar\/ce5539b97246ef4d24dd039a3f64145b?s=96&d=mm&r=g","caption":"Luiz Duarte"},"url":"https:\/\/www.pm.pb.gov.br\/portal\/author\/luiz\/"}]}},"_links":{"self":[{"href":"https:\/\/www.pm.pb.gov.br\/portal\/wp-json\/wp\/v2\/posts\/924787"}],"collection":[{"href":"https:\/\/www.pm.pb.gov.br\/portal\/wp-json\/wp\/v2\/posts"}],"about":[{"href":"https:\/\/www.pm.pb.gov.br\/portal\/wp-json\/wp\/v2\/types\/post"}],"author":[{"embeddable":true,"href":"https:\/\/www.pm.pb.gov.br\/portal\/wp-json\/wp\/v2\/users\/18"}],"replies":[{"embeddable":true,"href":"https:\/\/www.pm.pb.gov.br\/portal\/wp-json\/wp\/v2\/comments?post=924787"}],"version-history":[{"count":2,"href":"https:\/\/www.pm.pb.gov.br\/portal\/wp-json\/wp\/v2\/posts\/924787\/revisions"}],"predecessor-version":[{"id":924798,"href":"https:\/\/www.pm.pb.gov.br\/portal\/wp-json\/wp\/v2\/posts\/924787\/revisions\/924798"}],"wp:featuredmedia":[{"embeddable":true,"href":"https:\/\/www.pm.pb.gov.br\/portal\/wp-json\/wp\/v2\/media\/919395"}],"wp:attachment":[{"href":"https:\/\/www.pm.pb.gov.br\/portal\/wp-json\/wp\/v2\/media?parent=924787"}],"wp:term":[{"taxonomy":"category","embeddable":true,"href":"https:\/\/www.pm.pb.gov.br\/portal\/wp-json\/wp\/v2\/categories?post=924787"},{"taxonomy":"post_tag","embeddable":true,"href":"https:\/\/www.pm.pb.gov.br\/portal\/wp-json\/wp\/v2\/tags?post=924787"}],"curies":[{"name":"wp","href":"https:\/\/api.w.org\/{rel}","templated":true}]}}