{"id":924627,"date":"2024-11-07T07:21:00","date_gmt":"2024-11-07T10:21:00","guid":{"rendered":"https:\/\/www.pm.pb.gov.br\/portal\/?p=924627"},"modified":"2024-11-07T10:40:31","modified_gmt":"2024-11-07T13:40:31","slug":"policia-militar-apreende-carregamento-com-50-quilos-de-drogas-e-captura-foragido-da-justica-em-jp","status":"publish","type":"post","link":"https:\/\/www.pm.pb.gov.br\/portal\/2024\/11\/07\/policia-militar-apreende-carregamento-com-50-quilos-de-drogas-e-captura-foragido-da-justica-em-jp\/","title":{"rendered":"Pol\u00edcia Militar apreende carregamento com 50 quilos de drogas e captura foragido da Justi\u00e7a em JP"},"content":{"rendered":"\n<p>A Pol\u00edcia Militar frustrou um carregamento de cerca de 50 quilos de drogas e prendeu um foragido da Justi\u00e7a com uma pena de mais de 15 anos de pris\u00e3o pelos crimes de tr\u00e1fico, porte e posse ilegal de arma de fogo (foto acima). A a\u00e7\u00e3o aconteceu na noite da \u00faltima quarta-feira (06), na zona sul de Jo\u00e3o Pessoa, em Gramame.<\/p>\n<p>Guarni\u00e7\u00f5es do 5\u00ba Batalh\u00e3o, ao realizar patrulhamento nas proximidades da Perimetral Sul, efetuou abordagem \u00e0 um ve\u00edculo Meriva de cor preta, com dois ocupantes, que tentava se evadir em alta velocidade na BR-101. O ato foi frustrado e os policiais encontraram dentro do autom\u00f3vel cerca de 50 quilos de subst\u00e2ncia entorpecente semelhante a maconha, distribuido em 57 tabletes.<\/p>\n<p>Ainda de acordo com a unidade, a PM tamb\u00e9m localizou por\u00e7\u00f5es de subst\u00e2ncia an\u00e1loga a crack e a maconha, e sete muni\u00e7\u00f5es de pistola calibre 45. Um dos abordados no ve\u00edculo possu\u00eda mandado de pris\u00e3o em aberto, expedido pela Vara de Execu\u00e7\u00e3o Penal de Jo\u00e3o Pessoa, com 15 anos e um m\u00eas de pena a ser cumprida em regime fechado pelos crimes de tr\u00e1fico, porte e posse ilegal de arma de fogo.<\/p>\n<p>Os acusados e todo o material foram entregues na Cidade da Pol\u00edcia Civil para a devida autua\u00e7\u00e3o, e pesagem oficial dos entorpecentes.<\/p>\n","protected":false},"excerpt":{"rendered":"<p>A Pol\u00edcia Militar frustrou um carregamento de cerca de 50 quilos de drogas e prendeu um foragido da Justi\u00e7a com<\/p>\n","protected":false},"author":12,"featured_media":924628,"comment_status":"closed","ping_status":"closed","sticky":false,"template":"","format":"standard","meta":{"_exactmetrics_skip_tracking":false,"_exactmetrics_sitenote_active":false,"_exactmetrics_sitenote_note":"","_exactmetrics_sitenote_category":0,"footnotes":""},"categories":[4],"tags":[],"yoast_head":"<!-- This site is optimized with the Yoast SEO plugin v22.0 - https:\/\/yoast.com\/wordpress\/plugins\/seo\/ -->\n<title>Pol\u00edcia Militar apreende carregamento com 50 quilos de drogas e captura foragido da Justi\u00e7a em JP - Pol\u00edcia Militar da Para\u00edba<\/title>\n<meta name=\"description\" content=\"Transporte da carga foi frustrado ap\u00f3s uma abordagem da PM na zona sul de Jo\u00e3o Pessoa; muni\u00e7\u00f5es tamb\u00e9m foram apreendidas.\" \/>\n<meta name=\"robots\" content=\"index, follow, max-snippet:-1, max-image-preview:large, max-video-preview:-1\" \/>\n<link rel=\"canonical\" href=\"https:\/\/www.pm.pb.gov.br\/portal\/2024\/11\/07\/policia-militar-apreende-carregamento-com-50-quilos-de-drogas-e-captura-foragido-da-justica-em-jp\/\" \/>\n<meta property=\"og:locale\" content=\"pt_BR\" \/>\n<meta property=\"og:type\" content=\"article\" \/>\n<meta property=\"og:title\" content=\"Pol\u00edcia Militar apreende carregamento com 50 quilos de drogas e captura foragido da Justi\u00e7a em JP - Pol\u00edcia Militar da Para\u00edba\" \/>\n<meta property=\"og:description\" content=\"Transporte da carga foi frustrado ap\u00f3s uma abordagem da PM na zona sul de Jo\u00e3o Pessoa; muni\u00e7\u00f5es tamb\u00e9m foram apreendidas.\" \/>\n<meta property=\"og:url\" content=\"https:\/\/www.pm.pb.gov.br\/portal\/2024\/11\/07\/policia-militar-apreende-carregamento-com-50-quilos-de-drogas-e-captura-foragido-da-justica-em-jp\/\" \/>\n<meta property=\"og:site_name\" content=\"Pol\u00edcia Militar da Para\u00edba\" \/>\n<meta property=\"article:published_time\" content=\"2024-11-07T10:21:00+00:00\" \/>\n<meta property=\"article:modified_time\" content=\"2024-11-07T13:40:31+00:00\" \/>\n<meta property=\"og:image\" content=\"http:\/\/www.pm.pb.gov.br\/portal\/wp-content\/uploads\/2024\/11\/drpgas5bpm.jpeg\" \/>\n\t<meta property=\"og:image:width\" content=\"1600\" \/>\n\t<meta property=\"og:image:height\" content=\"1200\" \/>\n\t<meta property=\"og:image:type\" content=\"image\/jpeg\" \/>\n<meta name=\"author\" content=\"Tarcisio Oliveira\" \/>\n<meta name=\"twitter:card\" content=\"summary_large_image\" \/>\n<meta name=\"twitter:label1\" content=\"Escrito por\" \/>\n\t<meta name=\"twitter:data1\" content=\"Tarcisio Oliveira\" \/>\n\t<meta name=\"twitter:label2\" content=\"Est. tempo de leitura\" \/>\n\t<meta name=\"twitter:data2\" content=\"2 minutos\" \/>\n<script type=\"application\/ld+json\" class=\"yoast-schema-graph\">{\"@context\":\"https:\/\/schema.org\",\"@graph\":[{\"@type\":\"Article\",\"@id\":\"https:\/\/www.pm.pb.gov.br\/portal\/2024\/11\/07\/policia-militar-apreende-carregamento-com-50-quilos-de-drogas-e-captura-foragido-da-justica-em-jp\/#article\",\"isPartOf\":{\"@id\":\"https:\/\/www.pm.pb.gov.br\/portal\/2024\/11\/07\/policia-militar-apreende-carregamento-com-50-quilos-de-drogas-e-captura-foragido-da-justica-em-jp\/\"},\"author\":{\"name\":\"Tarcisio Oliveira\",\"@id\":\"https:\/\/www.pm.pb.gov.br\/portal\/#\/schema\/person\/f84f56dcc78ce4357054da888b8247fd\"},\"headline\":\"Pol\u00edcia Militar apreende carregamento com 50 quilos de drogas e captura foragido da Justi\u00e7a em JP\",\"datePublished\":\"2024-11-07T10:21:00+00:00\",\"dateModified\":\"2024-11-07T13:40:31+00:00\",\"mainEntityOfPage\":{\"@id\":\"https:\/\/www.pm.pb.gov.br\/portal\/2024\/11\/07\/policia-militar-apreende-carregamento-com-50-quilos-de-drogas-e-captura-foragido-da-justica-em-jp\/\"},\"wordCount\":245,\"publisher\":{\"@id\":\"https:\/\/www.pm.pb.gov.br\/portal\/#organization\"},\"articleSection\":[\"A\u00e7\u00f5es Policiais\"],\"inLanguage\":\"pt-BR\"},{\"@type\":\"WebPage\",\"@id\":\"https:\/\/www.pm.pb.gov.br\/portal\/2024\/11\/07\/policia-militar-apreende-carregamento-com-50-quilos-de-drogas-e-captura-foragido-da-justica-em-jp\/\",\"url\":\"https:\/\/www.pm.pb.gov.br\/portal\/2024\/11\/07\/policia-militar-apreende-carregamento-com-50-quilos-de-drogas-e-captura-foragido-da-justica-em-jp\/\",\"name\":\"Pol\u00edcia Militar apreende carregamento com 50 quilos de drogas e captura foragido da Justi\u00e7a em JP - Pol\u00edcia Militar da Para\u00edba\",\"isPartOf\":{\"@id\":\"https:\/\/www.pm.pb.gov.br\/portal\/#website\"},\"datePublished\":\"2024-11-07T10:21:00+00:00\",\"dateModified\":\"2024-11-07T13:40:31+00:00\",\"description\":\"Transporte da carga foi frustrado ap\u00f3s uma abordagem da PM na zona sul de Jo\u00e3o Pessoa; muni\u00e7\u00f5es tamb\u00e9m foram apreendidas.\",\"breadcrumb\":{\"@id\":\"https:\/\/www.pm.pb.gov.br\/portal\/2024\/11\/07\/policia-militar-apreende-carregamento-com-50-quilos-de-drogas-e-captura-foragido-da-justica-em-jp\/#breadcrumb\"},\"inLanguage\":\"pt-BR\",\"potentialAction\":[{\"@type\":\"ReadAction\",\"target\":[\"https:\/\/www.pm.pb.gov.br\/portal\/2024\/11\/07\/policia-militar-apreende-carregamento-com-50-quilos-de-drogas-e-captura-foragido-da-justica-em-jp\/\"]}]},{\"@type\":\"BreadcrumbList\",\"@id\":\"https:\/\/www.pm.pb.gov.br\/portal\/2024\/11\/07\/policia-militar-apreende-carregamento-com-50-quilos-de-drogas-e-captura-foragido-da-justica-em-jp\/#breadcrumb\",\"itemListElement\":[{\"@type\":\"ListItem\",\"position\":1,\"name\":\"In\u00edcio\",\"item\":\"https:\/\/www.pm.pb.gov.br\/portal\/\"},{\"@type\":\"ListItem\",\"position\":2,\"name\":\"Pol\u00edcia Militar apreende carregamento com 50 quilos de drogas e captura foragido da Justi\u00e7a em JP\"}]},{\"@type\":\"WebSite\",\"@id\":\"https:\/\/www.pm.pb.gov.br\/portal\/#website\",\"url\":\"https:\/\/www.pm.pb.gov.br\/portal\/\",\"name\":\"Pol\u00edcia Militar da Para\u00edba\",\"description\":\"\",\"publisher\":{\"@id\":\"https:\/\/www.pm.pb.gov.br\/portal\/#organization\"},\"potentialAction\":[{\"@type\":\"SearchAction\",\"target\":{\"@type\":\"EntryPoint\",\"urlTemplate\":\"https:\/\/www.pm.pb.gov.br\/portal\/?s={search_term_string}\"},\"query-input\":\"required name=search_term_string\"}],\"inLanguage\":\"pt-BR\"},{\"@type\":\"Organization\",\"@id\":\"https:\/\/www.pm.pb.gov.br\/portal\/#organization\",\"name\":\"Pol\u00edcia Militar da Para\u00edba\",\"url\":\"https:\/\/www.pm.pb.gov.br\/portal\/\",\"logo\":{\"@type\":\"ImageObject\",\"inLanguage\":\"pt-BR\",\"@id\":\"https:\/\/www.pm.pb.gov.br\/portal\/#\/schema\/logo\/image\/\",\"url\":\"https:\/\/www.pm.pb.gov.br\/portal\/wp-content\/uploads\/2025\/03\/cropped-logo-site-mag2-1.png\",\"contentUrl\":\"https:\/\/www.pm.pb.gov.br\/portal\/wp-content\/uploads\/2025\/03\/cropped-logo-site-mag2-1.png\",\"width\":320,\"height\":90,\"caption\":\"Pol\u00edcia Militar da Para\u00edba\"},\"image\":{\"@id\":\"https:\/\/www.pm.pb.gov.br\/portal\/#\/schema\/logo\/image\/\"}},{\"@type\":\"Person\",\"@id\":\"https:\/\/www.pm.pb.gov.br\/portal\/#\/schema\/person\/f84f56dcc78ce4357054da888b8247fd\",\"name\":\"Tarcisio Oliveira\",\"image\":{\"@type\":\"ImageObject\",\"inLanguage\":\"pt-BR\",\"@id\":\"https:\/\/www.pm.pb.gov.br\/portal\/#\/schema\/person\/image\/\",\"url\":\"https:\/\/secure.gravatar.com\/avatar\/72917b630b69d31cd0297507f34bac97?s=96&d=mm&r=g\",\"contentUrl\":\"https:\/\/secure.gravatar.com\/avatar\/72917b630b69d31cd0297507f34bac97?s=96&d=mm&r=g\",\"caption\":\"Tarcisio Oliveira\"},\"url\":\"https:\/\/www.pm.pb.gov.br\/portal\/author\/tarcisio\/\"}]}<\/script>\n<!-- \/ Yoast SEO plugin. -->","yoast_head_json":{"title":"Pol\u00edcia Militar apreende carregamento com 50 quilos de drogas e captura foragido da Justi\u00e7a em JP - Pol\u00edcia Militar da Para\u00edba","description":"Transporte da carga foi frustrado ap\u00f3s uma abordagem da PM na zona sul de Jo\u00e3o Pessoa; muni\u00e7\u00f5es tamb\u00e9m foram apreendidas.","robots":{"index":"index","follow":"follow","max-snippet":"max-snippet:-1","max-image-preview":"max-image-preview:large","max-video-preview":"max-video-preview:-1"},"canonical":"https:\/\/www.pm.pb.gov.br\/portal\/2024\/11\/07\/policia-militar-apreende-carregamento-com-50-quilos-de-drogas-e-captura-foragido-da-justica-em-jp\/","og_locale":"pt_BR","og_type":"article","og_title":"Pol\u00edcia Militar apreende carregamento com 50 quilos de drogas e captura foragido da Justi\u00e7a em JP - Pol\u00edcia Militar da Para\u00edba","og_description":"Transporte da carga foi frustrado ap\u00f3s uma abordagem da PM na zona sul de Jo\u00e3o Pessoa; muni\u00e7\u00f5es tamb\u00e9m foram apreendidas.","og_url":"https:\/\/www.pm.pb.gov.br\/portal\/2024\/11\/07\/policia-militar-apreende-carregamento-com-50-quilos-de-drogas-e-captura-foragido-da-justica-em-jp\/","og_site_name":"Pol\u00edcia Militar da Para\u00edba","article_published_time":"2024-11-07T10:21:00+00:00","article_modified_time":"2024-11-07T13:40:31+00:00","og_image":[{"width":1600,"height":1200,"url":"http:\/\/www.pm.pb.gov.br\/portal\/wp-content\/uploads\/2024\/11\/drpgas5bpm.jpeg","type":"image\/jpeg"}],"author":"Tarcisio Oliveira","twitter_card":"summary_large_image","twitter_misc":{"Escrito por":"Tarcisio Oliveira","Est. tempo de leitura":"2 minutos"},"schema":{"@context":"https:\/\/schema.org","@graph":[{"@type":"Article","@id":"https:\/\/www.pm.pb.gov.br\/portal\/2024\/11\/07\/policia-militar-apreende-carregamento-com-50-quilos-de-drogas-e-captura-foragido-da-justica-em-jp\/#article","isPartOf":{"@id":"https:\/\/www.pm.pb.gov.br\/portal\/2024\/11\/07\/policia-militar-apreende-carregamento-com-50-quilos-de-drogas-e-captura-foragido-da-justica-em-jp\/"},"author":{"name":"Tarcisio Oliveira","@id":"https:\/\/www.pm.pb.gov.br\/portal\/#\/schema\/person\/f84f56dcc78ce4357054da888b8247fd"},"headline":"Pol\u00edcia Militar apreende carregamento com 50 quilos de drogas e captura foragido da Justi\u00e7a em JP","datePublished":"2024-11-07T10:21:00+00:00","dateModified":"2024-11-07T13:40:31+00:00","mainEntityOfPage":{"@id":"https:\/\/www.pm.pb.gov.br\/portal\/2024\/11\/07\/policia-militar-apreende-carregamento-com-50-quilos-de-drogas-e-captura-foragido-da-justica-em-jp\/"},"wordCount":245,"publisher":{"@id":"https:\/\/www.pm.pb.gov.br\/portal\/#organization"},"articleSection":["A\u00e7\u00f5es Policiais"],"inLanguage":"pt-BR"},{"@type":"WebPage","@id":"https:\/\/www.pm.pb.gov.br\/portal\/2024\/11\/07\/policia-militar-apreende-carregamento-com-50-quilos-de-drogas-e-captura-foragido-da-justica-em-jp\/","url":"https:\/\/www.pm.pb.gov.br\/portal\/2024\/11\/07\/policia-militar-apreende-carregamento-com-50-quilos-de-drogas-e-captura-foragido-da-justica-em-jp\/","name":"Pol\u00edcia Militar apreende carregamento com 50 quilos de drogas e captura foragido da Justi\u00e7a em JP - Pol\u00edcia Militar da Para\u00edba","isPartOf":{"@id":"https:\/\/www.pm.pb.gov.br\/portal\/#website"},"datePublished":"2024-11-07T10:21:00+00:00","dateModified":"2024-11-07T13:40:31+00:00","description":"Transporte da carga foi frustrado ap\u00f3s uma abordagem da PM na zona sul de Jo\u00e3o Pessoa; muni\u00e7\u00f5es tamb\u00e9m foram apreendidas.","breadcrumb":{"@id":"https:\/\/www.pm.pb.gov.br\/portal\/2024\/11\/07\/policia-militar-apreende-carregamento-com-50-quilos-de-drogas-e-captura-foragido-da-justica-em-jp\/#breadcrumb"},"inLanguage":"pt-BR","potentialAction":[{"@type":"ReadAction","target":["https:\/\/www.pm.pb.gov.br\/portal\/2024\/11\/07\/policia-militar-apreende-carregamento-com-50-quilos-de-drogas-e-captura-foragido-da-justica-em-jp\/"]}]},{"@type":"BreadcrumbList","@id":"https:\/\/www.pm.pb.gov.br\/portal\/2024\/11\/07\/policia-militar-apreende-carregamento-com-50-quilos-de-drogas-e-captura-foragido-da-justica-em-jp\/#breadcrumb","itemListElement":[{"@type":"ListItem","position":1,"name":"In\u00edcio","item":"https:\/\/www.pm.pb.gov.br\/portal\/"},{"@type":"ListItem","position":2,"name":"Pol\u00edcia Militar apreende carregamento com 50 quilos de drogas e captura foragido da Justi\u00e7a em JP"}]},{"@type":"WebSite","@id":"https:\/\/www.pm.pb.gov.br\/portal\/#website","url":"https:\/\/www.pm.pb.gov.br\/portal\/","name":"Pol\u00edcia Militar da Para\u00edba","description":"","publisher":{"@id":"https:\/\/www.pm.pb.gov.br\/portal\/#organization"},"potentialAction":[{"@type":"SearchAction","target":{"@type":"EntryPoint","urlTemplate":"https:\/\/www.pm.pb.gov.br\/portal\/?s={search_term_string}"},"query-input":"required name=search_term_string"}],"inLanguage":"pt-BR"},{"@type":"Organization","@id":"https:\/\/www.pm.pb.gov.br\/portal\/#organization","name":"Pol\u00edcia Militar da Para\u00edba","url":"https:\/\/www.pm.pb.gov.br\/portal\/","logo":{"@type":"ImageObject","inLanguage":"pt-BR","@id":"https:\/\/www.pm.pb.gov.br\/portal\/#\/schema\/logo\/image\/","url":"https:\/\/www.pm.pb.gov.br\/portal\/wp-content\/uploads\/2025\/03\/cropped-logo-site-mag2-1.png","contentUrl":"https:\/\/www.pm.pb.gov.br\/portal\/wp-content\/uploads\/2025\/03\/cropped-logo-site-mag2-1.png","width":320,"height":90,"caption":"Pol\u00edcia Militar da Para\u00edba"},"image":{"@id":"https:\/\/www.pm.pb.gov.br\/portal\/#\/schema\/logo\/image\/"}},{"@type":"Person","@id":"https:\/\/www.pm.pb.gov.br\/portal\/#\/schema\/person\/f84f56dcc78ce4357054da888b8247fd","name":"Tarcisio Oliveira","image":{"@type":"ImageObject","inLanguage":"pt-BR","@id":"https:\/\/www.pm.pb.gov.br\/portal\/#\/schema\/person\/image\/","url":"https:\/\/secure.gravatar.com\/avatar\/72917b630b69d31cd0297507f34bac97?s=96&d=mm&r=g","contentUrl":"https:\/\/secure.gravatar.com\/avatar\/72917b630b69d31cd0297507f34bac97?s=96&d=mm&r=g","caption":"Tarcisio Oliveira"},"url":"https:\/\/www.pm.pb.gov.br\/portal\/author\/tarcisio\/"}]}},"_links":{"self":[{"href":"https:\/\/www.pm.pb.gov.br\/portal\/wp-json\/wp\/v2\/posts\/924627"}],"collection":[{"href":"https:\/\/www.pm.pb.gov.br\/portal\/wp-json\/wp\/v2\/posts"}],"about":[{"href":"https:\/\/www.pm.pb.gov.br\/portal\/wp-json\/wp\/v2\/types\/post"}],"author":[{"embeddable":true,"href":"https:\/\/www.pm.pb.gov.br\/portal\/wp-json\/wp\/v2\/users\/12"}],"replies":[{"embeddable":true,"href":"https:\/\/www.pm.pb.gov.br\/portal\/wp-json\/wp\/v2\/comments?post=924627"}],"version-history":[{"count":2,"href":"https:\/\/www.pm.pb.gov.br\/portal\/wp-json\/wp\/v2\/posts\/924627\/revisions"}],"predecessor-version":[{"id":924630,"href":"https:\/\/www.pm.pb.gov.br\/portal\/wp-json\/wp\/v2\/posts\/924627\/revisions\/924630"}],"wp:featuredmedia":[{"embeddable":true,"href":"https:\/\/www.pm.pb.gov.br\/portal\/wp-json\/wp\/v2\/media\/924628"}],"wp:attachment":[{"href":"https:\/\/www.pm.pb.gov.br\/portal\/wp-json\/wp\/v2\/media?parent=924627"}],"wp:term":[{"taxonomy":"category","embeddable":true,"href":"https:\/\/www.pm.pb.gov.br\/portal\/wp-json\/wp\/v2\/categories?post=924627"},{"taxonomy":"post_tag","embeddable":true,"href":"https:\/\/www.pm.pb.gov.br\/portal\/wp-json\/wp\/v2\/tags?post=924627"}],"curies":[{"name":"wp","href":"https:\/\/api.w.org\/{rel}","templated":true}]}}