{"id":924577,"date":"2024-11-02T00:17:00","date_gmt":"2024-11-02T03:17:00","guid":{"rendered":"https:\/\/www.pm.pb.gov.br\/portal\/?p=924577"},"modified":"2024-11-02T10:35:33","modified_gmt":"2024-11-02T13:35:33","slug":"gangue-da-marcha-re-policia-militar-desarticula-grupo-responsavel-por-arrombamentos-em-comercios-de-jp","status":"publish","type":"post","link":"https:\/\/www.pm.pb.gov.br\/portal\/2024\/11\/02\/gangue-da-marcha-re-policia-militar-desarticula-grupo-responsavel-por-arrombamentos-em-comercios-de-jp\/","title":{"rendered":"&#8220;GANGUE DA MARCHA R\u00c9&#8221;: Pol\u00edcia Militar desarticula grupo respons\u00e1vel por arrombamentos em com\u00e9rcios de JP"},"content":{"rendered":"\n<p><span style=\"font-size: revert; color: initial;\"><img loading=\"lazy\" decoding=\"async\" class=\" wp-image-924580 alignright\" src=\"http:\/\/www.pm.pb.gov.br\/portal\/wp-content\/uploads\/2024\/11\/gangue-289x445.jpeg\" alt=\"\" width=\"340\" height=\"524\" srcset=\"https:\/\/www.pm.pb.gov.br\/portal\/wp-content\/uploads\/2024\/11\/gangue-289x445.jpeg 289w, https:\/\/www.pm.pb.gov.br\/portal\/wp-content\/uploads\/2024\/11\/gangue-370x570.jpeg 370w, https:\/\/www.pm.pb.gov.br\/portal\/wp-content\/uploads\/2024\/11\/gangue.jpeg 720w\" sizes=\"(max-width: 340px) 100vw, 340px\" \/>A Pol\u00edcia Militar frustrou um crime e desarticulou o grupo conhecido como \u2018gangue da marcha r\u00e9\u2019, que vinha violando diversos estabelecimentos comerciais em Jo\u00e3o Pessoa, nas \u00faltimas semanas. A pris\u00e3o e apreens\u00e3o dos integrantes aconteceu ainda na madrugada da sexta-feira (1\u00ba), no bairro de Mangabeira.<\/span><\/p>\n<p>Quatro adultos e dois adolescentes foram flagrados pelos policiais do Batalh\u00e3o de Policiamento de Choque (BPChoque), transitando em dois ve\u00edculos, sendo um deles com queixa de roubo e furto, e o outro com placa adulterada. De acordo com a unidade, em uma abordagem os policiais encontraram com o grupo um rev\u00f3lver, muni\u00e7\u00f5es, e diversos materiais usados na pr\u00e1tica de arrombamentos (foto ao lado).<\/p>\n<p>Os carros apreendidos foram um Corsa e um \u00c1gile, sendo este \u00faltimo visto pelas c\u00e2meras de seguran\u00e7a em diversos crimes de furtos, na capital (na foto acima principal). Toda a ocorr\u00eancia foi encaminhada para a Cidade da Pol\u00edcia Civil para devida autua\u00e7\u00e3o, e onde a participa\u00e7\u00e3o dos seis integrantes nos crimes de furto e arrombamentos na cidade dever\u00e1 ser confirmada.<\/p>\n<p><img loading=\"lazy\" decoding=\"async\" class=\"size-medium wp-image-924581 aligncenter\" src=\"http:\/\/www.pm.pb.gov.br\/portal\/wp-content\/uploads\/2024\/11\/WhatsApp-Image-2024-11-02-at-09.15.53-486x445.jpeg\" alt=\"\" width=\"486\" height=\"445\" srcset=\"https:\/\/www.pm.pb.gov.br\/portal\/wp-content\/uploads\/2024\/11\/WhatsApp-Image-2024-11-02-at-09.15.53-486x445.jpeg 486w, https:\/\/www.pm.pb.gov.br\/portal\/wp-content\/uploads\/2024\/11\/WhatsApp-Image-2024-11-02-at-09.15.53-622x570.jpeg 622w, https:\/\/www.pm.pb.gov.br\/portal\/wp-content\/uploads\/2024\/11\/WhatsApp-Image-2024-11-02-at-09.15.53-768x703.jpeg 768w, https:\/\/www.pm.pb.gov.br\/portal\/wp-content\/uploads\/2024\/11\/WhatsApp-Image-2024-11-02-at-09.15.53.jpeg 1200w\" sizes=\"(max-width: 486px) 100vw, 486px\" \/><\/p>\n","protected":false},"excerpt":{"rendered":"<p>A Pol\u00edcia Militar frustrou um crime e desarticulou o grupo conhecido como \u2018gangue da marcha r\u00e9\u2019, que vinha violando diversos<\/p>\n","protected":false},"author":12,"featured_media":924579,"comment_status":"closed","ping_status":"closed","sticky":false,"template":"","format":"standard","meta":{"_exactmetrics_skip_tracking":false,"_exactmetrics_sitenote_active":false,"_exactmetrics_sitenote_note":"","_exactmetrics_sitenote_category":0,"footnotes":""},"categories":[4],"tags":[],"yoast_head":"<!-- This site is optimized with the Yoast SEO plugin v22.0 - https:\/\/yoast.com\/wordpress\/plugins\/seo\/ -->\n<title>&quot;GANGUE DA MARCHA R\u00c9&quot;: Pol\u00edcia Militar desarticula grupo respons\u00e1vel por arrombamentos em com\u00e9rcios de JP - Pol\u00edcia Militar da Para\u00edba<\/title>\n<meta name=\"description\" content=\"A\u00e7\u00e3o da PM prendeu seis infratores e frustrou novos delitos que o grupo poderia cometer; arma foi apreendida e carros recuperados.\" \/>\n<meta name=\"robots\" content=\"index, follow, max-snippet:-1, max-image-preview:large, max-video-preview:-1\" \/>\n<link rel=\"canonical\" href=\"https:\/\/www.pm.pb.gov.br\/portal\/2024\/11\/02\/gangue-da-marcha-re-policia-militar-desarticula-grupo-responsavel-por-arrombamentos-em-comercios-de-jp\/\" \/>\n<meta property=\"og:locale\" content=\"pt_BR\" \/>\n<meta property=\"og:type\" content=\"article\" \/>\n<meta property=\"og:title\" content=\"&quot;GANGUE DA MARCHA R\u00c9&quot;: Pol\u00edcia Militar desarticula grupo respons\u00e1vel por arrombamentos em com\u00e9rcios de JP - Pol\u00edcia Militar da Para\u00edba\" \/>\n<meta property=\"og:description\" content=\"A\u00e7\u00e3o da PM prendeu seis infratores e frustrou novos delitos que o grupo poderia cometer; arma foi apreendida e carros recuperados.\" \/>\n<meta property=\"og:url\" content=\"https:\/\/www.pm.pb.gov.br\/portal\/2024\/11\/02\/gangue-da-marcha-re-policia-militar-desarticula-grupo-responsavel-por-arrombamentos-em-comercios-de-jp\/\" \/>\n<meta property=\"og:site_name\" content=\"Pol\u00edcia Militar da Para\u00edba\" \/>\n<meta property=\"article:published_time\" content=\"2024-11-02T03:17:00+00:00\" \/>\n<meta property=\"article:modified_time\" content=\"2024-11-02T13:35:33+00:00\" \/>\n<meta property=\"og:image\" content=\"http:\/\/www.pm.pb.gov.br\/portal\/wp-content\/uploads\/2024\/11\/WhatsApp-Image-2024-11-02-at-09.15.51.jpeg\" \/>\n\t<meta property=\"og:image:width\" content=\"800\" \/>\n\t<meta property=\"og:image:height\" content=\"445\" \/>\n\t<meta property=\"og:image:type\" content=\"image\/jpeg\" \/>\n<meta name=\"author\" content=\"Tarcisio Oliveira\" \/>\n<meta name=\"twitter:card\" content=\"summary_large_image\" \/>\n<meta name=\"twitter:label1\" content=\"Escrito por\" \/>\n\t<meta name=\"twitter:data1\" content=\"Tarcisio Oliveira\" \/>\n\t<meta name=\"twitter:label2\" content=\"Est. tempo de leitura\" \/>\n\t<meta name=\"twitter:data2\" content=\"2 minutos\" \/>\n<script type=\"application\/ld+json\" class=\"yoast-schema-graph\">{\"@context\":\"https:\/\/schema.org\",\"@graph\":[{\"@type\":\"Article\",\"@id\":\"https:\/\/www.pm.pb.gov.br\/portal\/2024\/11\/02\/gangue-da-marcha-re-policia-militar-desarticula-grupo-responsavel-por-arrombamentos-em-comercios-de-jp\/#article\",\"isPartOf\":{\"@id\":\"https:\/\/www.pm.pb.gov.br\/portal\/2024\/11\/02\/gangue-da-marcha-re-policia-militar-desarticula-grupo-responsavel-por-arrombamentos-em-comercios-de-jp\/\"},\"author\":{\"name\":\"Tarcisio Oliveira\",\"@id\":\"https:\/\/www.pm.pb.gov.br\/portal\/#\/schema\/person\/f84f56dcc78ce4357054da888b8247fd\"},\"headline\":\"&#8220;GANGUE DA MARCHA R\u00c9&#8221;: Pol\u00edcia Militar desarticula grupo respons\u00e1vel por arrombamentos em com\u00e9rcios de JP\",\"datePublished\":\"2024-11-02T03:17:00+00:00\",\"dateModified\":\"2024-11-02T13:35:33+00:00\",\"mainEntityOfPage\":{\"@id\":\"https:\/\/www.pm.pb.gov.br\/portal\/2024\/11\/02\/gangue-da-marcha-re-policia-militar-desarticula-grupo-responsavel-por-arrombamentos-em-comercios-de-jp\/\"},\"wordCount\":200,\"publisher\":{\"@id\":\"https:\/\/www.pm.pb.gov.br\/portal\/#organization\"},\"articleSection\":[\"A\u00e7\u00f5es Policiais\"],\"inLanguage\":\"pt-BR\"},{\"@type\":\"WebPage\",\"@id\":\"https:\/\/www.pm.pb.gov.br\/portal\/2024\/11\/02\/gangue-da-marcha-re-policia-militar-desarticula-grupo-responsavel-por-arrombamentos-em-comercios-de-jp\/\",\"url\":\"https:\/\/www.pm.pb.gov.br\/portal\/2024\/11\/02\/gangue-da-marcha-re-policia-militar-desarticula-grupo-responsavel-por-arrombamentos-em-comercios-de-jp\/\",\"name\":\"\\\"GANGUE DA MARCHA R\u00c9\\\": Pol\u00edcia Militar desarticula grupo respons\u00e1vel por arrombamentos em com\u00e9rcios de JP - Pol\u00edcia Militar da Para\u00edba\",\"isPartOf\":{\"@id\":\"https:\/\/www.pm.pb.gov.br\/portal\/#website\"},\"datePublished\":\"2024-11-02T03:17:00+00:00\",\"dateModified\":\"2024-11-02T13:35:33+00:00\",\"description\":\"A\u00e7\u00e3o da PM prendeu seis infratores e frustrou novos delitos que o grupo poderia cometer; arma foi apreendida e carros recuperados.\",\"breadcrumb\":{\"@id\":\"https:\/\/www.pm.pb.gov.br\/portal\/2024\/11\/02\/gangue-da-marcha-re-policia-militar-desarticula-grupo-responsavel-por-arrombamentos-em-comercios-de-jp\/#breadcrumb\"},\"inLanguage\":\"pt-BR\",\"potentialAction\":[{\"@type\":\"ReadAction\",\"target\":[\"https:\/\/www.pm.pb.gov.br\/portal\/2024\/11\/02\/gangue-da-marcha-re-policia-militar-desarticula-grupo-responsavel-por-arrombamentos-em-comercios-de-jp\/\"]}]},{\"@type\":\"BreadcrumbList\",\"@id\":\"https:\/\/www.pm.pb.gov.br\/portal\/2024\/11\/02\/gangue-da-marcha-re-policia-militar-desarticula-grupo-responsavel-por-arrombamentos-em-comercios-de-jp\/#breadcrumb\",\"itemListElement\":[{\"@type\":\"ListItem\",\"position\":1,\"name\":\"In\u00edcio\",\"item\":\"https:\/\/www.pm.pb.gov.br\/portal\/\"},{\"@type\":\"ListItem\",\"position\":2,\"name\":\"&#8220;GANGUE DA MARCHA R\u00c9&#8221;: Pol\u00edcia Militar desarticula grupo respons\u00e1vel por arrombamentos em com\u00e9rcios de JP\"}]},{\"@type\":\"WebSite\",\"@id\":\"https:\/\/www.pm.pb.gov.br\/portal\/#website\",\"url\":\"https:\/\/www.pm.pb.gov.br\/portal\/\",\"name\":\"Pol\u00edcia Militar da Para\u00edba\",\"description\":\"\",\"publisher\":{\"@id\":\"https:\/\/www.pm.pb.gov.br\/portal\/#organization\"},\"potentialAction\":[{\"@type\":\"SearchAction\",\"target\":{\"@type\":\"EntryPoint\",\"urlTemplate\":\"https:\/\/www.pm.pb.gov.br\/portal\/?s={search_term_string}\"},\"query-input\":\"required name=search_term_string\"}],\"inLanguage\":\"pt-BR\"},{\"@type\":\"Organization\",\"@id\":\"https:\/\/www.pm.pb.gov.br\/portal\/#organization\",\"name\":\"Pol\u00edcia Militar da Para\u00edba\",\"url\":\"https:\/\/www.pm.pb.gov.br\/portal\/\",\"logo\":{\"@type\":\"ImageObject\",\"inLanguage\":\"pt-BR\",\"@id\":\"https:\/\/www.pm.pb.gov.br\/portal\/#\/schema\/logo\/image\/\",\"url\":\"https:\/\/www.pm.pb.gov.br\/portal\/wp-content\/uploads\/2025\/03\/cropped-logo-site-mag2-1.png\",\"contentUrl\":\"https:\/\/www.pm.pb.gov.br\/portal\/wp-content\/uploads\/2025\/03\/cropped-logo-site-mag2-1.png\",\"width\":320,\"height\":90,\"caption\":\"Pol\u00edcia Militar da Para\u00edba\"},\"image\":{\"@id\":\"https:\/\/www.pm.pb.gov.br\/portal\/#\/schema\/logo\/image\/\"}},{\"@type\":\"Person\",\"@id\":\"https:\/\/www.pm.pb.gov.br\/portal\/#\/schema\/person\/f84f56dcc78ce4357054da888b8247fd\",\"name\":\"Tarcisio Oliveira\",\"image\":{\"@type\":\"ImageObject\",\"inLanguage\":\"pt-BR\",\"@id\":\"https:\/\/www.pm.pb.gov.br\/portal\/#\/schema\/person\/image\/\",\"url\":\"https:\/\/secure.gravatar.com\/avatar\/72917b630b69d31cd0297507f34bac97?s=96&d=mm&r=g\",\"contentUrl\":\"https:\/\/secure.gravatar.com\/avatar\/72917b630b69d31cd0297507f34bac97?s=96&d=mm&r=g\",\"caption\":\"Tarcisio Oliveira\"},\"url\":\"https:\/\/www.pm.pb.gov.br\/portal\/author\/tarcisio\/\"}]}<\/script>\n<!-- \/ Yoast SEO plugin. -->","yoast_head_json":{"title":"\"GANGUE DA MARCHA R\u00c9\": Pol\u00edcia Militar desarticula grupo respons\u00e1vel por arrombamentos em com\u00e9rcios de JP - Pol\u00edcia Militar da Para\u00edba","description":"A\u00e7\u00e3o da PM prendeu seis infratores e frustrou novos delitos que o grupo poderia cometer; arma foi apreendida e carros recuperados.","robots":{"index":"index","follow":"follow","max-snippet":"max-snippet:-1","max-image-preview":"max-image-preview:large","max-video-preview":"max-video-preview:-1"},"canonical":"https:\/\/www.pm.pb.gov.br\/portal\/2024\/11\/02\/gangue-da-marcha-re-policia-militar-desarticula-grupo-responsavel-por-arrombamentos-em-comercios-de-jp\/","og_locale":"pt_BR","og_type":"article","og_title":"\"GANGUE DA MARCHA R\u00c9\": Pol\u00edcia Militar desarticula grupo respons\u00e1vel por arrombamentos em com\u00e9rcios de JP - Pol\u00edcia Militar da Para\u00edba","og_description":"A\u00e7\u00e3o da PM prendeu seis infratores e frustrou novos delitos que o grupo poderia cometer; arma foi apreendida e carros recuperados.","og_url":"https:\/\/www.pm.pb.gov.br\/portal\/2024\/11\/02\/gangue-da-marcha-re-policia-militar-desarticula-grupo-responsavel-por-arrombamentos-em-comercios-de-jp\/","og_site_name":"Pol\u00edcia Militar da Para\u00edba","article_published_time":"2024-11-02T03:17:00+00:00","article_modified_time":"2024-11-02T13:35:33+00:00","og_image":[{"width":800,"height":445,"url":"http:\/\/www.pm.pb.gov.br\/portal\/wp-content\/uploads\/2024\/11\/WhatsApp-Image-2024-11-02-at-09.15.51.jpeg","type":"image\/jpeg"}],"author":"Tarcisio Oliveira","twitter_card":"summary_large_image","twitter_misc":{"Escrito por":"Tarcisio Oliveira","Est. tempo de leitura":"2 minutos"},"schema":{"@context":"https:\/\/schema.org","@graph":[{"@type":"Article","@id":"https:\/\/www.pm.pb.gov.br\/portal\/2024\/11\/02\/gangue-da-marcha-re-policia-militar-desarticula-grupo-responsavel-por-arrombamentos-em-comercios-de-jp\/#article","isPartOf":{"@id":"https:\/\/www.pm.pb.gov.br\/portal\/2024\/11\/02\/gangue-da-marcha-re-policia-militar-desarticula-grupo-responsavel-por-arrombamentos-em-comercios-de-jp\/"},"author":{"name":"Tarcisio Oliveira","@id":"https:\/\/www.pm.pb.gov.br\/portal\/#\/schema\/person\/f84f56dcc78ce4357054da888b8247fd"},"headline":"&#8220;GANGUE DA MARCHA R\u00c9&#8221;: Pol\u00edcia Militar desarticula grupo respons\u00e1vel por arrombamentos em com\u00e9rcios de JP","datePublished":"2024-11-02T03:17:00+00:00","dateModified":"2024-11-02T13:35:33+00:00","mainEntityOfPage":{"@id":"https:\/\/www.pm.pb.gov.br\/portal\/2024\/11\/02\/gangue-da-marcha-re-policia-militar-desarticula-grupo-responsavel-por-arrombamentos-em-comercios-de-jp\/"},"wordCount":200,"publisher":{"@id":"https:\/\/www.pm.pb.gov.br\/portal\/#organization"},"articleSection":["A\u00e7\u00f5es Policiais"],"inLanguage":"pt-BR"},{"@type":"WebPage","@id":"https:\/\/www.pm.pb.gov.br\/portal\/2024\/11\/02\/gangue-da-marcha-re-policia-militar-desarticula-grupo-responsavel-por-arrombamentos-em-comercios-de-jp\/","url":"https:\/\/www.pm.pb.gov.br\/portal\/2024\/11\/02\/gangue-da-marcha-re-policia-militar-desarticula-grupo-responsavel-por-arrombamentos-em-comercios-de-jp\/","name":"\"GANGUE DA MARCHA R\u00c9\": Pol\u00edcia Militar desarticula grupo respons\u00e1vel por arrombamentos em com\u00e9rcios de JP - Pol\u00edcia Militar da Para\u00edba","isPartOf":{"@id":"https:\/\/www.pm.pb.gov.br\/portal\/#website"},"datePublished":"2024-11-02T03:17:00+00:00","dateModified":"2024-11-02T13:35:33+00:00","description":"A\u00e7\u00e3o da PM prendeu seis infratores e frustrou novos delitos que o grupo poderia cometer; arma foi apreendida e carros recuperados.","breadcrumb":{"@id":"https:\/\/www.pm.pb.gov.br\/portal\/2024\/11\/02\/gangue-da-marcha-re-policia-militar-desarticula-grupo-responsavel-por-arrombamentos-em-comercios-de-jp\/#breadcrumb"},"inLanguage":"pt-BR","potentialAction":[{"@type":"ReadAction","target":["https:\/\/www.pm.pb.gov.br\/portal\/2024\/11\/02\/gangue-da-marcha-re-policia-militar-desarticula-grupo-responsavel-por-arrombamentos-em-comercios-de-jp\/"]}]},{"@type":"BreadcrumbList","@id":"https:\/\/www.pm.pb.gov.br\/portal\/2024\/11\/02\/gangue-da-marcha-re-policia-militar-desarticula-grupo-responsavel-por-arrombamentos-em-comercios-de-jp\/#breadcrumb","itemListElement":[{"@type":"ListItem","position":1,"name":"In\u00edcio","item":"https:\/\/www.pm.pb.gov.br\/portal\/"},{"@type":"ListItem","position":2,"name":"&#8220;GANGUE DA MARCHA R\u00c9&#8221;: Pol\u00edcia Militar desarticula grupo respons\u00e1vel por arrombamentos em com\u00e9rcios de JP"}]},{"@type":"WebSite","@id":"https:\/\/www.pm.pb.gov.br\/portal\/#website","url":"https:\/\/www.pm.pb.gov.br\/portal\/","name":"Pol\u00edcia Militar da Para\u00edba","description":"","publisher":{"@id":"https:\/\/www.pm.pb.gov.br\/portal\/#organization"},"potentialAction":[{"@type":"SearchAction","target":{"@type":"EntryPoint","urlTemplate":"https:\/\/www.pm.pb.gov.br\/portal\/?s={search_term_string}"},"query-input":"required name=search_term_string"}],"inLanguage":"pt-BR"},{"@type":"Organization","@id":"https:\/\/www.pm.pb.gov.br\/portal\/#organization","name":"Pol\u00edcia Militar da Para\u00edba","url":"https:\/\/www.pm.pb.gov.br\/portal\/","logo":{"@type":"ImageObject","inLanguage":"pt-BR","@id":"https:\/\/www.pm.pb.gov.br\/portal\/#\/schema\/logo\/image\/","url":"https:\/\/www.pm.pb.gov.br\/portal\/wp-content\/uploads\/2025\/03\/cropped-logo-site-mag2-1.png","contentUrl":"https:\/\/www.pm.pb.gov.br\/portal\/wp-content\/uploads\/2025\/03\/cropped-logo-site-mag2-1.png","width":320,"height":90,"caption":"Pol\u00edcia Militar da Para\u00edba"},"image":{"@id":"https:\/\/www.pm.pb.gov.br\/portal\/#\/schema\/logo\/image\/"}},{"@type":"Person","@id":"https:\/\/www.pm.pb.gov.br\/portal\/#\/schema\/person\/f84f56dcc78ce4357054da888b8247fd","name":"Tarcisio Oliveira","image":{"@type":"ImageObject","inLanguage":"pt-BR","@id":"https:\/\/www.pm.pb.gov.br\/portal\/#\/schema\/person\/image\/","url":"https:\/\/secure.gravatar.com\/avatar\/72917b630b69d31cd0297507f34bac97?s=96&d=mm&r=g","contentUrl":"https:\/\/secure.gravatar.com\/avatar\/72917b630b69d31cd0297507f34bac97?s=96&d=mm&r=g","caption":"Tarcisio Oliveira"},"url":"https:\/\/www.pm.pb.gov.br\/portal\/author\/tarcisio\/"}]}},"_links":{"self":[{"href":"https:\/\/www.pm.pb.gov.br\/portal\/wp-json\/wp\/v2\/posts\/924577"}],"collection":[{"href":"https:\/\/www.pm.pb.gov.br\/portal\/wp-json\/wp\/v2\/posts"}],"about":[{"href":"https:\/\/www.pm.pb.gov.br\/portal\/wp-json\/wp\/v2\/types\/post"}],"author":[{"embeddable":true,"href":"https:\/\/www.pm.pb.gov.br\/portal\/wp-json\/wp\/v2\/users\/12"}],"replies":[{"embeddable":true,"href":"https:\/\/www.pm.pb.gov.br\/portal\/wp-json\/wp\/v2\/comments?post=924577"}],"version-history":[{"count":2,"href":"https:\/\/www.pm.pb.gov.br\/portal\/wp-json\/wp\/v2\/posts\/924577\/revisions"}],"predecessor-version":[{"id":924582,"href":"https:\/\/www.pm.pb.gov.br\/portal\/wp-json\/wp\/v2\/posts\/924577\/revisions\/924582"}],"wp:featuredmedia":[{"embeddable":true,"href":"https:\/\/www.pm.pb.gov.br\/portal\/wp-json\/wp\/v2\/media\/924579"}],"wp:attachment":[{"href":"https:\/\/www.pm.pb.gov.br\/portal\/wp-json\/wp\/v2\/media?parent=924577"}],"wp:term":[{"taxonomy":"category","embeddable":true,"href":"https:\/\/www.pm.pb.gov.br\/portal\/wp-json\/wp\/v2\/categories?post=924577"},{"taxonomy":"post_tag","embeddable":true,"href":"https:\/\/www.pm.pb.gov.br\/portal\/wp-json\/wp\/v2\/tags?post=924577"}],"curies":[{"name":"wp","href":"https:\/\/api.w.org\/{rel}","templated":true}]}}