{"id":924517,"date":"2024-10-26T12:51:03","date_gmt":"2024-10-26T15:51:03","guid":{"rendered":"https:\/\/www.pm.pb.gov.br\/portal\/?p=924517"},"modified":"2024-10-26T12:52:49","modified_gmt":"2024-10-26T15:52:49","slug":"estelionatario-falso-corretor-de-imoveis-e-novamente-preso-pela-pm-na-grande-joao-pessoa","status":"publish","type":"post","link":"https:\/\/www.pm.pb.gov.br\/portal\/2024\/10\/26\/estelionatario-falso-corretor-de-imoveis-e-novamente-preso-pela-pm-na-grande-joao-pessoa\/","title":{"rendered":"Estelionat\u00e1rio, falso corretor de im\u00f3veis \u00e9 novamente preso pela PM na grande Jo\u00e3o Pessoa"},"content":{"rendered":"\n<p>Um estelionat\u00e1rio procurado por aplicar golpes e por crimes de viol\u00eancia dom\u00e9stica, foi preso na noite da \u00faltima quinta-feira (24), em Santa Rita, na grande Jo\u00e3o Pessoa. O acusado se passava por corretor de im\u00f3veis, j\u00e1 havia sido preso anteriormente, e tem longa ficha criminal agindo no nordeste do pa\u00eds.<\/p>\n<p>O foragido preso tem 31 anos de idade, se passava por corretor de im\u00f3veis, recebia valores dos alugu\u00e9is das v\u00edtimas, e n\u00e3o repassava as quantias para os propriet\u00e1rios. Al\u00e9m de ostentar nas redes sociais, o acusado tamb\u00e9m amea\u00e7a as v\u00edtimas.<\/p>\n<p>De acordo com a ficha do criminoso, o homem j\u00e1 havia sido preso em Jo\u00e3o Pessoa no ano passado, em uma a\u00e7\u00e3o das Pol\u00edcias Militar e Civil. Em 2019, quando era pr\u00e9-candidato \u00e0 prefeito no munic\u00edpio de Po\u00e7\u00e3o de Pedras, no Maranh\u00e3o, o acusado tamb\u00e9m havia aplicado um calote em um pagamento de um show de banda de forr\u00f3.<\/p>\n<figure id=\"attachment_924518\" aria-describedby=\"caption-attachment-924518\" style=\"width: 603px\" class=\"wp-caption aligncenter\"><img loading=\"lazy\" decoding=\"async\" class=\"wp-image-924518\" src=\"http:\/\/www.pm.pb.gov.br\/portal\/wp-content\/uploads\/2024\/10\/WhatsApp-Image-2024-10-26-at-12.49.36-800x431.jpeg\" alt=\"\" width=\"603\" height=\"325\" srcset=\"https:\/\/www.pm.pb.gov.br\/portal\/wp-content\/uploads\/2024\/10\/WhatsApp-Image-2024-10-26-at-12.49.36-800x431.jpeg 800w, https:\/\/www.pm.pb.gov.br\/portal\/wp-content\/uploads\/2024\/10\/WhatsApp-Image-2024-10-26-at-12.49.36-768x413.jpeg 768w, https:\/\/www.pm.pb.gov.br\/portal\/wp-content\/uploads\/2024\/10\/WhatsApp-Image-2024-10-26-at-12.49.36.jpeg 1007w\" sizes=\"(max-width: 603px) 100vw, 603px\" \/><figcaption id=\"caption-attachment-924518\" class=\"wp-caption-text\">Acusado ostentava dinheiro nas redes sociais<\/figcaption><\/figure>\n<p><strong>Nova pris\u00e3o &#8211;<\/strong> O foragido foi preso na noite da \u00faltima quinta-feira (24), durante uma a\u00e7\u00e3o da For\u00e7a T\u00e1tica do 7\u00ba Batalh\u00e3o que encontrou o acusado em uma residencial, no bairro de Tibiri. Contra ele, os policiais cumpriram um mandado expedido pela Vara de Execu\u00e7\u00f5es Penais de Jo\u00e3o Pessoa, pelos crimes de estelionato, apropria\u00e7\u00e3o ind\u00e9bita, les\u00e3o corporal no contexto de viol\u00eancia dom\u00e9stica, e vias de fato.<\/p>\n<p>O homem foi preso e apresentado na 6\u00aa Delegacia Distrital para o devido cumprimento da pena.<\/p>\n\n\n","protected":false},"excerpt":{"rendered":"<p>Um estelionat\u00e1rio procurado por aplicar golpes e por crimes de viol\u00eancia dom\u00e9stica, foi preso na noite da \u00faltima quinta-feira (24),<\/p>\n","protected":false},"author":12,"featured_media":915163,"comment_status":"closed","ping_status":"closed","sticky":false,"template":"","format":"standard","meta":{"_exactmetrics_skip_tracking":false,"_exactmetrics_sitenote_active":false,"_exactmetrics_sitenote_note":"","_exactmetrics_sitenote_category":0,"footnotes":""},"categories":[4],"tags":[],"yoast_head":"<!-- This site is optimized with the Yoast SEO plugin v22.0 - https:\/\/yoast.com\/wordpress\/plugins\/seo\/ -->\n<title>Estelionat\u00e1rio, falso corretor de im\u00f3veis \u00e9 novamente preso pela PM na grande Jo\u00e3o Pessoa - Pol\u00edcia Militar da Para\u00edba<\/title>\n<meta name=\"description\" content=\"O acusado se passava por corretor de im\u00f3veis, j\u00e1 havia sido preso anteriormente, e tem longa ficha criminal agindo no nordeste do pa\u00eds.\" \/>\n<meta name=\"robots\" content=\"index, follow, max-snippet:-1, max-image-preview:large, max-video-preview:-1\" \/>\n<link rel=\"canonical\" href=\"https:\/\/www.pm.pb.gov.br\/portal\/2024\/10\/26\/estelionatario-falso-corretor-de-imoveis-e-novamente-preso-pela-pm-na-grande-joao-pessoa\/\" \/>\n<meta property=\"og:locale\" content=\"pt_BR\" \/>\n<meta property=\"og:type\" content=\"article\" \/>\n<meta property=\"og:title\" content=\"Estelionat\u00e1rio, falso corretor de im\u00f3veis \u00e9 novamente preso pela PM na grande Jo\u00e3o Pessoa - Pol\u00edcia Militar da Para\u00edba\" \/>\n<meta property=\"og:description\" content=\"O acusado se passava por corretor de im\u00f3veis, j\u00e1 havia sido preso anteriormente, e tem longa ficha criminal agindo no nordeste do pa\u00eds.\" \/>\n<meta property=\"og:url\" content=\"https:\/\/www.pm.pb.gov.br\/portal\/2024\/10\/26\/estelionatario-falso-corretor-de-imoveis-e-novamente-preso-pela-pm-na-grande-joao-pessoa\/\" \/>\n<meta property=\"og:site_name\" content=\"Pol\u00edcia Militar da Para\u00edba\" \/>\n<meta property=\"article:published_time\" content=\"2024-10-26T15:51:03+00:00\" \/>\n<meta property=\"article:modified_time\" content=\"2024-10-26T15:52:49+00:00\" \/>\n<meta property=\"og:image\" content=\"http:\/\/www.pm.pb.gov.br\/portal\/wp-content\/uploads\/2022\/12\/Imagem-Ilustrativa.jpeg\" \/>\n\t<meta property=\"og:image:width\" content=\"800\" \/>\n\t<meta property=\"og:image:height\" content=\"445\" \/>\n\t<meta property=\"og:image:type\" content=\"image\/jpeg\" \/>\n<meta name=\"author\" content=\"Tarcisio Oliveira\" \/>\n<meta name=\"twitter:card\" content=\"summary_large_image\" \/>\n<meta name=\"twitter:label1\" content=\"Escrito por\" \/>\n\t<meta name=\"twitter:data1\" content=\"Tarcisio Oliveira\" \/>\n\t<meta name=\"twitter:label2\" content=\"Est. tempo de leitura\" \/>\n\t<meta name=\"twitter:data2\" content=\"2 minutos\" \/>\n<script type=\"application\/ld+json\" class=\"yoast-schema-graph\">{\"@context\":\"https:\/\/schema.org\",\"@graph\":[{\"@type\":\"Article\",\"@id\":\"https:\/\/www.pm.pb.gov.br\/portal\/2024\/10\/26\/estelionatario-falso-corretor-de-imoveis-e-novamente-preso-pela-pm-na-grande-joao-pessoa\/#article\",\"isPartOf\":{\"@id\":\"https:\/\/www.pm.pb.gov.br\/portal\/2024\/10\/26\/estelionatario-falso-corretor-de-imoveis-e-novamente-preso-pela-pm-na-grande-joao-pessoa\/\"},\"author\":{\"name\":\"Tarcisio Oliveira\",\"@id\":\"https:\/\/www.pm.pb.gov.br\/portal\/#\/schema\/person\/f84f56dcc78ce4357054da888b8247fd\"},\"headline\":\"Estelionat\u00e1rio, falso corretor de im\u00f3veis \u00e9 novamente preso pela PM na grande Jo\u00e3o Pessoa\",\"datePublished\":\"2024-10-26T15:51:03+00:00\",\"dateModified\":\"2024-10-26T15:52:49+00:00\",\"mainEntityOfPage\":{\"@id\":\"https:\/\/www.pm.pb.gov.br\/portal\/2024\/10\/26\/estelionatario-falso-corretor-de-imoveis-e-novamente-preso-pela-pm-na-grande-joao-pessoa\/\"},\"wordCount\":288,\"publisher\":{\"@id\":\"https:\/\/www.pm.pb.gov.br\/portal\/#organization\"},\"articleSection\":[\"A\u00e7\u00f5es Policiais\"],\"inLanguage\":\"pt-BR\"},{\"@type\":\"WebPage\",\"@id\":\"https:\/\/www.pm.pb.gov.br\/portal\/2024\/10\/26\/estelionatario-falso-corretor-de-imoveis-e-novamente-preso-pela-pm-na-grande-joao-pessoa\/\",\"url\":\"https:\/\/www.pm.pb.gov.br\/portal\/2024\/10\/26\/estelionatario-falso-corretor-de-imoveis-e-novamente-preso-pela-pm-na-grande-joao-pessoa\/\",\"name\":\"Estelionat\u00e1rio, falso corretor de im\u00f3veis \u00e9 novamente preso pela PM na grande Jo\u00e3o Pessoa - Pol\u00edcia Militar da Para\u00edba\",\"isPartOf\":{\"@id\":\"https:\/\/www.pm.pb.gov.br\/portal\/#website\"},\"datePublished\":\"2024-10-26T15:51:03+00:00\",\"dateModified\":\"2024-10-26T15:52:49+00:00\",\"description\":\"O acusado se passava por corretor de im\u00f3veis, j\u00e1 havia sido preso anteriormente, e tem longa ficha criminal agindo no nordeste do pa\u00eds.\",\"breadcrumb\":{\"@id\":\"https:\/\/www.pm.pb.gov.br\/portal\/2024\/10\/26\/estelionatario-falso-corretor-de-imoveis-e-novamente-preso-pela-pm-na-grande-joao-pessoa\/#breadcrumb\"},\"inLanguage\":\"pt-BR\",\"potentialAction\":[{\"@type\":\"ReadAction\",\"target\":[\"https:\/\/www.pm.pb.gov.br\/portal\/2024\/10\/26\/estelionatario-falso-corretor-de-imoveis-e-novamente-preso-pela-pm-na-grande-joao-pessoa\/\"]}]},{\"@type\":\"BreadcrumbList\",\"@id\":\"https:\/\/www.pm.pb.gov.br\/portal\/2024\/10\/26\/estelionatario-falso-corretor-de-imoveis-e-novamente-preso-pela-pm-na-grande-joao-pessoa\/#breadcrumb\",\"itemListElement\":[{\"@type\":\"ListItem\",\"position\":1,\"name\":\"In\u00edcio\",\"item\":\"https:\/\/www.pm.pb.gov.br\/portal\/\"},{\"@type\":\"ListItem\",\"position\":2,\"name\":\"Estelionat\u00e1rio, falso corretor de im\u00f3veis \u00e9 novamente preso pela PM na grande Jo\u00e3o Pessoa\"}]},{\"@type\":\"WebSite\",\"@id\":\"https:\/\/www.pm.pb.gov.br\/portal\/#website\",\"url\":\"https:\/\/www.pm.pb.gov.br\/portal\/\",\"name\":\"Pol\u00edcia Militar da Para\u00edba\",\"description\":\"\",\"publisher\":{\"@id\":\"https:\/\/www.pm.pb.gov.br\/portal\/#organization\"},\"potentialAction\":[{\"@type\":\"SearchAction\",\"target\":{\"@type\":\"EntryPoint\",\"urlTemplate\":\"https:\/\/www.pm.pb.gov.br\/portal\/?s={search_term_string}\"},\"query-input\":\"required name=search_term_string\"}],\"inLanguage\":\"pt-BR\"},{\"@type\":\"Organization\",\"@id\":\"https:\/\/www.pm.pb.gov.br\/portal\/#organization\",\"name\":\"Pol\u00edcia Militar da Para\u00edba\",\"url\":\"https:\/\/www.pm.pb.gov.br\/portal\/\",\"logo\":{\"@type\":\"ImageObject\",\"inLanguage\":\"pt-BR\",\"@id\":\"https:\/\/www.pm.pb.gov.br\/portal\/#\/schema\/logo\/image\/\",\"url\":\"https:\/\/www.pm.pb.gov.br\/portal\/wp-content\/uploads\/2025\/03\/cropped-logo-site-mag2-1.png\",\"contentUrl\":\"https:\/\/www.pm.pb.gov.br\/portal\/wp-content\/uploads\/2025\/03\/cropped-logo-site-mag2-1.png\",\"width\":320,\"height\":90,\"caption\":\"Pol\u00edcia Militar da Para\u00edba\"},\"image\":{\"@id\":\"https:\/\/www.pm.pb.gov.br\/portal\/#\/schema\/logo\/image\/\"}},{\"@type\":\"Person\",\"@id\":\"https:\/\/www.pm.pb.gov.br\/portal\/#\/schema\/person\/f84f56dcc78ce4357054da888b8247fd\",\"name\":\"Tarcisio Oliveira\",\"image\":{\"@type\":\"ImageObject\",\"inLanguage\":\"pt-BR\",\"@id\":\"https:\/\/www.pm.pb.gov.br\/portal\/#\/schema\/person\/image\/\",\"url\":\"https:\/\/secure.gravatar.com\/avatar\/72917b630b69d31cd0297507f34bac97?s=96&d=mm&r=g\",\"contentUrl\":\"https:\/\/secure.gravatar.com\/avatar\/72917b630b69d31cd0297507f34bac97?s=96&d=mm&r=g\",\"caption\":\"Tarcisio Oliveira\"},\"url\":\"https:\/\/www.pm.pb.gov.br\/portal\/author\/tarcisio\/\"}]}<\/script>\n<!-- \/ Yoast SEO plugin. -->","yoast_head_json":{"title":"Estelionat\u00e1rio, falso corretor de im\u00f3veis \u00e9 novamente preso pela PM na grande Jo\u00e3o Pessoa - Pol\u00edcia Militar da Para\u00edba","description":"O acusado se passava por corretor de im\u00f3veis, j\u00e1 havia sido preso anteriormente, e tem longa ficha criminal agindo no nordeste do pa\u00eds.","robots":{"index":"index","follow":"follow","max-snippet":"max-snippet:-1","max-image-preview":"max-image-preview:large","max-video-preview":"max-video-preview:-1"},"canonical":"https:\/\/www.pm.pb.gov.br\/portal\/2024\/10\/26\/estelionatario-falso-corretor-de-imoveis-e-novamente-preso-pela-pm-na-grande-joao-pessoa\/","og_locale":"pt_BR","og_type":"article","og_title":"Estelionat\u00e1rio, falso corretor de im\u00f3veis \u00e9 novamente preso pela PM na grande Jo\u00e3o Pessoa - Pol\u00edcia Militar da Para\u00edba","og_description":"O acusado se passava por corretor de im\u00f3veis, j\u00e1 havia sido preso anteriormente, e tem longa ficha criminal agindo no nordeste do pa\u00eds.","og_url":"https:\/\/www.pm.pb.gov.br\/portal\/2024\/10\/26\/estelionatario-falso-corretor-de-imoveis-e-novamente-preso-pela-pm-na-grande-joao-pessoa\/","og_site_name":"Pol\u00edcia Militar da Para\u00edba","article_published_time":"2024-10-26T15:51:03+00:00","article_modified_time":"2024-10-26T15:52:49+00:00","og_image":[{"width":800,"height":445,"url":"http:\/\/www.pm.pb.gov.br\/portal\/wp-content\/uploads\/2022\/12\/Imagem-Ilustrativa.jpeg","type":"image\/jpeg"}],"author":"Tarcisio Oliveira","twitter_card":"summary_large_image","twitter_misc":{"Escrito por":"Tarcisio Oliveira","Est. tempo de leitura":"2 minutos"},"schema":{"@context":"https:\/\/schema.org","@graph":[{"@type":"Article","@id":"https:\/\/www.pm.pb.gov.br\/portal\/2024\/10\/26\/estelionatario-falso-corretor-de-imoveis-e-novamente-preso-pela-pm-na-grande-joao-pessoa\/#article","isPartOf":{"@id":"https:\/\/www.pm.pb.gov.br\/portal\/2024\/10\/26\/estelionatario-falso-corretor-de-imoveis-e-novamente-preso-pela-pm-na-grande-joao-pessoa\/"},"author":{"name":"Tarcisio Oliveira","@id":"https:\/\/www.pm.pb.gov.br\/portal\/#\/schema\/person\/f84f56dcc78ce4357054da888b8247fd"},"headline":"Estelionat\u00e1rio, falso corretor de im\u00f3veis \u00e9 novamente preso pela PM na grande Jo\u00e3o Pessoa","datePublished":"2024-10-26T15:51:03+00:00","dateModified":"2024-10-26T15:52:49+00:00","mainEntityOfPage":{"@id":"https:\/\/www.pm.pb.gov.br\/portal\/2024\/10\/26\/estelionatario-falso-corretor-de-imoveis-e-novamente-preso-pela-pm-na-grande-joao-pessoa\/"},"wordCount":288,"publisher":{"@id":"https:\/\/www.pm.pb.gov.br\/portal\/#organization"},"articleSection":["A\u00e7\u00f5es Policiais"],"inLanguage":"pt-BR"},{"@type":"WebPage","@id":"https:\/\/www.pm.pb.gov.br\/portal\/2024\/10\/26\/estelionatario-falso-corretor-de-imoveis-e-novamente-preso-pela-pm-na-grande-joao-pessoa\/","url":"https:\/\/www.pm.pb.gov.br\/portal\/2024\/10\/26\/estelionatario-falso-corretor-de-imoveis-e-novamente-preso-pela-pm-na-grande-joao-pessoa\/","name":"Estelionat\u00e1rio, falso corretor de im\u00f3veis \u00e9 novamente preso pela PM na grande Jo\u00e3o Pessoa - Pol\u00edcia Militar da Para\u00edba","isPartOf":{"@id":"https:\/\/www.pm.pb.gov.br\/portal\/#website"},"datePublished":"2024-10-26T15:51:03+00:00","dateModified":"2024-10-26T15:52:49+00:00","description":"O acusado se passava por corretor de im\u00f3veis, j\u00e1 havia sido preso anteriormente, e tem longa ficha criminal agindo no nordeste do pa\u00eds.","breadcrumb":{"@id":"https:\/\/www.pm.pb.gov.br\/portal\/2024\/10\/26\/estelionatario-falso-corretor-de-imoveis-e-novamente-preso-pela-pm-na-grande-joao-pessoa\/#breadcrumb"},"inLanguage":"pt-BR","potentialAction":[{"@type":"ReadAction","target":["https:\/\/www.pm.pb.gov.br\/portal\/2024\/10\/26\/estelionatario-falso-corretor-de-imoveis-e-novamente-preso-pela-pm-na-grande-joao-pessoa\/"]}]},{"@type":"BreadcrumbList","@id":"https:\/\/www.pm.pb.gov.br\/portal\/2024\/10\/26\/estelionatario-falso-corretor-de-imoveis-e-novamente-preso-pela-pm-na-grande-joao-pessoa\/#breadcrumb","itemListElement":[{"@type":"ListItem","position":1,"name":"In\u00edcio","item":"https:\/\/www.pm.pb.gov.br\/portal\/"},{"@type":"ListItem","position":2,"name":"Estelionat\u00e1rio, falso corretor de im\u00f3veis \u00e9 novamente preso pela PM na grande Jo\u00e3o Pessoa"}]},{"@type":"WebSite","@id":"https:\/\/www.pm.pb.gov.br\/portal\/#website","url":"https:\/\/www.pm.pb.gov.br\/portal\/","name":"Pol\u00edcia Militar da Para\u00edba","description":"","publisher":{"@id":"https:\/\/www.pm.pb.gov.br\/portal\/#organization"},"potentialAction":[{"@type":"SearchAction","target":{"@type":"EntryPoint","urlTemplate":"https:\/\/www.pm.pb.gov.br\/portal\/?s={search_term_string}"},"query-input":"required name=search_term_string"}],"inLanguage":"pt-BR"},{"@type":"Organization","@id":"https:\/\/www.pm.pb.gov.br\/portal\/#organization","name":"Pol\u00edcia Militar da Para\u00edba","url":"https:\/\/www.pm.pb.gov.br\/portal\/","logo":{"@type":"ImageObject","inLanguage":"pt-BR","@id":"https:\/\/www.pm.pb.gov.br\/portal\/#\/schema\/logo\/image\/","url":"https:\/\/www.pm.pb.gov.br\/portal\/wp-content\/uploads\/2025\/03\/cropped-logo-site-mag2-1.png","contentUrl":"https:\/\/www.pm.pb.gov.br\/portal\/wp-content\/uploads\/2025\/03\/cropped-logo-site-mag2-1.png","width":320,"height":90,"caption":"Pol\u00edcia Militar da Para\u00edba"},"image":{"@id":"https:\/\/www.pm.pb.gov.br\/portal\/#\/schema\/logo\/image\/"}},{"@type":"Person","@id":"https:\/\/www.pm.pb.gov.br\/portal\/#\/schema\/person\/f84f56dcc78ce4357054da888b8247fd","name":"Tarcisio Oliveira","image":{"@type":"ImageObject","inLanguage":"pt-BR","@id":"https:\/\/www.pm.pb.gov.br\/portal\/#\/schema\/person\/image\/","url":"https:\/\/secure.gravatar.com\/avatar\/72917b630b69d31cd0297507f34bac97?s=96&d=mm&r=g","contentUrl":"https:\/\/secure.gravatar.com\/avatar\/72917b630b69d31cd0297507f34bac97?s=96&d=mm&r=g","caption":"Tarcisio Oliveira"},"url":"https:\/\/www.pm.pb.gov.br\/portal\/author\/tarcisio\/"}]}},"_links":{"self":[{"href":"https:\/\/www.pm.pb.gov.br\/portal\/wp-json\/wp\/v2\/posts\/924517"}],"collection":[{"href":"https:\/\/www.pm.pb.gov.br\/portal\/wp-json\/wp\/v2\/posts"}],"about":[{"href":"https:\/\/www.pm.pb.gov.br\/portal\/wp-json\/wp\/v2\/types\/post"}],"author":[{"embeddable":true,"href":"https:\/\/www.pm.pb.gov.br\/portal\/wp-json\/wp\/v2\/users\/12"}],"replies":[{"embeddable":true,"href":"https:\/\/www.pm.pb.gov.br\/portal\/wp-json\/wp\/v2\/comments?post=924517"}],"version-history":[{"count":2,"href":"https:\/\/www.pm.pb.gov.br\/portal\/wp-json\/wp\/v2\/posts\/924517\/revisions"}],"predecessor-version":[{"id":924520,"href":"https:\/\/www.pm.pb.gov.br\/portal\/wp-json\/wp\/v2\/posts\/924517\/revisions\/924520"}],"wp:featuredmedia":[{"embeddable":true,"href":"https:\/\/www.pm.pb.gov.br\/portal\/wp-json\/wp\/v2\/media\/915163"}],"wp:attachment":[{"href":"https:\/\/www.pm.pb.gov.br\/portal\/wp-json\/wp\/v2\/media?parent=924517"}],"wp:term":[{"taxonomy":"category","embeddable":true,"href":"https:\/\/www.pm.pb.gov.br\/portal\/wp-json\/wp\/v2\/categories?post=924517"},{"taxonomy":"post_tag","embeddable":true,"href":"https:\/\/www.pm.pb.gov.br\/portal\/wp-json\/wp\/v2\/tags?post=924517"}],"curies":[{"name":"wp","href":"https:\/\/api.w.org\/{rel}","templated":true}]}}