{"id":924495,"date":"2024-10-22T09:00:00","date_gmt":"2024-10-22T12:00:00","guid":{"rendered":"https:\/\/www.pm.pb.gov.br\/portal\/?p=924495"},"modified":"2024-10-22T12:13:37","modified_gmt":"2024-10-22T15:13:37","slug":"preso-acusado-que-rompeu-tornozeleira-eletronica-ha-um-ano-e-que-andava-armado-em-joao-pessoa","status":"publish","type":"post","link":"https:\/\/www.pm.pb.gov.br\/portal\/2024\/10\/22\/preso-acusado-que-rompeu-tornozeleira-eletronica-ha-um-ano-e-que-andava-armado-em-joao-pessoa\/","title":{"rendered":"Preso acusado que rompeu tornozeleira eletr\u00f4nica h\u00e1 um ano, e que andava armado em Jo\u00e3o Pessoa"},"content":{"rendered":"\n<p>Um apenado que rompeu a tornozeleira eletr\u00f4nica h\u00e1 um ano foi preso com uma arma de fogo na noite da \u00faltima segunda-feira (21), na zona sul de Jo\u00e3o Pessoa (foto acima ilustrativa). A pris\u00e3o aconteceu ap\u00f3s uma a\u00e7\u00e3o de policiamento preventivo no Planalto da Boa Esperan\u00e7a.<\/p>\n<p>De acordo com o 5\u00ba Batalh\u00e3o, unidade respons\u00e1vel pela pris\u00e3o, o apenado foi identificado durante uma abordagem. Ele estava com um rev\u00f3lver calibre 38, municiado, em uma bolsa (foto abaixo). De acordo com o comando da unidade, foi constatado que o homem havia rompido a tornozeleira eletr\u00f4nica h\u00e1 um ano, quando respondia pelo crime de recepta\u00e7\u00e3o.<\/p>\n<p><img loading=\"lazy\" decoding=\"async\" class=\"size-medium wp-image-924496 aligncenter\" src=\"http:\/\/www.pm.pb.gov.br\/portal\/wp-content\/uploads\/2024\/10\/WhatsApp-Image-2024-10-22-at-10.53.30-445x445.jpeg\" alt=\"\" width=\"445\" height=\"445\" srcset=\"https:\/\/www.pm.pb.gov.br\/portal\/wp-content\/uploads\/2024\/10\/WhatsApp-Image-2024-10-22-at-10.53.30-445x445.jpeg 445w, https:\/\/www.pm.pb.gov.br\/portal\/wp-content\/uploads\/2024\/10\/WhatsApp-Image-2024-10-22-at-10.53.30-570x570.jpeg 570w, https:\/\/www.pm.pb.gov.br\/portal\/wp-content\/uploads\/2024\/10\/WhatsApp-Image-2024-10-22-at-10.53.30-768x768.jpeg 768w, https:\/\/www.pm.pb.gov.br\/portal\/wp-content\/uploads\/2024\/10\/WhatsApp-Image-2024-10-22-at-10.53.30-150x150.jpeg 150w, https:\/\/www.pm.pb.gov.br\/portal\/wp-content\/uploads\/2024\/10\/WhatsApp-Image-2024-10-22-at-10.53.30.jpeg 883w\" sizes=\"(max-width: 445px) 100vw, 445px\" \/><\/p>\n<p>Toda a ocorr\u00eancia foi encaminhada para a Cidade da Pol\u00edcia Civil para a devida autua\u00e7\u00e3o, e onde a participa\u00e7\u00e3o do acusado em outros crimes na regi\u00e3o ser\u00e1 investigada.<\/p>\n","protected":false},"excerpt":{"rendered":"<p>Um apenado que rompeu a tornozeleira eletr\u00f4nica h\u00e1 um ano foi preso com uma arma de fogo na noite da<\/p>\n","protected":false},"author":12,"featured_media":909499,"comment_status":"closed","ping_status":"closed","sticky":false,"template":"","format":"standard","meta":{"_exactmetrics_skip_tracking":false,"_exactmetrics_sitenote_active":false,"_exactmetrics_sitenote_note":"","_exactmetrics_sitenote_category":0,"footnotes":""},"categories":[4],"tags":[],"yoast_head":"<!-- This site is optimized with the Yoast SEO plugin v22.0 - https:\/\/yoast.com\/wordpress\/plugins\/seo\/ -->\n<title>Preso acusado que rompeu tornozeleira eletr\u00f4nica h\u00e1 um ano, e que andava armado em Jo\u00e3o Pessoa - Pol\u00edcia Militar da Para\u00edba<\/title>\n<meta name=\"description\" content=\"Apenado j\u00e1 respondia pelo crime de recepta\u00e7\u00e3o.\" \/>\n<meta name=\"robots\" content=\"index, follow, max-snippet:-1, max-image-preview:large, max-video-preview:-1\" \/>\n<link rel=\"canonical\" href=\"https:\/\/www.pm.pb.gov.br\/portal\/2024\/10\/22\/preso-acusado-que-rompeu-tornozeleira-eletronica-ha-um-ano-e-que-andava-armado-em-joao-pessoa\/\" \/>\n<meta property=\"og:locale\" content=\"pt_BR\" \/>\n<meta property=\"og:type\" content=\"article\" \/>\n<meta property=\"og:title\" content=\"Preso acusado que rompeu tornozeleira eletr\u00f4nica h\u00e1 um ano, e que andava armado em Jo\u00e3o Pessoa - Pol\u00edcia Militar da Para\u00edba\" \/>\n<meta property=\"og:description\" content=\"Apenado j\u00e1 respondia pelo crime de recepta\u00e7\u00e3o.\" \/>\n<meta property=\"og:url\" content=\"https:\/\/www.pm.pb.gov.br\/portal\/2024\/10\/22\/preso-acusado-que-rompeu-tornozeleira-eletronica-ha-um-ano-e-que-andava-armado-em-joao-pessoa\/\" \/>\n<meta property=\"og:site_name\" content=\"Pol\u00edcia Militar da Para\u00edba\" \/>\n<meta property=\"article:published_time\" content=\"2024-10-22T12:00:00+00:00\" \/>\n<meta property=\"article:modified_time\" content=\"2024-10-22T15:13:37+00:00\" \/>\n<meta property=\"og:image\" content=\"http:\/\/www.pm.pb.gov.br\/portal\/wp-content\/uploads\/2021\/02\/tatica5bpm.jpeg\" \/>\n\t<meta property=\"og:image:width\" content=\"800\" \/>\n\t<meta property=\"og:image:height\" content=\"445\" \/>\n\t<meta property=\"og:image:type\" content=\"image\/jpeg\" \/>\n<meta name=\"author\" content=\"Tarcisio Oliveira\" \/>\n<meta name=\"twitter:card\" content=\"summary_large_image\" \/>\n<meta name=\"twitter:label1\" content=\"Escrito por\" \/>\n\t<meta name=\"twitter:data1\" content=\"Tarcisio Oliveira\" \/>\n\t<meta name=\"twitter:label2\" content=\"Est. tempo de leitura\" \/>\n\t<meta name=\"twitter:data2\" content=\"2 minutos\" \/>\n<script type=\"application\/ld+json\" class=\"yoast-schema-graph\">{\"@context\":\"https:\/\/schema.org\",\"@graph\":[{\"@type\":\"Article\",\"@id\":\"https:\/\/www.pm.pb.gov.br\/portal\/2024\/10\/22\/preso-acusado-que-rompeu-tornozeleira-eletronica-ha-um-ano-e-que-andava-armado-em-joao-pessoa\/#article\",\"isPartOf\":{\"@id\":\"https:\/\/www.pm.pb.gov.br\/portal\/2024\/10\/22\/preso-acusado-que-rompeu-tornozeleira-eletronica-ha-um-ano-e-que-andava-armado-em-joao-pessoa\/\"},\"author\":{\"name\":\"Tarcisio Oliveira\",\"@id\":\"https:\/\/www.pm.pb.gov.br\/portal\/#\/schema\/person\/f84f56dcc78ce4357054da888b8247fd\"},\"headline\":\"Preso acusado que rompeu tornozeleira eletr\u00f4nica h\u00e1 um ano, e que andava armado em Jo\u00e3o Pessoa\",\"datePublished\":\"2024-10-22T12:00:00+00:00\",\"dateModified\":\"2024-10-22T15:13:37+00:00\",\"mainEntityOfPage\":{\"@id\":\"https:\/\/www.pm.pb.gov.br\/portal\/2024\/10\/22\/preso-acusado-que-rompeu-tornozeleira-eletronica-ha-um-ano-e-que-andava-armado-em-joao-pessoa\/\"},\"wordCount\":162,\"publisher\":{\"@id\":\"https:\/\/www.pm.pb.gov.br\/portal\/#organization\"},\"articleSection\":[\"A\u00e7\u00f5es Policiais\"],\"inLanguage\":\"pt-BR\"},{\"@type\":\"WebPage\",\"@id\":\"https:\/\/www.pm.pb.gov.br\/portal\/2024\/10\/22\/preso-acusado-que-rompeu-tornozeleira-eletronica-ha-um-ano-e-que-andava-armado-em-joao-pessoa\/\",\"url\":\"https:\/\/www.pm.pb.gov.br\/portal\/2024\/10\/22\/preso-acusado-que-rompeu-tornozeleira-eletronica-ha-um-ano-e-que-andava-armado-em-joao-pessoa\/\",\"name\":\"Preso acusado que rompeu tornozeleira eletr\u00f4nica h\u00e1 um ano, e que andava armado em Jo\u00e3o Pessoa - Pol\u00edcia Militar da Para\u00edba\",\"isPartOf\":{\"@id\":\"https:\/\/www.pm.pb.gov.br\/portal\/#website\"},\"datePublished\":\"2024-10-22T12:00:00+00:00\",\"dateModified\":\"2024-10-22T15:13:37+00:00\",\"description\":\"Apenado j\u00e1 respondia pelo crime de recepta\u00e7\u00e3o.\",\"breadcrumb\":{\"@id\":\"https:\/\/www.pm.pb.gov.br\/portal\/2024\/10\/22\/preso-acusado-que-rompeu-tornozeleira-eletronica-ha-um-ano-e-que-andava-armado-em-joao-pessoa\/#breadcrumb\"},\"inLanguage\":\"pt-BR\",\"potentialAction\":[{\"@type\":\"ReadAction\",\"target\":[\"https:\/\/www.pm.pb.gov.br\/portal\/2024\/10\/22\/preso-acusado-que-rompeu-tornozeleira-eletronica-ha-um-ano-e-que-andava-armado-em-joao-pessoa\/\"]}]},{\"@type\":\"BreadcrumbList\",\"@id\":\"https:\/\/www.pm.pb.gov.br\/portal\/2024\/10\/22\/preso-acusado-que-rompeu-tornozeleira-eletronica-ha-um-ano-e-que-andava-armado-em-joao-pessoa\/#breadcrumb\",\"itemListElement\":[{\"@type\":\"ListItem\",\"position\":1,\"name\":\"In\u00edcio\",\"item\":\"https:\/\/www.pm.pb.gov.br\/portal\/\"},{\"@type\":\"ListItem\",\"position\":2,\"name\":\"Preso acusado que rompeu tornozeleira eletr\u00f4nica h\u00e1 um ano, e que andava armado em Jo\u00e3o Pessoa\"}]},{\"@type\":\"WebSite\",\"@id\":\"https:\/\/www.pm.pb.gov.br\/portal\/#website\",\"url\":\"https:\/\/www.pm.pb.gov.br\/portal\/\",\"name\":\"Pol\u00edcia Militar da Para\u00edba\",\"description\":\"\",\"publisher\":{\"@id\":\"https:\/\/www.pm.pb.gov.br\/portal\/#organization\"},\"potentialAction\":[{\"@type\":\"SearchAction\",\"target\":{\"@type\":\"EntryPoint\",\"urlTemplate\":\"https:\/\/www.pm.pb.gov.br\/portal\/?s={search_term_string}\"},\"query-input\":\"required name=search_term_string\"}],\"inLanguage\":\"pt-BR\"},{\"@type\":\"Organization\",\"@id\":\"https:\/\/www.pm.pb.gov.br\/portal\/#organization\",\"name\":\"Pol\u00edcia Militar da Para\u00edba\",\"url\":\"https:\/\/www.pm.pb.gov.br\/portal\/\",\"logo\":{\"@type\":\"ImageObject\",\"inLanguage\":\"pt-BR\",\"@id\":\"https:\/\/www.pm.pb.gov.br\/portal\/#\/schema\/logo\/image\/\",\"url\":\"https:\/\/www.pm.pb.gov.br\/portal\/wp-content\/uploads\/2025\/03\/cropped-logo-site-mag2-1.png\",\"contentUrl\":\"https:\/\/www.pm.pb.gov.br\/portal\/wp-content\/uploads\/2025\/03\/cropped-logo-site-mag2-1.png\",\"width\":320,\"height\":90,\"caption\":\"Pol\u00edcia Militar da Para\u00edba\"},\"image\":{\"@id\":\"https:\/\/www.pm.pb.gov.br\/portal\/#\/schema\/logo\/image\/\"}},{\"@type\":\"Person\",\"@id\":\"https:\/\/www.pm.pb.gov.br\/portal\/#\/schema\/person\/f84f56dcc78ce4357054da888b8247fd\",\"name\":\"Tarcisio Oliveira\",\"image\":{\"@type\":\"ImageObject\",\"inLanguage\":\"pt-BR\",\"@id\":\"https:\/\/www.pm.pb.gov.br\/portal\/#\/schema\/person\/image\/\",\"url\":\"https:\/\/secure.gravatar.com\/avatar\/72917b630b69d31cd0297507f34bac97?s=96&d=mm&r=g\",\"contentUrl\":\"https:\/\/secure.gravatar.com\/avatar\/72917b630b69d31cd0297507f34bac97?s=96&d=mm&r=g\",\"caption\":\"Tarcisio Oliveira\"},\"url\":\"https:\/\/www.pm.pb.gov.br\/portal\/author\/tarcisio\/\"}]}<\/script>\n<!-- \/ Yoast SEO plugin. -->","yoast_head_json":{"title":"Preso acusado que rompeu tornozeleira eletr\u00f4nica h\u00e1 um ano, e que andava armado em Jo\u00e3o Pessoa - Pol\u00edcia Militar da Para\u00edba","description":"Apenado j\u00e1 respondia pelo crime de recepta\u00e7\u00e3o.","robots":{"index":"index","follow":"follow","max-snippet":"max-snippet:-1","max-image-preview":"max-image-preview:large","max-video-preview":"max-video-preview:-1"},"canonical":"https:\/\/www.pm.pb.gov.br\/portal\/2024\/10\/22\/preso-acusado-que-rompeu-tornozeleira-eletronica-ha-um-ano-e-que-andava-armado-em-joao-pessoa\/","og_locale":"pt_BR","og_type":"article","og_title":"Preso acusado que rompeu tornozeleira eletr\u00f4nica h\u00e1 um ano, e que andava armado em Jo\u00e3o Pessoa - Pol\u00edcia Militar da Para\u00edba","og_description":"Apenado j\u00e1 respondia pelo crime de recepta\u00e7\u00e3o.","og_url":"https:\/\/www.pm.pb.gov.br\/portal\/2024\/10\/22\/preso-acusado-que-rompeu-tornozeleira-eletronica-ha-um-ano-e-que-andava-armado-em-joao-pessoa\/","og_site_name":"Pol\u00edcia Militar da Para\u00edba","article_published_time":"2024-10-22T12:00:00+00:00","article_modified_time":"2024-10-22T15:13:37+00:00","og_image":[{"width":800,"height":445,"url":"http:\/\/www.pm.pb.gov.br\/portal\/wp-content\/uploads\/2021\/02\/tatica5bpm.jpeg","type":"image\/jpeg"}],"author":"Tarcisio Oliveira","twitter_card":"summary_large_image","twitter_misc":{"Escrito por":"Tarcisio Oliveira","Est. tempo de leitura":"2 minutos"},"schema":{"@context":"https:\/\/schema.org","@graph":[{"@type":"Article","@id":"https:\/\/www.pm.pb.gov.br\/portal\/2024\/10\/22\/preso-acusado-que-rompeu-tornozeleira-eletronica-ha-um-ano-e-que-andava-armado-em-joao-pessoa\/#article","isPartOf":{"@id":"https:\/\/www.pm.pb.gov.br\/portal\/2024\/10\/22\/preso-acusado-que-rompeu-tornozeleira-eletronica-ha-um-ano-e-que-andava-armado-em-joao-pessoa\/"},"author":{"name":"Tarcisio Oliveira","@id":"https:\/\/www.pm.pb.gov.br\/portal\/#\/schema\/person\/f84f56dcc78ce4357054da888b8247fd"},"headline":"Preso acusado que rompeu tornozeleira eletr\u00f4nica h\u00e1 um ano, e que andava armado em Jo\u00e3o Pessoa","datePublished":"2024-10-22T12:00:00+00:00","dateModified":"2024-10-22T15:13:37+00:00","mainEntityOfPage":{"@id":"https:\/\/www.pm.pb.gov.br\/portal\/2024\/10\/22\/preso-acusado-que-rompeu-tornozeleira-eletronica-ha-um-ano-e-que-andava-armado-em-joao-pessoa\/"},"wordCount":162,"publisher":{"@id":"https:\/\/www.pm.pb.gov.br\/portal\/#organization"},"articleSection":["A\u00e7\u00f5es Policiais"],"inLanguage":"pt-BR"},{"@type":"WebPage","@id":"https:\/\/www.pm.pb.gov.br\/portal\/2024\/10\/22\/preso-acusado-que-rompeu-tornozeleira-eletronica-ha-um-ano-e-que-andava-armado-em-joao-pessoa\/","url":"https:\/\/www.pm.pb.gov.br\/portal\/2024\/10\/22\/preso-acusado-que-rompeu-tornozeleira-eletronica-ha-um-ano-e-que-andava-armado-em-joao-pessoa\/","name":"Preso acusado que rompeu tornozeleira eletr\u00f4nica h\u00e1 um ano, e que andava armado em Jo\u00e3o Pessoa - Pol\u00edcia Militar da Para\u00edba","isPartOf":{"@id":"https:\/\/www.pm.pb.gov.br\/portal\/#website"},"datePublished":"2024-10-22T12:00:00+00:00","dateModified":"2024-10-22T15:13:37+00:00","description":"Apenado j\u00e1 respondia pelo crime de recepta\u00e7\u00e3o.","breadcrumb":{"@id":"https:\/\/www.pm.pb.gov.br\/portal\/2024\/10\/22\/preso-acusado-que-rompeu-tornozeleira-eletronica-ha-um-ano-e-que-andava-armado-em-joao-pessoa\/#breadcrumb"},"inLanguage":"pt-BR","potentialAction":[{"@type":"ReadAction","target":["https:\/\/www.pm.pb.gov.br\/portal\/2024\/10\/22\/preso-acusado-que-rompeu-tornozeleira-eletronica-ha-um-ano-e-que-andava-armado-em-joao-pessoa\/"]}]},{"@type":"BreadcrumbList","@id":"https:\/\/www.pm.pb.gov.br\/portal\/2024\/10\/22\/preso-acusado-que-rompeu-tornozeleira-eletronica-ha-um-ano-e-que-andava-armado-em-joao-pessoa\/#breadcrumb","itemListElement":[{"@type":"ListItem","position":1,"name":"In\u00edcio","item":"https:\/\/www.pm.pb.gov.br\/portal\/"},{"@type":"ListItem","position":2,"name":"Preso acusado que rompeu tornozeleira eletr\u00f4nica h\u00e1 um ano, e que andava armado em Jo\u00e3o Pessoa"}]},{"@type":"WebSite","@id":"https:\/\/www.pm.pb.gov.br\/portal\/#website","url":"https:\/\/www.pm.pb.gov.br\/portal\/","name":"Pol\u00edcia Militar da Para\u00edba","description":"","publisher":{"@id":"https:\/\/www.pm.pb.gov.br\/portal\/#organization"},"potentialAction":[{"@type":"SearchAction","target":{"@type":"EntryPoint","urlTemplate":"https:\/\/www.pm.pb.gov.br\/portal\/?s={search_term_string}"},"query-input":"required name=search_term_string"}],"inLanguage":"pt-BR"},{"@type":"Organization","@id":"https:\/\/www.pm.pb.gov.br\/portal\/#organization","name":"Pol\u00edcia Militar da Para\u00edba","url":"https:\/\/www.pm.pb.gov.br\/portal\/","logo":{"@type":"ImageObject","inLanguage":"pt-BR","@id":"https:\/\/www.pm.pb.gov.br\/portal\/#\/schema\/logo\/image\/","url":"https:\/\/www.pm.pb.gov.br\/portal\/wp-content\/uploads\/2025\/03\/cropped-logo-site-mag2-1.png","contentUrl":"https:\/\/www.pm.pb.gov.br\/portal\/wp-content\/uploads\/2025\/03\/cropped-logo-site-mag2-1.png","width":320,"height":90,"caption":"Pol\u00edcia Militar da Para\u00edba"},"image":{"@id":"https:\/\/www.pm.pb.gov.br\/portal\/#\/schema\/logo\/image\/"}},{"@type":"Person","@id":"https:\/\/www.pm.pb.gov.br\/portal\/#\/schema\/person\/f84f56dcc78ce4357054da888b8247fd","name":"Tarcisio Oliveira","image":{"@type":"ImageObject","inLanguage":"pt-BR","@id":"https:\/\/www.pm.pb.gov.br\/portal\/#\/schema\/person\/image\/","url":"https:\/\/secure.gravatar.com\/avatar\/72917b630b69d31cd0297507f34bac97?s=96&d=mm&r=g","contentUrl":"https:\/\/secure.gravatar.com\/avatar\/72917b630b69d31cd0297507f34bac97?s=96&d=mm&r=g","caption":"Tarcisio Oliveira"},"url":"https:\/\/www.pm.pb.gov.br\/portal\/author\/tarcisio\/"}]}},"_links":{"self":[{"href":"https:\/\/www.pm.pb.gov.br\/portal\/wp-json\/wp\/v2\/posts\/924495"}],"collection":[{"href":"https:\/\/www.pm.pb.gov.br\/portal\/wp-json\/wp\/v2\/posts"}],"about":[{"href":"https:\/\/www.pm.pb.gov.br\/portal\/wp-json\/wp\/v2\/types\/post"}],"author":[{"embeddable":true,"href":"https:\/\/www.pm.pb.gov.br\/portal\/wp-json\/wp\/v2\/users\/12"}],"replies":[{"embeddable":true,"href":"https:\/\/www.pm.pb.gov.br\/portal\/wp-json\/wp\/v2\/comments?post=924495"}],"version-history":[{"count":1,"href":"https:\/\/www.pm.pb.gov.br\/portal\/wp-json\/wp\/v2\/posts\/924495\/revisions"}],"predecessor-version":[{"id":924497,"href":"https:\/\/www.pm.pb.gov.br\/portal\/wp-json\/wp\/v2\/posts\/924495\/revisions\/924497"}],"wp:featuredmedia":[{"embeddable":true,"href":"https:\/\/www.pm.pb.gov.br\/portal\/wp-json\/wp\/v2\/media\/909499"}],"wp:attachment":[{"href":"https:\/\/www.pm.pb.gov.br\/portal\/wp-json\/wp\/v2\/media?parent=924495"}],"wp:term":[{"taxonomy":"category","embeddable":true,"href":"https:\/\/www.pm.pb.gov.br\/portal\/wp-json\/wp\/v2\/categories?post=924495"},{"taxonomy":"post_tag","embeddable":true,"href":"https:\/\/www.pm.pb.gov.br\/portal\/wp-json\/wp\/v2\/tags?post=924495"}],"curies":[{"name":"wp","href":"https:\/\/api.w.org\/{rel}","templated":true}]}}