{"id":924445,"date":"2024-10-21T12:51:33","date_gmt":"2024-10-21T15:51:33","guid":{"rendered":"https:\/\/www.pm.pb.gov.br\/portal\/?p=924445"},"modified":"2024-10-21T13:14:05","modified_gmt":"2024-10-21T16:14:05","slug":"integracao-das-inteligencias-das-policias-militares-do-brasil-e-de-outros-orgaos-avanca-no-combate-ao-crime","status":"publish","type":"post","link":"https:\/\/www.pm.pb.gov.br\/portal\/2024\/10\/21\/integracao-das-inteligencias-das-policias-militares-do-brasil-e-de-outros-orgaos-avanca-no-combate-ao-crime\/","title":{"rendered":"Integra\u00e7\u00e3o das intelig\u00eancias das Pol\u00edcias Militares do Brasil e de outros \u00f3rg\u00e3os avan\u00e7a no combate ao crime"},"content":{"rendered":"A C\u00e2mara T\u00e9cnica das Intelig\u00eancias das Pol\u00edcias Militares do Brasil tem sido a principal facilitadora da integra\u00e7\u00e3o entre este setor das corpora\u00e7\u00f5es e tamb\u00e9m com outros \u00f3rg\u00e3os estrat\u00e9gicos no combate ao crime, em todo pa\u00eds. Na semana passada, no Congresso Internacional de Opera\u00e7\u00f5es Policiais, que aconteceu em S\u00e3o Paulo, foi realizada uma reuni\u00e3o da C\u00e2mara T\u00e9cnica das Intelig\u00eancias, que avan\u00e7ou ainda mais nessa integra\u00e7\u00e3o.<br \/><br \/>O presidente do CNCG, Coronel C\u00e1ssio, e o presidente da C\u00e2mara T\u00e9cnica das Intelig\u00eancias das Pol\u00edcias Militares do Brasil, coronel Tib\u00e9rio, trataram sobre diversos temas com os participantes, que avaliaram como \u201cprodutivo e positivo\u201d o encontro.<br \/><br \/>O momento foi uma oportunidade para refor\u00e7ar essa integra\u00e7\u00e3o e articular com outros \u00f3rg\u00e3os estrat\u00e9gicos a produ\u00e7\u00e3o de conhecimento, que \u00e9 fundamental para o assessoramento mais eficaz nas tomadas das decis\u00f5es. Novas reuni\u00f5es devem acontecer neste sentido nos pr\u00f3ximos meses.","protected":false},"excerpt":{"rendered":"<p>A C\u00e2mara T\u00e9cnica das Intelig\u00eancias das Pol\u00edcias Militares do Brasil tem sido a principal facilitadora da integra\u00e7\u00e3o entre este setor<\/p>\n","protected":false},"author":18,"featured_media":924457,"comment_status":"closed","ping_status":"closed","sticky":false,"template":"","format":"standard","meta":{"_exactmetrics_skip_tracking":false,"_exactmetrics_sitenote_active":false,"_exactmetrics_sitenote_note":"","_exactmetrics_sitenote_category":0,"footnotes":""},"categories":[4],"tags":[],"yoast_head":"<!-- This site is optimized with the Yoast SEO plugin v22.0 - https:\/\/yoast.com\/wordpress\/plugins\/seo\/ -->\n<title>Integra\u00e7\u00e3o das intelig\u00eancias das Pol\u00edcias Militares do Brasil e de outros \u00f3rg\u00e3os avan\u00e7a no combate ao crime - Pol\u00edcia Militar da Para\u00edba<\/title>\n<meta name=\"robots\" content=\"index, follow, max-snippet:-1, max-image-preview:large, max-video-preview:-1\" \/>\n<link rel=\"canonical\" href=\"https:\/\/www.pm.pb.gov.br\/portal\/2024\/10\/21\/integracao-das-inteligencias-das-policias-militares-do-brasil-e-de-outros-orgaos-avanca-no-combate-ao-crime\/\" \/>\n<meta property=\"og:locale\" content=\"pt_BR\" \/>\n<meta property=\"og:type\" content=\"article\" \/>\n<meta property=\"og:title\" content=\"Integra\u00e7\u00e3o das intelig\u00eancias das Pol\u00edcias Militares do Brasil e de outros \u00f3rg\u00e3os avan\u00e7a no combate ao crime - Pol\u00edcia Militar da Para\u00edba\" \/>\n<meta property=\"og:description\" content=\"A C\u00e2mara T\u00e9cnica das Intelig\u00eancias das Pol\u00edcias Militares do Brasil tem sido a principal facilitadora da integra\u00e7\u00e3o entre este setor\" \/>\n<meta property=\"og:url\" content=\"https:\/\/www.pm.pb.gov.br\/portal\/2024\/10\/21\/integracao-das-inteligencias-das-policias-militares-do-brasil-e-de-outros-orgaos-avanca-no-combate-ao-crime\/\" \/>\n<meta property=\"og:site_name\" content=\"Pol\u00edcia Militar da Para\u00edba\" \/>\n<meta property=\"article:published_time\" content=\"2024-10-21T15:51:33+00:00\" \/>\n<meta property=\"article:modified_time\" content=\"2024-10-21T16:14:05+00:00\" \/>\n<meta property=\"og:image\" content=\"https:\/\/www.pm.pb.gov.br\/portal\/wp-content\/uploads\/2024\/10\/WhatsApp-Image-2024-10-21-at-9.47.28-AM.jpeg\" \/>\n\t<meta property=\"og:image:width\" content=\"1260\" \/>\n\t<meta property=\"og:image:height\" content=\"1011\" \/>\n\t<meta property=\"og:image:type\" content=\"image\/jpeg\" \/>\n<meta name=\"author\" content=\"Luiz Duarte\" \/>\n<meta name=\"twitter:card\" content=\"summary_large_image\" \/>\n<meta name=\"twitter:label1\" content=\"Escrito por\" \/>\n\t<meta name=\"twitter:data1\" content=\"Luiz Duarte\" \/>\n\t<meta name=\"twitter:label2\" content=\"Est. tempo de leitura\" \/>\n\t<meta name=\"twitter:data2\" content=\"1 minuto\" \/>\n<script type=\"application\/ld+json\" class=\"yoast-schema-graph\">{\"@context\":\"https:\/\/schema.org\",\"@graph\":[{\"@type\":\"Article\",\"@id\":\"https:\/\/www.pm.pb.gov.br\/portal\/2024\/10\/21\/integracao-das-inteligencias-das-policias-militares-do-brasil-e-de-outros-orgaos-avanca-no-combate-ao-crime\/#article\",\"isPartOf\":{\"@id\":\"https:\/\/www.pm.pb.gov.br\/portal\/2024\/10\/21\/integracao-das-inteligencias-das-policias-militares-do-brasil-e-de-outros-orgaos-avanca-no-combate-ao-crime\/\"},\"author\":{\"name\":\"Luiz Duarte\",\"@id\":\"https:\/\/www.pm.pb.gov.br\/portal\/#\/schema\/person\/89dd009e2523c97adf8def1d6cf90ca1\"},\"headline\":\"Integra\u00e7\u00e3o das intelig\u00eancias das Pol\u00edcias Militares do Brasil e de outros \u00f3rg\u00e3os avan\u00e7a no combate ao crime\",\"datePublished\":\"2024-10-21T15:51:33+00:00\",\"dateModified\":\"2024-10-21T16:14:05+00:00\",\"mainEntityOfPage\":{\"@id\":\"https:\/\/www.pm.pb.gov.br\/portal\/2024\/10\/21\/integracao-das-inteligencias-das-policias-militares-do-brasil-e-de-outros-orgaos-avanca-no-combate-ao-crime\/\"},\"wordCount\":193,\"publisher\":{\"@id\":\"https:\/\/www.pm.pb.gov.br\/portal\/#organization\"},\"articleSection\":[\"A\u00e7\u00f5es Policiais\"],\"inLanguage\":\"pt-BR\"},{\"@type\":\"WebPage\",\"@id\":\"https:\/\/www.pm.pb.gov.br\/portal\/2024\/10\/21\/integracao-das-inteligencias-das-policias-militares-do-brasil-e-de-outros-orgaos-avanca-no-combate-ao-crime\/\",\"url\":\"https:\/\/www.pm.pb.gov.br\/portal\/2024\/10\/21\/integracao-das-inteligencias-das-policias-militares-do-brasil-e-de-outros-orgaos-avanca-no-combate-ao-crime\/\",\"name\":\"Integra\u00e7\u00e3o das intelig\u00eancias das Pol\u00edcias Militares do Brasil e de outros \u00f3rg\u00e3os avan\u00e7a no combate ao crime - Pol\u00edcia Militar da Para\u00edba\",\"isPartOf\":{\"@id\":\"https:\/\/www.pm.pb.gov.br\/portal\/#website\"},\"datePublished\":\"2024-10-21T15:51:33+00:00\",\"dateModified\":\"2024-10-21T16:14:05+00:00\",\"breadcrumb\":{\"@id\":\"https:\/\/www.pm.pb.gov.br\/portal\/2024\/10\/21\/integracao-das-inteligencias-das-policias-militares-do-brasil-e-de-outros-orgaos-avanca-no-combate-ao-crime\/#breadcrumb\"},\"inLanguage\":\"pt-BR\",\"potentialAction\":[{\"@type\":\"ReadAction\",\"target\":[\"https:\/\/www.pm.pb.gov.br\/portal\/2024\/10\/21\/integracao-das-inteligencias-das-policias-militares-do-brasil-e-de-outros-orgaos-avanca-no-combate-ao-crime\/\"]}]},{\"@type\":\"BreadcrumbList\",\"@id\":\"https:\/\/www.pm.pb.gov.br\/portal\/2024\/10\/21\/integracao-das-inteligencias-das-policias-militares-do-brasil-e-de-outros-orgaos-avanca-no-combate-ao-crime\/#breadcrumb\",\"itemListElement\":[{\"@type\":\"ListItem\",\"position\":1,\"name\":\"In\u00edcio\",\"item\":\"https:\/\/www.pm.pb.gov.br\/portal\/\"},{\"@type\":\"ListItem\",\"position\":2,\"name\":\"Integra\u00e7\u00e3o das intelig\u00eancias das Pol\u00edcias Militares do Brasil e de outros \u00f3rg\u00e3os avan\u00e7a no combate ao crime\"}]},{\"@type\":\"WebSite\",\"@id\":\"https:\/\/www.pm.pb.gov.br\/portal\/#website\",\"url\":\"https:\/\/www.pm.pb.gov.br\/portal\/\",\"name\":\"Pol\u00edcia Militar da Para\u00edba\",\"description\":\"\",\"publisher\":{\"@id\":\"https:\/\/www.pm.pb.gov.br\/portal\/#organization\"},\"potentialAction\":[{\"@type\":\"SearchAction\",\"target\":{\"@type\":\"EntryPoint\",\"urlTemplate\":\"https:\/\/www.pm.pb.gov.br\/portal\/?s={search_term_string}\"},\"query-input\":\"required name=search_term_string\"}],\"inLanguage\":\"pt-BR\"},{\"@type\":\"Organization\",\"@id\":\"https:\/\/www.pm.pb.gov.br\/portal\/#organization\",\"name\":\"Pol\u00edcia Militar da Para\u00edba\",\"url\":\"https:\/\/www.pm.pb.gov.br\/portal\/\",\"logo\":{\"@type\":\"ImageObject\",\"inLanguage\":\"pt-BR\",\"@id\":\"https:\/\/www.pm.pb.gov.br\/portal\/#\/schema\/logo\/image\/\",\"url\":\"https:\/\/www.pm.pb.gov.br\/portal\/wp-content\/uploads\/2025\/03\/cropped-logo-site-mag2-1.png\",\"contentUrl\":\"https:\/\/www.pm.pb.gov.br\/portal\/wp-content\/uploads\/2025\/03\/cropped-logo-site-mag2-1.png\",\"width\":320,\"height\":90,\"caption\":\"Pol\u00edcia Militar da Para\u00edba\"},\"image\":{\"@id\":\"https:\/\/www.pm.pb.gov.br\/portal\/#\/schema\/logo\/image\/\"}},{\"@type\":\"Person\",\"@id\":\"https:\/\/www.pm.pb.gov.br\/portal\/#\/schema\/person\/89dd009e2523c97adf8def1d6cf90ca1\",\"name\":\"Luiz Duarte\",\"image\":{\"@type\":\"ImageObject\",\"inLanguage\":\"pt-BR\",\"@id\":\"https:\/\/www.pm.pb.gov.br\/portal\/#\/schema\/person\/image\/\",\"url\":\"https:\/\/secure.gravatar.com\/avatar\/ce5539b97246ef4d24dd039a3f64145b?s=96&d=mm&r=g\",\"contentUrl\":\"https:\/\/secure.gravatar.com\/avatar\/ce5539b97246ef4d24dd039a3f64145b?s=96&d=mm&r=g\",\"caption\":\"Luiz Duarte\"},\"url\":\"https:\/\/www.pm.pb.gov.br\/portal\/author\/luiz\/\"}]}<\/script>\n<!-- \/ Yoast SEO plugin. -->","yoast_head_json":{"title":"Integra\u00e7\u00e3o das intelig\u00eancias das Pol\u00edcias Militares do Brasil e de outros \u00f3rg\u00e3os avan\u00e7a no combate ao crime - Pol\u00edcia Militar da Para\u00edba","robots":{"index":"index","follow":"follow","max-snippet":"max-snippet:-1","max-image-preview":"max-image-preview:large","max-video-preview":"max-video-preview:-1"},"canonical":"https:\/\/www.pm.pb.gov.br\/portal\/2024\/10\/21\/integracao-das-inteligencias-das-policias-militares-do-brasil-e-de-outros-orgaos-avanca-no-combate-ao-crime\/","og_locale":"pt_BR","og_type":"article","og_title":"Integra\u00e7\u00e3o das intelig\u00eancias das Pol\u00edcias Militares do Brasil e de outros \u00f3rg\u00e3os avan\u00e7a no combate ao crime - Pol\u00edcia Militar da Para\u00edba","og_description":"A C\u00e2mara T\u00e9cnica das Intelig\u00eancias das Pol\u00edcias Militares do Brasil tem sido a principal facilitadora da integra\u00e7\u00e3o entre este setor","og_url":"https:\/\/www.pm.pb.gov.br\/portal\/2024\/10\/21\/integracao-das-inteligencias-das-policias-militares-do-brasil-e-de-outros-orgaos-avanca-no-combate-ao-crime\/","og_site_name":"Pol\u00edcia Militar da Para\u00edba","article_published_time":"2024-10-21T15:51:33+00:00","article_modified_time":"2024-10-21T16:14:05+00:00","og_image":[{"width":1260,"height":1011,"url":"https:\/\/www.pm.pb.gov.br\/portal\/wp-content\/uploads\/2024\/10\/WhatsApp-Image-2024-10-21-at-9.47.28-AM.jpeg","type":"image\/jpeg"}],"author":"Luiz Duarte","twitter_card":"summary_large_image","twitter_misc":{"Escrito por":"Luiz Duarte","Est. tempo de leitura":"1 minuto"},"schema":{"@context":"https:\/\/schema.org","@graph":[{"@type":"Article","@id":"https:\/\/www.pm.pb.gov.br\/portal\/2024\/10\/21\/integracao-das-inteligencias-das-policias-militares-do-brasil-e-de-outros-orgaos-avanca-no-combate-ao-crime\/#article","isPartOf":{"@id":"https:\/\/www.pm.pb.gov.br\/portal\/2024\/10\/21\/integracao-das-inteligencias-das-policias-militares-do-brasil-e-de-outros-orgaos-avanca-no-combate-ao-crime\/"},"author":{"name":"Luiz Duarte","@id":"https:\/\/www.pm.pb.gov.br\/portal\/#\/schema\/person\/89dd009e2523c97adf8def1d6cf90ca1"},"headline":"Integra\u00e7\u00e3o das intelig\u00eancias das Pol\u00edcias Militares do Brasil e de outros \u00f3rg\u00e3os avan\u00e7a no combate ao crime","datePublished":"2024-10-21T15:51:33+00:00","dateModified":"2024-10-21T16:14:05+00:00","mainEntityOfPage":{"@id":"https:\/\/www.pm.pb.gov.br\/portal\/2024\/10\/21\/integracao-das-inteligencias-das-policias-militares-do-brasil-e-de-outros-orgaos-avanca-no-combate-ao-crime\/"},"wordCount":193,"publisher":{"@id":"https:\/\/www.pm.pb.gov.br\/portal\/#organization"},"articleSection":["A\u00e7\u00f5es Policiais"],"inLanguage":"pt-BR"},{"@type":"WebPage","@id":"https:\/\/www.pm.pb.gov.br\/portal\/2024\/10\/21\/integracao-das-inteligencias-das-policias-militares-do-brasil-e-de-outros-orgaos-avanca-no-combate-ao-crime\/","url":"https:\/\/www.pm.pb.gov.br\/portal\/2024\/10\/21\/integracao-das-inteligencias-das-policias-militares-do-brasil-e-de-outros-orgaos-avanca-no-combate-ao-crime\/","name":"Integra\u00e7\u00e3o das intelig\u00eancias das Pol\u00edcias Militares do Brasil e de outros \u00f3rg\u00e3os avan\u00e7a no combate ao crime - Pol\u00edcia Militar da Para\u00edba","isPartOf":{"@id":"https:\/\/www.pm.pb.gov.br\/portal\/#website"},"datePublished":"2024-10-21T15:51:33+00:00","dateModified":"2024-10-21T16:14:05+00:00","breadcrumb":{"@id":"https:\/\/www.pm.pb.gov.br\/portal\/2024\/10\/21\/integracao-das-inteligencias-das-policias-militares-do-brasil-e-de-outros-orgaos-avanca-no-combate-ao-crime\/#breadcrumb"},"inLanguage":"pt-BR","potentialAction":[{"@type":"ReadAction","target":["https:\/\/www.pm.pb.gov.br\/portal\/2024\/10\/21\/integracao-das-inteligencias-das-policias-militares-do-brasil-e-de-outros-orgaos-avanca-no-combate-ao-crime\/"]}]},{"@type":"BreadcrumbList","@id":"https:\/\/www.pm.pb.gov.br\/portal\/2024\/10\/21\/integracao-das-inteligencias-das-policias-militares-do-brasil-e-de-outros-orgaos-avanca-no-combate-ao-crime\/#breadcrumb","itemListElement":[{"@type":"ListItem","position":1,"name":"In\u00edcio","item":"https:\/\/www.pm.pb.gov.br\/portal\/"},{"@type":"ListItem","position":2,"name":"Integra\u00e7\u00e3o das intelig\u00eancias das Pol\u00edcias Militares do Brasil e de outros \u00f3rg\u00e3os avan\u00e7a no combate ao crime"}]},{"@type":"WebSite","@id":"https:\/\/www.pm.pb.gov.br\/portal\/#website","url":"https:\/\/www.pm.pb.gov.br\/portal\/","name":"Pol\u00edcia Militar da Para\u00edba","description":"","publisher":{"@id":"https:\/\/www.pm.pb.gov.br\/portal\/#organization"},"potentialAction":[{"@type":"SearchAction","target":{"@type":"EntryPoint","urlTemplate":"https:\/\/www.pm.pb.gov.br\/portal\/?s={search_term_string}"},"query-input":"required name=search_term_string"}],"inLanguage":"pt-BR"},{"@type":"Organization","@id":"https:\/\/www.pm.pb.gov.br\/portal\/#organization","name":"Pol\u00edcia Militar da Para\u00edba","url":"https:\/\/www.pm.pb.gov.br\/portal\/","logo":{"@type":"ImageObject","inLanguage":"pt-BR","@id":"https:\/\/www.pm.pb.gov.br\/portal\/#\/schema\/logo\/image\/","url":"https:\/\/www.pm.pb.gov.br\/portal\/wp-content\/uploads\/2025\/03\/cropped-logo-site-mag2-1.png","contentUrl":"https:\/\/www.pm.pb.gov.br\/portal\/wp-content\/uploads\/2025\/03\/cropped-logo-site-mag2-1.png","width":320,"height":90,"caption":"Pol\u00edcia Militar da Para\u00edba"},"image":{"@id":"https:\/\/www.pm.pb.gov.br\/portal\/#\/schema\/logo\/image\/"}},{"@type":"Person","@id":"https:\/\/www.pm.pb.gov.br\/portal\/#\/schema\/person\/89dd009e2523c97adf8def1d6cf90ca1","name":"Luiz Duarte","image":{"@type":"ImageObject","inLanguage":"pt-BR","@id":"https:\/\/www.pm.pb.gov.br\/portal\/#\/schema\/person\/image\/","url":"https:\/\/secure.gravatar.com\/avatar\/ce5539b97246ef4d24dd039a3f64145b?s=96&d=mm&r=g","contentUrl":"https:\/\/secure.gravatar.com\/avatar\/ce5539b97246ef4d24dd039a3f64145b?s=96&d=mm&r=g","caption":"Luiz Duarte"},"url":"https:\/\/www.pm.pb.gov.br\/portal\/author\/luiz\/"}]}},"_links":{"self":[{"href":"https:\/\/www.pm.pb.gov.br\/portal\/wp-json\/wp\/v2\/posts\/924445"}],"collection":[{"href":"https:\/\/www.pm.pb.gov.br\/portal\/wp-json\/wp\/v2\/posts"}],"about":[{"href":"https:\/\/www.pm.pb.gov.br\/portal\/wp-json\/wp\/v2\/types\/post"}],"author":[{"embeddable":true,"href":"https:\/\/www.pm.pb.gov.br\/portal\/wp-json\/wp\/v2\/users\/18"}],"replies":[{"embeddable":true,"href":"https:\/\/www.pm.pb.gov.br\/portal\/wp-json\/wp\/v2\/comments?post=924445"}],"version-history":[{"count":3,"href":"https:\/\/www.pm.pb.gov.br\/portal\/wp-json\/wp\/v2\/posts\/924445\/revisions"}],"predecessor-version":[{"id":924459,"href":"https:\/\/www.pm.pb.gov.br\/portal\/wp-json\/wp\/v2\/posts\/924445\/revisions\/924459"}],"wp:featuredmedia":[{"embeddable":true,"href":"https:\/\/www.pm.pb.gov.br\/portal\/wp-json\/wp\/v2\/media\/924457"}],"wp:attachment":[{"href":"https:\/\/www.pm.pb.gov.br\/portal\/wp-json\/wp\/v2\/media?parent=924445"}],"wp:term":[{"taxonomy":"category","embeddable":true,"href":"https:\/\/www.pm.pb.gov.br\/portal\/wp-json\/wp\/v2\/categories?post=924445"},{"taxonomy":"post_tag","embeddable":true,"href":"https:\/\/www.pm.pb.gov.br\/portal\/wp-json\/wp\/v2\/tags?post=924445"}],"curies":[{"name":"wp","href":"https:\/\/api.w.org\/{rel}","templated":true}]}}