{"id":924418,"date":"2024-10-18T11:49:19","date_gmt":"2024-10-18T14:49:19","guid":{"rendered":"https:\/\/www.pm.pb.gov.br\/portal\/?p=924418"},"modified":"2024-10-18T11:49:21","modified_gmt":"2024-10-18T14:49:21","slug":"forca-total-operacao-reforca-acoes-preventivas-apreende-armas-e-captura-foragidos-na-paraiba","status":"publish","type":"post","link":"https:\/\/www.pm.pb.gov.br\/portal\/2024\/10\/18\/forca-total-operacao-reforca-acoes-preventivas-apreende-armas-e-captura-foragidos-na-paraiba\/","title":{"rendered":"FOR\u00c7A TOTAL: Opera\u00e7\u00e3o refor\u00e7a a\u00e7\u00f5es preventivas, apreende armas e captura foragidos na Para\u00edba"},"content":{"rendered":"\n<p>A 8\u00aa edi\u00e7\u00e3o da Opera\u00e7\u00e3o For\u00e7a Total, realizado nacionalmente pelas Pol\u00edcias Militares do pa\u00eds, j\u00e1 prendeu e apreendeu 34 pessoas acusadas de crimes, atos infracionais, ou que estavam com mandados de pris\u00e3o em aberto. O dado foi divulgado pelo Estado-Maior Estrat\u00e9gico da PMPB, na manh\u00e3 desta sexta-feira (18), e traz uma parcial da Opera\u00e7\u00e3o iniciada ontem (17).<\/p>\n<p>As principais a\u00e7\u00f5es policiais s\u00e3o de car\u00e1ter preventivo, e de intensifica\u00e7\u00e3o de abordagens e rondas em locais apontados pela estat\u00edstica e Intelig\u00eancia. De quinta at\u00e9 o in\u00edcio desta manh\u00e3 de sexta-feira, tr\u00eas armas de fogo foram apreendidas, cinco mandados de pris\u00e3o foram cumpridos e 20 adultos foram presos em flagrante. Al\u00e9m disso, diversas por\u00e7\u00f5es de drogas foram apreendidas, e pelo menos dois ve\u00edculos que haviam sido roubados foram recuperados.<\/p>\n<p><img loading=\"lazy\" decoding=\"async\" class=\" wp-image-924420 aligncenter\" src=\"http:\/\/www.pm.pb.gov.br\/portal\/wp-content\/uploads\/2024\/10\/WhatsApp-Image-2024-10-17-at-23.26.48-791x445.jpeg\" alt=\"\" width=\"709\" height=\"399\" srcset=\"https:\/\/www.pm.pb.gov.br\/portal\/wp-content\/uploads\/2024\/10\/WhatsApp-Image-2024-10-17-at-23.26.48-791x445.jpeg 791w, https:\/\/www.pm.pb.gov.br\/portal\/wp-content\/uploads\/2024\/10\/WhatsApp-Image-2024-10-17-at-23.26.48-1013x570.jpeg 1013w, https:\/\/www.pm.pb.gov.br\/portal\/wp-content\/uploads\/2024\/10\/WhatsApp-Image-2024-10-17-at-23.26.48-768x432.jpeg 768w, https:\/\/www.pm.pb.gov.br\/portal\/wp-content\/uploads\/2024\/10\/WhatsApp-Image-2024-10-17-at-23.26.48-1536x864.jpeg 1536w, https:\/\/www.pm.pb.gov.br\/portal\/wp-content\/uploads\/2024\/10\/WhatsApp-Image-2024-10-17-at-23.26.48.jpeg 1600w\" sizes=\"(max-width: 709px) 100vw, 709px\" \/><\/p>\n<p><img loading=\"lazy\" decoding=\"async\" class=\"size-medium wp-image-924421 aligncenter\" src=\"http:\/\/www.pm.pb.gov.br\/portal\/wp-content\/uploads\/2024\/10\/WhatsApp-Image-2024-10-17-at-19.21.21-603x445.jpeg\" alt=\"\" width=\"603\" height=\"445\" srcset=\"https:\/\/www.pm.pb.gov.br\/portal\/wp-content\/uploads\/2024\/10\/WhatsApp-Image-2024-10-17-at-19.21.21-603x445.jpeg 603w, https:\/\/www.pm.pb.gov.br\/portal\/wp-content\/uploads\/2024\/10\/WhatsApp-Image-2024-10-17-at-19.21.21-772x570.jpeg 772w, https:\/\/www.pm.pb.gov.br\/portal\/wp-content\/uploads\/2024\/10\/WhatsApp-Image-2024-10-17-at-19.21.21-768x567.jpeg 768w, https:\/\/www.pm.pb.gov.br\/portal\/wp-content\/uploads\/2024\/10\/WhatsApp-Image-2024-10-17-at-19.21.21.jpeg 1200w\" sizes=\"(max-width: 603px) 100vw, 603px\" \/><\/p>\n<p>Em toda a Para\u00edba, as ocorr\u00eancias principais aconteceram nas cidades de Jo\u00e3o Pessoa, Bayeux, Campina Grande, Araruna, Patos, Cajazeiras, Princesa Isabel e Pianc\u00f3, prendendo acusados de tr\u00e1fico, roubo, quebra de regime prisional, porte ilegal de arma de fogo, mandados de pris\u00e3o, entre outros delitos.<\/p>\n<p>A 8\u00aa edi\u00e7\u00e3o da Opera\u00e7\u00e3o For\u00e7a Total foi deflagrada na madrugada da \u00faltima quinta-feira (17) e segue at\u00e9 a noite desta sexta, com atua\u00e7\u00e3o simult\u00e2nea das diversas Pol\u00edcias Militares do pa\u00eds, intensificando as a\u00e7\u00f5es preventivas e de combate \u00e0 criminalidade. A Opera\u00e7\u00e3o \u00e9 uma iniciativa do Conselho Nacional de Comandantes Gerais das Policiais Militares do Pa\u00eds.<\/p>\n<p><img loading=\"lazy\" decoding=\"async\" class=\"size-medium wp-image-924422 aligncenter\" src=\"http:\/\/www.pm.pb.gov.br\/portal\/wp-content\/uploads\/2024\/10\/WhatsApp-Image-2024-10-17-at-11.01.05-585x445.jpeg\" alt=\"\" width=\"585\" height=\"445\" srcset=\"https:\/\/www.pm.pb.gov.br\/portal\/wp-content\/uploads\/2024\/10\/WhatsApp-Image-2024-10-17-at-11.01.05-585x445.jpeg 585w, https:\/\/www.pm.pb.gov.br\/portal\/wp-content\/uploads\/2024\/10\/WhatsApp-Image-2024-10-17-at-11.01.05-750x570.jpeg 750w, https:\/\/www.pm.pb.gov.br\/portal\/wp-content\/uploads\/2024\/10\/WhatsApp-Image-2024-10-17-at-11.01.05-768x584.jpeg 768w, https:\/\/www.pm.pb.gov.br\/portal\/wp-content\/uploads\/2024\/10\/WhatsApp-Image-2024-10-17-at-11.01.05.jpeg 960w\" sizes=\"(max-width: 585px) 100vw, 585px\" \/><\/p>\n<p><img loading=\"lazy\" decoding=\"async\" class=\" wp-image-924423 aligncenter\" src=\"http:\/\/www.pm.pb.gov.br\/portal\/wp-content\/uploads\/2024\/10\/WhatsApp-Image-2024-10-18-at-10.55.46-AM-791x445.jpeg\" alt=\"\" width=\"716\" height=\"403\" srcset=\"https:\/\/www.pm.pb.gov.br\/portal\/wp-content\/uploads\/2024\/10\/WhatsApp-Image-2024-10-18-at-10.55.46-AM-791x445.jpeg 791w, https:\/\/www.pm.pb.gov.br\/portal\/wp-content\/uploads\/2024\/10\/WhatsApp-Image-2024-10-18-at-10.55.46-AM-1013x570.jpeg 1013w, https:\/\/www.pm.pb.gov.br\/portal\/wp-content\/uploads\/2024\/10\/WhatsApp-Image-2024-10-18-at-10.55.46-AM-768x432.jpeg 768w, https:\/\/www.pm.pb.gov.br\/portal\/wp-content\/uploads\/2024\/10\/WhatsApp-Image-2024-10-18-at-10.55.46-AM-1536x864.jpeg 1536w, https:\/\/www.pm.pb.gov.br\/portal\/wp-content\/uploads\/2024\/10\/WhatsApp-Image-2024-10-18-at-10.55.46-AM.jpeg 1600w\" sizes=\"(max-width: 716px) 100vw, 716px\" \/><\/p>\n<p><strong>Destaque \u2013<\/strong> Na regi\u00e3o da Beira da Linha, em Bayeux, um homem fugiu ao perceber a chegada da 1\u00aa Companhia de Pol\u00edcia Rodovi\u00e1ria (1\u00aa CPRv), abandonando uma espingarda calibre 12 e dois tabletes de subst\u00e2ncia an\u00e1loga \u00e0 maconha (foto acima principal). A suspeita \u00e9 que o material seria usado para atividades do tr\u00e1fico e de grupos criminosos. A ocorr\u00eancia aconteceu na tarde da quinta-feira, e foi encaminhada para a Cidade da Pol\u00edcia Civil para a devida autua\u00e7\u00e3o.<\/p>\n\n\n\n\n","protected":false},"excerpt":{"rendered":"<p>A 8\u00aa edi\u00e7\u00e3o da Opera\u00e7\u00e3o For\u00e7a Total, realizado nacionalmente pelas Pol\u00edcias Militares do pa\u00eds, j\u00e1 prendeu e apreendeu 34 pessoas<\/p>\n","protected":false},"author":5,"featured_media":924419,"comment_status":"closed","ping_status":"closed","sticky":false,"template":"","format":"standard","meta":{"_exactmetrics_skip_tracking":false,"_exactmetrics_sitenote_active":false,"_exactmetrics_sitenote_note":"","_exactmetrics_sitenote_category":0,"footnotes":""},"categories":[4],"tags":[],"yoast_head":"<!-- This site is optimized with the Yoast SEO plugin v22.0 - https:\/\/yoast.com\/wordpress\/plugins\/seo\/ -->\n<title>FOR\u00c7A TOTAL: Opera\u00e7\u00e3o refor\u00e7a a\u00e7\u00f5es preventivas, apreende armas e captura foragidos na Para\u00edba - Pol\u00edcia Militar da Para\u00edba<\/title>\n<meta name=\"description\" content=\"A 8\u00aa edi\u00e7\u00e3o da Opera\u00e7\u00e3o For\u00e7a Total foi deflagrada na madrugada da \u00faltima quinta-feira (17) e segue at\u00e9 a noite desta sexta, com atua\u00e7\u00e3o simult\u00e2nea das diversas Pol\u00edcias Militares do pa\u00eds.\" \/>\n<meta name=\"robots\" content=\"index, follow, max-snippet:-1, max-image-preview:large, max-video-preview:-1\" \/>\n<link rel=\"canonical\" href=\"https:\/\/www.pm.pb.gov.br\/portal\/2024\/10\/18\/forca-total-operacao-reforca-acoes-preventivas-apreende-armas-e-captura-foragidos-na-paraiba\/\" \/>\n<meta property=\"og:locale\" content=\"pt_BR\" \/>\n<meta property=\"og:type\" content=\"article\" \/>\n<meta property=\"og:title\" content=\"FOR\u00c7A TOTAL: Opera\u00e7\u00e3o refor\u00e7a a\u00e7\u00f5es preventivas, apreende armas e captura foragidos na Para\u00edba - Pol\u00edcia Militar da Para\u00edba\" \/>\n<meta property=\"og:description\" content=\"A 8\u00aa edi\u00e7\u00e3o da Opera\u00e7\u00e3o For\u00e7a Total foi deflagrada na madrugada da \u00faltima quinta-feira (17) e segue at\u00e9 a noite desta sexta, com atua\u00e7\u00e3o simult\u00e2nea das diversas Pol\u00edcias Militares do pa\u00eds.\" \/>\n<meta property=\"og:url\" content=\"https:\/\/www.pm.pb.gov.br\/portal\/2024\/10\/18\/forca-total-operacao-reforca-acoes-preventivas-apreende-armas-e-captura-foragidos-na-paraiba\/\" \/>\n<meta property=\"og:site_name\" content=\"Pol\u00edcia Militar da Para\u00edba\" \/>\n<meta property=\"article:published_time\" content=\"2024-10-18T14:49:19+00:00\" \/>\n<meta property=\"article:modified_time\" content=\"2024-10-18T14:49:21+00:00\" \/>\n<meta property=\"og:image\" content=\"http:\/\/www.pm.pb.gov.br\/portal\/wp-content\/uploads\/2024\/10\/forcatotal.jpeg\" \/>\n\t<meta property=\"og:image:width\" content=\"800\" \/>\n\t<meta property=\"og:image:height\" content=\"446\" \/>\n\t<meta property=\"og:image:type\" content=\"image\/jpeg\" \/>\n<meta name=\"author\" content=\"Assessoria de Imprensa da PMPB\" \/>\n<meta name=\"twitter:card\" content=\"summary_large_image\" \/>\n<meta name=\"twitter:label1\" content=\"Escrito por\" \/>\n\t<meta name=\"twitter:data1\" content=\"Assessoria de Imprensa da PMPB\" \/>\n\t<meta name=\"twitter:label2\" content=\"Est. tempo de leitura\" \/>\n\t<meta name=\"twitter:data2\" content=\"3 minutos\" \/>\n<script type=\"application\/ld+json\" class=\"yoast-schema-graph\">{\"@context\":\"https:\/\/schema.org\",\"@graph\":[{\"@type\":\"Article\",\"@id\":\"https:\/\/www.pm.pb.gov.br\/portal\/2024\/10\/18\/forca-total-operacao-reforca-acoes-preventivas-apreende-armas-e-captura-foragidos-na-paraiba\/#article\",\"isPartOf\":{\"@id\":\"https:\/\/www.pm.pb.gov.br\/portal\/2024\/10\/18\/forca-total-operacao-reforca-acoes-preventivas-apreende-armas-e-captura-foragidos-na-paraiba\/\"},\"author\":{\"name\":\"Assessoria de Imprensa da PMPB\",\"@id\":\"https:\/\/www.pm.pb.gov.br\/portal\/#\/schema\/person\/e8454f46651c3ecf0e1ba3c1666d9947\"},\"headline\":\"FOR\u00c7A TOTAL: Opera\u00e7\u00e3o refor\u00e7a a\u00e7\u00f5es preventivas, apreende armas e captura foragidos na Para\u00edba\",\"datePublished\":\"2024-10-18T14:49:19+00:00\",\"dateModified\":\"2024-10-18T14:49:21+00:00\",\"mainEntityOfPage\":{\"@id\":\"https:\/\/www.pm.pb.gov.br\/portal\/2024\/10\/18\/forca-total-operacao-reforca-acoes-preventivas-apreende-armas-e-captura-foragidos-na-paraiba\/\"},\"wordCount\":350,\"publisher\":{\"@id\":\"https:\/\/www.pm.pb.gov.br\/portal\/#organization\"},\"articleSection\":[\"A\u00e7\u00f5es Policiais\"],\"inLanguage\":\"pt-BR\"},{\"@type\":\"WebPage\",\"@id\":\"https:\/\/www.pm.pb.gov.br\/portal\/2024\/10\/18\/forca-total-operacao-reforca-acoes-preventivas-apreende-armas-e-captura-foragidos-na-paraiba\/\",\"url\":\"https:\/\/www.pm.pb.gov.br\/portal\/2024\/10\/18\/forca-total-operacao-reforca-acoes-preventivas-apreende-armas-e-captura-foragidos-na-paraiba\/\",\"name\":\"FOR\u00c7A TOTAL: Opera\u00e7\u00e3o refor\u00e7a a\u00e7\u00f5es preventivas, apreende armas e captura foragidos na Para\u00edba - Pol\u00edcia Militar da Para\u00edba\",\"isPartOf\":{\"@id\":\"https:\/\/www.pm.pb.gov.br\/portal\/#website\"},\"datePublished\":\"2024-10-18T14:49:19+00:00\",\"dateModified\":\"2024-10-18T14:49:21+00:00\",\"description\":\"A 8\u00aa edi\u00e7\u00e3o da Opera\u00e7\u00e3o For\u00e7a Total foi deflagrada na madrugada da \u00faltima quinta-feira (17) e segue at\u00e9 a noite desta sexta, com atua\u00e7\u00e3o simult\u00e2nea das diversas Pol\u00edcias Militares do pa\u00eds.\",\"breadcrumb\":{\"@id\":\"https:\/\/www.pm.pb.gov.br\/portal\/2024\/10\/18\/forca-total-operacao-reforca-acoes-preventivas-apreende-armas-e-captura-foragidos-na-paraiba\/#breadcrumb\"},\"inLanguage\":\"pt-BR\",\"potentialAction\":[{\"@type\":\"ReadAction\",\"target\":[\"https:\/\/www.pm.pb.gov.br\/portal\/2024\/10\/18\/forca-total-operacao-reforca-acoes-preventivas-apreende-armas-e-captura-foragidos-na-paraiba\/\"]}]},{\"@type\":\"BreadcrumbList\",\"@id\":\"https:\/\/www.pm.pb.gov.br\/portal\/2024\/10\/18\/forca-total-operacao-reforca-acoes-preventivas-apreende-armas-e-captura-foragidos-na-paraiba\/#breadcrumb\",\"itemListElement\":[{\"@type\":\"ListItem\",\"position\":1,\"name\":\"In\u00edcio\",\"item\":\"https:\/\/www.pm.pb.gov.br\/portal\/\"},{\"@type\":\"ListItem\",\"position\":2,\"name\":\"FOR\u00c7A TOTAL: Opera\u00e7\u00e3o refor\u00e7a a\u00e7\u00f5es preventivas, apreende armas e captura foragidos na Para\u00edba\"}]},{\"@type\":\"WebSite\",\"@id\":\"https:\/\/www.pm.pb.gov.br\/portal\/#website\",\"url\":\"https:\/\/www.pm.pb.gov.br\/portal\/\",\"name\":\"Pol\u00edcia Militar da Para\u00edba\",\"description\":\"\",\"publisher\":{\"@id\":\"https:\/\/www.pm.pb.gov.br\/portal\/#organization\"},\"potentialAction\":[{\"@type\":\"SearchAction\",\"target\":{\"@type\":\"EntryPoint\",\"urlTemplate\":\"https:\/\/www.pm.pb.gov.br\/portal\/?s={search_term_string}\"},\"query-input\":\"required name=search_term_string\"}],\"inLanguage\":\"pt-BR\"},{\"@type\":\"Organization\",\"@id\":\"https:\/\/www.pm.pb.gov.br\/portal\/#organization\",\"name\":\"Pol\u00edcia Militar da Para\u00edba\",\"url\":\"https:\/\/www.pm.pb.gov.br\/portal\/\",\"logo\":{\"@type\":\"ImageObject\",\"inLanguage\":\"pt-BR\",\"@id\":\"https:\/\/www.pm.pb.gov.br\/portal\/#\/schema\/logo\/image\/\",\"url\":\"https:\/\/www.pm.pb.gov.br\/portal\/wp-content\/uploads\/2025\/03\/cropped-logo-site-mag2-1.png\",\"contentUrl\":\"https:\/\/www.pm.pb.gov.br\/portal\/wp-content\/uploads\/2025\/03\/cropped-logo-site-mag2-1.png\",\"width\":320,\"height\":90,\"caption\":\"Pol\u00edcia Militar da Para\u00edba\"},\"image\":{\"@id\":\"https:\/\/www.pm.pb.gov.br\/portal\/#\/schema\/logo\/image\/\"}},{\"@type\":\"Person\",\"@id\":\"https:\/\/www.pm.pb.gov.br\/portal\/#\/schema\/person\/e8454f46651c3ecf0e1ba3c1666d9947\",\"name\":\"Assessoria de Imprensa da PMPB\",\"image\":{\"@type\":\"ImageObject\",\"inLanguage\":\"pt-BR\",\"@id\":\"https:\/\/www.pm.pb.gov.br\/portal\/#\/schema\/person\/image\/\",\"url\":\"https:\/\/secure.gravatar.com\/avatar\/2efe197438265d1e90bd98c4c8e1acf8?s=96&d=mm&r=g\",\"contentUrl\":\"https:\/\/secure.gravatar.com\/avatar\/2efe197438265d1e90bd98c4c8e1acf8?s=96&d=mm&r=g\",\"caption\":\"Assessoria de Imprensa da PMPB\"},\"url\":\"https:\/\/www.pm.pb.gov.br\/portal\/author\/assessoria\/\"}]}<\/script>\n<!-- \/ Yoast SEO plugin. -->","yoast_head_json":{"title":"FOR\u00c7A TOTAL: Opera\u00e7\u00e3o refor\u00e7a a\u00e7\u00f5es preventivas, apreende armas e captura foragidos na Para\u00edba - Pol\u00edcia Militar da Para\u00edba","description":"A 8\u00aa edi\u00e7\u00e3o da Opera\u00e7\u00e3o For\u00e7a Total foi deflagrada na madrugada da \u00faltima quinta-feira (17) e segue at\u00e9 a noite desta sexta, com atua\u00e7\u00e3o simult\u00e2nea das diversas Pol\u00edcias Militares do pa\u00eds.","robots":{"index":"index","follow":"follow","max-snippet":"max-snippet:-1","max-image-preview":"max-image-preview:large","max-video-preview":"max-video-preview:-1"},"canonical":"https:\/\/www.pm.pb.gov.br\/portal\/2024\/10\/18\/forca-total-operacao-reforca-acoes-preventivas-apreende-armas-e-captura-foragidos-na-paraiba\/","og_locale":"pt_BR","og_type":"article","og_title":"FOR\u00c7A TOTAL: Opera\u00e7\u00e3o refor\u00e7a a\u00e7\u00f5es preventivas, apreende armas e captura foragidos na Para\u00edba - Pol\u00edcia Militar da Para\u00edba","og_description":"A 8\u00aa edi\u00e7\u00e3o da Opera\u00e7\u00e3o For\u00e7a Total foi deflagrada na madrugada da \u00faltima quinta-feira (17) e segue at\u00e9 a noite desta sexta, com atua\u00e7\u00e3o simult\u00e2nea das diversas Pol\u00edcias Militares do pa\u00eds.","og_url":"https:\/\/www.pm.pb.gov.br\/portal\/2024\/10\/18\/forca-total-operacao-reforca-acoes-preventivas-apreende-armas-e-captura-foragidos-na-paraiba\/","og_site_name":"Pol\u00edcia Militar da Para\u00edba","article_published_time":"2024-10-18T14:49:19+00:00","article_modified_time":"2024-10-18T14:49:21+00:00","og_image":[{"width":800,"height":446,"url":"http:\/\/www.pm.pb.gov.br\/portal\/wp-content\/uploads\/2024\/10\/forcatotal.jpeg","type":"image\/jpeg"}],"author":"Assessoria de Imprensa da PMPB","twitter_card":"summary_large_image","twitter_misc":{"Escrito por":"Assessoria de Imprensa da PMPB","Est. tempo de leitura":"3 minutos"},"schema":{"@context":"https:\/\/schema.org","@graph":[{"@type":"Article","@id":"https:\/\/www.pm.pb.gov.br\/portal\/2024\/10\/18\/forca-total-operacao-reforca-acoes-preventivas-apreende-armas-e-captura-foragidos-na-paraiba\/#article","isPartOf":{"@id":"https:\/\/www.pm.pb.gov.br\/portal\/2024\/10\/18\/forca-total-operacao-reforca-acoes-preventivas-apreende-armas-e-captura-foragidos-na-paraiba\/"},"author":{"name":"Assessoria de Imprensa da PMPB","@id":"https:\/\/www.pm.pb.gov.br\/portal\/#\/schema\/person\/e8454f46651c3ecf0e1ba3c1666d9947"},"headline":"FOR\u00c7A TOTAL: Opera\u00e7\u00e3o refor\u00e7a a\u00e7\u00f5es preventivas, apreende armas e captura foragidos na Para\u00edba","datePublished":"2024-10-18T14:49:19+00:00","dateModified":"2024-10-18T14:49:21+00:00","mainEntityOfPage":{"@id":"https:\/\/www.pm.pb.gov.br\/portal\/2024\/10\/18\/forca-total-operacao-reforca-acoes-preventivas-apreende-armas-e-captura-foragidos-na-paraiba\/"},"wordCount":350,"publisher":{"@id":"https:\/\/www.pm.pb.gov.br\/portal\/#organization"},"articleSection":["A\u00e7\u00f5es Policiais"],"inLanguage":"pt-BR"},{"@type":"WebPage","@id":"https:\/\/www.pm.pb.gov.br\/portal\/2024\/10\/18\/forca-total-operacao-reforca-acoes-preventivas-apreende-armas-e-captura-foragidos-na-paraiba\/","url":"https:\/\/www.pm.pb.gov.br\/portal\/2024\/10\/18\/forca-total-operacao-reforca-acoes-preventivas-apreende-armas-e-captura-foragidos-na-paraiba\/","name":"FOR\u00c7A TOTAL: Opera\u00e7\u00e3o refor\u00e7a a\u00e7\u00f5es preventivas, apreende armas e captura foragidos na Para\u00edba - Pol\u00edcia Militar da Para\u00edba","isPartOf":{"@id":"https:\/\/www.pm.pb.gov.br\/portal\/#website"},"datePublished":"2024-10-18T14:49:19+00:00","dateModified":"2024-10-18T14:49:21+00:00","description":"A 8\u00aa edi\u00e7\u00e3o da Opera\u00e7\u00e3o For\u00e7a Total foi deflagrada na madrugada da \u00faltima quinta-feira (17) e segue at\u00e9 a noite desta sexta, com atua\u00e7\u00e3o simult\u00e2nea das diversas Pol\u00edcias Militares do pa\u00eds.","breadcrumb":{"@id":"https:\/\/www.pm.pb.gov.br\/portal\/2024\/10\/18\/forca-total-operacao-reforca-acoes-preventivas-apreende-armas-e-captura-foragidos-na-paraiba\/#breadcrumb"},"inLanguage":"pt-BR","potentialAction":[{"@type":"ReadAction","target":["https:\/\/www.pm.pb.gov.br\/portal\/2024\/10\/18\/forca-total-operacao-reforca-acoes-preventivas-apreende-armas-e-captura-foragidos-na-paraiba\/"]}]},{"@type":"BreadcrumbList","@id":"https:\/\/www.pm.pb.gov.br\/portal\/2024\/10\/18\/forca-total-operacao-reforca-acoes-preventivas-apreende-armas-e-captura-foragidos-na-paraiba\/#breadcrumb","itemListElement":[{"@type":"ListItem","position":1,"name":"In\u00edcio","item":"https:\/\/www.pm.pb.gov.br\/portal\/"},{"@type":"ListItem","position":2,"name":"FOR\u00c7A TOTAL: Opera\u00e7\u00e3o refor\u00e7a a\u00e7\u00f5es preventivas, apreende armas e captura foragidos na Para\u00edba"}]},{"@type":"WebSite","@id":"https:\/\/www.pm.pb.gov.br\/portal\/#website","url":"https:\/\/www.pm.pb.gov.br\/portal\/","name":"Pol\u00edcia Militar da Para\u00edba","description":"","publisher":{"@id":"https:\/\/www.pm.pb.gov.br\/portal\/#organization"},"potentialAction":[{"@type":"SearchAction","target":{"@type":"EntryPoint","urlTemplate":"https:\/\/www.pm.pb.gov.br\/portal\/?s={search_term_string}"},"query-input":"required name=search_term_string"}],"inLanguage":"pt-BR"},{"@type":"Organization","@id":"https:\/\/www.pm.pb.gov.br\/portal\/#organization","name":"Pol\u00edcia Militar da Para\u00edba","url":"https:\/\/www.pm.pb.gov.br\/portal\/","logo":{"@type":"ImageObject","inLanguage":"pt-BR","@id":"https:\/\/www.pm.pb.gov.br\/portal\/#\/schema\/logo\/image\/","url":"https:\/\/www.pm.pb.gov.br\/portal\/wp-content\/uploads\/2025\/03\/cropped-logo-site-mag2-1.png","contentUrl":"https:\/\/www.pm.pb.gov.br\/portal\/wp-content\/uploads\/2025\/03\/cropped-logo-site-mag2-1.png","width":320,"height":90,"caption":"Pol\u00edcia Militar da Para\u00edba"},"image":{"@id":"https:\/\/www.pm.pb.gov.br\/portal\/#\/schema\/logo\/image\/"}},{"@type":"Person","@id":"https:\/\/www.pm.pb.gov.br\/portal\/#\/schema\/person\/e8454f46651c3ecf0e1ba3c1666d9947","name":"Assessoria de Imprensa da PMPB","image":{"@type":"ImageObject","inLanguage":"pt-BR","@id":"https:\/\/www.pm.pb.gov.br\/portal\/#\/schema\/person\/image\/","url":"https:\/\/secure.gravatar.com\/avatar\/2efe197438265d1e90bd98c4c8e1acf8?s=96&d=mm&r=g","contentUrl":"https:\/\/secure.gravatar.com\/avatar\/2efe197438265d1e90bd98c4c8e1acf8?s=96&d=mm&r=g","caption":"Assessoria de Imprensa da PMPB"},"url":"https:\/\/www.pm.pb.gov.br\/portal\/author\/assessoria\/"}]}},"_links":{"self":[{"href":"https:\/\/www.pm.pb.gov.br\/portal\/wp-json\/wp\/v2\/posts\/924418"}],"collection":[{"href":"https:\/\/www.pm.pb.gov.br\/portal\/wp-json\/wp\/v2\/posts"}],"about":[{"href":"https:\/\/www.pm.pb.gov.br\/portal\/wp-json\/wp\/v2\/types\/post"}],"author":[{"embeddable":true,"href":"https:\/\/www.pm.pb.gov.br\/portal\/wp-json\/wp\/v2\/users\/5"}],"replies":[{"embeddable":true,"href":"https:\/\/www.pm.pb.gov.br\/portal\/wp-json\/wp\/v2\/comments?post=924418"}],"version-history":[{"count":2,"href":"https:\/\/www.pm.pb.gov.br\/portal\/wp-json\/wp\/v2\/posts\/924418\/revisions"}],"predecessor-version":[{"id":924425,"href":"https:\/\/www.pm.pb.gov.br\/portal\/wp-json\/wp\/v2\/posts\/924418\/revisions\/924425"}],"wp:featuredmedia":[{"embeddable":true,"href":"https:\/\/www.pm.pb.gov.br\/portal\/wp-json\/wp\/v2\/media\/924419"}],"wp:attachment":[{"href":"https:\/\/www.pm.pb.gov.br\/portal\/wp-json\/wp\/v2\/media?parent=924418"}],"wp:term":[{"taxonomy":"category","embeddable":true,"href":"https:\/\/www.pm.pb.gov.br\/portal\/wp-json\/wp\/v2\/categories?post=924418"},{"taxonomy":"post_tag","embeddable":true,"href":"https:\/\/www.pm.pb.gov.br\/portal\/wp-json\/wp\/v2\/tags?post=924418"}],"curies":[{"name":"wp","href":"https:\/\/api.w.org\/{rel}","templated":true}]}}