{"id":924408,"date":"2024-10-17T08:49:00","date_gmt":"2024-10-17T11:49:00","guid":{"rendered":"https:\/\/www.pm.pb.gov.br\/portal\/?p=924408"},"modified":"2024-10-17T10:53:08","modified_gmt":"2024-10-17T13:53:08","slug":"reforco-policial-na-zona-sul-de-joao-pessoa-captura-tres-foragidos-da-justica","status":"publish","type":"post","link":"https:\/\/www.pm.pb.gov.br\/portal\/2024\/10\/17\/reforco-policial-na-zona-sul-de-joao-pessoa-captura-tres-foragidos-da-justica\/","title":{"rendered":"Refor\u00e7o policial na zona sul de Jo\u00e3o Pessoa captura tr\u00eas foragidos da Justi\u00e7a"},"content":{"rendered":"\n<p>O refor\u00e7o policial na zona sul de Jo\u00e3o Pessoa capturou tr\u00eas foragidos da Justi\u00e7a, acusados de diversos crimes na Para\u00edba. As a\u00e7\u00f5es ocorreram na \u00faltima quarta-feira (16) e foram realizadas pela Pol\u00edcia Militar atrav\u00e9s da For\u00e7a Regional (foto acima ilustrativa).<\/p>\n<p>Um dos presos pelas guarni\u00e7\u00f5es era acusado de v\u00e1rios delitos, como homic\u00eddios ocorridos em Cruz do Esp\u00edrito Santo. Ele foi localizado no bairro de Valentina de Figueiredo, em uma a\u00e7\u00e3o conjunta com a Pol\u00edcia Civil, a partir do cumprimento de uma ordem judicial.<\/p>\n<p>Ainda de acordo com a For\u00e7a Regional, outras duas pris\u00f5es ocorreram nos bairros de Jos\u00e9 Am\u00e9rico e na regi\u00e3o do condom\u00ednio Vista Alegre, onde o acusado j\u00e1 estava com tornozeleira eletr\u00f4nica, mas descumpria determina\u00e7\u00f5es judiciais, portando arma branca.<\/p>\n<p>As ocorr\u00eancias foram encaminhadas para as delegacias para os procedimentos cab\u00edveis. \u00a0<\/p>\n\n\n","protected":false},"excerpt":{"rendered":"<p>O refor\u00e7o policial na zona sul de Jo\u00e3o Pessoa capturou tr\u00eas foragidos da Justi\u00e7a, acusados de diversos crimes na Para\u00edba.<\/p>\n","protected":false},"author":12,"featured_media":923526,"comment_status":"closed","ping_status":"closed","sticky":false,"template":"","format":"standard","meta":{"_exactmetrics_skip_tracking":false,"_exactmetrics_sitenote_active":false,"_exactmetrics_sitenote_note":"","_exactmetrics_sitenote_category":0,"footnotes":""},"categories":[4],"tags":[],"yoast_head":"<!-- This site is optimized with the Yoast SEO plugin v22.0 - https:\/\/yoast.com\/wordpress\/plugins\/seo\/ -->\n<title>Refor\u00e7o policial na zona sul de Jo\u00e3o Pessoa captura tr\u00eas foragidos da Justi\u00e7a - Pol\u00edcia Militar da Para\u00edba<\/title>\n<meta name=\"description\" content=\"Um dos presos pelas guarni\u00e7\u00f5es era acusado de v\u00e1rios delitos, como homic\u00eddios ocorridos em Cruz do Esp\u00edrito Santo.\" \/>\n<meta name=\"robots\" content=\"index, follow, max-snippet:-1, max-image-preview:large, max-video-preview:-1\" \/>\n<link rel=\"canonical\" href=\"https:\/\/www.pm.pb.gov.br\/portal\/2024\/10\/17\/reforco-policial-na-zona-sul-de-joao-pessoa-captura-tres-foragidos-da-justica\/\" \/>\n<meta property=\"og:locale\" content=\"pt_BR\" \/>\n<meta property=\"og:type\" content=\"article\" \/>\n<meta property=\"og:title\" content=\"Refor\u00e7o policial na zona sul de Jo\u00e3o Pessoa captura tr\u00eas foragidos da Justi\u00e7a - Pol\u00edcia Militar da Para\u00edba\" \/>\n<meta property=\"og:description\" content=\"Um dos presos pelas guarni\u00e7\u00f5es era acusado de v\u00e1rios delitos, como homic\u00eddios ocorridos em Cruz do Esp\u00edrito Santo.\" \/>\n<meta property=\"og:url\" content=\"https:\/\/www.pm.pb.gov.br\/portal\/2024\/10\/17\/reforco-policial-na-zona-sul-de-joao-pessoa-captura-tres-foragidos-da-justica\/\" \/>\n<meta property=\"og:site_name\" content=\"Pol\u00edcia Militar da Para\u00edba\" \/>\n<meta property=\"article:published_time\" content=\"2024-10-17T11:49:00+00:00\" \/>\n<meta property=\"article:modified_time\" content=\"2024-10-17T13:53:08+00:00\" \/>\n<meta property=\"og:image\" content=\"http:\/\/www.pm.pb.gov.br\/portal\/wp-content\/uploads\/2024\/08\/forca_regional1.jpeg\" \/>\n\t<meta property=\"og:image:width\" content=\"800\" \/>\n\t<meta property=\"og:image:height\" content=\"445\" \/>\n\t<meta property=\"og:image:type\" content=\"image\/jpeg\" \/>\n<meta name=\"author\" content=\"Tarcisio Oliveira\" \/>\n<meta name=\"twitter:card\" content=\"summary_large_image\" \/>\n<meta name=\"twitter:label1\" content=\"Escrito por\" \/>\n\t<meta name=\"twitter:data1\" content=\"Tarcisio Oliveira\" \/>\n\t<meta name=\"twitter:label2\" content=\"Est. tempo de leitura\" \/>\n\t<meta name=\"twitter:data2\" content=\"1 minuto\" \/>\n<script type=\"application\/ld+json\" class=\"yoast-schema-graph\">{\"@context\":\"https:\/\/schema.org\",\"@graph\":[{\"@type\":\"Article\",\"@id\":\"https:\/\/www.pm.pb.gov.br\/portal\/2024\/10\/17\/reforco-policial-na-zona-sul-de-joao-pessoa-captura-tres-foragidos-da-justica\/#article\",\"isPartOf\":{\"@id\":\"https:\/\/www.pm.pb.gov.br\/portal\/2024\/10\/17\/reforco-policial-na-zona-sul-de-joao-pessoa-captura-tres-foragidos-da-justica\/\"},\"author\":{\"name\":\"Tarcisio Oliveira\",\"@id\":\"https:\/\/www.pm.pb.gov.br\/portal\/#\/schema\/person\/f84f56dcc78ce4357054da888b8247fd\"},\"headline\":\"Refor\u00e7o policial na zona sul de Jo\u00e3o Pessoa captura tr\u00eas foragidos da Justi\u00e7a\",\"datePublished\":\"2024-10-17T11:49:00+00:00\",\"dateModified\":\"2024-10-17T13:53:08+00:00\",\"mainEntityOfPage\":{\"@id\":\"https:\/\/www.pm.pb.gov.br\/portal\/2024\/10\/17\/reforco-policial-na-zona-sul-de-joao-pessoa-captura-tres-foragidos-da-justica\/\"},\"wordCount\":172,\"publisher\":{\"@id\":\"https:\/\/www.pm.pb.gov.br\/portal\/#organization\"},\"articleSection\":[\"A\u00e7\u00f5es Policiais\"],\"inLanguage\":\"pt-BR\"},{\"@type\":\"WebPage\",\"@id\":\"https:\/\/www.pm.pb.gov.br\/portal\/2024\/10\/17\/reforco-policial-na-zona-sul-de-joao-pessoa-captura-tres-foragidos-da-justica\/\",\"url\":\"https:\/\/www.pm.pb.gov.br\/portal\/2024\/10\/17\/reforco-policial-na-zona-sul-de-joao-pessoa-captura-tres-foragidos-da-justica\/\",\"name\":\"Refor\u00e7o policial na zona sul de Jo\u00e3o Pessoa captura tr\u00eas foragidos da Justi\u00e7a - Pol\u00edcia Militar da Para\u00edba\",\"isPartOf\":{\"@id\":\"https:\/\/www.pm.pb.gov.br\/portal\/#website\"},\"datePublished\":\"2024-10-17T11:49:00+00:00\",\"dateModified\":\"2024-10-17T13:53:08+00:00\",\"description\":\"Um dos presos pelas guarni\u00e7\u00f5es era acusado de v\u00e1rios delitos, como homic\u00eddios ocorridos em Cruz do Esp\u00edrito Santo.\",\"breadcrumb\":{\"@id\":\"https:\/\/www.pm.pb.gov.br\/portal\/2024\/10\/17\/reforco-policial-na-zona-sul-de-joao-pessoa-captura-tres-foragidos-da-justica\/#breadcrumb\"},\"inLanguage\":\"pt-BR\",\"potentialAction\":[{\"@type\":\"ReadAction\",\"target\":[\"https:\/\/www.pm.pb.gov.br\/portal\/2024\/10\/17\/reforco-policial-na-zona-sul-de-joao-pessoa-captura-tres-foragidos-da-justica\/\"]}]},{\"@type\":\"BreadcrumbList\",\"@id\":\"https:\/\/www.pm.pb.gov.br\/portal\/2024\/10\/17\/reforco-policial-na-zona-sul-de-joao-pessoa-captura-tres-foragidos-da-justica\/#breadcrumb\",\"itemListElement\":[{\"@type\":\"ListItem\",\"position\":1,\"name\":\"In\u00edcio\",\"item\":\"https:\/\/www.pm.pb.gov.br\/portal\/\"},{\"@type\":\"ListItem\",\"position\":2,\"name\":\"Refor\u00e7o policial na zona sul de Jo\u00e3o Pessoa captura tr\u00eas foragidos da Justi\u00e7a\"}]},{\"@type\":\"WebSite\",\"@id\":\"https:\/\/www.pm.pb.gov.br\/portal\/#website\",\"url\":\"https:\/\/www.pm.pb.gov.br\/portal\/\",\"name\":\"Pol\u00edcia Militar da Para\u00edba\",\"description\":\"\",\"publisher\":{\"@id\":\"https:\/\/www.pm.pb.gov.br\/portal\/#organization\"},\"potentialAction\":[{\"@type\":\"SearchAction\",\"target\":{\"@type\":\"EntryPoint\",\"urlTemplate\":\"https:\/\/www.pm.pb.gov.br\/portal\/?s={search_term_string}\"},\"query-input\":\"required name=search_term_string\"}],\"inLanguage\":\"pt-BR\"},{\"@type\":\"Organization\",\"@id\":\"https:\/\/www.pm.pb.gov.br\/portal\/#organization\",\"name\":\"Pol\u00edcia Militar da Para\u00edba\",\"url\":\"https:\/\/www.pm.pb.gov.br\/portal\/\",\"logo\":{\"@type\":\"ImageObject\",\"inLanguage\":\"pt-BR\",\"@id\":\"https:\/\/www.pm.pb.gov.br\/portal\/#\/schema\/logo\/image\/\",\"url\":\"https:\/\/www.pm.pb.gov.br\/portal\/wp-content\/uploads\/2025\/03\/cropped-logo-site-mag2-1.png\",\"contentUrl\":\"https:\/\/www.pm.pb.gov.br\/portal\/wp-content\/uploads\/2025\/03\/cropped-logo-site-mag2-1.png\",\"width\":320,\"height\":90,\"caption\":\"Pol\u00edcia Militar da Para\u00edba\"},\"image\":{\"@id\":\"https:\/\/www.pm.pb.gov.br\/portal\/#\/schema\/logo\/image\/\"}},{\"@type\":\"Person\",\"@id\":\"https:\/\/www.pm.pb.gov.br\/portal\/#\/schema\/person\/f84f56dcc78ce4357054da888b8247fd\",\"name\":\"Tarcisio Oliveira\",\"image\":{\"@type\":\"ImageObject\",\"inLanguage\":\"pt-BR\",\"@id\":\"https:\/\/www.pm.pb.gov.br\/portal\/#\/schema\/person\/image\/\",\"url\":\"https:\/\/secure.gravatar.com\/avatar\/72917b630b69d31cd0297507f34bac97?s=96&d=mm&r=g\",\"contentUrl\":\"https:\/\/secure.gravatar.com\/avatar\/72917b630b69d31cd0297507f34bac97?s=96&d=mm&r=g\",\"caption\":\"Tarcisio Oliveira\"},\"url\":\"https:\/\/www.pm.pb.gov.br\/portal\/author\/tarcisio\/\"}]}<\/script>\n<!-- \/ Yoast SEO plugin. -->","yoast_head_json":{"title":"Refor\u00e7o policial na zona sul de Jo\u00e3o Pessoa captura tr\u00eas foragidos da Justi\u00e7a - Pol\u00edcia Militar da Para\u00edba","description":"Um dos presos pelas guarni\u00e7\u00f5es era acusado de v\u00e1rios delitos, como homic\u00eddios ocorridos em Cruz do Esp\u00edrito Santo.","robots":{"index":"index","follow":"follow","max-snippet":"max-snippet:-1","max-image-preview":"max-image-preview:large","max-video-preview":"max-video-preview:-1"},"canonical":"https:\/\/www.pm.pb.gov.br\/portal\/2024\/10\/17\/reforco-policial-na-zona-sul-de-joao-pessoa-captura-tres-foragidos-da-justica\/","og_locale":"pt_BR","og_type":"article","og_title":"Refor\u00e7o policial na zona sul de Jo\u00e3o Pessoa captura tr\u00eas foragidos da Justi\u00e7a - Pol\u00edcia Militar da Para\u00edba","og_description":"Um dos presos pelas guarni\u00e7\u00f5es era acusado de v\u00e1rios delitos, como homic\u00eddios ocorridos em Cruz do Esp\u00edrito Santo.","og_url":"https:\/\/www.pm.pb.gov.br\/portal\/2024\/10\/17\/reforco-policial-na-zona-sul-de-joao-pessoa-captura-tres-foragidos-da-justica\/","og_site_name":"Pol\u00edcia Militar da Para\u00edba","article_published_time":"2024-10-17T11:49:00+00:00","article_modified_time":"2024-10-17T13:53:08+00:00","og_image":[{"width":800,"height":445,"url":"http:\/\/www.pm.pb.gov.br\/portal\/wp-content\/uploads\/2024\/08\/forca_regional1.jpeg","type":"image\/jpeg"}],"author":"Tarcisio Oliveira","twitter_card":"summary_large_image","twitter_misc":{"Escrito por":"Tarcisio Oliveira","Est. tempo de leitura":"1 minuto"},"schema":{"@context":"https:\/\/schema.org","@graph":[{"@type":"Article","@id":"https:\/\/www.pm.pb.gov.br\/portal\/2024\/10\/17\/reforco-policial-na-zona-sul-de-joao-pessoa-captura-tres-foragidos-da-justica\/#article","isPartOf":{"@id":"https:\/\/www.pm.pb.gov.br\/portal\/2024\/10\/17\/reforco-policial-na-zona-sul-de-joao-pessoa-captura-tres-foragidos-da-justica\/"},"author":{"name":"Tarcisio Oliveira","@id":"https:\/\/www.pm.pb.gov.br\/portal\/#\/schema\/person\/f84f56dcc78ce4357054da888b8247fd"},"headline":"Refor\u00e7o policial na zona sul de Jo\u00e3o Pessoa captura tr\u00eas foragidos da Justi\u00e7a","datePublished":"2024-10-17T11:49:00+00:00","dateModified":"2024-10-17T13:53:08+00:00","mainEntityOfPage":{"@id":"https:\/\/www.pm.pb.gov.br\/portal\/2024\/10\/17\/reforco-policial-na-zona-sul-de-joao-pessoa-captura-tres-foragidos-da-justica\/"},"wordCount":172,"publisher":{"@id":"https:\/\/www.pm.pb.gov.br\/portal\/#organization"},"articleSection":["A\u00e7\u00f5es Policiais"],"inLanguage":"pt-BR"},{"@type":"WebPage","@id":"https:\/\/www.pm.pb.gov.br\/portal\/2024\/10\/17\/reforco-policial-na-zona-sul-de-joao-pessoa-captura-tres-foragidos-da-justica\/","url":"https:\/\/www.pm.pb.gov.br\/portal\/2024\/10\/17\/reforco-policial-na-zona-sul-de-joao-pessoa-captura-tres-foragidos-da-justica\/","name":"Refor\u00e7o policial na zona sul de Jo\u00e3o Pessoa captura tr\u00eas foragidos da Justi\u00e7a - Pol\u00edcia Militar da Para\u00edba","isPartOf":{"@id":"https:\/\/www.pm.pb.gov.br\/portal\/#website"},"datePublished":"2024-10-17T11:49:00+00:00","dateModified":"2024-10-17T13:53:08+00:00","description":"Um dos presos pelas guarni\u00e7\u00f5es era acusado de v\u00e1rios delitos, como homic\u00eddios ocorridos em Cruz do Esp\u00edrito Santo.","breadcrumb":{"@id":"https:\/\/www.pm.pb.gov.br\/portal\/2024\/10\/17\/reforco-policial-na-zona-sul-de-joao-pessoa-captura-tres-foragidos-da-justica\/#breadcrumb"},"inLanguage":"pt-BR","potentialAction":[{"@type":"ReadAction","target":["https:\/\/www.pm.pb.gov.br\/portal\/2024\/10\/17\/reforco-policial-na-zona-sul-de-joao-pessoa-captura-tres-foragidos-da-justica\/"]}]},{"@type":"BreadcrumbList","@id":"https:\/\/www.pm.pb.gov.br\/portal\/2024\/10\/17\/reforco-policial-na-zona-sul-de-joao-pessoa-captura-tres-foragidos-da-justica\/#breadcrumb","itemListElement":[{"@type":"ListItem","position":1,"name":"In\u00edcio","item":"https:\/\/www.pm.pb.gov.br\/portal\/"},{"@type":"ListItem","position":2,"name":"Refor\u00e7o policial na zona sul de Jo\u00e3o Pessoa captura tr\u00eas foragidos da Justi\u00e7a"}]},{"@type":"WebSite","@id":"https:\/\/www.pm.pb.gov.br\/portal\/#website","url":"https:\/\/www.pm.pb.gov.br\/portal\/","name":"Pol\u00edcia Militar da Para\u00edba","description":"","publisher":{"@id":"https:\/\/www.pm.pb.gov.br\/portal\/#organization"},"potentialAction":[{"@type":"SearchAction","target":{"@type":"EntryPoint","urlTemplate":"https:\/\/www.pm.pb.gov.br\/portal\/?s={search_term_string}"},"query-input":"required name=search_term_string"}],"inLanguage":"pt-BR"},{"@type":"Organization","@id":"https:\/\/www.pm.pb.gov.br\/portal\/#organization","name":"Pol\u00edcia Militar da Para\u00edba","url":"https:\/\/www.pm.pb.gov.br\/portal\/","logo":{"@type":"ImageObject","inLanguage":"pt-BR","@id":"https:\/\/www.pm.pb.gov.br\/portal\/#\/schema\/logo\/image\/","url":"https:\/\/www.pm.pb.gov.br\/portal\/wp-content\/uploads\/2025\/03\/cropped-logo-site-mag2-1.png","contentUrl":"https:\/\/www.pm.pb.gov.br\/portal\/wp-content\/uploads\/2025\/03\/cropped-logo-site-mag2-1.png","width":320,"height":90,"caption":"Pol\u00edcia Militar da Para\u00edba"},"image":{"@id":"https:\/\/www.pm.pb.gov.br\/portal\/#\/schema\/logo\/image\/"}},{"@type":"Person","@id":"https:\/\/www.pm.pb.gov.br\/portal\/#\/schema\/person\/f84f56dcc78ce4357054da888b8247fd","name":"Tarcisio Oliveira","image":{"@type":"ImageObject","inLanguage":"pt-BR","@id":"https:\/\/www.pm.pb.gov.br\/portal\/#\/schema\/person\/image\/","url":"https:\/\/secure.gravatar.com\/avatar\/72917b630b69d31cd0297507f34bac97?s=96&d=mm&r=g","contentUrl":"https:\/\/secure.gravatar.com\/avatar\/72917b630b69d31cd0297507f34bac97?s=96&d=mm&r=g","caption":"Tarcisio Oliveira"},"url":"https:\/\/www.pm.pb.gov.br\/portal\/author\/tarcisio\/"}]}},"_links":{"self":[{"href":"https:\/\/www.pm.pb.gov.br\/portal\/wp-json\/wp\/v2\/posts\/924408"}],"collection":[{"href":"https:\/\/www.pm.pb.gov.br\/portal\/wp-json\/wp\/v2\/posts"}],"about":[{"href":"https:\/\/www.pm.pb.gov.br\/portal\/wp-json\/wp\/v2\/types\/post"}],"author":[{"embeddable":true,"href":"https:\/\/www.pm.pb.gov.br\/portal\/wp-json\/wp\/v2\/users\/12"}],"replies":[{"embeddable":true,"href":"https:\/\/www.pm.pb.gov.br\/portal\/wp-json\/wp\/v2\/comments?post=924408"}],"version-history":[{"count":1,"href":"https:\/\/www.pm.pb.gov.br\/portal\/wp-json\/wp\/v2\/posts\/924408\/revisions"}],"predecessor-version":[{"id":924409,"href":"https:\/\/www.pm.pb.gov.br\/portal\/wp-json\/wp\/v2\/posts\/924408\/revisions\/924409"}],"wp:featuredmedia":[{"embeddable":true,"href":"https:\/\/www.pm.pb.gov.br\/portal\/wp-json\/wp\/v2\/media\/923526"}],"wp:attachment":[{"href":"https:\/\/www.pm.pb.gov.br\/portal\/wp-json\/wp\/v2\/media?parent=924408"}],"wp:term":[{"taxonomy":"category","embeddable":true,"href":"https:\/\/www.pm.pb.gov.br\/portal\/wp-json\/wp\/v2\/categories?post=924408"},{"taxonomy":"post_tag","embeddable":true,"href":"https:\/\/www.pm.pb.gov.br\/portal\/wp-json\/wp\/v2\/tags?post=924408"}],"curies":[{"name":"wp","href":"https:\/\/api.w.org\/{rel}","templated":true}]}}