{"id":924393,"date":"2024-10-16T09:31:43","date_gmt":"2024-10-16T12:31:43","guid":{"rendered":"https:\/\/www.pm.pb.gov.br\/portal\/?p=924393"},"modified":"2024-10-16T09:45:01","modified_gmt":"2024-10-16T12:45:01","slug":"acao-rapida-policia-militar-frustra-assalto-e-desarticula-grupo-criminoso-em-belem","status":"publish","type":"post","link":"https:\/\/www.pm.pb.gov.br\/portal\/2024\/10\/16\/acao-rapida-policia-militar-frustra-assalto-e-desarticula-grupo-criminoso-em-belem\/","title":{"rendered":"A\u00c7\u00c3O R\u00c1PIDA: Pol\u00edcia Militar frustra assalto e desarticula grupo criminoso em Bel\u00e9m"},"content":{"rendered":"\n<p>A Pol\u00edcia Militar agiu r\u00e1pido e frustrou um grupo criminoso acusado de cometer um assalto em uma resid\u00eancia, na cidade de Bel\u00e9m, que fica a cerca de 115 quil\u00f4metros de dist\u00e2ncia de Jo\u00e3o Pessoa. A a\u00e7\u00e3o aconteceu na noite da \u00faltima ter\u00e7a-feira (15), resultando em armas de fogo apreendidas e objetos recuperados.<\/p>\n<p>Quatro criminosos foram presos ap\u00f3s cometerem um assalto em uma casa, sendo interceptados pelos policiais do 4\u00ba Batalh\u00e3o, que realizaram um cerco na regi\u00e3o. O grupo foi encontrado em Logradouro. Eles estavam com dois rev\u00f3lveres, al\u00e9m do ve\u00edculo utilizado no transporte dos criminosos. A PM tamb\u00e9m recuperou com o grupo dinheiro, rel\u00f3gios e uma caixa de som, materiais que haviam sido levados das v\u00edtimas, mas que foram recuperados (foto acima).<\/p>\n<p>A ocorr\u00eancia foi apresentada na delegacia de Guarabira para a devida autua\u00e7\u00e3o.<\/p>\n<p><em>Atualizado \u00e0s 10h10.<\/em><\/p>\n\n\n","protected":false},"excerpt":{"rendered":"<p>A Pol\u00edcia Militar agiu r\u00e1pido e frustrou um grupo criminoso acusado de cometer um assalto em uma resid\u00eancia, na cidade<\/p>\n","protected":false},"author":5,"featured_media":924394,"comment_status":"closed","ping_status":"closed","sticky":false,"template":"","format":"standard","meta":{"_exactmetrics_skip_tracking":false,"_exactmetrics_sitenote_active":false,"_exactmetrics_sitenote_note":"","_exactmetrics_sitenote_category":0,"footnotes":""},"categories":[4],"tags":[],"yoast_head":"<!-- This site is optimized with the Yoast SEO plugin v22.0 - https:\/\/yoast.com\/wordpress\/plugins\/seo\/ -->\n<title>A\u00c7\u00c3O R\u00c1PIDA: Pol\u00edcia Militar frustra assalto e desarticula grupo criminoso em Bel\u00e9m - Pol\u00edcia Militar da Para\u00edba<\/title>\n<meta name=\"description\" content=\"A a\u00e7\u00e3o aconteceu na noite da \u00faltima ter\u00e7a-feira (15), resultando em armas de fogo apreendidas e objetos recuperados.\" \/>\n<meta name=\"robots\" content=\"index, follow, max-snippet:-1, max-image-preview:large, max-video-preview:-1\" \/>\n<link rel=\"canonical\" href=\"https:\/\/www.pm.pb.gov.br\/portal\/2024\/10\/16\/acao-rapida-policia-militar-frustra-assalto-e-desarticula-grupo-criminoso-em-belem\/\" \/>\n<meta property=\"og:locale\" content=\"pt_BR\" \/>\n<meta property=\"og:type\" content=\"article\" \/>\n<meta property=\"og:title\" content=\"A\u00c7\u00c3O R\u00c1PIDA: Pol\u00edcia Militar frustra assalto e desarticula grupo criminoso em Bel\u00e9m - Pol\u00edcia Militar da Para\u00edba\" \/>\n<meta property=\"og:description\" content=\"A a\u00e7\u00e3o aconteceu na noite da \u00faltima ter\u00e7a-feira (15), resultando em armas de fogo apreendidas e objetos recuperados.\" \/>\n<meta property=\"og:url\" content=\"https:\/\/www.pm.pb.gov.br\/portal\/2024\/10\/16\/acao-rapida-policia-militar-frustra-assalto-e-desarticula-grupo-criminoso-em-belem\/\" \/>\n<meta property=\"og:site_name\" content=\"Pol\u00edcia Militar da Para\u00edba\" \/>\n<meta property=\"article:published_time\" content=\"2024-10-16T12:31:43+00:00\" \/>\n<meta property=\"article:modified_time\" content=\"2024-10-16T12:45:01+00:00\" \/>\n<meta property=\"og:image\" content=\"http:\/\/www.pm.pb.gov.br\/portal\/wp-content\/uploads\/2024\/10\/WhatsApp-Image-2024-10-16-at-09.32.46.jpeg\" \/>\n\t<meta property=\"og:image:width\" content=\"800\" \/>\n\t<meta property=\"og:image:height\" content=\"445\" \/>\n\t<meta property=\"og:image:type\" content=\"image\/jpeg\" \/>\n<meta name=\"author\" content=\"Assessoria de Imprensa da PMPB\" \/>\n<meta name=\"twitter:card\" content=\"summary_large_image\" \/>\n<meta name=\"twitter:label1\" content=\"Escrito por\" \/>\n\t<meta name=\"twitter:data1\" content=\"Assessoria de Imprensa da PMPB\" \/>\n\t<meta name=\"twitter:label2\" content=\"Est. tempo de leitura\" \/>\n\t<meta name=\"twitter:data2\" content=\"1 minuto\" \/>\n<script type=\"application\/ld+json\" class=\"yoast-schema-graph\">{\"@context\":\"https:\/\/schema.org\",\"@graph\":[{\"@type\":\"Article\",\"@id\":\"https:\/\/www.pm.pb.gov.br\/portal\/2024\/10\/16\/acao-rapida-policia-militar-frustra-assalto-e-desarticula-grupo-criminoso-em-belem\/#article\",\"isPartOf\":{\"@id\":\"https:\/\/www.pm.pb.gov.br\/portal\/2024\/10\/16\/acao-rapida-policia-militar-frustra-assalto-e-desarticula-grupo-criminoso-em-belem\/\"},\"author\":{\"name\":\"Assessoria de Imprensa da PMPB\",\"@id\":\"https:\/\/www.pm.pb.gov.br\/portal\/#\/schema\/person\/e8454f46651c3ecf0e1ba3c1666d9947\"},\"headline\":\"A\u00c7\u00c3O R\u00c1PIDA: Pol\u00edcia Militar frustra assalto e desarticula grupo criminoso em Bel\u00e9m\",\"datePublished\":\"2024-10-16T12:31:43+00:00\",\"dateModified\":\"2024-10-16T12:45:01+00:00\",\"mainEntityOfPage\":{\"@id\":\"https:\/\/www.pm.pb.gov.br\/portal\/2024\/10\/16\/acao-rapida-policia-militar-frustra-assalto-e-desarticula-grupo-criminoso-em-belem\/\"},\"wordCount\":170,\"publisher\":{\"@id\":\"https:\/\/www.pm.pb.gov.br\/portal\/#organization\"},\"articleSection\":[\"A\u00e7\u00f5es Policiais\"],\"inLanguage\":\"pt-BR\"},{\"@type\":\"WebPage\",\"@id\":\"https:\/\/www.pm.pb.gov.br\/portal\/2024\/10\/16\/acao-rapida-policia-militar-frustra-assalto-e-desarticula-grupo-criminoso-em-belem\/\",\"url\":\"https:\/\/www.pm.pb.gov.br\/portal\/2024\/10\/16\/acao-rapida-policia-militar-frustra-assalto-e-desarticula-grupo-criminoso-em-belem\/\",\"name\":\"A\u00c7\u00c3O R\u00c1PIDA: Pol\u00edcia Militar frustra assalto e desarticula grupo criminoso em Bel\u00e9m - Pol\u00edcia Militar da Para\u00edba\",\"isPartOf\":{\"@id\":\"https:\/\/www.pm.pb.gov.br\/portal\/#website\"},\"datePublished\":\"2024-10-16T12:31:43+00:00\",\"dateModified\":\"2024-10-16T12:45:01+00:00\",\"description\":\"A a\u00e7\u00e3o aconteceu na noite da \u00faltima ter\u00e7a-feira (15), resultando em armas de fogo apreendidas e objetos recuperados.\",\"breadcrumb\":{\"@id\":\"https:\/\/www.pm.pb.gov.br\/portal\/2024\/10\/16\/acao-rapida-policia-militar-frustra-assalto-e-desarticula-grupo-criminoso-em-belem\/#breadcrumb\"},\"inLanguage\":\"pt-BR\",\"potentialAction\":[{\"@type\":\"ReadAction\",\"target\":[\"https:\/\/www.pm.pb.gov.br\/portal\/2024\/10\/16\/acao-rapida-policia-militar-frustra-assalto-e-desarticula-grupo-criminoso-em-belem\/\"]}]},{\"@type\":\"BreadcrumbList\",\"@id\":\"https:\/\/www.pm.pb.gov.br\/portal\/2024\/10\/16\/acao-rapida-policia-militar-frustra-assalto-e-desarticula-grupo-criminoso-em-belem\/#breadcrumb\",\"itemListElement\":[{\"@type\":\"ListItem\",\"position\":1,\"name\":\"In\u00edcio\",\"item\":\"https:\/\/www.pm.pb.gov.br\/portal\/\"},{\"@type\":\"ListItem\",\"position\":2,\"name\":\"A\u00c7\u00c3O R\u00c1PIDA: Pol\u00edcia Militar frustra assalto e desarticula grupo criminoso em Bel\u00e9m\"}]},{\"@type\":\"WebSite\",\"@id\":\"https:\/\/www.pm.pb.gov.br\/portal\/#website\",\"url\":\"https:\/\/www.pm.pb.gov.br\/portal\/\",\"name\":\"Pol\u00edcia Militar da Para\u00edba\",\"description\":\"\",\"publisher\":{\"@id\":\"https:\/\/www.pm.pb.gov.br\/portal\/#organization\"},\"potentialAction\":[{\"@type\":\"SearchAction\",\"target\":{\"@type\":\"EntryPoint\",\"urlTemplate\":\"https:\/\/www.pm.pb.gov.br\/portal\/?s={search_term_string}\"},\"query-input\":\"required name=search_term_string\"}],\"inLanguage\":\"pt-BR\"},{\"@type\":\"Organization\",\"@id\":\"https:\/\/www.pm.pb.gov.br\/portal\/#organization\",\"name\":\"Pol\u00edcia Militar da Para\u00edba\",\"url\":\"https:\/\/www.pm.pb.gov.br\/portal\/\",\"logo\":{\"@type\":\"ImageObject\",\"inLanguage\":\"pt-BR\",\"@id\":\"https:\/\/www.pm.pb.gov.br\/portal\/#\/schema\/logo\/image\/\",\"url\":\"https:\/\/www.pm.pb.gov.br\/portal\/wp-content\/uploads\/2025\/03\/cropped-logo-site-mag2-1.png\",\"contentUrl\":\"https:\/\/www.pm.pb.gov.br\/portal\/wp-content\/uploads\/2025\/03\/cropped-logo-site-mag2-1.png\",\"width\":320,\"height\":90,\"caption\":\"Pol\u00edcia Militar da Para\u00edba\"},\"image\":{\"@id\":\"https:\/\/www.pm.pb.gov.br\/portal\/#\/schema\/logo\/image\/\"}},{\"@type\":\"Person\",\"@id\":\"https:\/\/www.pm.pb.gov.br\/portal\/#\/schema\/person\/e8454f46651c3ecf0e1ba3c1666d9947\",\"name\":\"Assessoria de Imprensa da PMPB\",\"image\":{\"@type\":\"ImageObject\",\"inLanguage\":\"pt-BR\",\"@id\":\"https:\/\/www.pm.pb.gov.br\/portal\/#\/schema\/person\/image\/\",\"url\":\"https:\/\/secure.gravatar.com\/avatar\/2efe197438265d1e90bd98c4c8e1acf8?s=96&d=mm&r=g\",\"contentUrl\":\"https:\/\/secure.gravatar.com\/avatar\/2efe197438265d1e90bd98c4c8e1acf8?s=96&d=mm&r=g\",\"caption\":\"Assessoria de Imprensa da PMPB\"},\"url\":\"https:\/\/www.pm.pb.gov.br\/portal\/author\/assessoria\/\"}]}<\/script>\n<!-- \/ Yoast SEO plugin. -->","yoast_head_json":{"title":"A\u00c7\u00c3O R\u00c1PIDA: Pol\u00edcia Militar frustra assalto e desarticula grupo criminoso em Bel\u00e9m - Pol\u00edcia Militar da Para\u00edba","description":"A a\u00e7\u00e3o aconteceu na noite da \u00faltima ter\u00e7a-feira (15), resultando em armas de fogo apreendidas e objetos recuperados.","robots":{"index":"index","follow":"follow","max-snippet":"max-snippet:-1","max-image-preview":"max-image-preview:large","max-video-preview":"max-video-preview:-1"},"canonical":"https:\/\/www.pm.pb.gov.br\/portal\/2024\/10\/16\/acao-rapida-policia-militar-frustra-assalto-e-desarticula-grupo-criminoso-em-belem\/","og_locale":"pt_BR","og_type":"article","og_title":"A\u00c7\u00c3O R\u00c1PIDA: Pol\u00edcia Militar frustra assalto e desarticula grupo criminoso em Bel\u00e9m - Pol\u00edcia Militar da Para\u00edba","og_description":"A a\u00e7\u00e3o aconteceu na noite da \u00faltima ter\u00e7a-feira (15), resultando em armas de fogo apreendidas e objetos recuperados.","og_url":"https:\/\/www.pm.pb.gov.br\/portal\/2024\/10\/16\/acao-rapida-policia-militar-frustra-assalto-e-desarticula-grupo-criminoso-em-belem\/","og_site_name":"Pol\u00edcia Militar da Para\u00edba","article_published_time":"2024-10-16T12:31:43+00:00","article_modified_time":"2024-10-16T12:45:01+00:00","og_image":[{"width":800,"height":445,"url":"http:\/\/www.pm.pb.gov.br\/portal\/wp-content\/uploads\/2024\/10\/WhatsApp-Image-2024-10-16-at-09.32.46.jpeg","type":"image\/jpeg"}],"author":"Assessoria de Imprensa da PMPB","twitter_card":"summary_large_image","twitter_misc":{"Escrito por":"Assessoria de Imprensa da PMPB","Est. tempo de leitura":"1 minuto"},"schema":{"@context":"https:\/\/schema.org","@graph":[{"@type":"Article","@id":"https:\/\/www.pm.pb.gov.br\/portal\/2024\/10\/16\/acao-rapida-policia-militar-frustra-assalto-e-desarticula-grupo-criminoso-em-belem\/#article","isPartOf":{"@id":"https:\/\/www.pm.pb.gov.br\/portal\/2024\/10\/16\/acao-rapida-policia-militar-frustra-assalto-e-desarticula-grupo-criminoso-em-belem\/"},"author":{"name":"Assessoria de Imprensa da PMPB","@id":"https:\/\/www.pm.pb.gov.br\/portal\/#\/schema\/person\/e8454f46651c3ecf0e1ba3c1666d9947"},"headline":"A\u00c7\u00c3O R\u00c1PIDA: Pol\u00edcia Militar frustra assalto e desarticula grupo criminoso em Bel\u00e9m","datePublished":"2024-10-16T12:31:43+00:00","dateModified":"2024-10-16T12:45:01+00:00","mainEntityOfPage":{"@id":"https:\/\/www.pm.pb.gov.br\/portal\/2024\/10\/16\/acao-rapida-policia-militar-frustra-assalto-e-desarticula-grupo-criminoso-em-belem\/"},"wordCount":170,"publisher":{"@id":"https:\/\/www.pm.pb.gov.br\/portal\/#organization"},"articleSection":["A\u00e7\u00f5es Policiais"],"inLanguage":"pt-BR"},{"@type":"WebPage","@id":"https:\/\/www.pm.pb.gov.br\/portal\/2024\/10\/16\/acao-rapida-policia-militar-frustra-assalto-e-desarticula-grupo-criminoso-em-belem\/","url":"https:\/\/www.pm.pb.gov.br\/portal\/2024\/10\/16\/acao-rapida-policia-militar-frustra-assalto-e-desarticula-grupo-criminoso-em-belem\/","name":"A\u00c7\u00c3O R\u00c1PIDA: Pol\u00edcia Militar frustra assalto e desarticula grupo criminoso em Bel\u00e9m - Pol\u00edcia Militar da Para\u00edba","isPartOf":{"@id":"https:\/\/www.pm.pb.gov.br\/portal\/#website"},"datePublished":"2024-10-16T12:31:43+00:00","dateModified":"2024-10-16T12:45:01+00:00","description":"A a\u00e7\u00e3o aconteceu na noite da \u00faltima ter\u00e7a-feira (15), resultando em armas de fogo apreendidas e objetos recuperados.","breadcrumb":{"@id":"https:\/\/www.pm.pb.gov.br\/portal\/2024\/10\/16\/acao-rapida-policia-militar-frustra-assalto-e-desarticula-grupo-criminoso-em-belem\/#breadcrumb"},"inLanguage":"pt-BR","potentialAction":[{"@type":"ReadAction","target":["https:\/\/www.pm.pb.gov.br\/portal\/2024\/10\/16\/acao-rapida-policia-militar-frustra-assalto-e-desarticula-grupo-criminoso-em-belem\/"]}]},{"@type":"BreadcrumbList","@id":"https:\/\/www.pm.pb.gov.br\/portal\/2024\/10\/16\/acao-rapida-policia-militar-frustra-assalto-e-desarticula-grupo-criminoso-em-belem\/#breadcrumb","itemListElement":[{"@type":"ListItem","position":1,"name":"In\u00edcio","item":"https:\/\/www.pm.pb.gov.br\/portal\/"},{"@type":"ListItem","position":2,"name":"A\u00c7\u00c3O R\u00c1PIDA: Pol\u00edcia Militar frustra assalto e desarticula grupo criminoso em Bel\u00e9m"}]},{"@type":"WebSite","@id":"https:\/\/www.pm.pb.gov.br\/portal\/#website","url":"https:\/\/www.pm.pb.gov.br\/portal\/","name":"Pol\u00edcia Militar da Para\u00edba","description":"","publisher":{"@id":"https:\/\/www.pm.pb.gov.br\/portal\/#organization"},"potentialAction":[{"@type":"SearchAction","target":{"@type":"EntryPoint","urlTemplate":"https:\/\/www.pm.pb.gov.br\/portal\/?s={search_term_string}"},"query-input":"required name=search_term_string"}],"inLanguage":"pt-BR"},{"@type":"Organization","@id":"https:\/\/www.pm.pb.gov.br\/portal\/#organization","name":"Pol\u00edcia Militar da Para\u00edba","url":"https:\/\/www.pm.pb.gov.br\/portal\/","logo":{"@type":"ImageObject","inLanguage":"pt-BR","@id":"https:\/\/www.pm.pb.gov.br\/portal\/#\/schema\/logo\/image\/","url":"https:\/\/www.pm.pb.gov.br\/portal\/wp-content\/uploads\/2025\/03\/cropped-logo-site-mag2-1.png","contentUrl":"https:\/\/www.pm.pb.gov.br\/portal\/wp-content\/uploads\/2025\/03\/cropped-logo-site-mag2-1.png","width":320,"height":90,"caption":"Pol\u00edcia Militar da Para\u00edba"},"image":{"@id":"https:\/\/www.pm.pb.gov.br\/portal\/#\/schema\/logo\/image\/"}},{"@type":"Person","@id":"https:\/\/www.pm.pb.gov.br\/portal\/#\/schema\/person\/e8454f46651c3ecf0e1ba3c1666d9947","name":"Assessoria de Imprensa da PMPB","image":{"@type":"ImageObject","inLanguage":"pt-BR","@id":"https:\/\/www.pm.pb.gov.br\/portal\/#\/schema\/person\/image\/","url":"https:\/\/secure.gravatar.com\/avatar\/2efe197438265d1e90bd98c4c8e1acf8?s=96&d=mm&r=g","contentUrl":"https:\/\/secure.gravatar.com\/avatar\/2efe197438265d1e90bd98c4c8e1acf8?s=96&d=mm&r=g","caption":"Assessoria de Imprensa da PMPB"},"url":"https:\/\/www.pm.pb.gov.br\/portal\/author\/assessoria\/"}]}},"_links":{"self":[{"href":"https:\/\/www.pm.pb.gov.br\/portal\/wp-json\/wp\/v2\/posts\/924393"}],"collection":[{"href":"https:\/\/www.pm.pb.gov.br\/portal\/wp-json\/wp\/v2\/posts"}],"about":[{"href":"https:\/\/www.pm.pb.gov.br\/portal\/wp-json\/wp\/v2\/types\/post"}],"author":[{"embeddable":true,"href":"https:\/\/www.pm.pb.gov.br\/portal\/wp-json\/wp\/v2\/users\/5"}],"replies":[{"embeddable":true,"href":"https:\/\/www.pm.pb.gov.br\/portal\/wp-json\/wp\/v2\/comments?post=924393"}],"version-history":[{"count":2,"href":"https:\/\/www.pm.pb.gov.br\/portal\/wp-json\/wp\/v2\/posts\/924393\/revisions"}],"predecessor-version":[{"id":924396,"href":"https:\/\/www.pm.pb.gov.br\/portal\/wp-json\/wp\/v2\/posts\/924393\/revisions\/924396"}],"wp:featuredmedia":[{"embeddable":true,"href":"https:\/\/www.pm.pb.gov.br\/portal\/wp-json\/wp\/v2\/media\/924394"}],"wp:attachment":[{"href":"https:\/\/www.pm.pb.gov.br\/portal\/wp-json\/wp\/v2\/media?parent=924393"}],"wp:term":[{"taxonomy":"category","embeddable":true,"href":"https:\/\/www.pm.pb.gov.br\/portal\/wp-json\/wp\/v2\/categories?post=924393"},{"taxonomy":"post_tag","embeddable":true,"href":"https:\/\/www.pm.pb.gov.br\/portal\/wp-json\/wp\/v2\/tags?post=924393"}],"curies":[{"name":"wp","href":"https:\/\/api.w.org\/{rel}","templated":true}]}}