{"id":924092,"date":"2024-09-19T09:43:32","date_gmt":"2024-09-19T12:43:32","guid":{"rendered":"https:\/\/www.pm.pb.gov.br\/portal\/?p=924092"},"modified":"2024-09-19T09:43:35","modified_gmt":"2024-09-19T12:43:35","slug":"em-cabedelo-criminoso-que-ja-tinha-passagem-no-sistema-prisional-por-homicidio-e-novamente-preso-com-arma-de-fogo-e-municoes","status":"publish","type":"post","link":"https:\/\/www.pm.pb.gov.br\/portal\/2024\/09\/19\/em-cabedelo-criminoso-que-ja-tinha-passagem-no-sistema-prisional-por-homicidio-e-novamente-preso-com-arma-de-fogo-e-municoes\/","title":{"rendered":"Em Cabedelo: Criminoso que j\u00e1 tinha passagem no sistema prisional por homic\u00eddio \u00e9 novamente preso com arma de fogo e muni\u00e7\u00f5es"},"content":{"rendered":"\n<p>A\u00e7\u00f5es policiais preventivas em Cabedelo conseguiram prender um criminoso que j\u00e1 tinha passagem pelo sistema prisional, apreender uma arma de fogo e recuperar uma motocicleta roubada. As ocorr\u00eancias foram realizadas pela Pol\u00edcia Militar nas primeiras horas desta quinta-feira (19), atrav\u00e9s da 6\u00aa Companhia Independente, contando com apoio do pr\u00f3prio comandante-geral da corpora\u00e7\u00e3o, o coronel S\u00e9rgio Fonseca.<\/p>\n<p>De acordo com a unidade, um homem foi flagrado na comunidade Sol Nascente, tentou fugir de uma abordagem da PM, mas foi encontrado com uma pistola, carregadores e muni\u00e7\u00f5es. O subcomando da 6\u00aa CIPM informou que o acusado era da cidade de Natal, respondeu criminalmente por homic\u00eddio, j\u00e1 tendo passagem pelo sistema prisional.<\/p>\n<p>J\u00e1 no Jardim Gama, uma motocicleta que havia sido roubada na \u00faltima sexta-feira, foi localizada e recuperada pelos policiais. As ocorr\u00eancias foram apresentadas na delegacia para os procedimentos cab\u00edveis.<\/p>\n","protected":false},"excerpt":{"rendered":"<p>A\u00e7\u00f5es policiais preventivas em Cabedelo conseguiram prender um criminoso que j\u00e1 tinha passagem pelo sistema prisional, apreender uma arma de<\/p>\n","protected":false},"author":5,"featured_media":924093,"comment_status":"closed","ping_status":"closed","sticky":false,"template":"","format":"standard","meta":{"_exactmetrics_skip_tracking":false,"_exactmetrics_sitenote_active":false,"_exactmetrics_sitenote_note":"","_exactmetrics_sitenote_category":0,"footnotes":""},"categories":[4],"tags":[],"yoast_head":"<!-- This site is optimized with the Yoast SEO plugin v22.0 - https:\/\/yoast.com\/wordpress\/plugins\/seo\/ -->\n<title>Em Cabedelo: Criminoso que j\u00e1 tinha passagem no sistema prisional por homic\u00eddio \u00e9 novamente preso com arma de fogo e muni\u00e7\u00f5es - Pol\u00edcia Militar da Para\u00edba<\/title>\n<meta name=\"description\" content=\"O acusado foi flagrado na comunidade Sol Nascente, tentou fugir de uma abordagem da PM, mas foi encontrado com uma pistola, carregadores e muni\u00e7\u00f5es.\" \/>\n<meta name=\"robots\" content=\"index, follow, max-snippet:-1, max-image-preview:large, max-video-preview:-1\" \/>\n<link rel=\"canonical\" href=\"https:\/\/www.pm.pb.gov.br\/portal\/2024\/09\/19\/em-cabedelo-criminoso-que-ja-tinha-passagem-no-sistema-prisional-por-homicidio-e-novamente-preso-com-arma-de-fogo-e-municoes\/\" \/>\n<meta property=\"og:locale\" content=\"pt_BR\" \/>\n<meta property=\"og:type\" content=\"article\" \/>\n<meta property=\"og:title\" content=\"Em Cabedelo: Criminoso que j\u00e1 tinha passagem no sistema prisional por homic\u00eddio \u00e9 novamente preso com arma de fogo e muni\u00e7\u00f5es - Pol\u00edcia Militar da Para\u00edba\" \/>\n<meta property=\"og:description\" content=\"O acusado foi flagrado na comunidade Sol Nascente, tentou fugir de uma abordagem da PM, mas foi encontrado com uma pistola, carregadores e muni\u00e7\u00f5es.\" \/>\n<meta property=\"og:url\" content=\"https:\/\/www.pm.pb.gov.br\/portal\/2024\/09\/19\/em-cabedelo-criminoso-que-ja-tinha-passagem-no-sistema-prisional-por-homicidio-e-novamente-preso-com-arma-de-fogo-e-municoes\/\" \/>\n<meta property=\"og:site_name\" content=\"Pol\u00edcia Militar da Para\u00edba\" \/>\n<meta property=\"article:published_time\" content=\"2024-09-19T12:43:32+00:00\" \/>\n<meta property=\"article:modified_time\" content=\"2024-09-19T12:43:35+00:00\" \/>\n<meta property=\"og:image\" content=\"http:\/\/www.pm.pb.gov.br\/portal\/wp-content\/uploads\/2024\/09\/WhatsApp-Image-2024-09-19-at-09.58.191.jpeg\" \/>\n\t<meta property=\"og:image:width\" content=\"800\" \/>\n\t<meta property=\"og:image:height\" content=\"445\" \/>\n\t<meta property=\"og:image:type\" content=\"image\/jpeg\" \/>\n<meta name=\"author\" content=\"Assessoria de Imprensa da PMPB\" \/>\n<meta name=\"twitter:card\" content=\"summary_large_image\" \/>\n<meta name=\"twitter:label1\" content=\"Escrito por\" \/>\n\t<meta name=\"twitter:data1\" content=\"Assessoria de Imprensa da PMPB\" \/>\n\t<meta name=\"twitter:label2\" content=\"Est. tempo de leitura\" \/>\n\t<meta name=\"twitter:data2\" content=\"1 minuto\" \/>\n<script type=\"application\/ld+json\" class=\"yoast-schema-graph\">{\"@context\":\"https:\/\/schema.org\",\"@graph\":[{\"@type\":\"Article\",\"@id\":\"https:\/\/www.pm.pb.gov.br\/portal\/2024\/09\/19\/em-cabedelo-criminoso-que-ja-tinha-passagem-no-sistema-prisional-por-homicidio-e-novamente-preso-com-arma-de-fogo-e-municoes\/#article\",\"isPartOf\":{\"@id\":\"https:\/\/www.pm.pb.gov.br\/portal\/2024\/09\/19\/em-cabedelo-criminoso-que-ja-tinha-passagem-no-sistema-prisional-por-homicidio-e-novamente-preso-com-arma-de-fogo-e-municoes\/\"},\"author\":{\"name\":\"Assessoria de Imprensa da PMPB\",\"@id\":\"https:\/\/www.pm.pb.gov.br\/portal\/#\/schema\/person\/e8454f46651c3ecf0e1ba3c1666d9947\"},\"headline\":\"Em Cabedelo: Criminoso que j\u00e1 tinha passagem no sistema prisional por homic\u00eddio \u00e9 novamente preso com arma de fogo e muni\u00e7\u00f5es\",\"datePublished\":\"2024-09-19T12:43:32+00:00\",\"dateModified\":\"2024-09-19T12:43:35+00:00\",\"mainEntityOfPage\":{\"@id\":\"https:\/\/www.pm.pb.gov.br\/portal\/2024\/09\/19\/em-cabedelo-criminoso-que-ja-tinha-passagem-no-sistema-prisional-por-homicidio-e-novamente-preso-com-arma-de-fogo-e-municoes\/\"},\"wordCount\":168,\"publisher\":{\"@id\":\"https:\/\/www.pm.pb.gov.br\/portal\/#organization\"},\"articleSection\":[\"A\u00e7\u00f5es Policiais\"],\"inLanguage\":\"pt-BR\"},{\"@type\":\"WebPage\",\"@id\":\"https:\/\/www.pm.pb.gov.br\/portal\/2024\/09\/19\/em-cabedelo-criminoso-que-ja-tinha-passagem-no-sistema-prisional-por-homicidio-e-novamente-preso-com-arma-de-fogo-e-municoes\/\",\"url\":\"https:\/\/www.pm.pb.gov.br\/portal\/2024\/09\/19\/em-cabedelo-criminoso-que-ja-tinha-passagem-no-sistema-prisional-por-homicidio-e-novamente-preso-com-arma-de-fogo-e-municoes\/\",\"name\":\"Em Cabedelo: Criminoso que j\u00e1 tinha passagem no sistema prisional por homic\u00eddio \u00e9 novamente preso com arma de fogo e muni\u00e7\u00f5es - Pol\u00edcia Militar da Para\u00edba\",\"isPartOf\":{\"@id\":\"https:\/\/www.pm.pb.gov.br\/portal\/#website\"},\"datePublished\":\"2024-09-19T12:43:32+00:00\",\"dateModified\":\"2024-09-19T12:43:35+00:00\",\"description\":\"O acusado foi flagrado na comunidade Sol Nascente, tentou fugir de uma abordagem da PM, mas foi encontrado com uma pistola, carregadores e muni\u00e7\u00f5es.\",\"breadcrumb\":{\"@id\":\"https:\/\/www.pm.pb.gov.br\/portal\/2024\/09\/19\/em-cabedelo-criminoso-que-ja-tinha-passagem-no-sistema-prisional-por-homicidio-e-novamente-preso-com-arma-de-fogo-e-municoes\/#breadcrumb\"},\"inLanguage\":\"pt-BR\",\"potentialAction\":[{\"@type\":\"ReadAction\",\"target\":[\"https:\/\/www.pm.pb.gov.br\/portal\/2024\/09\/19\/em-cabedelo-criminoso-que-ja-tinha-passagem-no-sistema-prisional-por-homicidio-e-novamente-preso-com-arma-de-fogo-e-municoes\/\"]}]},{\"@type\":\"BreadcrumbList\",\"@id\":\"https:\/\/www.pm.pb.gov.br\/portal\/2024\/09\/19\/em-cabedelo-criminoso-que-ja-tinha-passagem-no-sistema-prisional-por-homicidio-e-novamente-preso-com-arma-de-fogo-e-municoes\/#breadcrumb\",\"itemListElement\":[{\"@type\":\"ListItem\",\"position\":1,\"name\":\"In\u00edcio\",\"item\":\"https:\/\/www.pm.pb.gov.br\/portal\/\"},{\"@type\":\"ListItem\",\"position\":2,\"name\":\"Em Cabedelo: Criminoso que j\u00e1 tinha passagem no sistema prisional por homic\u00eddio \u00e9 novamente preso com arma de fogo e muni\u00e7\u00f5es\"}]},{\"@type\":\"WebSite\",\"@id\":\"https:\/\/www.pm.pb.gov.br\/portal\/#website\",\"url\":\"https:\/\/www.pm.pb.gov.br\/portal\/\",\"name\":\"Pol\u00edcia Militar da Para\u00edba\",\"description\":\"\",\"publisher\":{\"@id\":\"https:\/\/www.pm.pb.gov.br\/portal\/#organization\"},\"potentialAction\":[{\"@type\":\"SearchAction\",\"target\":{\"@type\":\"EntryPoint\",\"urlTemplate\":\"https:\/\/www.pm.pb.gov.br\/portal\/?s={search_term_string}\"},\"query-input\":\"required name=search_term_string\"}],\"inLanguage\":\"pt-BR\"},{\"@type\":\"Organization\",\"@id\":\"https:\/\/www.pm.pb.gov.br\/portal\/#organization\",\"name\":\"Pol\u00edcia Militar da Para\u00edba\",\"url\":\"https:\/\/www.pm.pb.gov.br\/portal\/\",\"logo\":{\"@type\":\"ImageObject\",\"inLanguage\":\"pt-BR\",\"@id\":\"https:\/\/www.pm.pb.gov.br\/portal\/#\/schema\/logo\/image\/\",\"url\":\"https:\/\/www.pm.pb.gov.br\/portal\/wp-content\/uploads\/2025\/03\/cropped-logo-site-mag2-1.png\",\"contentUrl\":\"https:\/\/www.pm.pb.gov.br\/portal\/wp-content\/uploads\/2025\/03\/cropped-logo-site-mag2-1.png\",\"width\":320,\"height\":90,\"caption\":\"Pol\u00edcia Militar da Para\u00edba\"},\"image\":{\"@id\":\"https:\/\/www.pm.pb.gov.br\/portal\/#\/schema\/logo\/image\/\"}},{\"@type\":\"Person\",\"@id\":\"https:\/\/www.pm.pb.gov.br\/portal\/#\/schema\/person\/e8454f46651c3ecf0e1ba3c1666d9947\",\"name\":\"Assessoria de Imprensa da PMPB\",\"image\":{\"@type\":\"ImageObject\",\"inLanguage\":\"pt-BR\",\"@id\":\"https:\/\/www.pm.pb.gov.br\/portal\/#\/schema\/person\/image\/\",\"url\":\"https:\/\/secure.gravatar.com\/avatar\/2efe197438265d1e90bd98c4c8e1acf8?s=96&d=mm&r=g\",\"contentUrl\":\"https:\/\/secure.gravatar.com\/avatar\/2efe197438265d1e90bd98c4c8e1acf8?s=96&d=mm&r=g\",\"caption\":\"Assessoria de Imprensa da PMPB\"},\"url\":\"https:\/\/www.pm.pb.gov.br\/portal\/author\/assessoria\/\"}]}<\/script>\n<!-- \/ Yoast SEO plugin. -->","yoast_head_json":{"title":"Em Cabedelo: Criminoso que j\u00e1 tinha passagem no sistema prisional por homic\u00eddio \u00e9 novamente preso com arma de fogo e muni\u00e7\u00f5es - Pol\u00edcia Militar da Para\u00edba","description":"O acusado foi flagrado na comunidade Sol Nascente, tentou fugir de uma abordagem da PM, mas foi encontrado com uma pistola, carregadores e muni\u00e7\u00f5es.","robots":{"index":"index","follow":"follow","max-snippet":"max-snippet:-1","max-image-preview":"max-image-preview:large","max-video-preview":"max-video-preview:-1"},"canonical":"https:\/\/www.pm.pb.gov.br\/portal\/2024\/09\/19\/em-cabedelo-criminoso-que-ja-tinha-passagem-no-sistema-prisional-por-homicidio-e-novamente-preso-com-arma-de-fogo-e-municoes\/","og_locale":"pt_BR","og_type":"article","og_title":"Em Cabedelo: Criminoso que j\u00e1 tinha passagem no sistema prisional por homic\u00eddio \u00e9 novamente preso com arma de fogo e muni\u00e7\u00f5es - Pol\u00edcia Militar da Para\u00edba","og_description":"O acusado foi flagrado na comunidade Sol Nascente, tentou fugir de uma abordagem da PM, mas foi encontrado com uma pistola, carregadores e muni\u00e7\u00f5es.","og_url":"https:\/\/www.pm.pb.gov.br\/portal\/2024\/09\/19\/em-cabedelo-criminoso-que-ja-tinha-passagem-no-sistema-prisional-por-homicidio-e-novamente-preso-com-arma-de-fogo-e-municoes\/","og_site_name":"Pol\u00edcia Militar da Para\u00edba","article_published_time":"2024-09-19T12:43:32+00:00","article_modified_time":"2024-09-19T12:43:35+00:00","og_image":[{"width":800,"height":445,"url":"http:\/\/www.pm.pb.gov.br\/portal\/wp-content\/uploads\/2024\/09\/WhatsApp-Image-2024-09-19-at-09.58.191.jpeg","type":"image\/jpeg"}],"author":"Assessoria de Imprensa da PMPB","twitter_card":"summary_large_image","twitter_misc":{"Escrito por":"Assessoria de Imprensa da PMPB","Est. tempo de leitura":"1 minuto"},"schema":{"@context":"https:\/\/schema.org","@graph":[{"@type":"Article","@id":"https:\/\/www.pm.pb.gov.br\/portal\/2024\/09\/19\/em-cabedelo-criminoso-que-ja-tinha-passagem-no-sistema-prisional-por-homicidio-e-novamente-preso-com-arma-de-fogo-e-municoes\/#article","isPartOf":{"@id":"https:\/\/www.pm.pb.gov.br\/portal\/2024\/09\/19\/em-cabedelo-criminoso-que-ja-tinha-passagem-no-sistema-prisional-por-homicidio-e-novamente-preso-com-arma-de-fogo-e-municoes\/"},"author":{"name":"Assessoria de Imprensa da PMPB","@id":"https:\/\/www.pm.pb.gov.br\/portal\/#\/schema\/person\/e8454f46651c3ecf0e1ba3c1666d9947"},"headline":"Em Cabedelo: Criminoso que j\u00e1 tinha passagem no sistema prisional por homic\u00eddio \u00e9 novamente preso com arma de fogo e muni\u00e7\u00f5es","datePublished":"2024-09-19T12:43:32+00:00","dateModified":"2024-09-19T12:43:35+00:00","mainEntityOfPage":{"@id":"https:\/\/www.pm.pb.gov.br\/portal\/2024\/09\/19\/em-cabedelo-criminoso-que-ja-tinha-passagem-no-sistema-prisional-por-homicidio-e-novamente-preso-com-arma-de-fogo-e-municoes\/"},"wordCount":168,"publisher":{"@id":"https:\/\/www.pm.pb.gov.br\/portal\/#organization"},"articleSection":["A\u00e7\u00f5es Policiais"],"inLanguage":"pt-BR"},{"@type":"WebPage","@id":"https:\/\/www.pm.pb.gov.br\/portal\/2024\/09\/19\/em-cabedelo-criminoso-que-ja-tinha-passagem-no-sistema-prisional-por-homicidio-e-novamente-preso-com-arma-de-fogo-e-municoes\/","url":"https:\/\/www.pm.pb.gov.br\/portal\/2024\/09\/19\/em-cabedelo-criminoso-que-ja-tinha-passagem-no-sistema-prisional-por-homicidio-e-novamente-preso-com-arma-de-fogo-e-municoes\/","name":"Em Cabedelo: Criminoso que j\u00e1 tinha passagem no sistema prisional por homic\u00eddio \u00e9 novamente preso com arma de fogo e muni\u00e7\u00f5es - Pol\u00edcia Militar da Para\u00edba","isPartOf":{"@id":"https:\/\/www.pm.pb.gov.br\/portal\/#website"},"datePublished":"2024-09-19T12:43:32+00:00","dateModified":"2024-09-19T12:43:35+00:00","description":"O acusado foi flagrado na comunidade Sol Nascente, tentou fugir de uma abordagem da PM, mas foi encontrado com uma pistola, carregadores e muni\u00e7\u00f5es.","breadcrumb":{"@id":"https:\/\/www.pm.pb.gov.br\/portal\/2024\/09\/19\/em-cabedelo-criminoso-que-ja-tinha-passagem-no-sistema-prisional-por-homicidio-e-novamente-preso-com-arma-de-fogo-e-municoes\/#breadcrumb"},"inLanguage":"pt-BR","potentialAction":[{"@type":"ReadAction","target":["https:\/\/www.pm.pb.gov.br\/portal\/2024\/09\/19\/em-cabedelo-criminoso-que-ja-tinha-passagem-no-sistema-prisional-por-homicidio-e-novamente-preso-com-arma-de-fogo-e-municoes\/"]}]},{"@type":"BreadcrumbList","@id":"https:\/\/www.pm.pb.gov.br\/portal\/2024\/09\/19\/em-cabedelo-criminoso-que-ja-tinha-passagem-no-sistema-prisional-por-homicidio-e-novamente-preso-com-arma-de-fogo-e-municoes\/#breadcrumb","itemListElement":[{"@type":"ListItem","position":1,"name":"In\u00edcio","item":"https:\/\/www.pm.pb.gov.br\/portal\/"},{"@type":"ListItem","position":2,"name":"Em Cabedelo: Criminoso que j\u00e1 tinha passagem no sistema prisional por homic\u00eddio \u00e9 novamente preso com arma de fogo e muni\u00e7\u00f5es"}]},{"@type":"WebSite","@id":"https:\/\/www.pm.pb.gov.br\/portal\/#website","url":"https:\/\/www.pm.pb.gov.br\/portal\/","name":"Pol\u00edcia Militar da Para\u00edba","description":"","publisher":{"@id":"https:\/\/www.pm.pb.gov.br\/portal\/#organization"},"potentialAction":[{"@type":"SearchAction","target":{"@type":"EntryPoint","urlTemplate":"https:\/\/www.pm.pb.gov.br\/portal\/?s={search_term_string}"},"query-input":"required name=search_term_string"}],"inLanguage":"pt-BR"},{"@type":"Organization","@id":"https:\/\/www.pm.pb.gov.br\/portal\/#organization","name":"Pol\u00edcia Militar da Para\u00edba","url":"https:\/\/www.pm.pb.gov.br\/portal\/","logo":{"@type":"ImageObject","inLanguage":"pt-BR","@id":"https:\/\/www.pm.pb.gov.br\/portal\/#\/schema\/logo\/image\/","url":"https:\/\/www.pm.pb.gov.br\/portal\/wp-content\/uploads\/2025\/03\/cropped-logo-site-mag2-1.png","contentUrl":"https:\/\/www.pm.pb.gov.br\/portal\/wp-content\/uploads\/2025\/03\/cropped-logo-site-mag2-1.png","width":320,"height":90,"caption":"Pol\u00edcia Militar da Para\u00edba"},"image":{"@id":"https:\/\/www.pm.pb.gov.br\/portal\/#\/schema\/logo\/image\/"}},{"@type":"Person","@id":"https:\/\/www.pm.pb.gov.br\/portal\/#\/schema\/person\/e8454f46651c3ecf0e1ba3c1666d9947","name":"Assessoria de Imprensa da PMPB","image":{"@type":"ImageObject","inLanguage":"pt-BR","@id":"https:\/\/www.pm.pb.gov.br\/portal\/#\/schema\/person\/image\/","url":"https:\/\/secure.gravatar.com\/avatar\/2efe197438265d1e90bd98c4c8e1acf8?s=96&d=mm&r=g","contentUrl":"https:\/\/secure.gravatar.com\/avatar\/2efe197438265d1e90bd98c4c8e1acf8?s=96&d=mm&r=g","caption":"Assessoria de Imprensa da PMPB"},"url":"https:\/\/www.pm.pb.gov.br\/portal\/author\/assessoria\/"}]}},"_links":{"self":[{"href":"https:\/\/www.pm.pb.gov.br\/portal\/wp-json\/wp\/v2\/posts\/924092"}],"collection":[{"href":"https:\/\/www.pm.pb.gov.br\/portal\/wp-json\/wp\/v2\/posts"}],"about":[{"href":"https:\/\/www.pm.pb.gov.br\/portal\/wp-json\/wp\/v2\/types\/post"}],"author":[{"embeddable":true,"href":"https:\/\/www.pm.pb.gov.br\/portal\/wp-json\/wp\/v2\/users\/5"}],"replies":[{"embeddable":true,"href":"https:\/\/www.pm.pb.gov.br\/portal\/wp-json\/wp\/v2\/comments?post=924092"}],"version-history":[{"count":1,"href":"https:\/\/www.pm.pb.gov.br\/portal\/wp-json\/wp\/v2\/posts\/924092\/revisions"}],"predecessor-version":[{"id":924094,"href":"https:\/\/www.pm.pb.gov.br\/portal\/wp-json\/wp\/v2\/posts\/924092\/revisions\/924094"}],"wp:featuredmedia":[{"embeddable":true,"href":"https:\/\/www.pm.pb.gov.br\/portal\/wp-json\/wp\/v2\/media\/924093"}],"wp:attachment":[{"href":"https:\/\/www.pm.pb.gov.br\/portal\/wp-json\/wp\/v2\/media?parent=924092"}],"wp:term":[{"taxonomy":"category","embeddable":true,"href":"https:\/\/www.pm.pb.gov.br\/portal\/wp-json\/wp\/v2\/categories?post=924092"},{"taxonomy":"post_tag","embeddable":true,"href":"https:\/\/www.pm.pb.gov.br\/portal\/wp-json\/wp\/v2\/tags?post=924092"}],"curies":[{"name":"wp","href":"https:\/\/api.w.org\/{rel}","templated":true}]}}