{"id":924087,"date":"2024-09-19T09:27:53","date_gmt":"2024-09-19T12:27:53","guid":{"rendered":"https:\/\/www.pm.pb.gov.br\/portal\/?p=924087"},"modified":"2024-09-19T09:27:57","modified_gmt":"2024-09-19T12:27:57","slug":"com-tornozeleira-eletronica-criminoso-troca-tiros-com-a-pm-e-e-preso-em-campina-grande-apos-tentativa-de-homicidio-e-ameaca","status":"publish","type":"post","link":"https:\/\/www.pm.pb.gov.br\/portal\/2024\/09\/19\/com-tornozeleira-eletronica-criminoso-troca-tiros-com-a-pm-e-e-preso-em-campina-grande-apos-tentativa-de-homicidio-e-ameaca\/","title":{"rendered":"Com tornozeleira eletr\u00f4nica, criminoso troca tiros com a PM e \u00e9 preso em Campina Grande ap\u00f3s tentativa de homic\u00eddio e amea\u00e7a"},"content":{"rendered":"\n<p>A Pol\u00edcia Militar prendeu um criminoso acusado de tentativa de homic\u00eddio e amea\u00e7a, na tarde da \u00faltima quarta-feira (18), na cidade de Campina Grande. O acusado j\u00e1 responde criminalmente por tr\u00e1fico de drogas, porte ilegal de arma de fogo, corrup\u00e7\u00e3o de menores, e fazia uso de tornozeleira eletr\u00f4nica.<\/p>\n<p>A pris\u00e3o foi efetuada pelo 2\u00ba Esquadr\u00e3o do Regimento de Opera\u00e7\u00f5es T\u00e1ticas com Apoio de Motocicletas (Rotam), com apoio de diversas unidades da PM em Campina. De acordo com o Rotam, a a\u00e7\u00e3o ocorreu no bairro do Centen\u00e1rio, quando o motopatrulhamento t\u00e1tico apoiou viaturas do 2\u00b0 Batalh\u00e3o no atendimento de ocorr\u00eancia de amea\u00e7a entre duas pessoas, com emprego de arma de fogo.<\/p>\n<p>O criminoso tentou fugir, efetuou disparos ferindo um dos policiais, que passa bem. Ap\u00f3s um cerco realizado por viaturas do Rotam, Choque, For\u00e7a T\u00e1tica e Radiopatrulha do 2\u00b0 BPM, o motopatrulhamento localizou o acusado escondido em uma casa abandonada, onde houve nova resist\u00eancia do acusado e pris\u00e3o.<\/p>\n<figure id=\"attachment_924089\" aria-describedby=\"caption-attachment-924089\" style=\"width: 465px\" class=\"wp-caption aligncenter\"><img loading=\"lazy\" decoding=\"async\" class=\"wp-image-924089\" src=\"http:\/\/www.pm.pb.gov.br\/portal\/wp-content\/uploads\/2024\/09\/WhatsApp-Image-2024-09-19-at-09.49.02-525x445.jpeg\" alt=\"\" width=\"465\" height=\"394\" srcset=\"https:\/\/www.pm.pb.gov.br\/portal\/wp-content\/uploads\/2024\/09\/WhatsApp-Image-2024-09-19-at-09.49.02-525x445.jpeg 525w, https:\/\/www.pm.pb.gov.br\/portal\/wp-content\/uploads\/2024\/09\/WhatsApp-Image-2024-09-19-at-09.49.02.jpeg 589w\" sizes=\"(max-width: 465px) 100vw, 465px\" \/><figcaption id=\"caption-attachment-924089\" class=\"wp-caption-text\">Pistola utilizada pelo criminoso; arma foi apreendida<\/figcaption><\/figure>\n<p>Ainda conforme o comando do Rotam, o homem preso j\u00e1 responde criminalmente por tr\u00e1fico de drogas, porte ilegal de arma de fogo e corrup\u00e7\u00e3o de menores, e fazia uso de tornozeleira eletr\u00f4nica. Ele tamb\u00e9m precisou receber atendimento m\u00e9dico.<\/p>\n<p>A arma de fogo tipo pistola usada pelo acusado foi apreendida, e demais fatos foram apresentados na delegacia para os procedimentos cab\u00edveis e devida autua\u00e7\u00e3o.<\/p>\n","protected":false},"excerpt":{"rendered":"<p>A Pol\u00edcia Militar prendeu um criminoso acusado de tentativa de homic\u00eddio e amea\u00e7a, na tarde da \u00faltima quarta-feira (18), na<\/p>\n","protected":false},"author":5,"featured_media":920358,"comment_status":"closed","ping_status":"closed","sticky":false,"template":"","format":"standard","meta":{"_exactmetrics_skip_tracking":false,"_exactmetrics_sitenote_active":false,"_exactmetrics_sitenote_note":"","_exactmetrics_sitenote_category":0,"footnotes":""},"categories":[4],"tags":[],"yoast_head":"<!-- This site is optimized with the Yoast SEO plugin v22.0 - https:\/\/yoast.com\/wordpress\/plugins\/seo\/ -->\n<title>Com tornozeleira eletr\u00f4nica, criminoso troca tiros com a PM e \u00e9 preso em Campina Grande ap\u00f3s tentativa de homic\u00eddio e amea\u00e7a - Pol\u00edcia Militar da Para\u00edba<\/title>\n<meta name=\"description\" content=\"O acusado j\u00e1 responde por tr\u00e1fico de drogas, porte ilegal de arma de fogo, corrup\u00e7\u00e3o de menores, e fazia uso de tornozeleira eletr\u00f4nica.\" \/>\n<meta name=\"robots\" content=\"index, follow, max-snippet:-1, max-image-preview:large, max-video-preview:-1\" \/>\n<link rel=\"canonical\" href=\"https:\/\/www.pm.pb.gov.br\/portal\/2024\/09\/19\/com-tornozeleira-eletronica-criminoso-troca-tiros-com-a-pm-e-e-preso-em-campina-grande-apos-tentativa-de-homicidio-e-ameaca\/\" \/>\n<meta property=\"og:locale\" content=\"pt_BR\" \/>\n<meta property=\"og:type\" content=\"article\" \/>\n<meta property=\"og:title\" content=\"Com tornozeleira eletr\u00f4nica, criminoso troca tiros com a PM e \u00e9 preso em Campina Grande ap\u00f3s tentativa de homic\u00eddio e amea\u00e7a - Pol\u00edcia Militar da Para\u00edba\" \/>\n<meta property=\"og:description\" content=\"O acusado j\u00e1 responde por tr\u00e1fico de drogas, porte ilegal de arma de fogo, corrup\u00e7\u00e3o de menores, e fazia uso de tornozeleira eletr\u00f4nica.\" \/>\n<meta property=\"og:url\" content=\"https:\/\/www.pm.pb.gov.br\/portal\/2024\/09\/19\/com-tornozeleira-eletronica-criminoso-troca-tiros-com-a-pm-e-e-preso-em-campina-grande-apos-tentativa-de-homicidio-e-ameaca\/\" \/>\n<meta property=\"og:site_name\" content=\"Pol\u00edcia Militar da Para\u00edba\" \/>\n<meta property=\"article:published_time\" content=\"2024-09-19T12:27:53+00:00\" \/>\n<meta property=\"article:modified_time\" content=\"2024-09-19T12:27:57+00:00\" \/>\n<meta property=\"og:image\" content=\"http:\/\/www.pm.pb.gov.br\/portal\/wp-content\/uploads\/2024\/01\/eotamcg-1.jpeg\" \/>\n\t<meta property=\"og:image:width\" content=\"800\" \/>\n\t<meta property=\"og:image:height\" content=\"445\" \/>\n\t<meta property=\"og:image:type\" content=\"image\/jpeg\" \/>\n<meta name=\"author\" content=\"Assessoria de Imprensa da PMPB\" \/>\n<meta name=\"twitter:card\" content=\"summary_large_image\" \/>\n<meta name=\"twitter:label1\" content=\"Escrito por\" \/>\n\t<meta name=\"twitter:data1\" content=\"Assessoria de Imprensa da PMPB\" \/>\n\t<meta name=\"twitter:label2\" content=\"Est. tempo de leitura\" \/>\n\t<meta name=\"twitter:data2\" content=\"2 minutos\" \/>\n<script type=\"application\/ld+json\" class=\"yoast-schema-graph\">{\"@context\":\"https:\/\/schema.org\",\"@graph\":[{\"@type\":\"Article\",\"@id\":\"https:\/\/www.pm.pb.gov.br\/portal\/2024\/09\/19\/com-tornozeleira-eletronica-criminoso-troca-tiros-com-a-pm-e-e-preso-em-campina-grande-apos-tentativa-de-homicidio-e-ameaca\/#article\",\"isPartOf\":{\"@id\":\"https:\/\/www.pm.pb.gov.br\/portal\/2024\/09\/19\/com-tornozeleira-eletronica-criminoso-troca-tiros-com-a-pm-e-e-preso-em-campina-grande-apos-tentativa-de-homicidio-e-ameaca\/\"},\"author\":{\"name\":\"Assessoria de Imprensa da PMPB\",\"@id\":\"https:\/\/www.pm.pb.gov.br\/portal\/#\/schema\/person\/e8454f46651c3ecf0e1ba3c1666d9947\"},\"headline\":\"Com tornozeleira eletr\u00f4nica, criminoso troca tiros com a PM e \u00e9 preso em Campina Grande ap\u00f3s tentativa de homic\u00eddio e amea\u00e7a\",\"datePublished\":\"2024-09-19T12:27:53+00:00\",\"dateModified\":\"2024-09-19T12:27:57+00:00\",\"mainEntityOfPage\":{\"@id\":\"https:\/\/www.pm.pb.gov.br\/portal\/2024\/09\/19\/com-tornozeleira-eletronica-criminoso-troca-tiros-com-a-pm-e-e-preso-em-campina-grande-apos-tentativa-de-homicidio-e-ameaca\/\"},\"wordCount\":282,\"publisher\":{\"@id\":\"https:\/\/www.pm.pb.gov.br\/portal\/#organization\"},\"articleSection\":[\"A\u00e7\u00f5es Policiais\"],\"inLanguage\":\"pt-BR\"},{\"@type\":\"WebPage\",\"@id\":\"https:\/\/www.pm.pb.gov.br\/portal\/2024\/09\/19\/com-tornozeleira-eletronica-criminoso-troca-tiros-com-a-pm-e-e-preso-em-campina-grande-apos-tentativa-de-homicidio-e-ameaca\/\",\"url\":\"https:\/\/www.pm.pb.gov.br\/portal\/2024\/09\/19\/com-tornozeleira-eletronica-criminoso-troca-tiros-com-a-pm-e-e-preso-em-campina-grande-apos-tentativa-de-homicidio-e-ameaca\/\",\"name\":\"Com tornozeleira eletr\u00f4nica, criminoso troca tiros com a PM e \u00e9 preso em Campina Grande ap\u00f3s tentativa de homic\u00eddio e amea\u00e7a - Pol\u00edcia Militar da Para\u00edba\",\"isPartOf\":{\"@id\":\"https:\/\/www.pm.pb.gov.br\/portal\/#website\"},\"datePublished\":\"2024-09-19T12:27:53+00:00\",\"dateModified\":\"2024-09-19T12:27:57+00:00\",\"description\":\"O acusado j\u00e1 responde por tr\u00e1fico de drogas, porte ilegal de arma de fogo, corrup\u00e7\u00e3o de menores, e fazia uso de tornozeleira eletr\u00f4nica.\",\"breadcrumb\":{\"@id\":\"https:\/\/www.pm.pb.gov.br\/portal\/2024\/09\/19\/com-tornozeleira-eletronica-criminoso-troca-tiros-com-a-pm-e-e-preso-em-campina-grande-apos-tentativa-de-homicidio-e-ameaca\/#breadcrumb\"},\"inLanguage\":\"pt-BR\",\"potentialAction\":[{\"@type\":\"ReadAction\",\"target\":[\"https:\/\/www.pm.pb.gov.br\/portal\/2024\/09\/19\/com-tornozeleira-eletronica-criminoso-troca-tiros-com-a-pm-e-e-preso-em-campina-grande-apos-tentativa-de-homicidio-e-ameaca\/\"]}]},{\"@type\":\"BreadcrumbList\",\"@id\":\"https:\/\/www.pm.pb.gov.br\/portal\/2024\/09\/19\/com-tornozeleira-eletronica-criminoso-troca-tiros-com-a-pm-e-e-preso-em-campina-grande-apos-tentativa-de-homicidio-e-ameaca\/#breadcrumb\",\"itemListElement\":[{\"@type\":\"ListItem\",\"position\":1,\"name\":\"In\u00edcio\",\"item\":\"https:\/\/www.pm.pb.gov.br\/portal\/\"},{\"@type\":\"ListItem\",\"position\":2,\"name\":\"Com tornozeleira eletr\u00f4nica, criminoso troca tiros com a PM e \u00e9 preso em Campina Grande ap\u00f3s tentativa de homic\u00eddio e amea\u00e7a\"}]},{\"@type\":\"WebSite\",\"@id\":\"https:\/\/www.pm.pb.gov.br\/portal\/#website\",\"url\":\"https:\/\/www.pm.pb.gov.br\/portal\/\",\"name\":\"Pol\u00edcia Militar da Para\u00edba\",\"description\":\"\",\"publisher\":{\"@id\":\"https:\/\/www.pm.pb.gov.br\/portal\/#organization\"},\"potentialAction\":[{\"@type\":\"SearchAction\",\"target\":{\"@type\":\"EntryPoint\",\"urlTemplate\":\"https:\/\/www.pm.pb.gov.br\/portal\/?s={search_term_string}\"},\"query-input\":\"required name=search_term_string\"}],\"inLanguage\":\"pt-BR\"},{\"@type\":\"Organization\",\"@id\":\"https:\/\/www.pm.pb.gov.br\/portal\/#organization\",\"name\":\"Pol\u00edcia Militar da Para\u00edba\",\"url\":\"https:\/\/www.pm.pb.gov.br\/portal\/\",\"logo\":{\"@type\":\"ImageObject\",\"inLanguage\":\"pt-BR\",\"@id\":\"https:\/\/www.pm.pb.gov.br\/portal\/#\/schema\/logo\/image\/\",\"url\":\"https:\/\/www.pm.pb.gov.br\/portal\/wp-content\/uploads\/2025\/03\/cropped-logo-site-mag2-1.png\",\"contentUrl\":\"https:\/\/www.pm.pb.gov.br\/portal\/wp-content\/uploads\/2025\/03\/cropped-logo-site-mag2-1.png\",\"width\":320,\"height\":90,\"caption\":\"Pol\u00edcia Militar da Para\u00edba\"},\"image\":{\"@id\":\"https:\/\/www.pm.pb.gov.br\/portal\/#\/schema\/logo\/image\/\"}},{\"@type\":\"Person\",\"@id\":\"https:\/\/www.pm.pb.gov.br\/portal\/#\/schema\/person\/e8454f46651c3ecf0e1ba3c1666d9947\",\"name\":\"Assessoria de Imprensa da PMPB\",\"image\":{\"@type\":\"ImageObject\",\"inLanguage\":\"pt-BR\",\"@id\":\"https:\/\/www.pm.pb.gov.br\/portal\/#\/schema\/person\/image\/\",\"url\":\"https:\/\/secure.gravatar.com\/avatar\/2efe197438265d1e90bd98c4c8e1acf8?s=96&d=mm&r=g\",\"contentUrl\":\"https:\/\/secure.gravatar.com\/avatar\/2efe197438265d1e90bd98c4c8e1acf8?s=96&d=mm&r=g\",\"caption\":\"Assessoria de Imprensa da PMPB\"},\"url\":\"https:\/\/www.pm.pb.gov.br\/portal\/author\/assessoria\/\"}]}<\/script>\n<!-- \/ Yoast SEO plugin. -->","yoast_head_json":{"title":"Com tornozeleira eletr\u00f4nica, criminoso troca tiros com a PM e \u00e9 preso em Campina Grande ap\u00f3s tentativa de homic\u00eddio e amea\u00e7a - Pol\u00edcia Militar da Para\u00edba","description":"O acusado j\u00e1 responde por tr\u00e1fico de drogas, porte ilegal de arma de fogo, corrup\u00e7\u00e3o de menores, e fazia uso de tornozeleira eletr\u00f4nica.","robots":{"index":"index","follow":"follow","max-snippet":"max-snippet:-1","max-image-preview":"max-image-preview:large","max-video-preview":"max-video-preview:-1"},"canonical":"https:\/\/www.pm.pb.gov.br\/portal\/2024\/09\/19\/com-tornozeleira-eletronica-criminoso-troca-tiros-com-a-pm-e-e-preso-em-campina-grande-apos-tentativa-de-homicidio-e-ameaca\/","og_locale":"pt_BR","og_type":"article","og_title":"Com tornozeleira eletr\u00f4nica, criminoso troca tiros com a PM e \u00e9 preso em Campina Grande ap\u00f3s tentativa de homic\u00eddio e amea\u00e7a - Pol\u00edcia Militar da Para\u00edba","og_description":"O acusado j\u00e1 responde por tr\u00e1fico de drogas, porte ilegal de arma de fogo, corrup\u00e7\u00e3o de menores, e fazia uso de tornozeleira eletr\u00f4nica.","og_url":"https:\/\/www.pm.pb.gov.br\/portal\/2024\/09\/19\/com-tornozeleira-eletronica-criminoso-troca-tiros-com-a-pm-e-e-preso-em-campina-grande-apos-tentativa-de-homicidio-e-ameaca\/","og_site_name":"Pol\u00edcia Militar da Para\u00edba","article_published_time":"2024-09-19T12:27:53+00:00","article_modified_time":"2024-09-19T12:27:57+00:00","og_image":[{"width":800,"height":445,"url":"http:\/\/www.pm.pb.gov.br\/portal\/wp-content\/uploads\/2024\/01\/eotamcg-1.jpeg","type":"image\/jpeg"}],"author":"Assessoria de Imprensa da PMPB","twitter_card":"summary_large_image","twitter_misc":{"Escrito por":"Assessoria de Imprensa da PMPB","Est. tempo de leitura":"2 minutos"},"schema":{"@context":"https:\/\/schema.org","@graph":[{"@type":"Article","@id":"https:\/\/www.pm.pb.gov.br\/portal\/2024\/09\/19\/com-tornozeleira-eletronica-criminoso-troca-tiros-com-a-pm-e-e-preso-em-campina-grande-apos-tentativa-de-homicidio-e-ameaca\/#article","isPartOf":{"@id":"https:\/\/www.pm.pb.gov.br\/portal\/2024\/09\/19\/com-tornozeleira-eletronica-criminoso-troca-tiros-com-a-pm-e-e-preso-em-campina-grande-apos-tentativa-de-homicidio-e-ameaca\/"},"author":{"name":"Assessoria de Imprensa da PMPB","@id":"https:\/\/www.pm.pb.gov.br\/portal\/#\/schema\/person\/e8454f46651c3ecf0e1ba3c1666d9947"},"headline":"Com tornozeleira eletr\u00f4nica, criminoso troca tiros com a PM e \u00e9 preso em Campina Grande ap\u00f3s tentativa de homic\u00eddio e amea\u00e7a","datePublished":"2024-09-19T12:27:53+00:00","dateModified":"2024-09-19T12:27:57+00:00","mainEntityOfPage":{"@id":"https:\/\/www.pm.pb.gov.br\/portal\/2024\/09\/19\/com-tornozeleira-eletronica-criminoso-troca-tiros-com-a-pm-e-e-preso-em-campina-grande-apos-tentativa-de-homicidio-e-ameaca\/"},"wordCount":282,"publisher":{"@id":"https:\/\/www.pm.pb.gov.br\/portal\/#organization"},"articleSection":["A\u00e7\u00f5es Policiais"],"inLanguage":"pt-BR"},{"@type":"WebPage","@id":"https:\/\/www.pm.pb.gov.br\/portal\/2024\/09\/19\/com-tornozeleira-eletronica-criminoso-troca-tiros-com-a-pm-e-e-preso-em-campina-grande-apos-tentativa-de-homicidio-e-ameaca\/","url":"https:\/\/www.pm.pb.gov.br\/portal\/2024\/09\/19\/com-tornozeleira-eletronica-criminoso-troca-tiros-com-a-pm-e-e-preso-em-campina-grande-apos-tentativa-de-homicidio-e-ameaca\/","name":"Com tornozeleira eletr\u00f4nica, criminoso troca tiros com a PM e \u00e9 preso em Campina Grande ap\u00f3s tentativa de homic\u00eddio e amea\u00e7a - Pol\u00edcia Militar da Para\u00edba","isPartOf":{"@id":"https:\/\/www.pm.pb.gov.br\/portal\/#website"},"datePublished":"2024-09-19T12:27:53+00:00","dateModified":"2024-09-19T12:27:57+00:00","description":"O acusado j\u00e1 responde por tr\u00e1fico de drogas, porte ilegal de arma de fogo, corrup\u00e7\u00e3o de menores, e fazia uso de tornozeleira eletr\u00f4nica.","breadcrumb":{"@id":"https:\/\/www.pm.pb.gov.br\/portal\/2024\/09\/19\/com-tornozeleira-eletronica-criminoso-troca-tiros-com-a-pm-e-e-preso-em-campina-grande-apos-tentativa-de-homicidio-e-ameaca\/#breadcrumb"},"inLanguage":"pt-BR","potentialAction":[{"@type":"ReadAction","target":["https:\/\/www.pm.pb.gov.br\/portal\/2024\/09\/19\/com-tornozeleira-eletronica-criminoso-troca-tiros-com-a-pm-e-e-preso-em-campina-grande-apos-tentativa-de-homicidio-e-ameaca\/"]}]},{"@type":"BreadcrumbList","@id":"https:\/\/www.pm.pb.gov.br\/portal\/2024\/09\/19\/com-tornozeleira-eletronica-criminoso-troca-tiros-com-a-pm-e-e-preso-em-campina-grande-apos-tentativa-de-homicidio-e-ameaca\/#breadcrumb","itemListElement":[{"@type":"ListItem","position":1,"name":"In\u00edcio","item":"https:\/\/www.pm.pb.gov.br\/portal\/"},{"@type":"ListItem","position":2,"name":"Com tornozeleira eletr\u00f4nica, criminoso troca tiros com a PM e \u00e9 preso em Campina Grande ap\u00f3s tentativa de homic\u00eddio e amea\u00e7a"}]},{"@type":"WebSite","@id":"https:\/\/www.pm.pb.gov.br\/portal\/#website","url":"https:\/\/www.pm.pb.gov.br\/portal\/","name":"Pol\u00edcia Militar da Para\u00edba","description":"","publisher":{"@id":"https:\/\/www.pm.pb.gov.br\/portal\/#organization"},"potentialAction":[{"@type":"SearchAction","target":{"@type":"EntryPoint","urlTemplate":"https:\/\/www.pm.pb.gov.br\/portal\/?s={search_term_string}"},"query-input":"required name=search_term_string"}],"inLanguage":"pt-BR"},{"@type":"Organization","@id":"https:\/\/www.pm.pb.gov.br\/portal\/#organization","name":"Pol\u00edcia Militar da Para\u00edba","url":"https:\/\/www.pm.pb.gov.br\/portal\/","logo":{"@type":"ImageObject","inLanguage":"pt-BR","@id":"https:\/\/www.pm.pb.gov.br\/portal\/#\/schema\/logo\/image\/","url":"https:\/\/www.pm.pb.gov.br\/portal\/wp-content\/uploads\/2025\/03\/cropped-logo-site-mag2-1.png","contentUrl":"https:\/\/www.pm.pb.gov.br\/portal\/wp-content\/uploads\/2025\/03\/cropped-logo-site-mag2-1.png","width":320,"height":90,"caption":"Pol\u00edcia Militar da Para\u00edba"},"image":{"@id":"https:\/\/www.pm.pb.gov.br\/portal\/#\/schema\/logo\/image\/"}},{"@type":"Person","@id":"https:\/\/www.pm.pb.gov.br\/portal\/#\/schema\/person\/e8454f46651c3ecf0e1ba3c1666d9947","name":"Assessoria de Imprensa da PMPB","image":{"@type":"ImageObject","inLanguage":"pt-BR","@id":"https:\/\/www.pm.pb.gov.br\/portal\/#\/schema\/person\/image\/","url":"https:\/\/secure.gravatar.com\/avatar\/2efe197438265d1e90bd98c4c8e1acf8?s=96&d=mm&r=g","contentUrl":"https:\/\/secure.gravatar.com\/avatar\/2efe197438265d1e90bd98c4c8e1acf8?s=96&d=mm&r=g","caption":"Assessoria de Imprensa da PMPB"},"url":"https:\/\/www.pm.pb.gov.br\/portal\/author\/assessoria\/"}]}},"_links":{"self":[{"href":"https:\/\/www.pm.pb.gov.br\/portal\/wp-json\/wp\/v2\/posts\/924087"}],"collection":[{"href":"https:\/\/www.pm.pb.gov.br\/portal\/wp-json\/wp\/v2\/posts"}],"about":[{"href":"https:\/\/www.pm.pb.gov.br\/portal\/wp-json\/wp\/v2\/types\/post"}],"author":[{"embeddable":true,"href":"https:\/\/www.pm.pb.gov.br\/portal\/wp-json\/wp\/v2\/users\/5"}],"replies":[{"embeddable":true,"href":"https:\/\/www.pm.pb.gov.br\/portal\/wp-json\/wp\/v2\/comments?post=924087"}],"version-history":[{"count":2,"href":"https:\/\/www.pm.pb.gov.br\/portal\/wp-json\/wp\/v2\/posts\/924087\/revisions"}],"predecessor-version":[{"id":924091,"href":"https:\/\/www.pm.pb.gov.br\/portal\/wp-json\/wp\/v2\/posts\/924087\/revisions\/924091"}],"wp:featuredmedia":[{"embeddable":true,"href":"https:\/\/www.pm.pb.gov.br\/portal\/wp-json\/wp\/v2\/media\/920358"}],"wp:attachment":[{"href":"https:\/\/www.pm.pb.gov.br\/portal\/wp-json\/wp\/v2\/media?parent=924087"}],"wp:term":[{"taxonomy":"category","embeddable":true,"href":"https:\/\/www.pm.pb.gov.br\/portal\/wp-json\/wp\/v2\/categories?post=924087"},{"taxonomy":"post_tag","embeddable":true,"href":"https:\/\/www.pm.pb.gov.br\/portal\/wp-json\/wp\/v2\/tags?post=924087"}],"curies":[{"name":"wp","href":"https:\/\/api.w.org\/{rel}","templated":true}]}}