{"id":923998,"date":"2024-09-11T16:49:04","date_gmt":"2024-09-11T19:49:04","guid":{"rendered":"https:\/\/www.pm.pb.gov.br\/portal\/?p=923998"},"modified":"2024-09-11T16:49:05","modified_gmt":"2024-09-11T19:49:05","slug":"auditorio-do-centro-de-educacao-e-inaugurado-apos-reforma-de-toda-a-estrutura","status":"publish","type":"post","link":"https:\/\/www.pm.pb.gov.br\/portal\/2024\/09\/11\/auditorio-do-centro-de-educacao-e-inaugurado-apos-reforma-de-toda-a-estrutura\/","title":{"rendered":"Audit\u00f3rio do Centro de Educa\u00e7\u00e3o \u00e9 inaugurado ap\u00f3s reforma de toda a estrutura"},"content":{"rendered":"\n<p>O Centro de Educa\u00e7\u00e3o da Pol\u00edcia Militar tem um novo audit\u00f3rio. Ap\u00f3s investimento de mais de R$ 1 milh\u00e3o de reais, o espa\u00e7o foi reformado e inaugurado nesta quarta-feira (11), durante solenidade que reuniu Oficiais e Pra\u00e7as de todo o Estado. <br><br>Em seu discurso, o comandante-geral da Pol\u00edcia Militar, coronel S\u00e9rgio Fonseca, agradeceu ao Governador Jo\u00e3o Azev\u00eado por mais uma obra para a corpora\u00e7\u00e3o. \u201cDesta vez, dentre as in\u00fameras obras feitas pelo Governador Jo\u00e3o Azev\u00eado, estamos recebendo um audit\u00f3rio moderno, com acessibilidade e capacidade para avan\u00e7armos na forma\u00e7\u00e3o e capacita\u00e7\u00e3o de profissionais da seguran\u00e7a p\u00fablica, al\u00e9m de ser um espa\u00e7o para solenidades e outros momentos tradicionais da corpora\u00e7\u00e3o\u201d, destacou.<br><br>O novo audit\u00f3rio do CE tem capacidade para quase 300 pessoas, com poltronas normais, especiais e espa\u00e7os acess\u00edveis para cadeirantes. Toda estrutura, climatiza\u00e7\u00e3o e sistema ac\u00fastico fizeram parte do investimento.<br><img loading=\"lazy\" decoding=\"async\" width=\"1616\" height=\"1080\" class=\"wp-image-924021\" style=\"width: 800px;\" src=\"http:\/\/www.pm.pb.gov.br\/portal\/wp-content\/uploads\/2024\/09\/image00080.jpeg\" alt=\"\" srcset=\"https:\/\/www.pm.pb.gov.br\/portal\/wp-content\/uploads\/2024\/09\/image00080.jpeg 1616w, https:\/\/www.pm.pb.gov.br\/portal\/wp-content\/uploads\/2024\/09\/image00080-666x445.jpeg 666w, https:\/\/www.pm.pb.gov.br\/portal\/wp-content\/uploads\/2024\/09\/image00080-853x570.jpeg 853w, https:\/\/www.pm.pb.gov.br\/portal\/wp-content\/uploads\/2024\/09\/image00080-768x513.jpeg 768w, https:\/\/www.pm.pb.gov.br\/portal\/wp-content\/uploads\/2024\/09\/image00080-1536x1027.jpeg 1536w, https:\/\/www.pm.pb.gov.br\/portal\/wp-content\/uploads\/2024\/09\/image00080-272x182.jpeg 272w\" sizes=\"(max-width: 1616px) 100vw, 1616px\" \/><\/p>\n\n\n\n<p><img loading=\"lazy\" decoding=\"async\" width=\"1616\" height=\"1080\" class=\"wp-image-924022\" style=\"width: 800px;\" src=\"http:\/\/www.pm.pb.gov.br\/portal\/wp-content\/uploads\/2024\/09\/image00007.jpeg\" alt=\"\" srcset=\"https:\/\/www.pm.pb.gov.br\/portal\/wp-content\/uploads\/2024\/09\/image00007.jpeg 1616w, https:\/\/www.pm.pb.gov.br\/portal\/wp-content\/uploads\/2024\/09\/image00007-666x445.jpeg 666w, https:\/\/www.pm.pb.gov.br\/portal\/wp-content\/uploads\/2024\/09\/image00007-853x570.jpeg 853w, https:\/\/www.pm.pb.gov.br\/portal\/wp-content\/uploads\/2024\/09\/image00007-768x513.jpeg 768w, https:\/\/www.pm.pb.gov.br\/portal\/wp-content\/uploads\/2024\/09\/image00007-1536x1027.jpeg 1536w, https:\/\/www.pm.pb.gov.br\/portal\/wp-content\/uploads\/2024\/09\/image00007-272x182.jpeg 272w\" sizes=\"(max-width: 1616px) 100vw, 1616px\" \/><br><\/p>\n","protected":false},"excerpt":{"rendered":"<p>O Centro de Educa\u00e7\u00e3o da Pol\u00edcia Militar tem um novo audit\u00f3rio. Ap\u00f3s investimento de mais de R$ 1 milh\u00e3o de<\/p>\n","protected":false},"author":18,"featured_media":924020,"comment_status":"closed","ping_status":"closed","sticky":false,"template":"","format":"standard","meta":{"_exactmetrics_skip_tracking":false,"_exactmetrics_sitenote_active":false,"_exactmetrics_sitenote_note":"","_exactmetrics_sitenote_category":0,"footnotes":""},"categories":[4],"tags":[],"yoast_head":"<!-- This site is optimized with the Yoast SEO plugin v22.0 - https:\/\/yoast.com\/wordpress\/plugins\/seo\/ -->\n<title>Audit\u00f3rio do Centro de Educa\u00e7\u00e3o \u00e9 inaugurado ap\u00f3s reforma de toda a estrutura - Pol\u00edcia Militar da Para\u00edba<\/title>\n<meta name=\"robots\" content=\"index, follow, max-snippet:-1, max-image-preview:large, max-video-preview:-1\" \/>\n<link rel=\"canonical\" href=\"https:\/\/www.pm.pb.gov.br\/portal\/2024\/09\/11\/auditorio-do-centro-de-educacao-e-inaugurado-apos-reforma-de-toda-a-estrutura\/\" \/>\n<meta property=\"og:locale\" content=\"pt_BR\" \/>\n<meta property=\"og:type\" content=\"article\" \/>\n<meta property=\"og:title\" content=\"Audit\u00f3rio do Centro de Educa\u00e7\u00e3o \u00e9 inaugurado ap\u00f3s reforma de toda a estrutura - Pol\u00edcia Militar da Para\u00edba\" \/>\n<meta property=\"og:description\" content=\"O Centro de Educa\u00e7\u00e3o da Pol\u00edcia Militar tem um novo audit\u00f3rio. Ap\u00f3s investimento de mais de R$ 1 milh\u00e3o de\" \/>\n<meta property=\"og:url\" content=\"https:\/\/www.pm.pb.gov.br\/portal\/2024\/09\/11\/auditorio-do-centro-de-educacao-e-inaugurado-apos-reforma-de-toda-a-estrutura\/\" \/>\n<meta property=\"og:site_name\" content=\"Pol\u00edcia Militar da Para\u00edba\" \/>\n<meta property=\"article:published_time\" content=\"2024-09-11T19:49:04+00:00\" \/>\n<meta property=\"article:modified_time\" content=\"2024-09-11T19:49:05+00:00\" \/>\n<meta property=\"og:image\" content=\"http:\/\/www.pm.pb.gov.br\/portal\/wp-content\/uploads\/2024\/09\/image00058.jpeg\" \/>\n\t<meta property=\"og:image:width\" content=\"1616\" \/>\n\t<meta property=\"og:image:height\" content=\"1080\" \/>\n\t<meta property=\"og:image:type\" content=\"image\/jpeg\" \/>\n<meta name=\"author\" content=\"Luiz Duarte\" \/>\n<meta name=\"twitter:card\" content=\"summary_large_image\" \/>\n<meta name=\"twitter:label1\" content=\"Escrito por\" \/>\n\t<meta name=\"twitter:data1\" content=\"Luiz Duarte\" \/>\n\t<meta name=\"twitter:label2\" content=\"Est. tempo de leitura\" \/>\n\t<meta name=\"twitter:data2\" content=\"2 minutos\" \/>\n<script type=\"application\/ld+json\" class=\"yoast-schema-graph\">{\"@context\":\"https:\/\/schema.org\",\"@graph\":[{\"@type\":\"Article\",\"@id\":\"https:\/\/www.pm.pb.gov.br\/portal\/2024\/09\/11\/auditorio-do-centro-de-educacao-e-inaugurado-apos-reforma-de-toda-a-estrutura\/#article\",\"isPartOf\":{\"@id\":\"https:\/\/www.pm.pb.gov.br\/portal\/2024\/09\/11\/auditorio-do-centro-de-educacao-e-inaugurado-apos-reforma-de-toda-a-estrutura\/\"},\"author\":{\"name\":\"Luiz Duarte\",\"@id\":\"https:\/\/www.pm.pb.gov.br\/portal\/#\/schema\/person\/89dd009e2523c97adf8def1d6cf90ca1\"},\"headline\":\"Audit\u00f3rio do Centro de Educa\u00e7\u00e3o \u00e9 inaugurado ap\u00f3s reforma de toda a estrutura\",\"datePublished\":\"2024-09-11T19:49:04+00:00\",\"dateModified\":\"2024-09-11T19:49:05+00:00\",\"mainEntityOfPage\":{\"@id\":\"https:\/\/www.pm.pb.gov.br\/portal\/2024\/09\/11\/auditorio-do-centro-de-educacao-e-inaugurado-apos-reforma-de-toda-a-estrutura\/\"},\"wordCount\":180,\"publisher\":{\"@id\":\"https:\/\/www.pm.pb.gov.br\/portal\/#organization\"},\"articleSection\":[\"A\u00e7\u00f5es Policiais\"],\"inLanguage\":\"pt-BR\"},{\"@type\":\"WebPage\",\"@id\":\"https:\/\/www.pm.pb.gov.br\/portal\/2024\/09\/11\/auditorio-do-centro-de-educacao-e-inaugurado-apos-reforma-de-toda-a-estrutura\/\",\"url\":\"https:\/\/www.pm.pb.gov.br\/portal\/2024\/09\/11\/auditorio-do-centro-de-educacao-e-inaugurado-apos-reforma-de-toda-a-estrutura\/\",\"name\":\"Audit\u00f3rio do Centro de Educa\u00e7\u00e3o \u00e9 inaugurado ap\u00f3s reforma de toda a estrutura - Pol\u00edcia Militar da Para\u00edba\",\"isPartOf\":{\"@id\":\"https:\/\/www.pm.pb.gov.br\/portal\/#website\"},\"datePublished\":\"2024-09-11T19:49:04+00:00\",\"dateModified\":\"2024-09-11T19:49:05+00:00\",\"breadcrumb\":{\"@id\":\"https:\/\/www.pm.pb.gov.br\/portal\/2024\/09\/11\/auditorio-do-centro-de-educacao-e-inaugurado-apos-reforma-de-toda-a-estrutura\/#breadcrumb\"},\"inLanguage\":\"pt-BR\",\"potentialAction\":[{\"@type\":\"ReadAction\",\"target\":[\"https:\/\/www.pm.pb.gov.br\/portal\/2024\/09\/11\/auditorio-do-centro-de-educacao-e-inaugurado-apos-reforma-de-toda-a-estrutura\/\"]}]},{\"@type\":\"BreadcrumbList\",\"@id\":\"https:\/\/www.pm.pb.gov.br\/portal\/2024\/09\/11\/auditorio-do-centro-de-educacao-e-inaugurado-apos-reforma-de-toda-a-estrutura\/#breadcrumb\",\"itemListElement\":[{\"@type\":\"ListItem\",\"position\":1,\"name\":\"In\u00edcio\",\"item\":\"https:\/\/www.pm.pb.gov.br\/portal\/\"},{\"@type\":\"ListItem\",\"position\":2,\"name\":\"Audit\u00f3rio do Centro de Educa\u00e7\u00e3o \u00e9 inaugurado ap\u00f3s reforma de toda a estrutura\"}]},{\"@type\":\"WebSite\",\"@id\":\"https:\/\/www.pm.pb.gov.br\/portal\/#website\",\"url\":\"https:\/\/www.pm.pb.gov.br\/portal\/\",\"name\":\"Pol\u00edcia Militar da Para\u00edba\",\"description\":\"\",\"publisher\":{\"@id\":\"https:\/\/www.pm.pb.gov.br\/portal\/#organization\"},\"potentialAction\":[{\"@type\":\"SearchAction\",\"target\":{\"@type\":\"EntryPoint\",\"urlTemplate\":\"https:\/\/www.pm.pb.gov.br\/portal\/?s={search_term_string}\"},\"query-input\":\"required name=search_term_string\"}],\"inLanguage\":\"pt-BR\"},{\"@type\":\"Organization\",\"@id\":\"https:\/\/www.pm.pb.gov.br\/portal\/#organization\",\"name\":\"Pol\u00edcia Militar da Para\u00edba\",\"url\":\"https:\/\/www.pm.pb.gov.br\/portal\/\",\"logo\":{\"@type\":\"ImageObject\",\"inLanguage\":\"pt-BR\",\"@id\":\"https:\/\/www.pm.pb.gov.br\/portal\/#\/schema\/logo\/image\/\",\"url\":\"https:\/\/www.pm.pb.gov.br\/portal\/wp-content\/uploads\/2025\/03\/cropped-logo-site-mag2-1.png\",\"contentUrl\":\"https:\/\/www.pm.pb.gov.br\/portal\/wp-content\/uploads\/2025\/03\/cropped-logo-site-mag2-1.png\",\"width\":320,\"height\":90,\"caption\":\"Pol\u00edcia Militar da Para\u00edba\"},\"image\":{\"@id\":\"https:\/\/www.pm.pb.gov.br\/portal\/#\/schema\/logo\/image\/\"}},{\"@type\":\"Person\",\"@id\":\"https:\/\/www.pm.pb.gov.br\/portal\/#\/schema\/person\/89dd009e2523c97adf8def1d6cf90ca1\",\"name\":\"Luiz Duarte\",\"image\":{\"@type\":\"ImageObject\",\"inLanguage\":\"pt-BR\",\"@id\":\"https:\/\/www.pm.pb.gov.br\/portal\/#\/schema\/person\/image\/\",\"url\":\"https:\/\/secure.gravatar.com\/avatar\/ce5539b97246ef4d24dd039a3f64145b?s=96&d=mm&r=g\",\"contentUrl\":\"https:\/\/secure.gravatar.com\/avatar\/ce5539b97246ef4d24dd039a3f64145b?s=96&d=mm&r=g\",\"caption\":\"Luiz Duarte\"},\"url\":\"https:\/\/www.pm.pb.gov.br\/portal\/author\/luiz\/\"}]}<\/script>\n<!-- \/ Yoast SEO plugin. -->","yoast_head_json":{"title":"Audit\u00f3rio do Centro de Educa\u00e7\u00e3o \u00e9 inaugurado ap\u00f3s reforma de toda a estrutura - Pol\u00edcia Militar da Para\u00edba","robots":{"index":"index","follow":"follow","max-snippet":"max-snippet:-1","max-image-preview":"max-image-preview:large","max-video-preview":"max-video-preview:-1"},"canonical":"https:\/\/www.pm.pb.gov.br\/portal\/2024\/09\/11\/auditorio-do-centro-de-educacao-e-inaugurado-apos-reforma-de-toda-a-estrutura\/","og_locale":"pt_BR","og_type":"article","og_title":"Audit\u00f3rio do Centro de Educa\u00e7\u00e3o \u00e9 inaugurado ap\u00f3s reforma de toda a estrutura - Pol\u00edcia Militar da Para\u00edba","og_description":"O Centro de Educa\u00e7\u00e3o da Pol\u00edcia Militar tem um novo audit\u00f3rio. Ap\u00f3s investimento de mais de R$ 1 milh\u00e3o de","og_url":"https:\/\/www.pm.pb.gov.br\/portal\/2024\/09\/11\/auditorio-do-centro-de-educacao-e-inaugurado-apos-reforma-de-toda-a-estrutura\/","og_site_name":"Pol\u00edcia Militar da Para\u00edba","article_published_time":"2024-09-11T19:49:04+00:00","article_modified_time":"2024-09-11T19:49:05+00:00","og_image":[{"width":1616,"height":1080,"url":"http:\/\/www.pm.pb.gov.br\/portal\/wp-content\/uploads\/2024\/09\/image00058.jpeg","type":"image\/jpeg"}],"author":"Luiz Duarte","twitter_card":"summary_large_image","twitter_misc":{"Escrito por":"Luiz Duarte","Est. tempo de leitura":"2 minutos"},"schema":{"@context":"https:\/\/schema.org","@graph":[{"@type":"Article","@id":"https:\/\/www.pm.pb.gov.br\/portal\/2024\/09\/11\/auditorio-do-centro-de-educacao-e-inaugurado-apos-reforma-de-toda-a-estrutura\/#article","isPartOf":{"@id":"https:\/\/www.pm.pb.gov.br\/portal\/2024\/09\/11\/auditorio-do-centro-de-educacao-e-inaugurado-apos-reforma-de-toda-a-estrutura\/"},"author":{"name":"Luiz Duarte","@id":"https:\/\/www.pm.pb.gov.br\/portal\/#\/schema\/person\/89dd009e2523c97adf8def1d6cf90ca1"},"headline":"Audit\u00f3rio do Centro de Educa\u00e7\u00e3o \u00e9 inaugurado ap\u00f3s reforma de toda a estrutura","datePublished":"2024-09-11T19:49:04+00:00","dateModified":"2024-09-11T19:49:05+00:00","mainEntityOfPage":{"@id":"https:\/\/www.pm.pb.gov.br\/portal\/2024\/09\/11\/auditorio-do-centro-de-educacao-e-inaugurado-apos-reforma-de-toda-a-estrutura\/"},"wordCount":180,"publisher":{"@id":"https:\/\/www.pm.pb.gov.br\/portal\/#organization"},"articleSection":["A\u00e7\u00f5es Policiais"],"inLanguage":"pt-BR"},{"@type":"WebPage","@id":"https:\/\/www.pm.pb.gov.br\/portal\/2024\/09\/11\/auditorio-do-centro-de-educacao-e-inaugurado-apos-reforma-de-toda-a-estrutura\/","url":"https:\/\/www.pm.pb.gov.br\/portal\/2024\/09\/11\/auditorio-do-centro-de-educacao-e-inaugurado-apos-reforma-de-toda-a-estrutura\/","name":"Audit\u00f3rio do Centro de Educa\u00e7\u00e3o \u00e9 inaugurado ap\u00f3s reforma de toda a estrutura - Pol\u00edcia Militar da Para\u00edba","isPartOf":{"@id":"https:\/\/www.pm.pb.gov.br\/portal\/#website"},"datePublished":"2024-09-11T19:49:04+00:00","dateModified":"2024-09-11T19:49:05+00:00","breadcrumb":{"@id":"https:\/\/www.pm.pb.gov.br\/portal\/2024\/09\/11\/auditorio-do-centro-de-educacao-e-inaugurado-apos-reforma-de-toda-a-estrutura\/#breadcrumb"},"inLanguage":"pt-BR","potentialAction":[{"@type":"ReadAction","target":["https:\/\/www.pm.pb.gov.br\/portal\/2024\/09\/11\/auditorio-do-centro-de-educacao-e-inaugurado-apos-reforma-de-toda-a-estrutura\/"]}]},{"@type":"BreadcrumbList","@id":"https:\/\/www.pm.pb.gov.br\/portal\/2024\/09\/11\/auditorio-do-centro-de-educacao-e-inaugurado-apos-reforma-de-toda-a-estrutura\/#breadcrumb","itemListElement":[{"@type":"ListItem","position":1,"name":"In\u00edcio","item":"https:\/\/www.pm.pb.gov.br\/portal\/"},{"@type":"ListItem","position":2,"name":"Audit\u00f3rio do Centro de Educa\u00e7\u00e3o \u00e9 inaugurado ap\u00f3s reforma de toda a estrutura"}]},{"@type":"WebSite","@id":"https:\/\/www.pm.pb.gov.br\/portal\/#website","url":"https:\/\/www.pm.pb.gov.br\/portal\/","name":"Pol\u00edcia Militar da Para\u00edba","description":"","publisher":{"@id":"https:\/\/www.pm.pb.gov.br\/portal\/#organization"},"potentialAction":[{"@type":"SearchAction","target":{"@type":"EntryPoint","urlTemplate":"https:\/\/www.pm.pb.gov.br\/portal\/?s={search_term_string}"},"query-input":"required name=search_term_string"}],"inLanguage":"pt-BR"},{"@type":"Organization","@id":"https:\/\/www.pm.pb.gov.br\/portal\/#organization","name":"Pol\u00edcia Militar da Para\u00edba","url":"https:\/\/www.pm.pb.gov.br\/portal\/","logo":{"@type":"ImageObject","inLanguage":"pt-BR","@id":"https:\/\/www.pm.pb.gov.br\/portal\/#\/schema\/logo\/image\/","url":"https:\/\/www.pm.pb.gov.br\/portal\/wp-content\/uploads\/2025\/03\/cropped-logo-site-mag2-1.png","contentUrl":"https:\/\/www.pm.pb.gov.br\/portal\/wp-content\/uploads\/2025\/03\/cropped-logo-site-mag2-1.png","width":320,"height":90,"caption":"Pol\u00edcia Militar da Para\u00edba"},"image":{"@id":"https:\/\/www.pm.pb.gov.br\/portal\/#\/schema\/logo\/image\/"}},{"@type":"Person","@id":"https:\/\/www.pm.pb.gov.br\/portal\/#\/schema\/person\/89dd009e2523c97adf8def1d6cf90ca1","name":"Luiz Duarte","image":{"@type":"ImageObject","inLanguage":"pt-BR","@id":"https:\/\/www.pm.pb.gov.br\/portal\/#\/schema\/person\/image\/","url":"https:\/\/secure.gravatar.com\/avatar\/ce5539b97246ef4d24dd039a3f64145b?s=96&d=mm&r=g","contentUrl":"https:\/\/secure.gravatar.com\/avatar\/ce5539b97246ef4d24dd039a3f64145b?s=96&d=mm&r=g","caption":"Luiz Duarte"},"url":"https:\/\/www.pm.pb.gov.br\/portal\/author\/luiz\/"}]}},"_links":{"self":[{"href":"https:\/\/www.pm.pb.gov.br\/portal\/wp-json\/wp\/v2\/posts\/923998"}],"collection":[{"href":"https:\/\/www.pm.pb.gov.br\/portal\/wp-json\/wp\/v2\/posts"}],"about":[{"href":"https:\/\/www.pm.pb.gov.br\/portal\/wp-json\/wp\/v2\/types\/post"}],"author":[{"embeddable":true,"href":"https:\/\/www.pm.pb.gov.br\/portal\/wp-json\/wp\/v2\/users\/18"}],"replies":[{"embeddable":true,"href":"https:\/\/www.pm.pb.gov.br\/portal\/wp-json\/wp\/v2\/comments?post=923998"}],"version-history":[{"count":3,"href":"https:\/\/www.pm.pb.gov.br\/portal\/wp-json\/wp\/v2\/posts\/923998\/revisions"}],"predecessor-version":[{"id":924024,"href":"https:\/\/www.pm.pb.gov.br\/portal\/wp-json\/wp\/v2\/posts\/923998\/revisions\/924024"}],"wp:featuredmedia":[{"embeddable":true,"href":"https:\/\/www.pm.pb.gov.br\/portal\/wp-json\/wp\/v2\/media\/924020"}],"wp:attachment":[{"href":"https:\/\/www.pm.pb.gov.br\/portal\/wp-json\/wp\/v2\/media?parent=923998"}],"wp:term":[{"taxonomy":"category","embeddable":true,"href":"https:\/\/www.pm.pb.gov.br\/portal\/wp-json\/wp\/v2\/categories?post=923998"},{"taxonomy":"post_tag","embeddable":true,"href":"https:\/\/www.pm.pb.gov.br\/portal\/wp-json\/wp\/v2\/tags?post=923998"}],"curies":[{"name":"wp","href":"https:\/\/api.w.org\/{rel}","templated":true}]}}