{"id":923959,"date":"2024-09-07T11:28:36","date_gmt":"2024-09-07T14:28:36","guid":{"rendered":"https:\/\/www.pm.pb.gov.br\/portal\/?p=923959"},"modified":"2024-09-07T17:15:36","modified_gmt":"2024-09-07T20:15:36","slug":"mais-antiga-e-tradicional-instituicao-da-paraiba-policia-militar-foi-destaque-no-desfile-com-mais-de-700-policiais-marchando-na-avenida","status":"publish","type":"post","link":"https:\/\/www.pm.pb.gov.br\/portal\/2024\/09\/07\/mais-antiga-e-tradicional-instituicao-da-paraiba-policia-militar-foi-destaque-no-desfile-com-mais-de-700-policiais-marchando-na-avenida\/","title":{"rendered":"Mais antiga e tradicional institui\u00e7\u00e3o da Para\u00edba, Pol\u00edcia Militar foi destaque no desfile com mais de 700 policiais marchando na avenida"},"content":{"rendered":"\n<p>Com 192 anos de hist\u00f3ria, a mais antiga e tradicional institui\u00e7\u00e3o p\u00fablica da Para\u00edba, a Pol\u00edcia Militar foi destaque no desfile c\u00edvico-militar neste 7 de setembro, durante as comemora\u00e7\u00f5es da Independ\u00eancia do Brasil. Com mais de 700 policiais desfilando na Avenida Duarte da Silveira, a corpora\u00e7\u00e3o uniu as tradi\u00e7\u00f5es hist\u00f3ricas, os pilares da hierarquia e disciplina, alcan\u00e7ando at\u00e9 as novas tecnologias e ferramentas para a seguran\u00e7a p\u00fablica.<\/p>\n<p>Policiais a p\u00e9, viaturas de quatro e duas rodas, bandeiras, armamentos, cavalos e c\u00e3es, aeronaves remotamente pilotadas, crian\u00e7as atendidas pelos programas da corpora\u00e7\u00e3o, e diversas faces da PM foram \u00e0 avenida mostrando a PM dos paraibanos.<\/p>\n<p><img loading=\"lazy\" decoding=\"async\" class=\"size-medium wp-image-923964 aligncenter\" src=\"http:\/\/www.pm.pb.gov.br\/portal\/wp-content\/uploads\/2024\/09\/image00128-593x445.jpeg\" alt=\"\" width=\"593\" height=\"445\" srcset=\"https:\/\/www.pm.pb.gov.br\/portal\/wp-content\/uploads\/2024\/09\/image00128-593x445.jpeg 593w, https:\/\/www.pm.pb.gov.br\/portal\/wp-content\/uploads\/2024\/09\/image00128-760x570.jpeg 760w, https:\/\/www.pm.pb.gov.br\/portal\/wp-content\/uploads\/2024\/09\/image00128-768x576.jpeg 768w, https:\/\/www.pm.pb.gov.br\/portal\/wp-content\/uploads\/2024\/09\/image00128-1536x1152.jpeg 1536w, https:\/\/www.pm.pb.gov.br\/portal\/wp-content\/uploads\/2024\/09\/image00128-2048x1536.jpeg 2048w\" sizes=\"(max-width: 593px) 100vw, 593px\" \/><\/p>\n<p><img loading=\"lazy\" decoding=\"async\" class=\"size-medium wp-image-923960 aligncenter\" src=\"http:\/\/www.pm.pb.gov.br\/portal\/wp-content\/uploads\/2024\/09\/image00189-1-593x445.jpeg\" alt=\"\" width=\"593\" height=\"445\" srcset=\"https:\/\/www.pm.pb.gov.br\/portal\/wp-content\/uploads\/2024\/09\/image00189-1-593x445.jpeg 593w, https:\/\/www.pm.pb.gov.br\/portal\/wp-content\/uploads\/2024\/09\/image00189-1-760x570.jpeg 760w, https:\/\/www.pm.pb.gov.br\/portal\/wp-content\/uploads\/2024\/09\/image00189-1-768x576.jpeg 768w, https:\/\/www.pm.pb.gov.br\/portal\/wp-content\/uploads\/2024\/09\/image00189-1-1536x1152.jpeg 1536w, https:\/\/www.pm.pb.gov.br\/portal\/wp-content\/uploads\/2024\/09\/image00189-1-2048x1536.jpeg 2048w\" sizes=\"(max-width: 593px) 100vw, 593px\" \/><\/p>\n<p>Em seu discurso logo ap\u00f3s a incorpora\u00e7\u00e3o da Guarda-Bandeira \u00e0 tropa, o comandante-geral da PM, o coronel S\u00e9rgio Fonseca, destacou que o desfile dos policiais n\u00e3o representa apenas a corpora\u00e7\u00e3o, mas sim todo o esp\u00edrito de bravura e dedica\u00e7\u00e3o que define o povo brasileiro. \u201cCada um de voc\u00eas, homens e mulheres policiais militares, carrega consigo uma hist\u00f3ria de supera\u00e7\u00e3o, de compromisso e de amor \u00e0 P\u00e1tria. Somos mais do que uma tropa; somos uma fam\u00edlia unida pelo juramento de proteger e servir\u201d, disse o comandante (foto acima).<\/p>\n<p>Al\u00e9m da tropa, comandada pelo coronel Tem\u00f3teo (foto abaixo), o discurso do comandante-geral foi acompanhado por oficiais do Alto Comando da institui\u00e7\u00e3o, chefes e diretores.<\/p>\n<p><img loading=\"lazy\" decoding=\"async\" class=\"size-medium wp-image-923971 aligncenter\" src=\"http:\/\/www.pm.pb.gov.br\/portal\/wp-content\/uploads\/2024\/09\/image00182-593x445.jpeg\" alt=\"\" width=\"593\" height=\"445\" srcset=\"https:\/\/www.pm.pb.gov.br\/portal\/wp-content\/uploads\/2024\/09\/image00182-593x445.jpeg 593w, https:\/\/www.pm.pb.gov.br\/portal\/wp-content\/uploads\/2024\/09\/image00182-760x570.jpeg 760w, https:\/\/www.pm.pb.gov.br\/portal\/wp-content\/uploads\/2024\/09\/image00182-768x576.jpeg 768w, https:\/\/www.pm.pb.gov.br\/portal\/wp-content\/uploads\/2024\/09\/image00182-1536x1152.jpeg 1536w, https:\/\/www.pm.pb.gov.br\/portal\/wp-content\/uploads\/2024\/09\/image00182-2048x1536.jpeg 2048w\" sizes=\"(max-width: 593px) 100vw, 593px\" \/><\/p>\n<p><img loading=\"lazy\" decoding=\"async\" class=\"size-medium wp-image-923972 aligncenter\" src=\"http:\/\/www.pm.pb.gov.br\/portal\/wp-content\/uploads\/2024\/09\/image00163-593x445.jpeg\" alt=\"\" width=\"593\" height=\"445\" srcset=\"https:\/\/www.pm.pb.gov.br\/portal\/wp-content\/uploads\/2024\/09\/image00163-593x445.jpeg 593w, https:\/\/www.pm.pb.gov.br\/portal\/wp-content\/uploads\/2024\/09\/image00163-760x570.jpeg 760w, https:\/\/www.pm.pb.gov.br\/portal\/wp-content\/uploads\/2024\/09\/image00163-768x576.jpeg 768w, https:\/\/www.pm.pb.gov.br\/portal\/wp-content\/uploads\/2024\/09\/image00163-1536x1152.jpeg 1536w, https:\/\/www.pm.pb.gov.br\/portal\/wp-content\/uploads\/2024\/09\/image00163-2048x1536.jpeg 2048w\" sizes=\"(max-width: 593px) 100vw, 593px\" \/><\/p>\n<p><img loading=\"lazy\" decoding=\"async\" class=\"size-medium wp-image-923975 aligncenter\" src=\"http:\/\/www.pm.pb.gov.br\/portal\/wp-content\/uploads\/2024\/09\/image00134-593x445.jpeg\" alt=\"\" width=\"593\" height=\"445\" srcset=\"https:\/\/www.pm.pb.gov.br\/portal\/wp-content\/uploads\/2024\/09\/image00134-593x445.jpeg 593w, https:\/\/www.pm.pb.gov.br\/portal\/wp-content\/uploads\/2024\/09\/image00134-760x570.jpeg 760w, https:\/\/www.pm.pb.gov.br\/portal\/wp-content\/uploads\/2024\/09\/image00134-768x576.jpeg 768w, https:\/\/www.pm.pb.gov.br\/portal\/wp-content\/uploads\/2024\/09\/image00134-1536x1152.jpeg 1536w, https:\/\/www.pm.pb.gov.br\/portal\/wp-content\/uploads\/2024\/09\/image00134-2048x1536.jpeg 2048w\" sizes=\"(max-width: 593px) 100vw, 593px\" \/><\/p>\n<p>Na avenida, a popula\u00e7\u00e3o conferiu de perto a passagem e marcha da Banda de M\u00fasica da PM, que \u00e9 patrim\u00f4nio imaterial do Estado e uma das mais antigas do Brasil, al\u00e9m das tropas do policiamento preventivo, especializados, \u00f3rg\u00e3os de ensino, e diversos pelot\u00f5es e companhias que atuam na seguran\u00e7a p\u00fablica da Para\u00edba.<\/p>\n<p>Al\u00e9m da PM, a Marinha, Ex\u00e9rcito, Pol\u00edcia Rodovi\u00e1ria Federal, Corpo de Bombeiros, For\u00e7as de Seguran\u00e7a, e diversas institui\u00e7\u00f5es desfilaram neste sete de setembro resguardando o civismo e os valores da P\u00e1tria.<\/p>\n<p><img loading=\"lazy\" decoding=\"async\" class=\"size-medium wp-image-923962 aligncenter\" src=\"http:\/\/www.pm.pb.gov.br\/portal\/wp-content\/uploads\/2024\/09\/image00251-593x445.jpeg\" alt=\"\" width=\"593\" height=\"445\" srcset=\"https:\/\/www.pm.pb.gov.br\/portal\/wp-content\/uploads\/2024\/09\/image00251-593x445.jpeg 593w, https:\/\/www.pm.pb.gov.br\/portal\/wp-content\/uploads\/2024\/09\/image00251-760x570.jpeg 760w, https:\/\/www.pm.pb.gov.br\/portal\/wp-content\/uploads\/2024\/09\/image00251-768x576.jpeg 768w, https:\/\/www.pm.pb.gov.br\/portal\/wp-content\/uploads\/2024\/09\/image00251-1536x1152.jpeg 1536w, https:\/\/www.pm.pb.gov.br\/portal\/wp-content\/uploads\/2024\/09\/image00251-2048x1536.jpeg 2048w\" sizes=\"(max-width: 593px) 100vw, 593px\" \/><\/p>\n<p><strong>Moderniza\u00e7\u00e3o \u2013<\/strong> Nos \u00faltimos dois anos, atrav\u00e9s de investimentos do governo do Estado, a PM vem se modernizando e reestruturando sua administra\u00e7\u00e3o, com a consolida\u00e7\u00e3o do 1\u00ba planejamento estrat\u00e9gico e mais de R$ 54 milh\u00f5es destinados a compra de equipamentos e armamentos mais modernos, al\u00e9m de uniformes que trar\u00e3o uma nova identidade visual. O resultado direto disso \u00e9 a Para\u00edba ser eleita, pela 4\u00aa vez consecutiva pelo Centro de Lideran\u00e7a P\u00fablica (CLP), o Estado refer\u00eancia em seguran\u00e7a p\u00fablica.<\/p>\n<p><img loading=\"lazy\" decoding=\"async\" class=\"size-medium wp-image-923961 aligncenter\" src=\"http:\/\/www.pm.pb.gov.br\/portal\/wp-content\/uploads\/2024\/09\/image00312-593x445.jpeg\" alt=\"\" width=\"593\" height=\"445\" srcset=\"https:\/\/www.pm.pb.gov.br\/portal\/wp-content\/uploads\/2024\/09\/image00312-593x445.jpeg 593w, https:\/\/www.pm.pb.gov.br\/portal\/wp-content\/uploads\/2024\/09\/image00312-760x570.jpeg 760w, https:\/\/www.pm.pb.gov.br\/portal\/wp-content\/uploads\/2024\/09\/image00312-768x576.jpeg 768w, https:\/\/www.pm.pb.gov.br\/portal\/wp-content\/uploads\/2024\/09\/image00312-1536x1152.jpeg 1536w, https:\/\/www.pm.pb.gov.br\/portal\/wp-content\/uploads\/2024\/09\/image00312-2048x1536.jpeg 2048w\" sizes=\"(max-width: 593px) 100vw, 593px\" \/><\/p>\n<p><img loading=\"lazy\" decoding=\"async\" class=\"size-medium wp-image-923965 aligncenter\" src=\"http:\/\/www.pm.pb.gov.br\/portal\/wp-content\/uploads\/2024\/09\/image00274-593x445.jpeg\" alt=\"\" width=\"593\" height=\"445\" srcset=\"https:\/\/www.pm.pb.gov.br\/portal\/wp-content\/uploads\/2024\/09\/image00274-593x445.jpeg 593w, https:\/\/www.pm.pb.gov.br\/portal\/wp-content\/uploads\/2024\/09\/image00274-760x570.jpeg 760w, https:\/\/www.pm.pb.gov.br\/portal\/wp-content\/uploads\/2024\/09\/image00274-768x576.jpeg 768w, https:\/\/www.pm.pb.gov.br\/portal\/wp-content\/uploads\/2024\/09\/image00274-1536x1152.jpeg 1536w, https:\/\/www.pm.pb.gov.br\/portal\/wp-content\/uploads\/2024\/09\/image00274-2048x1536.jpeg 2048w\" sizes=\"(max-width: 593px) 100vw, 593px\" \/><\/p>\n<p><img loading=\"lazy\" decoding=\"async\" class=\"size-medium wp-image-923966 aligncenter\" src=\"http:\/\/www.pm.pb.gov.br\/portal\/wp-content\/uploads\/2024\/09\/image00180-593x445.jpeg\" alt=\"\" width=\"593\" height=\"445\" srcset=\"https:\/\/www.pm.pb.gov.br\/portal\/wp-content\/uploads\/2024\/09\/image00180-593x445.jpeg 593w, https:\/\/www.pm.pb.gov.br\/portal\/wp-content\/uploads\/2024\/09\/image00180-760x570.jpeg 760w, https:\/\/www.pm.pb.gov.br\/portal\/wp-content\/uploads\/2024\/09\/image00180-768x576.jpeg 768w, https:\/\/www.pm.pb.gov.br\/portal\/wp-content\/uploads\/2024\/09\/image00180-1536x1152.jpeg 1536w, https:\/\/www.pm.pb.gov.br\/portal\/wp-content\/uploads\/2024\/09\/image00180-2048x1536.jpeg 2048w\" sizes=\"(max-width: 593px) 100vw, 593px\" \/><\/p>\n<p><img loading=\"lazy\" decoding=\"async\" class=\"size-medium wp-image-923967 aligncenter\" src=\"http:\/\/www.pm.pb.gov.br\/portal\/wp-content\/uploads\/2024\/09\/image00307-593x445.jpeg\" alt=\"\" width=\"593\" height=\"445\" srcset=\"https:\/\/www.pm.pb.gov.br\/portal\/wp-content\/uploads\/2024\/09\/image00307-593x445.jpeg 593w, https:\/\/www.pm.pb.gov.br\/portal\/wp-content\/uploads\/2024\/09\/image00307-760x570.jpeg 760w, https:\/\/www.pm.pb.gov.br\/portal\/wp-content\/uploads\/2024\/09\/image00307-768x576.jpeg 768w, https:\/\/www.pm.pb.gov.br\/portal\/wp-content\/uploads\/2024\/09\/image00307-1536x1152.jpeg 1536w, https:\/\/www.pm.pb.gov.br\/portal\/wp-content\/uploads\/2024\/09\/image00307-2048x1536.jpeg 2048w\" sizes=\"(max-width: 593px) 100vw, 593px\" \/><\/p>\n<p><img loading=\"lazy\" decoding=\"async\" class=\"size-medium wp-image-923968 aligncenter\" src=\"http:\/\/www.pm.pb.gov.br\/portal\/wp-content\/uploads\/2024\/09\/image00230-593x445.jpeg\" alt=\"\" width=\"593\" height=\"445\" srcset=\"https:\/\/www.pm.pb.gov.br\/portal\/wp-content\/uploads\/2024\/09\/image00230-593x445.jpeg 593w, https:\/\/www.pm.pb.gov.br\/portal\/wp-content\/uploads\/2024\/09\/image00230-760x570.jpeg 760w, https:\/\/www.pm.pb.gov.br\/portal\/wp-content\/uploads\/2024\/09\/image00230-768x576.jpeg 768w, https:\/\/www.pm.pb.gov.br\/portal\/wp-content\/uploads\/2024\/09\/image00230-1536x1152.jpeg 1536w, https:\/\/www.pm.pb.gov.br\/portal\/wp-content\/uploads\/2024\/09\/image00230-2048x1536.jpeg 2048w\" sizes=\"(max-width: 593px) 100vw, 593px\" \/><\/p>\n<p><img loading=\"lazy\" decoding=\"async\" class=\"size-medium wp-image-923969 aligncenter\" src=\"http:\/\/www.pm.pb.gov.br\/portal\/wp-content\/uploads\/2024\/09\/image00207-593x445.jpeg\" alt=\"\" width=\"593\" height=\"445\" srcset=\"https:\/\/www.pm.pb.gov.br\/portal\/wp-content\/uploads\/2024\/09\/image00207-593x445.jpeg 593w, https:\/\/www.pm.pb.gov.br\/portal\/wp-content\/uploads\/2024\/09\/image00207-760x570.jpeg 760w, https:\/\/www.pm.pb.gov.br\/portal\/wp-content\/uploads\/2024\/09\/image00207-768x576.jpeg 768w, https:\/\/www.pm.pb.gov.br\/portal\/wp-content\/uploads\/2024\/09\/image00207.jpeg 1024w\" sizes=\"(max-width: 593px) 100vw, 593px\" \/><\/p>\n<p>Mais imagens est\u00e3o dispon\u00edveis no instagram oficial da PMPB, acesso <a href=\"https:\/\/www.instagram.com\/pmpboficial\/\">clicando aqui<\/a>.<\/p>\n<p><em>Atualizado \u00e0s 17h41.<\/em><\/p>\n\n\n","protected":false},"excerpt":{"rendered":"<p>Com 192 anos de hist\u00f3ria, a mais antiga e tradicional institui\u00e7\u00e3o p\u00fablica da Para\u00edba, a Pol\u00edcia Militar foi destaque no<\/p>\n","protected":false},"author":5,"featured_media":923970,"comment_status":"closed","ping_status":"closed","sticky":false,"template":"","format":"standard","meta":{"_exactmetrics_skip_tracking":false,"_exactmetrics_sitenote_active":false,"_exactmetrics_sitenote_note":"","_exactmetrics_sitenote_category":0,"footnotes":""},"categories":[9],"tags":[],"yoast_head":"<!-- This site is optimized with the Yoast SEO plugin v22.0 - https:\/\/yoast.com\/wordpress\/plugins\/seo\/ -->\n<title>Mais antiga e tradicional institui\u00e7\u00e3o da Para\u00edba, Pol\u00edcia Militar foi destaque no desfile com mais de 700 policiais marchando na avenida - Pol\u00edcia Militar da Para\u00edba<\/title>\n<meta name=\"description\" content=\"Corpora\u00e7\u00e3o tem mais de 192 anos de hist\u00f3ria de lutas e tradi\u00e7\u00f5es; nos \u00faltimos dois anos, mais de R$ 54 milh\u00f5es foram investidos na PM pelo governo.\" \/>\n<meta name=\"robots\" content=\"index, follow, max-snippet:-1, max-image-preview:large, max-video-preview:-1\" \/>\n<link rel=\"canonical\" href=\"https:\/\/www.pm.pb.gov.br\/portal\/2024\/09\/07\/mais-antiga-e-tradicional-instituicao-da-paraiba-policia-militar-foi-destaque-no-desfile-com-mais-de-700-policiais-marchando-na-avenida\/\" \/>\n<meta property=\"og:locale\" content=\"pt_BR\" \/>\n<meta property=\"og:type\" content=\"article\" \/>\n<meta property=\"og:title\" content=\"Mais antiga e tradicional institui\u00e7\u00e3o da Para\u00edba, Pol\u00edcia Militar foi destaque no desfile com mais de 700 policiais marchando na avenida - Pol\u00edcia Militar da Para\u00edba\" \/>\n<meta property=\"og:description\" content=\"Corpora\u00e7\u00e3o tem mais de 192 anos de hist\u00f3ria de lutas e tradi\u00e7\u00f5es; nos \u00faltimos dois anos, mais de R$ 54 milh\u00f5es foram investidos na PM pelo governo.\" \/>\n<meta property=\"og:url\" content=\"https:\/\/www.pm.pb.gov.br\/portal\/2024\/09\/07\/mais-antiga-e-tradicional-instituicao-da-paraiba-policia-militar-foi-destaque-no-desfile-com-mais-de-700-policiais-marchando-na-avenida\/\" \/>\n<meta property=\"og:site_name\" content=\"Pol\u00edcia Militar da Para\u00edba\" \/>\n<meta property=\"article:published_time\" content=\"2024-09-07T14:28:36+00:00\" \/>\n<meta property=\"article:modified_time\" content=\"2024-09-07T20:15:36+00:00\" \/>\n<meta property=\"og:image\" content=\"http:\/\/www.pm.pb.gov.br\/portal\/wp-content\/uploads\/2024\/09\/image00126.jpeg\" \/>\n\t<meta property=\"og:image:width\" content=\"800\" \/>\n\t<meta property=\"og:image:height\" content=\"445\" \/>\n\t<meta property=\"og:image:type\" content=\"image\/jpeg\" \/>\n<meta name=\"author\" content=\"Assessoria de Imprensa da PMPB\" \/>\n<meta name=\"twitter:card\" content=\"summary_large_image\" \/>\n<meta name=\"twitter:label1\" content=\"Escrito por\" \/>\n\t<meta name=\"twitter:data1\" content=\"Assessoria de Imprensa da PMPB\" \/>\n\t<meta name=\"twitter:label2\" content=\"Est. tempo de leitura\" \/>\n\t<meta name=\"twitter:data2\" content=\"5 minutos\" \/>\n<script type=\"application\/ld+json\" class=\"yoast-schema-graph\">{\"@context\":\"https:\/\/schema.org\",\"@graph\":[{\"@type\":\"Article\",\"@id\":\"https:\/\/www.pm.pb.gov.br\/portal\/2024\/09\/07\/mais-antiga-e-tradicional-instituicao-da-paraiba-policia-militar-foi-destaque-no-desfile-com-mais-de-700-policiais-marchando-na-avenida\/#article\",\"isPartOf\":{\"@id\":\"https:\/\/www.pm.pb.gov.br\/portal\/2024\/09\/07\/mais-antiga-e-tradicional-instituicao-da-paraiba-policia-militar-foi-destaque-no-desfile-com-mais-de-700-policiais-marchando-na-avenida\/\"},\"author\":{\"name\":\"Assessoria de Imprensa da PMPB\",\"@id\":\"https:\/\/www.pm.pb.gov.br\/portal\/#\/schema\/person\/e8454f46651c3ecf0e1ba3c1666d9947\"},\"headline\":\"Mais antiga e tradicional institui\u00e7\u00e3o da Para\u00edba, Pol\u00edcia Militar foi destaque no desfile com mais de 700 policiais marchando na avenida\",\"datePublished\":\"2024-09-07T14:28:36+00:00\",\"dateModified\":\"2024-09-07T20:15:36+00:00\",\"mainEntityOfPage\":{\"@id\":\"https:\/\/www.pm.pb.gov.br\/portal\/2024\/09\/07\/mais-antiga-e-tradicional-instituicao-da-paraiba-policia-militar-foi-destaque-no-desfile-com-mais-de-700-policiais-marchando-na-avenida\/\"},\"wordCount\":467,\"publisher\":{\"@id\":\"https:\/\/www.pm.pb.gov.br\/portal\/#organization\"},\"articleSection\":[\"Eventos\"],\"inLanguage\":\"pt-BR\"},{\"@type\":\"WebPage\",\"@id\":\"https:\/\/www.pm.pb.gov.br\/portal\/2024\/09\/07\/mais-antiga-e-tradicional-instituicao-da-paraiba-policia-militar-foi-destaque-no-desfile-com-mais-de-700-policiais-marchando-na-avenida\/\",\"url\":\"https:\/\/www.pm.pb.gov.br\/portal\/2024\/09\/07\/mais-antiga-e-tradicional-instituicao-da-paraiba-policia-militar-foi-destaque-no-desfile-com-mais-de-700-policiais-marchando-na-avenida\/\",\"name\":\"Mais antiga e tradicional institui\u00e7\u00e3o da Para\u00edba, Pol\u00edcia Militar foi destaque no desfile com mais de 700 policiais marchando na avenida - Pol\u00edcia Militar da Para\u00edba\",\"isPartOf\":{\"@id\":\"https:\/\/www.pm.pb.gov.br\/portal\/#website\"},\"datePublished\":\"2024-09-07T14:28:36+00:00\",\"dateModified\":\"2024-09-07T20:15:36+00:00\",\"description\":\"Corpora\u00e7\u00e3o tem mais de 192 anos de hist\u00f3ria de lutas e tradi\u00e7\u00f5es; nos \u00faltimos dois anos, mais de R$ 54 milh\u00f5es foram investidos na PM pelo governo.\",\"breadcrumb\":{\"@id\":\"https:\/\/www.pm.pb.gov.br\/portal\/2024\/09\/07\/mais-antiga-e-tradicional-instituicao-da-paraiba-policia-militar-foi-destaque-no-desfile-com-mais-de-700-policiais-marchando-na-avenida\/#breadcrumb\"},\"inLanguage\":\"pt-BR\",\"potentialAction\":[{\"@type\":\"ReadAction\",\"target\":[\"https:\/\/www.pm.pb.gov.br\/portal\/2024\/09\/07\/mais-antiga-e-tradicional-instituicao-da-paraiba-policia-militar-foi-destaque-no-desfile-com-mais-de-700-policiais-marchando-na-avenida\/\"]}]},{\"@type\":\"BreadcrumbList\",\"@id\":\"https:\/\/www.pm.pb.gov.br\/portal\/2024\/09\/07\/mais-antiga-e-tradicional-instituicao-da-paraiba-policia-militar-foi-destaque-no-desfile-com-mais-de-700-policiais-marchando-na-avenida\/#breadcrumb\",\"itemListElement\":[{\"@type\":\"ListItem\",\"position\":1,\"name\":\"In\u00edcio\",\"item\":\"https:\/\/www.pm.pb.gov.br\/portal\/\"},{\"@type\":\"ListItem\",\"position\":2,\"name\":\"Mais antiga e tradicional institui\u00e7\u00e3o da Para\u00edba, Pol\u00edcia Militar foi destaque no desfile com mais de 700 policiais marchando na avenida\"}]},{\"@type\":\"WebSite\",\"@id\":\"https:\/\/www.pm.pb.gov.br\/portal\/#website\",\"url\":\"https:\/\/www.pm.pb.gov.br\/portal\/\",\"name\":\"Pol\u00edcia Militar da Para\u00edba\",\"description\":\"\",\"publisher\":{\"@id\":\"https:\/\/www.pm.pb.gov.br\/portal\/#organization\"},\"potentialAction\":[{\"@type\":\"SearchAction\",\"target\":{\"@type\":\"EntryPoint\",\"urlTemplate\":\"https:\/\/www.pm.pb.gov.br\/portal\/?s={search_term_string}\"},\"query-input\":\"required name=search_term_string\"}],\"inLanguage\":\"pt-BR\"},{\"@type\":\"Organization\",\"@id\":\"https:\/\/www.pm.pb.gov.br\/portal\/#organization\",\"name\":\"Pol\u00edcia Militar da Para\u00edba\",\"url\":\"https:\/\/www.pm.pb.gov.br\/portal\/\",\"logo\":{\"@type\":\"ImageObject\",\"inLanguage\":\"pt-BR\",\"@id\":\"https:\/\/www.pm.pb.gov.br\/portal\/#\/schema\/logo\/image\/\",\"url\":\"https:\/\/www.pm.pb.gov.br\/portal\/wp-content\/uploads\/2025\/03\/cropped-logo-site-mag2-1.png\",\"contentUrl\":\"https:\/\/www.pm.pb.gov.br\/portal\/wp-content\/uploads\/2025\/03\/cropped-logo-site-mag2-1.png\",\"width\":320,\"height\":90,\"caption\":\"Pol\u00edcia Militar da Para\u00edba\"},\"image\":{\"@id\":\"https:\/\/www.pm.pb.gov.br\/portal\/#\/schema\/logo\/image\/\"}},{\"@type\":\"Person\",\"@id\":\"https:\/\/www.pm.pb.gov.br\/portal\/#\/schema\/person\/e8454f46651c3ecf0e1ba3c1666d9947\",\"name\":\"Assessoria de Imprensa da PMPB\",\"image\":{\"@type\":\"ImageObject\",\"inLanguage\":\"pt-BR\",\"@id\":\"https:\/\/www.pm.pb.gov.br\/portal\/#\/schema\/person\/image\/\",\"url\":\"https:\/\/secure.gravatar.com\/avatar\/2efe197438265d1e90bd98c4c8e1acf8?s=96&d=mm&r=g\",\"contentUrl\":\"https:\/\/secure.gravatar.com\/avatar\/2efe197438265d1e90bd98c4c8e1acf8?s=96&d=mm&r=g\",\"caption\":\"Assessoria de Imprensa da PMPB\"},\"url\":\"https:\/\/www.pm.pb.gov.br\/portal\/author\/assessoria\/\"}]}<\/script>\n<!-- \/ Yoast SEO plugin. -->","yoast_head_json":{"title":"Mais antiga e tradicional institui\u00e7\u00e3o da Para\u00edba, Pol\u00edcia Militar foi destaque no desfile com mais de 700 policiais marchando na avenida - Pol\u00edcia Militar da Para\u00edba","description":"Corpora\u00e7\u00e3o tem mais de 192 anos de hist\u00f3ria de lutas e tradi\u00e7\u00f5es; nos \u00faltimos dois anos, mais de R$ 54 milh\u00f5es foram investidos na PM pelo governo.","robots":{"index":"index","follow":"follow","max-snippet":"max-snippet:-1","max-image-preview":"max-image-preview:large","max-video-preview":"max-video-preview:-1"},"canonical":"https:\/\/www.pm.pb.gov.br\/portal\/2024\/09\/07\/mais-antiga-e-tradicional-instituicao-da-paraiba-policia-militar-foi-destaque-no-desfile-com-mais-de-700-policiais-marchando-na-avenida\/","og_locale":"pt_BR","og_type":"article","og_title":"Mais antiga e tradicional institui\u00e7\u00e3o da Para\u00edba, Pol\u00edcia Militar foi destaque no desfile com mais de 700 policiais marchando na avenida - Pol\u00edcia Militar da Para\u00edba","og_description":"Corpora\u00e7\u00e3o tem mais de 192 anos de hist\u00f3ria de lutas e tradi\u00e7\u00f5es; nos \u00faltimos dois anos, mais de R$ 54 milh\u00f5es foram investidos na PM pelo governo.","og_url":"https:\/\/www.pm.pb.gov.br\/portal\/2024\/09\/07\/mais-antiga-e-tradicional-instituicao-da-paraiba-policia-militar-foi-destaque-no-desfile-com-mais-de-700-policiais-marchando-na-avenida\/","og_site_name":"Pol\u00edcia Militar da Para\u00edba","article_published_time":"2024-09-07T14:28:36+00:00","article_modified_time":"2024-09-07T20:15:36+00:00","og_image":[{"width":800,"height":445,"url":"http:\/\/www.pm.pb.gov.br\/portal\/wp-content\/uploads\/2024\/09\/image00126.jpeg","type":"image\/jpeg"}],"author":"Assessoria de Imprensa da PMPB","twitter_card":"summary_large_image","twitter_misc":{"Escrito por":"Assessoria de Imprensa da PMPB","Est. tempo de leitura":"5 minutos"},"schema":{"@context":"https:\/\/schema.org","@graph":[{"@type":"Article","@id":"https:\/\/www.pm.pb.gov.br\/portal\/2024\/09\/07\/mais-antiga-e-tradicional-instituicao-da-paraiba-policia-militar-foi-destaque-no-desfile-com-mais-de-700-policiais-marchando-na-avenida\/#article","isPartOf":{"@id":"https:\/\/www.pm.pb.gov.br\/portal\/2024\/09\/07\/mais-antiga-e-tradicional-instituicao-da-paraiba-policia-militar-foi-destaque-no-desfile-com-mais-de-700-policiais-marchando-na-avenida\/"},"author":{"name":"Assessoria de Imprensa da PMPB","@id":"https:\/\/www.pm.pb.gov.br\/portal\/#\/schema\/person\/e8454f46651c3ecf0e1ba3c1666d9947"},"headline":"Mais antiga e tradicional institui\u00e7\u00e3o da Para\u00edba, Pol\u00edcia Militar foi destaque no desfile com mais de 700 policiais marchando na avenida","datePublished":"2024-09-07T14:28:36+00:00","dateModified":"2024-09-07T20:15:36+00:00","mainEntityOfPage":{"@id":"https:\/\/www.pm.pb.gov.br\/portal\/2024\/09\/07\/mais-antiga-e-tradicional-instituicao-da-paraiba-policia-militar-foi-destaque-no-desfile-com-mais-de-700-policiais-marchando-na-avenida\/"},"wordCount":467,"publisher":{"@id":"https:\/\/www.pm.pb.gov.br\/portal\/#organization"},"articleSection":["Eventos"],"inLanguage":"pt-BR"},{"@type":"WebPage","@id":"https:\/\/www.pm.pb.gov.br\/portal\/2024\/09\/07\/mais-antiga-e-tradicional-instituicao-da-paraiba-policia-militar-foi-destaque-no-desfile-com-mais-de-700-policiais-marchando-na-avenida\/","url":"https:\/\/www.pm.pb.gov.br\/portal\/2024\/09\/07\/mais-antiga-e-tradicional-instituicao-da-paraiba-policia-militar-foi-destaque-no-desfile-com-mais-de-700-policiais-marchando-na-avenida\/","name":"Mais antiga e tradicional institui\u00e7\u00e3o da Para\u00edba, Pol\u00edcia Militar foi destaque no desfile com mais de 700 policiais marchando na avenida - Pol\u00edcia Militar da Para\u00edba","isPartOf":{"@id":"https:\/\/www.pm.pb.gov.br\/portal\/#website"},"datePublished":"2024-09-07T14:28:36+00:00","dateModified":"2024-09-07T20:15:36+00:00","description":"Corpora\u00e7\u00e3o tem mais de 192 anos de hist\u00f3ria de lutas e tradi\u00e7\u00f5es; nos \u00faltimos dois anos, mais de R$ 54 milh\u00f5es foram investidos na PM pelo governo.","breadcrumb":{"@id":"https:\/\/www.pm.pb.gov.br\/portal\/2024\/09\/07\/mais-antiga-e-tradicional-instituicao-da-paraiba-policia-militar-foi-destaque-no-desfile-com-mais-de-700-policiais-marchando-na-avenida\/#breadcrumb"},"inLanguage":"pt-BR","potentialAction":[{"@type":"ReadAction","target":["https:\/\/www.pm.pb.gov.br\/portal\/2024\/09\/07\/mais-antiga-e-tradicional-instituicao-da-paraiba-policia-militar-foi-destaque-no-desfile-com-mais-de-700-policiais-marchando-na-avenida\/"]}]},{"@type":"BreadcrumbList","@id":"https:\/\/www.pm.pb.gov.br\/portal\/2024\/09\/07\/mais-antiga-e-tradicional-instituicao-da-paraiba-policia-militar-foi-destaque-no-desfile-com-mais-de-700-policiais-marchando-na-avenida\/#breadcrumb","itemListElement":[{"@type":"ListItem","position":1,"name":"In\u00edcio","item":"https:\/\/www.pm.pb.gov.br\/portal\/"},{"@type":"ListItem","position":2,"name":"Mais antiga e tradicional institui\u00e7\u00e3o da Para\u00edba, Pol\u00edcia Militar foi destaque no desfile com mais de 700 policiais marchando na avenida"}]},{"@type":"WebSite","@id":"https:\/\/www.pm.pb.gov.br\/portal\/#website","url":"https:\/\/www.pm.pb.gov.br\/portal\/","name":"Pol\u00edcia Militar da Para\u00edba","description":"","publisher":{"@id":"https:\/\/www.pm.pb.gov.br\/portal\/#organization"},"potentialAction":[{"@type":"SearchAction","target":{"@type":"EntryPoint","urlTemplate":"https:\/\/www.pm.pb.gov.br\/portal\/?s={search_term_string}"},"query-input":"required name=search_term_string"}],"inLanguage":"pt-BR"},{"@type":"Organization","@id":"https:\/\/www.pm.pb.gov.br\/portal\/#organization","name":"Pol\u00edcia Militar da Para\u00edba","url":"https:\/\/www.pm.pb.gov.br\/portal\/","logo":{"@type":"ImageObject","inLanguage":"pt-BR","@id":"https:\/\/www.pm.pb.gov.br\/portal\/#\/schema\/logo\/image\/","url":"https:\/\/www.pm.pb.gov.br\/portal\/wp-content\/uploads\/2025\/03\/cropped-logo-site-mag2-1.png","contentUrl":"https:\/\/www.pm.pb.gov.br\/portal\/wp-content\/uploads\/2025\/03\/cropped-logo-site-mag2-1.png","width":320,"height":90,"caption":"Pol\u00edcia Militar da Para\u00edba"},"image":{"@id":"https:\/\/www.pm.pb.gov.br\/portal\/#\/schema\/logo\/image\/"}},{"@type":"Person","@id":"https:\/\/www.pm.pb.gov.br\/portal\/#\/schema\/person\/e8454f46651c3ecf0e1ba3c1666d9947","name":"Assessoria de Imprensa da PMPB","image":{"@type":"ImageObject","inLanguage":"pt-BR","@id":"https:\/\/www.pm.pb.gov.br\/portal\/#\/schema\/person\/image\/","url":"https:\/\/secure.gravatar.com\/avatar\/2efe197438265d1e90bd98c4c8e1acf8?s=96&d=mm&r=g","contentUrl":"https:\/\/secure.gravatar.com\/avatar\/2efe197438265d1e90bd98c4c8e1acf8?s=96&d=mm&r=g","caption":"Assessoria de Imprensa da PMPB"},"url":"https:\/\/www.pm.pb.gov.br\/portal\/author\/assessoria\/"}]}},"_links":{"self":[{"href":"https:\/\/www.pm.pb.gov.br\/portal\/wp-json\/wp\/v2\/posts\/923959"}],"collection":[{"href":"https:\/\/www.pm.pb.gov.br\/portal\/wp-json\/wp\/v2\/posts"}],"about":[{"href":"https:\/\/www.pm.pb.gov.br\/portal\/wp-json\/wp\/v2\/types\/post"}],"author":[{"embeddable":true,"href":"https:\/\/www.pm.pb.gov.br\/portal\/wp-json\/wp\/v2\/users\/5"}],"replies":[{"embeddable":true,"href":"https:\/\/www.pm.pb.gov.br\/portal\/wp-json\/wp\/v2\/comments?post=923959"}],"version-history":[{"count":6,"href":"https:\/\/www.pm.pb.gov.br\/portal\/wp-json\/wp\/v2\/posts\/923959\/revisions"}],"predecessor-version":[{"id":923982,"href":"https:\/\/www.pm.pb.gov.br\/portal\/wp-json\/wp\/v2\/posts\/923959\/revisions\/923982"}],"wp:featuredmedia":[{"embeddable":true,"href":"https:\/\/www.pm.pb.gov.br\/portal\/wp-json\/wp\/v2\/media\/923970"}],"wp:attachment":[{"href":"https:\/\/www.pm.pb.gov.br\/portal\/wp-json\/wp\/v2\/media?parent=923959"}],"wp:term":[{"taxonomy":"category","embeddable":true,"href":"https:\/\/www.pm.pb.gov.br\/portal\/wp-json\/wp\/v2\/categories?post=923959"},{"taxonomy":"post_tag","embeddable":true,"href":"https:\/\/www.pm.pb.gov.br\/portal\/wp-json\/wp\/v2\/tags?post=923959"}],"curies":[{"name":"wp","href":"https:\/\/api.w.org\/{rel}","templated":true}]}}