{"id":923951,"date":"2024-09-07T08:04:09","date_gmt":"2024-09-07T11:04:09","guid":{"rendered":"https:\/\/www.pm.pb.gov.br\/portal\/?p=923951"},"modified":"2024-09-07T08:06:13","modified_gmt":"2024-09-07T11:06:13","slug":"policia-militar-apreende-carga-de-mais-de-3-mil-macos-de-cigarros-contrabandeados-em-sousa","status":"publish","type":"post","link":"https:\/\/www.pm.pb.gov.br\/portal\/2024\/09\/07\/policia-militar-apreende-carga-de-mais-de-3-mil-macos-de-cigarros-contrabandeados-em-sousa\/","title":{"rendered":"Pol\u00edcia Militar apreende carga de mais de 3 mil ma\u00e7os de cigarros contrabandeados em Sousa"},"content":{"rendered":"\n<p>A Pol\u00edcia Militar apreendeu mais de 3 mil ma\u00e7os de cigarros que estavam sendo contrabandeados no Sert\u00e3o da Para\u00edba. A a\u00e7\u00e3o foi realizada na tarde da \u00faltima sexta-feira (06) no munic\u00edpio de Sousa, resultando ainda em duas pessoas presas.<\/p>\n<p>De acordo com o comando do 14\u00ba Batalh\u00e3o, unidade respons\u00e1vel pela pris\u00e3o, os suspeitos foram flagrados fazendo o carregamento de caixas e, ao ser feita a abordagem, os policiais constataram que o material se tratava de ma\u00e7os de cigarros sem nota fiscal. No total foram apreendidas 65 caixas de cigarro, cada uma com 50 ma\u00e7os, al\u00e9m de mais 20 pacotes, e 30 caixas de papel seda.<\/p>\n<p><img loading=\"lazy\" decoding=\"async\" class=\"size-medium wp-image-923953 aligncenter\" src=\"http:\/\/www.pm.pb.gov.br\/portal\/wp-content\/uploads\/2024\/09\/WhatsApp-Image-2024-09-07-at-08.18.40-1-445x445.jpeg\" alt=\"\" width=\"445\" height=\"445\" srcset=\"https:\/\/www.pm.pb.gov.br\/portal\/wp-content\/uploads\/2024\/09\/WhatsApp-Image-2024-09-07-at-08.18.40-1-445x445.jpeg 445w, https:\/\/www.pm.pb.gov.br\/portal\/wp-content\/uploads\/2024\/09\/WhatsApp-Image-2024-09-07-at-08.18.40-1-570x570.jpeg 570w, https:\/\/www.pm.pb.gov.br\/portal\/wp-content\/uploads\/2024\/09\/WhatsApp-Image-2024-09-07-at-08.18.40-1-768x768.jpeg 768w, https:\/\/www.pm.pb.gov.br\/portal\/wp-content\/uploads\/2024\/09\/WhatsApp-Image-2024-09-07-at-08.18.40-1-1536x1536.jpeg 1536w, https:\/\/www.pm.pb.gov.br\/portal\/wp-content\/uploads\/2024\/09\/WhatsApp-Image-2024-09-07-at-08.18.40-1-150x150.jpeg 150w, https:\/\/www.pm.pb.gov.br\/portal\/wp-content\/uploads\/2024\/09\/WhatsApp-Image-2024-09-07-at-08.18.40-1.jpeg 1564w\" sizes=\"(max-width: 445px) 100vw, 445px\" \/><\/p>\n<p><img loading=\"lazy\" decoding=\"async\" class=\"size-medium wp-image-923954 aligncenter\" src=\"http:\/\/www.pm.pb.gov.br\/portal\/wp-content\/uploads\/2024\/09\/WhatsApp-Image-2024-09-06-at-21.34.08-1-260x445.jpeg\" alt=\"\" width=\"260\" height=\"445\" srcset=\"https:\/\/www.pm.pb.gov.br\/portal\/wp-content\/uploads\/2024\/09\/WhatsApp-Image-2024-09-06-at-21.34.08-1-260x445.jpeg 260w, https:\/\/www.pm.pb.gov.br\/portal\/wp-content\/uploads\/2024\/09\/WhatsApp-Image-2024-09-06-at-21.34.08-1-333x570.jpeg 333w, https:\/\/www.pm.pb.gov.br\/portal\/wp-content\/uploads\/2024\/09\/WhatsApp-Image-2024-09-06-at-21.34.08-1-768x1313.jpeg 768w, https:\/\/www.pm.pb.gov.br\/portal\/wp-content\/uploads\/2024\/09\/WhatsApp-Image-2024-09-06-at-21.34.08-1-899x1536.jpeg 899w, https:\/\/www.pm.pb.gov.br\/portal\/wp-content\/uploads\/2024\/09\/WhatsApp-Image-2024-09-06-at-21.34.08-1.jpeg 936w\" sizes=\"(max-width: 260px) 100vw, 260px\" \/><\/p>\n<p>\u201cOs pacotes n\u00e3o tinham comprova\u00e7\u00e3o por nota fiscal, sendo o produto possivelmente contrabandeado, ou mesmo falsificado. O material estava em um tipo de dep\u00f3sito, em uma casa fechada que servia somente para essa finalidade\u201d, explicou o major Feitosa, comandante do 14\u00ba BPM.<\/p>\n<p>Todo o material e os dois suspeitos presos foram encaminhados para a delegacia da Pol\u00edcia Federal em Patos, para comprova\u00e7\u00e3o dos crimes que estavam sendo cometidos, e a devida autua\u00e7\u00e3o.<\/p>\n\n\n","protected":false},"excerpt":{"rendered":"<p>A Pol\u00edcia Militar apreendeu mais de 3 mil ma\u00e7os de cigarros que estavam sendo contrabandeados no Sert\u00e3o da Para\u00edba. A<\/p>\n","protected":false},"author":12,"featured_media":923952,"comment_status":"closed","ping_status":"closed","sticky":false,"template":"","format":"standard","meta":{"_exactmetrics_skip_tracking":false,"_exactmetrics_sitenote_active":false,"_exactmetrics_sitenote_note":"","_exactmetrics_sitenote_category":0,"footnotes":""},"categories":[4],"tags":[],"yoast_head":"<!-- This site is optimized with the Yoast SEO plugin v22.0 - https:\/\/yoast.com\/wordpress\/plugins\/seo\/ -->\n<title>Pol\u00edcia Militar apreende carga de mais de 3 mil ma\u00e7os de cigarros contrabandeados em Sousa - Pol\u00edcia Militar da Para\u00edba<\/title>\n<meta name=\"description\" content=\"Dois homens foram presos com o material; toda a ocorr\u00eancia foi encaminhada para a Pol\u00edcia Federal para a devida autua\u00e7\u00e3o.\" \/>\n<meta name=\"robots\" content=\"index, follow, max-snippet:-1, max-image-preview:large, max-video-preview:-1\" \/>\n<link rel=\"canonical\" href=\"https:\/\/www.pm.pb.gov.br\/portal\/2024\/09\/07\/policia-militar-apreende-carga-de-mais-de-3-mil-macos-de-cigarros-contrabandeados-em-sousa\/\" \/>\n<meta property=\"og:locale\" content=\"pt_BR\" \/>\n<meta property=\"og:type\" content=\"article\" \/>\n<meta property=\"og:title\" content=\"Pol\u00edcia Militar apreende carga de mais de 3 mil ma\u00e7os de cigarros contrabandeados em Sousa - Pol\u00edcia Militar da Para\u00edba\" \/>\n<meta property=\"og:description\" content=\"Dois homens foram presos com o material; toda a ocorr\u00eancia foi encaminhada para a Pol\u00edcia Federal para a devida autua\u00e7\u00e3o.\" \/>\n<meta property=\"og:url\" content=\"https:\/\/www.pm.pb.gov.br\/portal\/2024\/09\/07\/policia-militar-apreende-carga-de-mais-de-3-mil-macos-de-cigarros-contrabandeados-em-sousa\/\" \/>\n<meta property=\"og:site_name\" content=\"Pol\u00edcia Militar da Para\u00edba\" \/>\n<meta property=\"article:published_time\" content=\"2024-09-07T11:04:09+00:00\" \/>\n<meta property=\"article:modified_time\" content=\"2024-09-07T11:06:13+00:00\" \/>\n<meta property=\"og:image\" content=\"http:\/\/www.pm.pb.gov.br\/portal\/wp-content\/uploads\/2024\/09\/WhatsApp-Image-2024-09-07-at-08.18.401.jpeg\" \/>\n\t<meta property=\"og:image:width\" content=\"800\" \/>\n\t<meta property=\"og:image:height\" content=\"445\" \/>\n\t<meta property=\"og:image:type\" content=\"image\/jpeg\" \/>\n<meta name=\"author\" content=\"Tarcisio Oliveira\" \/>\n<meta name=\"twitter:card\" content=\"summary_large_image\" \/>\n<meta name=\"twitter:label1\" content=\"Escrito por\" \/>\n\t<meta name=\"twitter:data1\" content=\"Tarcisio Oliveira\" \/>\n\t<meta name=\"twitter:label2\" content=\"Est. tempo de leitura\" \/>\n\t<meta name=\"twitter:data2\" content=\"2 minutos\" \/>\n<script type=\"application\/ld+json\" class=\"yoast-schema-graph\">{\"@context\":\"https:\/\/schema.org\",\"@graph\":[{\"@type\":\"Article\",\"@id\":\"https:\/\/www.pm.pb.gov.br\/portal\/2024\/09\/07\/policia-militar-apreende-carga-de-mais-de-3-mil-macos-de-cigarros-contrabandeados-em-sousa\/#article\",\"isPartOf\":{\"@id\":\"https:\/\/www.pm.pb.gov.br\/portal\/2024\/09\/07\/policia-militar-apreende-carga-de-mais-de-3-mil-macos-de-cigarros-contrabandeados-em-sousa\/\"},\"author\":{\"name\":\"Tarcisio Oliveira\",\"@id\":\"https:\/\/www.pm.pb.gov.br\/portal\/#\/schema\/person\/f84f56dcc78ce4357054da888b8247fd\"},\"headline\":\"Pol\u00edcia Militar apreende carga de mais de 3 mil ma\u00e7os de cigarros contrabandeados em Sousa\",\"datePublished\":\"2024-09-07T11:04:09+00:00\",\"dateModified\":\"2024-09-07T11:06:13+00:00\",\"mainEntityOfPage\":{\"@id\":\"https:\/\/www.pm.pb.gov.br\/portal\/2024\/09\/07\/policia-militar-apreende-carga-de-mais-de-3-mil-macos-de-cigarros-contrabandeados-em-sousa\/\"},\"wordCount\":203,\"publisher\":{\"@id\":\"https:\/\/www.pm.pb.gov.br\/portal\/#organization\"},\"articleSection\":[\"A\u00e7\u00f5es Policiais\"],\"inLanguage\":\"pt-BR\"},{\"@type\":\"WebPage\",\"@id\":\"https:\/\/www.pm.pb.gov.br\/portal\/2024\/09\/07\/policia-militar-apreende-carga-de-mais-de-3-mil-macos-de-cigarros-contrabandeados-em-sousa\/\",\"url\":\"https:\/\/www.pm.pb.gov.br\/portal\/2024\/09\/07\/policia-militar-apreende-carga-de-mais-de-3-mil-macos-de-cigarros-contrabandeados-em-sousa\/\",\"name\":\"Pol\u00edcia Militar apreende carga de mais de 3 mil ma\u00e7os de cigarros contrabandeados em Sousa - Pol\u00edcia Militar da Para\u00edba\",\"isPartOf\":{\"@id\":\"https:\/\/www.pm.pb.gov.br\/portal\/#website\"},\"datePublished\":\"2024-09-07T11:04:09+00:00\",\"dateModified\":\"2024-09-07T11:06:13+00:00\",\"description\":\"Dois homens foram presos com o material; toda a ocorr\u00eancia foi encaminhada para a Pol\u00edcia Federal para a devida autua\u00e7\u00e3o.\",\"breadcrumb\":{\"@id\":\"https:\/\/www.pm.pb.gov.br\/portal\/2024\/09\/07\/policia-militar-apreende-carga-de-mais-de-3-mil-macos-de-cigarros-contrabandeados-em-sousa\/#breadcrumb\"},\"inLanguage\":\"pt-BR\",\"potentialAction\":[{\"@type\":\"ReadAction\",\"target\":[\"https:\/\/www.pm.pb.gov.br\/portal\/2024\/09\/07\/policia-militar-apreende-carga-de-mais-de-3-mil-macos-de-cigarros-contrabandeados-em-sousa\/\"]}]},{\"@type\":\"BreadcrumbList\",\"@id\":\"https:\/\/www.pm.pb.gov.br\/portal\/2024\/09\/07\/policia-militar-apreende-carga-de-mais-de-3-mil-macos-de-cigarros-contrabandeados-em-sousa\/#breadcrumb\",\"itemListElement\":[{\"@type\":\"ListItem\",\"position\":1,\"name\":\"In\u00edcio\",\"item\":\"https:\/\/www.pm.pb.gov.br\/portal\/\"},{\"@type\":\"ListItem\",\"position\":2,\"name\":\"Pol\u00edcia Militar apreende carga de mais de 3 mil ma\u00e7os de cigarros contrabandeados em Sousa\"}]},{\"@type\":\"WebSite\",\"@id\":\"https:\/\/www.pm.pb.gov.br\/portal\/#website\",\"url\":\"https:\/\/www.pm.pb.gov.br\/portal\/\",\"name\":\"Pol\u00edcia Militar da Para\u00edba\",\"description\":\"\",\"publisher\":{\"@id\":\"https:\/\/www.pm.pb.gov.br\/portal\/#organization\"},\"potentialAction\":[{\"@type\":\"SearchAction\",\"target\":{\"@type\":\"EntryPoint\",\"urlTemplate\":\"https:\/\/www.pm.pb.gov.br\/portal\/?s={search_term_string}\"},\"query-input\":\"required name=search_term_string\"}],\"inLanguage\":\"pt-BR\"},{\"@type\":\"Organization\",\"@id\":\"https:\/\/www.pm.pb.gov.br\/portal\/#organization\",\"name\":\"Pol\u00edcia Militar da Para\u00edba\",\"url\":\"https:\/\/www.pm.pb.gov.br\/portal\/\",\"logo\":{\"@type\":\"ImageObject\",\"inLanguage\":\"pt-BR\",\"@id\":\"https:\/\/www.pm.pb.gov.br\/portal\/#\/schema\/logo\/image\/\",\"url\":\"https:\/\/www.pm.pb.gov.br\/portal\/wp-content\/uploads\/2025\/03\/cropped-logo-site-mag2-1.png\",\"contentUrl\":\"https:\/\/www.pm.pb.gov.br\/portal\/wp-content\/uploads\/2025\/03\/cropped-logo-site-mag2-1.png\",\"width\":320,\"height\":90,\"caption\":\"Pol\u00edcia Militar da Para\u00edba\"},\"image\":{\"@id\":\"https:\/\/www.pm.pb.gov.br\/portal\/#\/schema\/logo\/image\/\"}},{\"@type\":\"Person\",\"@id\":\"https:\/\/www.pm.pb.gov.br\/portal\/#\/schema\/person\/f84f56dcc78ce4357054da888b8247fd\",\"name\":\"Tarcisio Oliveira\",\"image\":{\"@type\":\"ImageObject\",\"inLanguage\":\"pt-BR\",\"@id\":\"https:\/\/www.pm.pb.gov.br\/portal\/#\/schema\/person\/image\/\",\"url\":\"https:\/\/secure.gravatar.com\/avatar\/72917b630b69d31cd0297507f34bac97?s=96&d=mm&r=g\",\"contentUrl\":\"https:\/\/secure.gravatar.com\/avatar\/72917b630b69d31cd0297507f34bac97?s=96&d=mm&r=g\",\"caption\":\"Tarcisio Oliveira\"},\"url\":\"https:\/\/www.pm.pb.gov.br\/portal\/author\/tarcisio\/\"}]}<\/script>\n<!-- \/ Yoast SEO plugin. -->","yoast_head_json":{"title":"Pol\u00edcia Militar apreende carga de mais de 3 mil ma\u00e7os de cigarros contrabandeados em Sousa - Pol\u00edcia Militar da Para\u00edba","description":"Dois homens foram presos com o material; toda a ocorr\u00eancia foi encaminhada para a Pol\u00edcia Federal para a devida autua\u00e7\u00e3o.","robots":{"index":"index","follow":"follow","max-snippet":"max-snippet:-1","max-image-preview":"max-image-preview:large","max-video-preview":"max-video-preview:-1"},"canonical":"https:\/\/www.pm.pb.gov.br\/portal\/2024\/09\/07\/policia-militar-apreende-carga-de-mais-de-3-mil-macos-de-cigarros-contrabandeados-em-sousa\/","og_locale":"pt_BR","og_type":"article","og_title":"Pol\u00edcia Militar apreende carga de mais de 3 mil ma\u00e7os de cigarros contrabandeados em Sousa - Pol\u00edcia Militar da Para\u00edba","og_description":"Dois homens foram presos com o material; toda a ocorr\u00eancia foi encaminhada para a Pol\u00edcia Federal para a devida autua\u00e7\u00e3o.","og_url":"https:\/\/www.pm.pb.gov.br\/portal\/2024\/09\/07\/policia-militar-apreende-carga-de-mais-de-3-mil-macos-de-cigarros-contrabandeados-em-sousa\/","og_site_name":"Pol\u00edcia Militar da Para\u00edba","article_published_time":"2024-09-07T11:04:09+00:00","article_modified_time":"2024-09-07T11:06:13+00:00","og_image":[{"width":800,"height":445,"url":"http:\/\/www.pm.pb.gov.br\/portal\/wp-content\/uploads\/2024\/09\/WhatsApp-Image-2024-09-07-at-08.18.401.jpeg","type":"image\/jpeg"}],"author":"Tarcisio Oliveira","twitter_card":"summary_large_image","twitter_misc":{"Escrito por":"Tarcisio Oliveira","Est. tempo de leitura":"2 minutos"},"schema":{"@context":"https:\/\/schema.org","@graph":[{"@type":"Article","@id":"https:\/\/www.pm.pb.gov.br\/portal\/2024\/09\/07\/policia-militar-apreende-carga-de-mais-de-3-mil-macos-de-cigarros-contrabandeados-em-sousa\/#article","isPartOf":{"@id":"https:\/\/www.pm.pb.gov.br\/portal\/2024\/09\/07\/policia-militar-apreende-carga-de-mais-de-3-mil-macos-de-cigarros-contrabandeados-em-sousa\/"},"author":{"name":"Tarcisio Oliveira","@id":"https:\/\/www.pm.pb.gov.br\/portal\/#\/schema\/person\/f84f56dcc78ce4357054da888b8247fd"},"headline":"Pol\u00edcia Militar apreende carga de mais de 3 mil ma\u00e7os de cigarros contrabandeados em Sousa","datePublished":"2024-09-07T11:04:09+00:00","dateModified":"2024-09-07T11:06:13+00:00","mainEntityOfPage":{"@id":"https:\/\/www.pm.pb.gov.br\/portal\/2024\/09\/07\/policia-militar-apreende-carga-de-mais-de-3-mil-macos-de-cigarros-contrabandeados-em-sousa\/"},"wordCount":203,"publisher":{"@id":"https:\/\/www.pm.pb.gov.br\/portal\/#organization"},"articleSection":["A\u00e7\u00f5es Policiais"],"inLanguage":"pt-BR"},{"@type":"WebPage","@id":"https:\/\/www.pm.pb.gov.br\/portal\/2024\/09\/07\/policia-militar-apreende-carga-de-mais-de-3-mil-macos-de-cigarros-contrabandeados-em-sousa\/","url":"https:\/\/www.pm.pb.gov.br\/portal\/2024\/09\/07\/policia-militar-apreende-carga-de-mais-de-3-mil-macos-de-cigarros-contrabandeados-em-sousa\/","name":"Pol\u00edcia Militar apreende carga de mais de 3 mil ma\u00e7os de cigarros contrabandeados em Sousa - Pol\u00edcia Militar da Para\u00edba","isPartOf":{"@id":"https:\/\/www.pm.pb.gov.br\/portal\/#website"},"datePublished":"2024-09-07T11:04:09+00:00","dateModified":"2024-09-07T11:06:13+00:00","description":"Dois homens foram presos com o material; toda a ocorr\u00eancia foi encaminhada para a Pol\u00edcia Federal para a devida autua\u00e7\u00e3o.","breadcrumb":{"@id":"https:\/\/www.pm.pb.gov.br\/portal\/2024\/09\/07\/policia-militar-apreende-carga-de-mais-de-3-mil-macos-de-cigarros-contrabandeados-em-sousa\/#breadcrumb"},"inLanguage":"pt-BR","potentialAction":[{"@type":"ReadAction","target":["https:\/\/www.pm.pb.gov.br\/portal\/2024\/09\/07\/policia-militar-apreende-carga-de-mais-de-3-mil-macos-de-cigarros-contrabandeados-em-sousa\/"]}]},{"@type":"BreadcrumbList","@id":"https:\/\/www.pm.pb.gov.br\/portal\/2024\/09\/07\/policia-militar-apreende-carga-de-mais-de-3-mil-macos-de-cigarros-contrabandeados-em-sousa\/#breadcrumb","itemListElement":[{"@type":"ListItem","position":1,"name":"In\u00edcio","item":"https:\/\/www.pm.pb.gov.br\/portal\/"},{"@type":"ListItem","position":2,"name":"Pol\u00edcia Militar apreende carga de mais de 3 mil ma\u00e7os de cigarros contrabandeados em Sousa"}]},{"@type":"WebSite","@id":"https:\/\/www.pm.pb.gov.br\/portal\/#website","url":"https:\/\/www.pm.pb.gov.br\/portal\/","name":"Pol\u00edcia Militar da Para\u00edba","description":"","publisher":{"@id":"https:\/\/www.pm.pb.gov.br\/portal\/#organization"},"potentialAction":[{"@type":"SearchAction","target":{"@type":"EntryPoint","urlTemplate":"https:\/\/www.pm.pb.gov.br\/portal\/?s={search_term_string}"},"query-input":"required name=search_term_string"}],"inLanguage":"pt-BR"},{"@type":"Organization","@id":"https:\/\/www.pm.pb.gov.br\/portal\/#organization","name":"Pol\u00edcia Militar da Para\u00edba","url":"https:\/\/www.pm.pb.gov.br\/portal\/","logo":{"@type":"ImageObject","inLanguage":"pt-BR","@id":"https:\/\/www.pm.pb.gov.br\/portal\/#\/schema\/logo\/image\/","url":"https:\/\/www.pm.pb.gov.br\/portal\/wp-content\/uploads\/2025\/03\/cropped-logo-site-mag2-1.png","contentUrl":"https:\/\/www.pm.pb.gov.br\/portal\/wp-content\/uploads\/2025\/03\/cropped-logo-site-mag2-1.png","width":320,"height":90,"caption":"Pol\u00edcia Militar da Para\u00edba"},"image":{"@id":"https:\/\/www.pm.pb.gov.br\/portal\/#\/schema\/logo\/image\/"}},{"@type":"Person","@id":"https:\/\/www.pm.pb.gov.br\/portal\/#\/schema\/person\/f84f56dcc78ce4357054da888b8247fd","name":"Tarcisio Oliveira","image":{"@type":"ImageObject","inLanguage":"pt-BR","@id":"https:\/\/www.pm.pb.gov.br\/portal\/#\/schema\/person\/image\/","url":"https:\/\/secure.gravatar.com\/avatar\/72917b630b69d31cd0297507f34bac97?s=96&d=mm&r=g","contentUrl":"https:\/\/secure.gravatar.com\/avatar\/72917b630b69d31cd0297507f34bac97?s=96&d=mm&r=g","caption":"Tarcisio Oliveira"},"url":"https:\/\/www.pm.pb.gov.br\/portal\/author\/tarcisio\/"}]}},"_links":{"self":[{"href":"https:\/\/www.pm.pb.gov.br\/portal\/wp-json\/wp\/v2\/posts\/923951"}],"collection":[{"href":"https:\/\/www.pm.pb.gov.br\/portal\/wp-json\/wp\/v2\/posts"}],"about":[{"href":"https:\/\/www.pm.pb.gov.br\/portal\/wp-json\/wp\/v2\/types\/post"}],"author":[{"embeddable":true,"href":"https:\/\/www.pm.pb.gov.br\/portal\/wp-json\/wp\/v2\/users\/12"}],"replies":[{"embeddable":true,"href":"https:\/\/www.pm.pb.gov.br\/portal\/wp-json\/wp\/v2\/comments?post=923951"}],"version-history":[{"count":3,"href":"https:\/\/www.pm.pb.gov.br\/portal\/wp-json\/wp\/v2\/posts\/923951\/revisions"}],"predecessor-version":[{"id":923958,"href":"https:\/\/www.pm.pb.gov.br\/portal\/wp-json\/wp\/v2\/posts\/923951\/revisions\/923958"}],"wp:featuredmedia":[{"embeddable":true,"href":"https:\/\/www.pm.pb.gov.br\/portal\/wp-json\/wp\/v2\/media\/923952"}],"wp:attachment":[{"href":"https:\/\/www.pm.pb.gov.br\/portal\/wp-json\/wp\/v2\/media?parent=923951"}],"wp:term":[{"taxonomy":"category","embeddable":true,"href":"https:\/\/www.pm.pb.gov.br\/portal\/wp-json\/wp\/v2\/categories?post=923951"},{"taxonomy":"post_tag","embeddable":true,"href":"https:\/\/www.pm.pb.gov.br\/portal\/wp-json\/wp\/v2\/tags?post=923951"}],"curies":[{"name":"wp","href":"https:\/\/api.w.org\/{rel}","templated":true}]}}