{"id":923925,"date":"2025-08-15T12:19:11","date_gmt":"2025-08-15T15:19:11","guid":{"rendered":"https:\/\/www.pm.pb.gov.br\/portal\/?p=923925"},"modified":"2025-08-15T12:19:36","modified_gmt":"2025-08-15T15:19:36","slug":"operacao-cidade-segura-avanca-e-cumpre-mais-mandados-de-prisao-do-que-o-previsto","status":"publish","type":"post","link":"https:\/\/www.pm.pb.gov.br\/portal\/2025\/08\/15\/operacao-cidade-segura-avanca-e-cumpre-mais-mandados-de-prisao-do-que-o-previsto\/","title":{"rendered":"Opera\u00e7\u00e3o Cidade Segura avan\u00e7a e cumpre mais mandados de pris\u00e3o do que o previsto"},"content":{"rendered":"\n<p>A 2\u00aa edi\u00e7\u00e3o da Opera\u00e7\u00e3o Cidade Segura terminou com 46 mandados de pris\u00e3o cumpridos pela Pol\u00edcia Militar, nesta sexta-feira (15), em dezessete cidades paraibanas e tr\u00eas munic\u00edpios do Estado de Pernambuco. Os alvos s\u00e3o acusados de homic\u00eddio, tr\u00e1fico de drogas, roubo, estupro e estelionato. Duas armas de fogo foram apreendidas. <br><br>A previs\u00e3o inicial era de 37 mandados de pris\u00e3o, mas no decorrer dos trabalhos esses n\u00fameros avan\u00e7aram e mais pessoas foram presas. Mesmo com as fortes chuvas que ca\u00edram desde a madrugada, as equipes policiais cercaram os locais onde estavam os alvos e cumpriram os mandados assim que amanheceu o dia. Foram mais de 200 policiais atuando na opera\u00e7\u00e3o, que \u00e9 resultado da integra\u00e7\u00e3o entre o Departamento de Intelig\u00eancia da Pol\u00edcia Militar da Para\u00edba e Grupo de Atua\u00e7\u00e3o Especial contra o Crime Organizado (Gaeco).<br><br>Na Para\u00edba, a opera\u00e7\u00e3o aconteceu nos munic\u00edpios de Jo\u00e3o Pessoa, Mataraca, Santa Rita, Bayeux, Campina Grande, Lagoa Seca, Areia, Esperan\u00e7a, Patos, Cajazeiras, Sousa, Catol\u00e9 do Rocha, Aguiar, Tavares, Guarabira, Juripiranga e Dona In\u00eas. As tr\u00eas pris\u00f5es em Pernambuco foram nas cidades de Santa Cruz do Capibaribe e Quixaba.<br><br>Pris\u00f5es por roubo lideram \u2013 O crime de roubo foi o tipo penal que mais teve mandado de pris\u00e3o cumprido, com 13 no total. Al\u00e9m de j\u00e1 responderem pelos crimes, os suspeitos estariam novamente participando de assaltos.<\/p>\n\n\n\n<p><img loading=\"lazy\" decoding=\"async\" width=\"2560\" height=\"1920\" class=\"wp-image-927651\" style=\"width: 800px;\" src=\"http:\/\/www.pm.pb.gov.br\/portal\/wp-content\/uploads\/2025\/08\/WhatsApp-Image-2025-08-15-at-10.31.47-AM-scaled.jpeg\" alt=\"\" srcset=\"https:\/\/www.pm.pb.gov.br\/portal\/wp-content\/uploads\/2025\/08\/WhatsApp-Image-2025-08-15-at-10.31.47-AM-scaled.jpeg 2560w, https:\/\/www.pm.pb.gov.br\/portal\/wp-content\/uploads\/2025\/08\/WhatsApp-Image-2025-08-15-at-10.31.47-AM-593x445.jpeg 593w, https:\/\/www.pm.pb.gov.br\/portal\/wp-content\/uploads\/2025\/08\/WhatsApp-Image-2025-08-15-at-10.31.47-AM-760x570.jpeg 760w, https:\/\/www.pm.pb.gov.br\/portal\/wp-content\/uploads\/2025\/08\/WhatsApp-Image-2025-08-15-at-10.31.47-AM-768x576.jpeg 768w, https:\/\/www.pm.pb.gov.br\/portal\/wp-content\/uploads\/2025\/08\/WhatsApp-Image-2025-08-15-at-10.31.47-AM-1536x1152.jpeg 1536w, https:\/\/www.pm.pb.gov.br\/portal\/wp-content\/uploads\/2025\/08\/WhatsApp-Image-2025-08-15-at-10.31.47-AM-2048x1536.jpeg 2048w\" sizes=\"(max-width: 2560px) 100vw, 2560px\" \/><\/p>\n\n\n\n<p><img loading=\"lazy\" decoding=\"async\" width=\"2560\" height=\"1920\" class=\"wp-image-927650\" style=\"width: 800px;\" src=\"http:\/\/www.pm.pb.gov.br\/portal\/wp-content\/uploads\/2025\/08\/WhatsApp-Image-2025-08-15-at-10.31.47-AM-1-scaled.jpeg\" alt=\"\" srcset=\"https:\/\/www.pm.pb.gov.br\/portal\/wp-content\/uploads\/2025\/08\/WhatsApp-Image-2025-08-15-at-10.31.47-AM-1-scaled.jpeg 2560w, https:\/\/www.pm.pb.gov.br\/portal\/wp-content\/uploads\/2025\/08\/WhatsApp-Image-2025-08-15-at-10.31.47-AM-1-593x445.jpeg 593w, https:\/\/www.pm.pb.gov.br\/portal\/wp-content\/uploads\/2025\/08\/WhatsApp-Image-2025-08-15-at-10.31.47-AM-1-760x570.jpeg 760w, https:\/\/www.pm.pb.gov.br\/portal\/wp-content\/uploads\/2025\/08\/WhatsApp-Image-2025-08-15-at-10.31.47-AM-1-768x576.jpeg 768w, https:\/\/www.pm.pb.gov.br\/portal\/wp-content\/uploads\/2025\/08\/WhatsApp-Image-2025-08-15-at-10.31.47-AM-1-1536x1152.jpeg 1536w, https:\/\/www.pm.pb.gov.br\/portal\/wp-content\/uploads\/2025\/08\/WhatsApp-Image-2025-08-15-at-10.31.47-AM-1-2048x1536.jpeg 2048w\" sizes=\"(max-width: 2560px) 100vw, 2560px\" \/><\/p>\n\n\n\n<p><img loading=\"lazy\" decoding=\"async\" width=\"2560\" height=\"1920\" class=\"wp-image-927652\" style=\"width: 800px;\" src=\"http:\/\/www.pm.pb.gov.br\/portal\/wp-content\/uploads\/2025\/08\/WhatsApp-Image-2025-08-15-at-10.37.15-AM-scaled.jpeg\" alt=\"\" srcset=\"https:\/\/www.pm.pb.gov.br\/portal\/wp-content\/uploads\/2025\/08\/WhatsApp-Image-2025-08-15-at-10.37.15-AM-scaled.jpeg 2560w, https:\/\/www.pm.pb.gov.br\/portal\/wp-content\/uploads\/2025\/08\/WhatsApp-Image-2025-08-15-at-10.37.15-AM-593x445.jpeg 593w, https:\/\/www.pm.pb.gov.br\/portal\/wp-content\/uploads\/2025\/08\/WhatsApp-Image-2025-08-15-at-10.37.15-AM-760x570.jpeg 760w, https:\/\/www.pm.pb.gov.br\/portal\/wp-content\/uploads\/2025\/08\/WhatsApp-Image-2025-08-15-at-10.37.15-AM-768x576.jpeg 768w, https:\/\/www.pm.pb.gov.br\/portal\/wp-content\/uploads\/2025\/08\/WhatsApp-Image-2025-08-15-at-10.37.15-AM-1536x1152.jpeg 1536w, https:\/\/www.pm.pb.gov.br\/portal\/wp-content\/uploads\/2025\/08\/WhatsApp-Image-2025-08-15-at-10.37.15-AM-2048x1536.jpeg 2048w\" sizes=\"(max-width: 2560px) 100vw, 2560px\" \/><\/p>\n\n\n\n<p><img loading=\"lazy\" decoding=\"async\" width=\"1280\" height=\"720\" class=\"wp-image-927653\" style=\"width: 800px;\" src=\"http:\/\/www.pm.pb.gov.br\/portal\/wp-content\/uploads\/2025\/08\/WhatsApp-Image-2025-08-15-at-10.39.12-AM-1.jpeg\" alt=\"\" srcset=\"https:\/\/www.pm.pb.gov.br\/portal\/wp-content\/uploads\/2025\/08\/WhatsApp-Image-2025-08-15-at-10.39.12-AM-1.jpeg 1280w, https:\/\/www.pm.pb.gov.br\/portal\/wp-content\/uploads\/2025\/08\/WhatsApp-Image-2025-08-15-at-10.39.12-AM-1-791x445.jpeg 791w, https:\/\/www.pm.pb.gov.br\/portal\/wp-content\/uploads\/2025\/08\/WhatsApp-Image-2025-08-15-at-10.39.12-AM-1-1013x570.jpeg 1013w, https:\/\/www.pm.pb.gov.br\/portal\/wp-content\/uploads\/2025\/08\/WhatsApp-Image-2025-08-15-at-10.39.12-AM-1-768x432.jpeg 768w\" sizes=\"(max-width: 1280px) 100vw, 1280px\" \/><\/p>\n","protected":false},"excerpt":{"rendered":"<p>A 2\u00aa edi\u00e7\u00e3o da Opera\u00e7\u00e3o Cidade Segura terminou com 46 mandados de pris\u00e3o cumpridos pela Pol\u00edcia Militar, nesta sexta-feira (15),<\/p>\n","protected":false},"author":12,"featured_media":927650,"comment_status":"closed","ping_status":"closed","sticky":false,"template":"","format":"standard","meta":{"_exactmetrics_skip_tracking":false,"_exactmetrics_sitenote_active":false,"_exactmetrics_sitenote_note":"","_exactmetrics_sitenote_category":0,"footnotes":""},"categories":[4],"tags":[],"yoast_head":"<!-- This site is optimized with the Yoast SEO plugin v22.0 - https:\/\/yoast.com\/wordpress\/plugins\/seo\/ -->\n<title>Opera\u00e7\u00e3o Cidade Segura avan\u00e7a e cumpre mais mandados de pris\u00e3o do que o previsto - Pol\u00edcia Militar da Para\u00edba<\/title>\n<meta name=\"robots\" content=\"index, follow, max-snippet:-1, max-image-preview:large, max-video-preview:-1\" \/>\n<link rel=\"canonical\" href=\"https:\/\/www.pm.pb.gov.br\/portal\/2025\/08\/15\/operacao-cidade-segura-avanca-e-cumpre-mais-mandados-de-prisao-do-que-o-previsto\/\" \/>\n<meta property=\"og:locale\" content=\"pt_BR\" \/>\n<meta property=\"og:type\" content=\"article\" \/>\n<meta property=\"og:title\" content=\"Opera\u00e7\u00e3o Cidade Segura avan\u00e7a e cumpre mais mandados de pris\u00e3o do que o previsto - Pol\u00edcia Militar da Para\u00edba\" \/>\n<meta property=\"og:description\" content=\"A 2\u00aa edi\u00e7\u00e3o da Opera\u00e7\u00e3o Cidade Segura terminou com 46 mandados de pris\u00e3o cumpridos pela Pol\u00edcia Militar, nesta sexta-feira (15),\" \/>\n<meta property=\"og:url\" content=\"https:\/\/www.pm.pb.gov.br\/portal\/2025\/08\/15\/operacao-cidade-segura-avanca-e-cumpre-mais-mandados-de-prisao-do-que-o-previsto\/\" \/>\n<meta property=\"og:site_name\" content=\"Pol\u00edcia Militar da Para\u00edba\" \/>\n<meta property=\"article:published_time\" content=\"2025-08-15T15:19:11+00:00\" \/>\n<meta property=\"article:modified_time\" content=\"2025-08-15T15:19:36+00:00\" \/>\n<meta property=\"og:image\" content=\"http:\/\/www.pm.pb.gov.br\/portal\/wp-content\/uploads\/2025\/08\/WhatsApp-Image-2025-08-15-at-10.31.47-AM-1-scaled.jpeg\" \/>\n\t<meta property=\"og:image:width\" content=\"2560\" \/>\n\t<meta property=\"og:image:height\" content=\"1920\" \/>\n\t<meta property=\"og:image:type\" content=\"image\/jpeg\" \/>\n<meta name=\"author\" content=\"Tarcisio Oliveira\" \/>\n<meta name=\"twitter:card\" content=\"summary_large_image\" \/>\n<meta name=\"twitter:label1\" content=\"Escrito por\" \/>\n\t<meta name=\"twitter:data1\" content=\"Tarcisio Oliveira\" \/>\n\t<meta name=\"twitter:label2\" content=\"Est. tempo de leitura\" \/>\n\t<meta name=\"twitter:data2\" content=\"3 minutos\" \/>\n<script type=\"application\/ld+json\" class=\"yoast-schema-graph\">{\"@context\":\"https:\/\/schema.org\",\"@graph\":[{\"@type\":\"Article\",\"@id\":\"https:\/\/www.pm.pb.gov.br\/portal\/2025\/08\/15\/operacao-cidade-segura-avanca-e-cumpre-mais-mandados-de-prisao-do-que-o-previsto\/#article\",\"isPartOf\":{\"@id\":\"https:\/\/www.pm.pb.gov.br\/portal\/2025\/08\/15\/operacao-cidade-segura-avanca-e-cumpre-mais-mandados-de-prisao-do-que-o-previsto\/\"},\"author\":{\"name\":\"Tarcisio Oliveira\",\"@id\":\"https:\/\/www.pm.pb.gov.br\/portal\/#\/schema\/person\/f84f56dcc78ce4357054da888b8247fd\"},\"headline\":\"Opera\u00e7\u00e3o Cidade Segura avan\u00e7a e cumpre mais mandados de pris\u00e3o do que o previsto\",\"datePublished\":\"2025-08-15T15:19:11+00:00\",\"dateModified\":\"2025-08-15T15:19:36+00:00\",\"mainEntityOfPage\":{\"@id\":\"https:\/\/www.pm.pb.gov.br\/portal\/2025\/08\/15\/operacao-cidade-segura-avanca-e-cumpre-mais-mandados-de-prisao-do-que-o-previsto\/\"},\"wordCount\":259,\"publisher\":{\"@id\":\"https:\/\/www.pm.pb.gov.br\/portal\/#organization\"},\"articleSection\":[\"A\u00e7\u00f5es Policiais\"],\"inLanguage\":\"pt-BR\"},{\"@type\":\"WebPage\",\"@id\":\"https:\/\/www.pm.pb.gov.br\/portal\/2025\/08\/15\/operacao-cidade-segura-avanca-e-cumpre-mais-mandados-de-prisao-do-que-o-previsto\/\",\"url\":\"https:\/\/www.pm.pb.gov.br\/portal\/2025\/08\/15\/operacao-cidade-segura-avanca-e-cumpre-mais-mandados-de-prisao-do-que-o-previsto\/\",\"name\":\"Opera\u00e7\u00e3o Cidade Segura avan\u00e7a e cumpre mais mandados de pris\u00e3o do que o previsto - Pol\u00edcia Militar da Para\u00edba\",\"isPartOf\":{\"@id\":\"https:\/\/www.pm.pb.gov.br\/portal\/#website\"},\"datePublished\":\"2025-08-15T15:19:11+00:00\",\"dateModified\":\"2025-08-15T15:19:36+00:00\",\"breadcrumb\":{\"@id\":\"https:\/\/www.pm.pb.gov.br\/portal\/2025\/08\/15\/operacao-cidade-segura-avanca-e-cumpre-mais-mandados-de-prisao-do-que-o-previsto\/#breadcrumb\"},\"inLanguage\":\"pt-BR\",\"potentialAction\":[{\"@type\":\"ReadAction\",\"target\":[\"https:\/\/www.pm.pb.gov.br\/portal\/2025\/08\/15\/operacao-cidade-segura-avanca-e-cumpre-mais-mandados-de-prisao-do-que-o-previsto\/\"]}]},{\"@type\":\"BreadcrumbList\",\"@id\":\"https:\/\/www.pm.pb.gov.br\/portal\/2025\/08\/15\/operacao-cidade-segura-avanca-e-cumpre-mais-mandados-de-prisao-do-que-o-previsto\/#breadcrumb\",\"itemListElement\":[{\"@type\":\"ListItem\",\"position\":1,\"name\":\"In\u00edcio\",\"item\":\"https:\/\/www.pm.pb.gov.br\/portal\/\"},{\"@type\":\"ListItem\",\"position\":2,\"name\":\"Opera\u00e7\u00e3o Cidade Segura avan\u00e7a e cumpre mais mandados de pris\u00e3o do que o previsto\"}]},{\"@type\":\"WebSite\",\"@id\":\"https:\/\/www.pm.pb.gov.br\/portal\/#website\",\"url\":\"https:\/\/www.pm.pb.gov.br\/portal\/\",\"name\":\"Pol\u00edcia Militar da Para\u00edba\",\"description\":\"\",\"publisher\":{\"@id\":\"https:\/\/www.pm.pb.gov.br\/portal\/#organization\"},\"potentialAction\":[{\"@type\":\"SearchAction\",\"target\":{\"@type\":\"EntryPoint\",\"urlTemplate\":\"https:\/\/www.pm.pb.gov.br\/portal\/?s={search_term_string}\"},\"query-input\":\"required name=search_term_string\"}],\"inLanguage\":\"pt-BR\"},{\"@type\":\"Organization\",\"@id\":\"https:\/\/www.pm.pb.gov.br\/portal\/#organization\",\"name\":\"Pol\u00edcia Militar da Para\u00edba\",\"url\":\"https:\/\/www.pm.pb.gov.br\/portal\/\",\"logo\":{\"@type\":\"ImageObject\",\"inLanguage\":\"pt-BR\",\"@id\":\"https:\/\/www.pm.pb.gov.br\/portal\/#\/schema\/logo\/image\/\",\"url\":\"https:\/\/www.pm.pb.gov.br\/portal\/wp-content\/uploads\/2025\/03\/cropped-logo-site-mag2-1.png\",\"contentUrl\":\"https:\/\/www.pm.pb.gov.br\/portal\/wp-content\/uploads\/2025\/03\/cropped-logo-site-mag2-1.png\",\"width\":320,\"height\":90,\"caption\":\"Pol\u00edcia Militar da Para\u00edba\"},\"image\":{\"@id\":\"https:\/\/www.pm.pb.gov.br\/portal\/#\/schema\/logo\/image\/\"}},{\"@type\":\"Person\",\"@id\":\"https:\/\/www.pm.pb.gov.br\/portal\/#\/schema\/person\/f84f56dcc78ce4357054da888b8247fd\",\"name\":\"Tarcisio Oliveira\",\"image\":{\"@type\":\"ImageObject\",\"inLanguage\":\"pt-BR\",\"@id\":\"https:\/\/www.pm.pb.gov.br\/portal\/#\/schema\/person\/image\/\",\"url\":\"https:\/\/secure.gravatar.com\/avatar\/72917b630b69d31cd0297507f34bac97?s=96&d=mm&r=g\",\"contentUrl\":\"https:\/\/secure.gravatar.com\/avatar\/72917b630b69d31cd0297507f34bac97?s=96&d=mm&r=g\",\"caption\":\"Tarcisio Oliveira\"},\"url\":\"https:\/\/www.pm.pb.gov.br\/portal\/author\/tarcisio\/\"}]}<\/script>\n<!-- \/ Yoast SEO plugin. -->","yoast_head_json":{"title":"Opera\u00e7\u00e3o Cidade Segura avan\u00e7a e cumpre mais mandados de pris\u00e3o do que o previsto - Pol\u00edcia Militar da Para\u00edba","robots":{"index":"index","follow":"follow","max-snippet":"max-snippet:-1","max-image-preview":"max-image-preview:large","max-video-preview":"max-video-preview:-1"},"canonical":"https:\/\/www.pm.pb.gov.br\/portal\/2025\/08\/15\/operacao-cidade-segura-avanca-e-cumpre-mais-mandados-de-prisao-do-que-o-previsto\/","og_locale":"pt_BR","og_type":"article","og_title":"Opera\u00e7\u00e3o Cidade Segura avan\u00e7a e cumpre mais mandados de pris\u00e3o do que o previsto - Pol\u00edcia Militar da Para\u00edba","og_description":"A 2\u00aa edi\u00e7\u00e3o da Opera\u00e7\u00e3o Cidade Segura terminou com 46 mandados de pris\u00e3o cumpridos pela Pol\u00edcia Militar, nesta sexta-feira (15),","og_url":"https:\/\/www.pm.pb.gov.br\/portal\/2025\/08\/15\/operacao-cidade-segura-avanca-e-cumpre-mais-mandados-de-prisao-do-que-o-previsto\/","og_site_name":"Pol\u00edcia Militar da Para\u00edba","article_published_time":"2025-08-15T15:19:11+00:00","article_modified_time":"2025-08-15T15:19:36+00:00","og_image":[{"width":2560,"height":1920,"url":"http:\/\/www.pm.pb.gov.br\/portal\/wp-content\/uploads\/2025\/08\/WhatsApp-Image-2025-08-15-at-10.31.47-AM-1-scaled.jpeg","type":"image\/jpeg"}],"author":"Tarcisio Oliveira","twitter_card":"summary_large_image","twitter_misc":{"Escrito por":"Tarcisio Oliveira","Est. tempo de leitura":"3 minutos"},"schema":{"@context":"https:\/\/schema.org","@graph":[{"@type":"Article","@id":"https:\/\/www.pm.pb.gov.br\/portal\/2025\/08\/15\/operacao-cidade-segura-avanca-e-cumpre-mais-mandados-de-prisao-do-que-o-previsto\/#article","isPartOf":{"@id":"https:\/\/www.pm.pb.gov.br\/portal\/2025\/08\/15\/operacao-cidade-segura-avanca-e-cumpre-mais-mandados-de-prisao-do-que-o-previsto\/"},"author":{"name":"Tarcisio Oliveira","@id":"https:\/\/www.pm.pb.gov.br\/portal\/#\/schema\/person\/f84f56dcc78ce4357054da888b8247fd"},"headline":"Opera\u00e7\u00e3o Cidade Segura avan\u00e7a e cumpre mais mandados de pris\u00e3o do que o previsto","datePublished":"2025-08-15T15:19:11+00:00","dateModified":"2025-08-15T15:19:36+00:00","mainEntityOfPage":{"@id":"https:\/\/www.pm.pb.gov.br\/portal\/2025\/08\/15\/operacao-cidade-segura-avanca-e-cumpre-mais-mandados-de-prisao-do-que-o-previsto\/"},"wordCount":259,"publisher":{"@id":"https:\/\/www.pm.pb.gov.br\/portal\/#organization"},"articleSection":["A\u00e7\u00f5es Policiais"],"inLanguage":"pt-BR"},{"@type":"WebPage","@id":"https:\/\/www.pm.pb.gov.br\/portal\/2025\/08\/15\/operacao-cidade-segura-avanca-e-cumpre-mais-mandados-de-prisao-do-que-o-previsto\/","url":"https:\/\/www.pm.pb.gov.br\/portal\/2025\/08\/15\/operacao-cidade-segura-avanca-e-cumpre-mais-mandados-de-prisao-do-que-o-previsto\/","name":"Opera\u00e7\u00e3o Cidade Segura avan\u00e7a e cumpre mais mandados de pris\u00e3o do que o previsto - Pol\u00edcia Militar da Para\u00edba","isPartOf":{"@id":"https:\/\/www.pm.pb.gov.br\/portal\/#website"},"datePublished":"2025-08-15T15:19:11+00:00","dateModified":"2025-08-15T15:19:36+00:00","breadcrumb":{"@id":"https:\/\/www.pm.pb.gov.br\/portal\/2025\/08\/15\/operacao-cidade-segura-avanca-e-cumpre-mais-mandados-de-prisao-do-que-o-previsto\/#breadcrumb"},"inLanguage":"pt-BR","potentialAction":[{"@type":"ReadAction","target":["https:\/\/www.pm.pb.gov.br\/portal\/2025\/08\/15\/operacao-cidade-segura-avanca-e-cumpre-mais-mandados-de-prisao-do-que-o-previsto\/"]}]},{"@type":"BreadcrumbList","@id":"https:\/\/www.pm.pb.gov.br\/portal\/2025\/08\/15\/operacao-cidade-segura-avanca-e-cumpre-mais-mandados-de-prisao-do-que-o-previsto\/#breadcrumb","itemListElement":[{"@type":"ListItem","position":1,"name":"In\u00edcio","item":"https:\/\/www.pm.pb.gov.br\/portal\/"},{"@type":"ListItem","position":2,"name":"Opera\u00e7\u00e3o Cidade Segura avan\u00e7a e cumpre mais mandados de pris\u00e3o do que o previsto"}]},{"@type":"WebSite","@id":"https:\/\/www.pm.pb.gov.br\/portal\/#website","url":"https:\/\/www.pm.pb.gov.br\/portal\/","name":"Pol\u00edcia Militar da Para\u00edba","description":"","publisher":{"@id":"https:\/\/www.pm.pb.gov.br\/portal\/#organization"},"potentialAction":[{"@type":"SearchAction","target":{"@type":"EntryPoint","urlTemplate":"https:\/\/www.pm.pb.gov.br\/portal\/?s={search_term_string}"},"query-input":"required name=search_term_string"}],"inLanguage":"pt-BR"},{"@type":"Organization","@id":"https:\/\/www.pm.pb.gov.br\/portal\/#organization","name":"Pol\u00edcia Militar da Para\u00edba","url":"https:\/\/www.pm.pb.gov.br\/portal\/","logo":{"@type":"ImageObject","inLanguage":"pt-BR","@id":"https:\/\/www.pm.pb.gov.br\/portal\/#\/schema\/logo\/image\/","url":"https:\/\/www.pm.pb.gov.br\/portal\/wp-content\/uploads\/2025\/03\/cropped-logo-site-mag2-1.png","contentUrl":"https:\/\/www.pm.pb.gov.br\/portal\/wp-content\/uploads\/2025\/03\/cropped-logo-site-mag2-1.png","width":320,"height":90,"caption":"Pol\u00edcia Militar da Para\u00edba"},"image":{"@id":"https:\/\/www.pm.pb.gov.br\/portal\/#\/schema\/logo\/image\/"}},{"@type":"Person","@id":"https:\/\/www.pm.pb.gov.br\/portal\/#\/schema\/person\/f84f56dcc78ce4357054da888b8247fd","name":"Tarcisio Oliveira","image":{"@type":"ImageObject","inLanguage":"pt-BR","@id":"https:\/\/www.pm.pb.gov.br\/portal\/#\/schema\/person\/image\/","url":"https:\/\/secure.gravatar.com\/avatar\/72917b630b69d31cd0297507f34bac97?s=96&d=mm&r=g","contentUrl":"https:\/\/secure.gravatar.com\/avatar\/72917b630b69d31cd0297507f34bac97?s=96&d=mm&r=g","caption":"Tarcisio Oliveira"},"url":"https:\/\/www.pm.pb.gov.br\/portal\/author\/tarcisio\/"}]}},"_links":{"self":[{"href":"https:\/\/www.pm.pb.gov.br\/portal\/wp-json\/wp\/v2\/posts\/923925"}],"collection":[{"href":"https:\/\/www.pm.pb.gov.br\/portal\/wp-json\/wp\/v2\/posts"}],"about":[{"href":"https:\/\/www.pm.pb.gov.br\/portal\/wp-json\/wp\/v2\/types\/post"}],"author":[{"embeddable":true,"href":"https:\/\/www.pm.pb.gov.br\/portal\/wp-json\/wp\/v2\/users\/12"}],"replies":[{"embeddable":true,"href":"https:\/\/www.pm.pb.gov.br\/portal\/wp-json\/wp\/v2\/comments?post=923925"}],"version-history":[{"count":2,"href":"https:\/\/www.pm.pb.gov.br\/portal\/wp-json\/wp\/v2\/posts\/923925\/revisions"}],"predecessor-version":[{"id":927654,"href":"https:\/\/www.pm.pb.gov.br\/portal\/wp-json\/wp\/v2\/posts\/923925\/revisions\/927654"}],"wp:featuredmedia":[{"embeddable":true,"href":"https:\/\/www.pm.pb.gov.br\/portal\/wp-json\/wp\/v2\/media\/927650"}],"wp:attachment":[{"href":"https:\/\/www.pm.pb.gov.br\/portal\/wp-json\/wp\/v2\/media?parent=923925"}],"wp:term":[{"taxonomy":"category","embeddable":true,"href":"https:\/\/www.pm.pb.gov.br\/portal\/wp-json\/wp\/v2\/categories?post=923925"},{"taxonomy":"post_tag","embeddable":true,"href":"https:\/\/www.pm.pb.gov.br\/portal\/wp-json\/wp\/v2\/tags?post=923925"}],"curies":[{"name":"wp","href":"https:\/\/api.w.org\/{rel}","templated":true}]}}