{"id":923889,"date":"2024-09-02T13:15:04","date_gmt":"2024-09-02T16:15:04","guid":{"rendered":"https:\/\/www.pm.pb.gov.br\/portal\/?p=923889"},"modified":"2024-09-02T13:15:06","modified_gmt":"2024-09-02T16:15:06","slug":"semana-da-patria-e-aberta-oficialmente-com-participacao-de-atletas-paraolimpicos-na-paraiba","status":"publish","type":"post","link":"https:\/\/www.pm.pb.gov.br\/portal\/2024\/09\/02\/semana-da-patria-e-aberta-oficialmente-com-participacao-de-atletas-paraolimpicos-na-paraiba\/","title":{"rendered":"Semana da P\u00e1tria \u00e9 aberta oficialmente com participa\u00e7\u00e3o de atletas paraol\u00edmpicos na Para\u00edba"},"content":{"rendered":"\n<p>A Semana da P\u00e1tria foi aberta oficialmente, na manh\u00e3 desta segunda-feira (2), na Para\u00edba, durante solenidade no Largo de Tamba\u00fa, em Jo\u00e3o Pessoa. O ato teve a inclus\u00e3o de atletas paraol\u00edmpicos e pessoas atendidas pela Funda\u00e7\u00e3o Centro Integrado de Apoio \u00e0 Pessoa com Defici\u00eancia (Funad).\u00a0\u00a0<br \/><br \/>O acendimento da pira da p\u00e1tria, que representa oficialmente o in\u00edcio das comemora\u00e7\u00f5es da Independ\u00eancia do Brasil, foi feito pela jovem L\u00edvia Vit\u00f3ria, de 21 anos, que \u00e9 portadora de S\u00edndrome de Down e pratica dan\u00e7a regional, nata\u00e7\u00e3o e \u00e9 influenciadora digital em uma rede social.<\/p>\n<p><img loading=\"lazy\" decoding=\"async\" class=\" wp-image-923892 aligncenter\" src=\"http:\/\/www.pm.pb.gov.br\/portal\/wp-content\/uploads\/2024\/09\/WhatsApp-Image-2024-09-02-at-08.35.25-593x445.jpeg\" alt=\"\" width=\"561\" height=\"421\" srcset=\"https:\/\/www.pm.pb.gov.br\/portal\/wp-content\/uploads\/2024\/09\/WhatsApp-Image-2024-09-02-at-08.35.25-593x445.jpeg 593w, https:\/\/www.pm.pb.gov.br\/portal\/wp-content\/uploads\/2024\/09\/WhatsApp-Image-2024-09-02-at-08.35.25-760x570.jpeg 760w, https:\/\/www.pm.pb.gov.br\/portal\/wp-content\/uploads\/2024\/09\/WhatsApp-Image-2024-09-02-at-08.35.25-768x576.jpeg 768w, https:\/\/www.pm.pb.gov.br\/portal\/wp-content\/uploads\/2024\/09\/WhatsApp-Image-2024-09-02-at-08.35.25-1536x1152.jpeg 1536w, https:\/\/www.pm.pb.gov.br\/portal\/wp-content\/uploads\/2024\/09\/WhatsApp-Image-2024-09-02-at-08.35.25-2048x1536.jpeg 2048w\" sizes=\"(max-width: 561px) 100vw, 561px\" \/><br \/>Com a presen\u00e7a das tropas do Ex\u00e9rcito Brasileiro, Pol\u00edcia Militar, Corpo de Bombeiros Militar, Pol\u00edcia Civil e Guarda Civil de Jo\u00e3o Pessoa, a abertura teve o hasteamento do Pavilh\u00e3o Nacional Brasileiro, c\u00e2ntico do Hino Nacional Brasileiro e a corrida do fogo simb\u00f3lico, que foi feita pelos atletas paraol\u00edmpicos, acompanhados de cadetes da Pol\u00edcia Militar.<br \/><br \/>A abertura foi prestigiada por autoridades do Ex\u00e9rcito Brasileiro, Marinha do Brasil, da Secretaria de Estado da Seguran\u00e7a e Defesa Social, da Casa Militar do Governador, da Pol\u00edcia Militar, do Corpo de Bombeiros Militar, da Pol\u00edcia Civil, da Guarda Civil de Jo\u00e3o Pessoa, entre outras.<\/p>\n<p><img loading=\"lazy\" decoding=\"async\" class=\" wp-image-923891 aligncenter\" src=\"http:\/\/www.pm.pb.gov.br\/portal\/wp-content\/uploads\/2024\/09\/WhatsApp-Image-2024-09-02-at-08.35.25-1-593x445.jpeg\" alt=\"\" width=\"513\" height=\"385\" srcset=\"https:\/\/www.pm.pb.gov.br\/portal\/wp-content\/uploads\/2024\/09\/WhatsApp-Image-2024-09-02-at-08.35.25-1-593x445.jpeg 593w, https:\/\/www.pm.pb.gov.br\/portal\/wp-content\/uploads\/2024\/09\/WhatsApp-Image-2024-09-02-at-08.35.25-1-760x570.jpeg 760w, https:\/\/www.pm.pb.gov.br\/portal\/wp-content\/uploads\/2024\/09\/WhatsApp-Image-2024-09-02-at-08.35.25-1-768x576.jpeg 768w, https:\/\/www.pm.pb.gov.br\/portal\/wp-content\/uploads\/2024\/09\/WhatsApp-Image-2024-09-02-at-08.35.25-1-1536x1152.jpeg 1536w, https:\/\/www.pm.pb.gov.br\/portal\/wp-content\/uploads\/2024\/09\/WhatsApp-Image-2024-09-02-at-08.35.25-1-2048x1536.jpeg 2048w\" sizes=\"(max-width: 513px) 100vw, 513px\" \/><br \/><strong>Programa\u00e7\u00e3o da semana<\/strong>\u00a0&#8211; Nesta ter\u00e7a-feira (3), alunos de escolas p\u00fablicas visitar\u00e3o o Centro de Educa\u00e7\u00e3o da Pol\u00edcia Militar para atividades culturais e exposi\u00e7\u00e3o, \u00e0s 8h; na quarta (4), \u00e9 a vez do Quartel do Comando-Geral do Corpo de Bombeiros Militar, \u00e0s 8h; no mesmo hor\u00e1rio, na quinta-feira (5), a visita ser\u00e1 ao 15\u00ba Batalh\u00e3o de Infantaria Motorizado do Ex\u00e9rcito; e na sexta-feira, \u00e0s 15h, os estudantes v\u00e3o conhecer o Centro Integrado de Comando e Controle da Para\u00edba.<br \/><br \/>O encerramento da Semana da P\u00e1tria ser\u00e1 no s\u00e1bado, 7 de setembro, no centro da Capital, a partir das 7h15, com o tradicional Desfile da Independ\u00eancia.<\/p>\n<p><img loading=\"lazy\" decoding=\"async\" class=\"size-medium wp-image-923893 aligncenter\" src=\"http:\/\/www.pm.pb.gov.br\/portal\/wp-content\/uploads\/2024\/09\/WhatsApp-Image-2024-09-02-at-08.35.15-593x445.jpeg\" alt=\"\" width=\"593\" height=\"445\" srcset=\"https:\/\/www.pm.pb.gov.br\/portal\/wp-content\/uploads\/2024\/09\/WhatsApp-Image-2024-09-02-at-08.35.15-593x445.jpeg 593w, https:\/\/www.pm.pb.gov.br\/portal\/wp-content\/uploads\/2024\/09\/WhatsApp-Image-2024-09-02-at-08.35.15-760x570.jpeg 760w, https:\/\/www.pm.pb.gov.br\/portal\/wp-content\/uploads\/2024\/09\/WhatsApp-Image-2024-09-02-at-08.35.15-768x576.jpeg 768w, https:\/\/www.pm.pb.gov.br\/portal\/wp-content\/uploads\/2024\/09\/WhatsApp-Image-2024-09-02-at-08.35.15-1536x1152.jpeg 1536w, https:\/\/www.pm.pb.gov.br\/portal\/wp-content\/uploads\/2024\/09\/WhatsApp-Image-2024-09-02-at-08.35.15-2048x1536.jpeg 2048w\" sizes=\"(max-width: 593px) 100vw, 593px\" \/><\/p>\n<p><img loading=\"lazy\" decoding=\"async\" class=\"size-medium wp-image-923894 aligncenter\" src=\"http:\/\/www.pm.pb.gov.br\/portal\/wp-content\/uploads\/2024\/09\/WhatsApp-Image-2024-09-02-at-08.35.24-593x445.jpeg\" alt=\"\" width=\"593\" height=\"445\" srcset=\"https:\/\/www.pm.pb.gov.br\/portal\/wp-content\/uploads\/2024\/09\/WhatsApp-Image-2024-09-02-at-08.35.24-593x445.jpeg 593w, https:\/\/www.pm.pb.gov.br\/portal\/wp-content\/uploads\/2024\/09\/WhatsApp-Image-2024-09-02-at-08.35.24-760x570.jpeg 760w, https:\/\/www.pm.pb.gov.br\/portal\/wp-content\/uploads\/2024\/09\/WhatsApp-Image-2024-09-02-at-08.35.24-768x576.jpeg 768w, https:\/\/www.pm.pb.gov.br\/portal\/wp-content\/uploads\/2024\/09\/WhatsApp-Image-2024-09-02-at-08.35.24-1536x1152.jpeg 1536w, https:\/\/www.pm.pb.gov.br\/portal\/wp-content\/uploads\/2024\/09\/WhatsApp-Image-2024-09-02-at-08.35.24-2048x1536.jpeg 2048w\" sizes=\"(max-width: 593px) 100vw, 593px\" \/><\/p>\n<p><img loading=\"lazy\" decoding=\"async\" class=\"size-medium wp-image-923895 aligncenter\" src=\"http:\/\/www.pm.pb.gov.br\/portal\/wp-content\/uploads\/2024\/09\/WhatsApp-Image-2024-09-02-at-08.35.25-3-593x445.jpeg\" alt=\"\" width=\"593\" height=\"445\" srcset=\"https:\/\/www.pm.pb.gov.br\/portal\/wp-content\/uploads\/2024\/09\/WhatsApp-Image-2024-09-02-at-08.35.25-3-593x445.jpeg 593w, https:\/\/www.pm.pb.gov.br\/portal\/wp-content\/uploads\/2024\/09\/WhatsApp-Image-2024-09-02-at-08.35.25-3-760x570.jpeg 760w, https:\/\/www.pm.pb.gov.br\/portal\/wp-content\/uploads\/2024\/09\/WhatsApp-Image-2024-09-02-at-08.35.25-3-768x576.jpeg 768w, https:\/\/www.pm.pb.gov.br\/portal\/wp-content\/uploads\/2024\/09\/WhatsApp-Image-2024-09-02-at-08.35.25-3-1536x1152.jpeg 1536w, https:\/\/www.pm.pb.gov.br\/portal\/wp-content\/uploads\/2024\/09\/WhatsApp-Image-2024-09-02-at-08.35.25-3-2048x1536.jpeg 2048w\" sizes=\"(max-width: 593px) 100vw, 593px\" \/><\/p>\n<p><img loading=\"lazy\" decoding=\"async\" class=\"size-medium wp-image-923896 aligncenter\" src=\"http:\/\/www.pm.pb.gov.br\/portal\/wp-content\/uploads\/2024\/09\/WhatsApp-Image-2024-09-02-at-08.35.25-2-593x445.jpeg\" alt=\"\" width=\"593\" height=\"445\" srcset=\"https:\/\/www.pm.pb.gov.br\/portal\/wp-content\/uploads\/2024\/09\/WhatsApp-Image-2024-09-02-at-08.35.25-2-593x445.jpeg 593w, https:\/\/www.pm.pb.gov.br\/portal\/wp-content\/uploads\/2024\/09\/WhatsApp-Image-2024-09-02-at-08.35.25-2-760x570.jpeg 760w, https:\/\/www.pm.pb.gov.br\/portal\/wp-content\/uploads\/2024\/09\/WhatsApp-Image-2024-09-02-at-08.35.25-2-768x576.jpeg 768w, https:\/\/www.pm.pb.gov.br\/portal\/wp-content\/uploads\/2024\/09\/WhatsApp-Image-2024-09-02-at-08.35.25-2-1536x1152.jpeg 1536w, https:\/\/www.pm.pb.gov.br\/portal\/wp-content\/uploads\/2024\/09\/WhatsApp-Image-2024-09-02-at-08.35.25-2-2048x1536.jpeg 2048w\" sizes=\"(max-width: 593px) 100vw, 593px\" \/><\/p>\n<p><em>Fonte: Secom; fotos: Coord. Comunica\u00e7\u00e3o PMPB (EM\/5)<\/em><\/p>\n\n\n","protected":false},"excerpt":{"rendered":"<p>A Semana da P\u00e1tria foi aberta oficialmente, na manh\u00e3 desta segunda-feira (2), na Para\u00edba, durante solenidade no Largo de Tamba\u00fa,<\/p>\n","protected":false},"author":5,"featured_media":923890,"comment_status":"closed","ping_status":"closed","sticky":false,"template":"","format":"standard","meta":{"_exactmetrics_skip_tracking":false,"_exactmetrics_sitenote_active":false,"_exactmetrics_sitenote_note":"","_exactmetrics_sitenote_category":0,"footnotes":""},"categories":[4],"tags":[],"yoast_head":"<!-- This site is optimized with the Yoast SEO plugin v22.0 - https:\/\/yoast.com\/wordpress\/plugins\/seo\/ -->\n<title>Semana da P\u00e1tria \u00e9 aberta oficialmente com participa\u00e7\u00e3o de atletas paraol\u00edmpicos na Para\u00edba - Pol\u00edcia Militar da Para\u00edba<\/title>\n<meta name=\"description\" content=\"O ato teve a inclus\u00e3o de atletas paraol\u00edmpicos e pessoas atendidas pela Funda\u00e7\u00e3o Centro Integrado de Apoio \u00e0 Pessoa com Defici\u00eancia (Funad)\" \/>\n<meta name=\"robots\" content=\"index, follow, max-snippet:-1, max-image-preview:large, max-video-preview:-1\" \/>\n<link rel=\"canonical\" href=\"https:\/\/www.pm.pb.gov.br\/portal\/2024\/09\/02\/semana-da-patria-e-aberta-oficialmente-com-participacao-de-atletas-paraolimpicos-na-paraiba\/\" \/>\n<meta property=\"og:locale\" content=\"pt_BR\" \/>\n<meta property=\"og:type\" content=\"article\" \/>\n<meta property=\"og:title\" content=\"Semana da P\u00e1tria \u00e9 aberta oficialmente com participa\u00e7\u00e3o de atletas paraol\u00edmpicos na Para\u00edba - Pol\u00edcia Militar da Para\u00edba\" \/>\n<meta property=\"og:description\" content=\"O ato teve a inclus\u00e3o de atletas paraol\u00edmpicos e pessoas atendidas pela Funda\u00e7\u00e3o Centro Integrado de Apoio \u00e0 Pessoa com Defici\u00eancia (Funad)\" \/>\n<meta property=\"og:url\" content=\"https:\/\/www.pm.pb.gov.br\/portal\/2024\/09\/02\/semana-da-patria-e-aberta-oficialmente-com-participacao-de-atletas-paraolimpicos-na-paraiba\/\" \/>\n<meta property=\"og:site_name\" content=\"Pol\u00edcia Militar da Para\u00edba\" \/>\n<meta property=\"article:published_time\" content=\"2024-09-02T16:15:04+00:00\" \/>\n<meta property=\"article:modified_time\" content=\"2024-09-02T16:15:06+00:00\" \/>\n<meta property=\"og:image\" content=\"http:\/\/www.pm.pb.gov.br\/portal\/wp-content\/uploads\/2024\/09\/WhatsApp-Image-2024-09-02-at-08.35.14.jpeg\" \/>\n\t<meta property=\"og:image:width\" content=\"800\" \/>\n\t<meta property=\"og:image:height\" content=\"445\" \/>\n\t<meta property=\"og:image:type\" content=\"image\/jpeg\" \/>\n<meta name=\"author\" content=\"Assessoria de Imprensa da PMPB\" \/>\n<meta name=\"twitter:card\" content=\"summary_large_image\" \/>\n<meta name=\"twitter:label1\" content=\"Escrito por\" \/>\n\t<meta name=\"twitter:data1\" content=\"Assessoria de Imprensa da PMPB\" \/>\n\t<meta name=\"twitter:label2\" content=\"Est. tempo de leitura\" \/>\n\t<meta name=\"twitter:data2\" content=\"4 minutos\" \/>\n<script type=\"application\/ld+json\" class=\"yoast-schema-graph\">{\"@context\":\"https:\/\/schema.org\",\"@graph\":[{\"@type\":\"Article\",\"@id\":\"https:\/\/www.pm.pb.gov.br\/portal\/2024\/09\/02\/semana-da-patria-e-aberta-oficialmente-com-participacao-de-atletas-paraolimpicos-na-paraiba\/#article\",\"isPartOf\":{\"@id\":\"https:\/\/www.pm.pb.gov.br\/portal\/2024\/09\/02\/semana-da-patria-e-aberta-oficialmente-com-participacao-de-atletas-paraolimpicos-na-paraiba\/\"},\"author\":{\"name\":\"Assessoria de Imprensa da PMPB\",\"@id\":\"https:\/\/www.pm.pb.gov.br\/portal\/#\/schema\/person\/e8454f46651c3ecf0e1ba3c1666d9947\"},\"headline\":\"Semana da P\u00e1tria \u00e9 aberta oficialmente com participa\u00e7\u00e3o de atletas paraol\u00edmpicos na Para\u00edba\",\"datePublished\":\"2024-09-02T16:15:04+00:00\",\"dateModified\":\"2024-09-02T16:15:06+00:00\",\"mainEntityOfPage\":{\"@id\":\"https:\/\/www.pm.pb.gov.br\/portal\/2024\/09\/02\/semana-da-patria-e-aberta-oficialmente-com-participacao-de-atletas-paraolimpicos-na-paraiba\/\"},\"wordCount\":353,\"publisher\":{\"@id\":\"https:\/\/www.pm.pb.gov.br\/portal\/#organization\"},\"articleSection\":[\"A\u00e7\u00f5es Policiais\"],\"inLanguage\":\"pt-BR\"},{\"@type\":\"WebPage\",\"@id\":\"https:\/\/www.pm.pb.gov.br\/portal\/2024\/09\/02\/semana-da-patria-e-aberta-oficialmente-com-participacao-de-atletas-paraolimpicos-na-paraiba\/\",\"url\":\"https:\/\/www.pm.pb.gov.br\/portal\/2024\/09\/02\/semana-da-patria-e-aberta-oficialmente-com-participacao-de-atletas-paraolimpicos-na-paraiba\/\",\"name\":\"Semana da P\u00e1tria \u00e9 aberta oficialmente com participa\u00e7\u00e3o de atletas paraol\u00edmpicos na Para\u00edba - Pol\u00edcia Militar da Para\u00edba\",\"isPartOf\":{\"@id\":\"https:\/\/www.pm.pb.gov.br\/portal\/#website\"},\"datePublished\":\"2024-09-02T16:15:04+00:00\",\"dateModified\":\"2024-09-02T16:15:06+00:00\",\"description\":\"O ato teve a inclus\u00e3o de atletas paraol\u00edmpicos e pessoas atendidas pela Funda\u00e7\u00e3o Centro Integrado de Apoio \u00e0 Pessoa com Defici\u00eancia (Funad)\",\"breadcrumb\":{\"@id\":\"https:\/\/www.pm.pb.gov.br\/portal\/2024\/09\/02\/semana-da-patria-e-aberta-oficialmente-com-participacao-de-atletas-paraolimpicos-na-paraiba\/#breadcrumb\"},\"inLanguage\":\"pt-BR\",\"potentialAction\":[{\"@type\":\"ReadAction\",\"target\":[\"https:\/\/www.pm.pb.gov.br\/portal\/2024\/09\/02\/semana-da-patria-e-aberta-oficialmente-com-participacao-de-atletas-paraolimpicos-na-paraiba\/\"]}]},{\"@type\":\"BreadcrumbList\",\"@id\":\"https:\/\/www.pm.pb.gov.br\/portal\/2024\/09\/02\/semana-da-patria-e-aberta-oficialmente-com-participacao-de-atletas-paraolimpicos-na-paraiba\/#breadcrumb\",\"itemListElement\":[{\"@type\":\"ListItem\",\"position\":1,\"name\":\"In\u00edcio\",\"item\":\"https:\/\/www.pm.pb.gov.br\/portal\/\"},{\"@type\":\"ListItem\",\"position\":2,\"name\":\"Semana da P\u00e1tria \u00e9 aberta oficialmente com participa\u00e7\u00e3o de atletas paraol\u00edmpicos na Para\u00edba\"}]},{\"@type\":\"WebSite\",\"@id\":\"https:\/\/www.pm.pb.gov.br\/portal\/#website\",\"url\":\"https:\/\/www.pm.pb.gov.br\/portal\/\",\"name\":\"Pol\u00edcia Militar da Para\u00edba\",\"description\":\"\",\"publisher\":{\"@id\":\"https:\/\/www.pm.pb.gov.br\/portal\/#organization\"},\"potentialAction\":[{\"@type\":\"SearchAction\",\"target\":{\"@type\":\"EntryPoint\",\"urlTemplate\":\"https:\/\/www.pm.pb.gov.br\/portal\/?s={search_term_string}\"},\"query-input\":\"required name=search_term_string\"}],\"inLanguage\":\"pt-BR\"},{\"@type\":\"Organization\",\"@id\":\"https:\/\/www.pm.pb.gov.br\/portal\/#organization\",\"name\":\"Pol\u00edcia Militar da Para\u00edba\",\"url\":\"https:\/\/www.pm.pb.gov.br\/portal\/\",\"logo\":{\"@type\":\"ImageObject\",\"inLanguage\":\"pt-BR\",\"@id\":\"https:\/\/www.pm.pb.gov.br\/portal\/#\/schema\/logo\/image\/\",\"url\":\"https:\/\/www.pm.pb.gov.br\/portal\/wp-content\/uploads\/2025\/03\/cropped-logo-site-mag2-1.png\",\"contentUrl\":\"https:\/\/www.pm.pb.gov.br\/portal\/wp-content\/uploads\/2025\/03\/cropped-logo-site-mag2-1.png\",\"width\":320,\"height\":90,\"caption\":\"Pol\u00edcia Militar da Para\u00edba\"},\"image\":{\"@id\":\"https:\/\/www.pm.pb.gov.br\/portal\/#\/schema\/logo\/image\/\"}},{\"@type\":\"Person\",\"@id\":\"https:\/\/www.pm.pb.gov.br\/portal\/#\/schema\/person\/e8454f46651c3ecf0e1ba3c1666d9947\",\"name\":\"Assessoria de Imprensa da PMPB\",\"image\":{\"@type\":\"ImageObject\",\"inLanguage\":\"pt-BR\",\"@id\":\"https:\/\/www.pm.pb.gov.br\/portal\/#\/schema\/person\/image\/\",\"url\":\"https:\/\/secure.gravatar.com\/avatar\/2efe197438265d1e90bd98c4c8e1acf8?s=96&d=mm&r=g\",\"contentUrl\":\"https:\/\/secure.gravatar.com\/avatar\/2efe197438265d1e90bd98c4c8e1acf8?s=96&d=mm&r=g\",\"caption\":\"Assessoria de Imprensa da PMPB\"},\"url\":\"https:\/\/www.pm.pb.gov.br\/portal\/author\/assessoria\/\"}]}<\/script>\n<!-- \/ Yoast SEO plugin. -->","yoast_head_json":{"title":"Semana da P\u00e1tria \u00e9 aberta oficialmente com participa\u00e7\u00e3o de atletas paraol\u00edmpicos na Para\u00edba - Pol\u00edcia Militar da Para\u00edba","description":"O ato teve a inclus\u00e3o de atletas paraol\u00edmpicos e pessoas atendidas pela Funda\u00e7\u00e3o Centro Integrado de Apoio \u00e0 Pessoa com Defici\u00eancia (Funad)","robots":{"index":"index","follow":"follow","max-snippet":"max-snippet:-1","max-image-preview":"max-image-preview:large","max-video-preview":"max-video-preview:-1"},"canonical":"https:\/\/www.pm.pb.gov.br\/portal\/2024\/09\/02\/semana-da-patria-e-aberta-oficialmente-com-participacao-de-atletas-paraolimpicos-na-paraiba\/","og_locale":"pt_BR","og_type":"article","og_title":"Semana da P\u00e1tria \u00e9 aberta oficialmente com participa\u00e7\u00e3o de atletas paraol\u00edmpicos na Para\u00edba - Pol\u00edcia Militar da Para\u00edba","og_description":"O ato teve a inclus\u00e3o de atletas paraol\u00edmpicos e pessoas atendidas pela Funda\u00e7\u00e3o Centro Integrado de Apoio \u00e0 Pessoa com Defici\u00eancia (Funad)","og_url":"https:\/\/www.pm.pb.gov.br\/portal\/2024\/09\/02\/semana-da-patria-e-aberta-oficialmente-com-participacao-de-atletas-paraolimpicos-na-paraiba\/","og_site_name":"Pol\u00edcia Militar da Para\u00edba","article_published_time":"2024-09-02T16:15:04+00:00","article_modified_time":"2024-09-02T16:15:06+00:00","og_image":[{"width":800,"height":445,"url":"http:\/\/www.pm.pb.gov.br\/portal\/wp-content\/uploads\/2024\/09\/WhatsApp-Image-2024-09-02-at-08.35.14.jpeg","type":"image\/jpeg"}],"author":"Assessoria de Imprensa da PMPB","twitter_card":"summary_large_image","twitter_misc":{"Escrito por":"Assessoria de Imprensa da PMPB","Est. tempo de leitura":"4 minutos"},"schema":{"@context":"https:\/\/schema.org","@graph":[{"@type":"Article","@id":"https:\/\/www.pm.pb.gov.br\/portal\/2024\/09\/02\/semana-da-patria-e-aberta-oficialmente-com-participacao-de-atletas-paraolimpicos-na-paraiba\/#article","isPartOf":{"@id":"https:\/\/www.pm.pb.gov.br\/portal\/2024\/09\/02\/semana-da-patria-e-aberta-oficialmente-com-participacao-de-atletas-paraolimpicos-na-paraiba\/"},"author":{"name":"Assessoria de Imprensa da PMPB","@id":"https:\/\/www.pm.pb.gov.br\/portal\/#\/schema\/person\/e8454f46651c3ecf0e1ba3c1666d9947"},"headline":"Semana da P\u00e1tria \u00e9 aberta oficialmente com participa\u00e7\u00e3o de atletas paraol\u00edmpicos na Para\u00edba","datePublished":"2024-09-02T16:15:04+00:00","dateModified":"2024-09-02T16:15:06+00:00","mainEntityOfPage":{"@id":"https:\/\/www.pm.pb.gov.br\/portal\/2024\/09\/02\/semana-da-patria-e-aberta-oficialmente-com-participacao-de-atletas-paraolimpicos-na-paraiba\/"},"wordCount":353,"publisher":{"@id":"https:\/\/www.pm.pb.gov.br\/portal\/#organization"},"articleSection":["A\u00e7\u00f5es Policiais"],"inLanguage":"pt-BR"},{"@type":"WebPage","@id":"https:\/\/www.pm.pb.gov.br\/portal\/2024\/09\/02\/semana-da-patria-e-aberta-oficialmente-com-participacao-de-atletas-paraolimpicos-na-paraiba\/","url":"https:\/\/www.pm.pb.gov.br\/portal\/2024\/09\/02\/semana-da-patria-e-aberta-oficialmente-com-participacao-de-atletas-paraolimpicos-na-paraiba\/","name":"Semana da P\u00e1tria \u00e9 aberta oficialmente com participa\u00e7\u00e3o de atletas paraol\u00edmpicos na Para\u00edba - Pol\u00edcia Militar da Para\u00edba","isPartOf":{"@id":"https:\/\/www.pm.pb.gov.br\/portal\/#website"},"datePublished":"2024-09-02T16:15:04+00:00","dateModified":"2024-09-02T16:15:06+00:00","description":"O ato teve a inclus\u00e3o de atletas paraol\u00edmpicos e pessoas atendidas pela Funda\u00e7\u00e3o Centro Integrado de Apoio \u00e0 Pessoa com Defici\u00eancia (Funad)","breadcrumb":{"@id":"https:\/\/www.pm.pb.gov.br\/portal\/2024\/09\/02\/semana-da-patria-e-aberta-oficialmente-com-participacao-de-atletas-paraolimpicos-na-paraiba\/#breadcrumb"},"inLanguage":"pt-BR","potentialAction":[{"@type":"ReadAction","target":["https:\/\/www.pm.pb.gov.br\/portal\/2024\/09\/02\/semana-da-patria-e-aberta-oficialmente-com-participacao-de-atletas-paraolimpicos-na-paraiba\/"]}]},{"@type":"BreadcrumbList","@id":"https:\/\/www.pm.pb.gov.br\/portal\/2024\/09\/02\/semana-da-patria-e-aberta-oficialmente-com-participacao-de-atletas-paraolimpicos-na-paraiba\/#breadcrumb","itemListElement":[{"@type":"ListItem","position":1,"name":"In\u00edcio","item":"https:\/\/www.pm.pb.gov.br\/portal\/"},{"@type":"ListItem","position":2,"name":"Semana da P\u00e1tria \u00e9 aberta oficialmente com participa\u00e7\u00e3o de atletas paraol\u00edmpicos na Para\u00edba"}]},{"@type":"WebSite","@id":"https:\/\/www.pm.pb.gov.br\/portal\/#website","url":"https:\/\/www.pm.pb.gov.br\/portal\/","name":"Pol\u00edcia Militar da Para\u00edba","description":"","publisher":{"@id":"https:\/\/www.pm.pb.gov.br\/portal\/#organization"},"potentialAction":[{"@type":"SearchAction","target":{"@type":"EntryPoint","urlTemplate":"https:\/\/www.pm.pb.gov.br\/portal\/?s={search_term_string}"},"query-input":"required name=search_term_string"}],"inLanguage":"pt-BR"},{"@type":"Organization","@id":"https:\/\/www.pm.pb.gov.br\/portal\/#organization","name":"Pol\u00edcia Militar da Para\u00edba","url":"https:\/\/www.pm.pb.gov.br\/portal\/","logo":{"@type":"ImageObject","inLanguage":"pt-BR","@id":"https:\/\/www.pm.pb.gov.br\/portal\/#\/schema\/logo\/image\/","url":"https:\/\/www.pm.pb.gov.br\/portal\/wp-content\/uploads\/2025\/03\/cropped-logo-site-mag2-1.png","contentUrl":"https:\/\/www.pm.pb.gov.br\/portal\/wp-content\/uploads\/2025\/03\/cropped-logo-site-mag2-1.png","width":320,"height":90,"caption":"Pol\u00edcia Militar da Para\u00edba"},"image":{"@id":"https:\/\/www.pm.pb.gov.br\/portal\/#\/schema\/logo\/image\/"}},{"@type":"Person","@id":"https:\/\/www.pm.pb.gov.br\/portal\/#\/schema\/person\/e8454f46651c3ecf0e1ba3c1666d9947","name":"Assessoria de Imprensa da PMPB","image":{"@type":"ImageObject","inLanguage":"pt-BR","@id":"https:\/\/www.pm.pb.gov.br\/portal\/#\/schema\/person\/image\/","url":"https:\/\/secure.gravatar.com\/avatar\/2efe197438265d1e90bd98c4c8e1acf8?s=96&d=mm&r=g","contentUrl":"https:\/\/secure.gravatar.com\/avatar\/2efe197438265d1e90bd98c4c8e1acf8?s=96&d=mm&r=g","caption":"Assessoria de Imprensa da PMPB"},"url":"https:\/\/www.pm.pb.gov.br\/portal\/author\/assessoria\/"}]}},"_links":{"self":[{"href":"https:\/\/www.pm.pb.gov.br\/portal\/wp-json\/wp\/v2\/posts\/923889"}],"collection":[{"href":"https:\/\/www.pm.pb.gov.br\/portal\/wp-json\/wp\/v2\/posts"}],"about":[{"href":"https:\/\/www.pm.pb.gov.br\/portal\/wp-json\/wp\/v2\/types\/post"}],"author":[{"embeddable":true,"href":"https:\/\/www.pm.pb.gov.br\/portal\/wp-json\/wp\/v2\/users\/5"}],"replies":[{"embeddable":true,"href":"https:\/\/www.pm.pb.gov.br\/portal\/wp-json\/wp\/v2\/comments?post=923889"}],"version-history":[{"count":1,"href":"https:\/\/www.pm.pb.gov.br\/portal\/wp-json\/wp\/v2\/posts\/923889\/revisions"}],"predecessor-version":[{"id":923897,"href":"https:\/\/www.pm.pb.gov.br\/portal\/wp-json\/wp\/v2\/posts\/923889\/revisions\/923897"}],"wp:featuredmedia":[{"embeddable":true,"href":"https:\/\/www.pm.pb.gov.br\/portal\/wp-json\/wp\/v2\/media\/923890"}],"wp:attachment":[{"href":"https:\/\/www.pm.pb.gov.br\/portal\/wp-json\/wp\/v2\/media?parent=923889"}],"wp:term":[{"taxonomy":"category","embeddable":true,"href":"https:\/\/www.pm.pb.gov.br\/portal\/wp-json\/wp\/v2\/categories?post=923889"},{"taxonomy":"post_tag","embeddable":true,"href":"https:\/\/www.pm.pb.gov.br\/portal\/wp-json\/wp\/v2\/tags?post=923889"}],"curies":[{"name":"wp","href":"https:\/\/api.w.org\/{rel}","templated":true}]}}