{"id":923884,"date":"2024-09-02T10:20:55","date_gmt":"2024-09-02T13:20:55","guid":{"rendered":"https:\/\/www.pm.pb.gov.br\/portal\/?p=923884"},"modified":"2024-09-02T10:20:58","modified_gmt":"2024-09-02T13:20:58","slug":"resultado-final-de-semana-registra-23-armas-de-fogo-apreendidas-pela-pm","status":"publish","type":"post","link":"https:\/\/www.pm.pb.gov.br\/portal\/2024\/09\/02\/resultado-final-de-semana-registra-23-armas-de-fogo-apreendidas-pela-pm\/","title":{"rendered":"RESULTADO: Final de semana registra 23 armas de fogo apreendidas pela PM"},"content":{"rendered":"\n<p>Vinte e tr\u00eas armas de fogo foram apreendidas na Para\u00edba entre a \u00faltima sexta-feira (30) e a noite do domingo (1\u00ba). As apreens\u00f5es dos armamentos que circulavam ilegalmente e que estavam nas m\u00e3os de criminosos foram realizadas pela Pol\u00edcia Militar (foto acima ilustrativa).<\/p>\n<p>No per\u00edodo, a PM combateu crimes patrimoniais e contra a vida, resultando em 150 pessoas conduzidas para as delegacias, entre elas adultos, adolescentes e foragidos da Justi\u00e7a com mandados de pris\u00e3o em aberto. Entre os presos est\u00e1 um homem acusado de homic\u00eddio, que foi localizado em Bayeux, no bairro de M\u00e1rio Andreazza. Ainda na grande Jo\u00e3o Pessoa, em Santa Rita, a PM frustrou um sequestro rel\u00e2mpago, apreendeu duas armas de fogo, resgatou a v\u00edtima e capturou os criminosos (foto abaixo).<\/p>\n<p><img loading=\"lazy\" decoding=\"async\" class=\"size-medium wp-image-923880 aligncenter\" src=\"http:\/\/www.pm.pb.gov.br\/portal\/wp-content\/uploads\/2024\/09\/WhatsApp-Image-2024-08-31-at-10.09.19-AM-593x445.jpeg\" alt=\"\" width=\"593\" height=\"445\" srcset=\"https:\/\/www.pm.pb.gov.br\/portal\/wp-content\/uploads\/2024\/09\/WhatsApp-Image-2024-08-31-at-10.09.19-AM-593x445.jpeg 593w, https:\/\/www.pm.pb.gov.br\/portal\/wp-content\/uploads\/2024\/09\/WhatsApp-Image-2024-08-31-at-10.09.19-AM-760x570.jpeg 760w, https:\/\/www.pm.pb.gov.br\/portal\/wp-content\/uploads\/2024\/09\/WhatsApp-Image-2024-08-31-at-10.09.19-AM-768x576.jpeg 768w, https:\/\/www.pm.pb.gov.br\/portal\/wp-content\/uploads\/2024\/09\/WhatsApp-Image-2024-08-31-at-10.09.19-AM-1536x1152.jpeg 1536w, https:\/\/www.pm.pb.gov.br\/portal\/wp-content\/uploads\/2024\/09\/WhatsApp-Image-2024-08-31-at-10.09.19-AM.jpeg 1600w\" sizes=\"(max-width: 593px) 100vw, 593px\" \/><\/p>\n<p><img loading=\"lazy\" decoding=\"async\" class=\"size-medium wp-image-923887 aligncenter\" src=\"http:\/\/www.pm.pb.gov.br\/portal\/wp-content\/uploads\/2024\/09\/sertao_bomsucesso-334x445.jpeg\" alt=\"\" width=\"334\" height=\"445\" srcset=\"https:\/\/www.pm.pb.gov.br\/portal\/wp-content\/uploads\/2024\/09\/sertao_bomsucesso-334x445.jpeg 334w, https:\/\/www.pm.pb.gov.br\/portal\/wp-content\/uploads\/2024\/09\/sertao_bomsucesso-428x570.jpeg 428w, https:\/\/www.pm.pb.gov.br\/portal\/wp-content\/uploads\/2024\/09\/sertao_bomsucesso-768x1024.jpeg 768w, https:\/\/www.pm.pb.gov.br\/portal\/wp-content\/uploads\/2024\/09\/sertao_bomsucesso-1152x1536.jpeg 1152w, https:\/\/www.pm.pb.gov.br\/portal\/wp-content\/uploads\/2024\/09\/sertao_bomsucesso.jpeg 1200w\" sizes=\"(max-width: 334px) 100vw, 334px\" \/><\/p>\n<p>Durante o final de semana, cerca de quatro quilos de drogas e mais de mil por\u00e7\u00f5es de diversos tipos de entorpecentes foram retirados das ruas. A\u00e7\u00f5es de combate ao tr\u00e1fico tiveram foco na Capital (fotos abaixo), Campina Grande, Patos e Sousa, resultando em criminosos presos.<\/p>\n<p><img loading=\"lazy\" decoding=\"async\" class=\"wp-image-923858 aligncenter\" src=\"http:\/\/www.pm.pb.gov.br\/portal\/wp-content\/uploads\/2024\/08\/WhatsApp-Image-2024-08-30-at-18.39.49.jpeg\" alt=\"\" width=\"698\" height=\"388\" srcset=\"https:\/\/www.pm.pb.gov.br\/portal\/wp-content\/uploads\/2024\/08\/WhatsApp-Image-2024-08-30-at-18.39.49.jpeg 800w, https:\/\/www.pm.pb.gov.br\/portal\/wp-content\/uploads\/2024\/08\/WhatsApp-Image-2024-08-30-at-18.39.49-245x136.jpeg 245w, https:\/\/www.pm.pb.gov.br\/portal\/wp-content\/uploads\/2024\/08\/WhatsApp-Image-2024-08-30-at-18.39.49-768x427.jpeg 768w\" sizes=\"(max-width: 698px) 100vw, 698px\" \/><\/p>\n<p><img loading=\"lazy\" decoding=\"async\" class=\"size-medium wp-image-923886 aligncenter\" src=\"http:\/\/www.pm.pb.gov.br\/portal\/wp-content\/uploads\/2024\/09\/jp-618x445.jpeg\" alt=\"\" width=\"618\" height=\"445\" srcset=\"https:\/\/www.pm.pb.gov.br\/portal\/wp-content\/uploads\/2024\/09\/jp-618x445.jpeg 618w, https:\/\/www.pm.pb.gov.br\/portal\/wp-content\/uploads\/2024\/09\/jp-792x570.jpeg 792w, https:\/\/www.pm.pb.gov.br\/portal\/wp-content\/uploads\/2024\/09\/jp-768x553.jpeg 768w, https:\/\/www.pm.pb.gov.br\/portal\/wp-content\/uploads\/2024\/09\/jp.jpeg 1280w\" sizes=\"(max-width: 618px) 100vw, 618px\" \/><\/p>\n<p>Os dados de produtividade foram computados pelo Estado-Maior Estrat\u00e9gico da PM, que analisou as a\u00e7\u00f5es da corpora\u00e7\u00e3o em mais de 200 munic\u00edpios, atrav\u00e9s de mais de 600 chamados de ocorr\u00eancias ao n\u00famero 190. Ainda de acordo com o \u00f3rg\u00e3o, 11 ve\u00edculos roubados ou furtados foram recuperados.<\/p>\n","protected":false},"excerpt":{"rendered":"<p>Vinte e tr\u00eas armas de fogo foram apreendidas na Para\u00edba entre a \u00faltima sexta-feira (30) e a noite do domingo<\/p>\n","protected":false},"author":5,"featured_media":923885,"comment_status":"closed","ping_status":"closed","sticky":false,"template":"","format":"standard","meta":{"_exactmetrics_skip_tracking":false,"_exactmetrics_sitenote_active":false,"_exactmetrics_sitenote_note":"","_exactmetrics_sitenote_category":0,"footnotes":""},"categories":[4],"tags":[],"yoast_head":"<!-- This site is optimized with the Yoast SEO plugin v22.0 - https:\/\/yoast.com\/wordpress\/plugins\/seo\/ -->\n<title>RESULTADO: Final de semana registra 23 armas de fogo apreendidas pela PM - Pol\u00edcia Militar da Para\u00edba<\/title>\n<meta name=\"description\" content=\"150 pessoas foram conduzidas para as delegacias, entre elas adultos, adolescentes e foragidos da Justi\u00e7a com mandados de pris\u00e3o em aberto.\" \/>\n<meta name=\"robots\" content=\"index, follow, max-snippet:-1, max-image-preview:large, max-video-preview:-1\" \/>\n<link rel=\"canonical\" href=\"https:\/\/www.pm.pb.gov.br\/portal\/2024\/09\/02\/resultado-final-de-semana-registra-23-armas-de-fogo-apreendidas-pela-pm\/\" \/>\n<meta property=\"og:locale\" content=\"pt_BR\" \/>\n<meta property=\"og:type\" content=\"article\" \/>\n<meta property=\"og:title\" content=\"RESULTADO: Final de semana registra 23 armas de fogo apreendidas pela PM - Pol\u00edcia Militar da Para\u00edba\" \/>\n<meta property=\"og:description\" content=\"150 pessoas foram conduzidas para as delegacias, entre elas adultos, adolescentes e foragidos da Justi\u00e7a com mandados de pris\u00e3o em aberto.\" \/>\n<meta property=\"og:url\" content=\"https:\/\/www.pm.pb.gov.br\/portal\/2024\/09\/02\/resultado-final-de-semana-registra-23-armas-de-fogo-apreendidas-pela-pm\/\" \/>\n<meta property=\"og:site_name\" content=\"Pol\u00edcia Militar da Para\u00edba\" \/>\n<meta property=\"article:published_time\" content=\"2024-09-02T13:20:55+00:00\" \/>\n<meta property=\"article:modified_time\" content=\"2024-09-02T13:20:58+00:00\" \/>\n<meta property=\"og:image\" content=\"http:\/\/www.pm.pb.gov.br\/portal\/wp-content\/uploads\/2024\/09\/choque.jpeg\" \/>\n\t<meta property=\"og:image:width\" content=\"800\" \/>\n\t<meta property=\"og:image:height\" content=\"445\" \/>\n\t<meta property=\"og:image:type\" content=\"image\/jpeg\" \/>\n<meta name=\"author\" content=\"Assessoria de Imprensa da PMPB\" \/>\n<meta name=\"twitter:card\" content=\"summary_large_image\" \/>\n<meta name=\"twitter:label1\" content=\"Escrito por\" \/>\n\t<meta name=\"twitter:data1\" content=\"Assessoria de Imprensa da PMPB\" \/>\n\t<meta name=\"twitter:label2\" content=\"Est. tempo de leitura\" \/>\n\t<meta name=\"twitter:data2\" content=\"3 minutos\" \/>\n<script type=\"application\/ld+json\" class=\"yoast-schema-graph\">{\"@context\":\"https:\/\/schema.org\",\"@graph\":[{\"@type\":\"Article\",\"@id\":\"https:\/\/www.pm.pb.gov.br\/portal\/2024\/09\/02\/resultado-final-de-semana-registra-23-armas-de-fogo-apreendidas-pela-pm\/#article\",\"isPartOf\":{\"@id\":\"https:\/\/www.pm.pb.gov.br\/portal\/2024\/09\/02\/resultado-final-de-semana-registra-23-armas-de-fogo-apreendidas-pela-pm\/\"},\"author\":{\"name\":\"Assessoria de Imprensa da PMPB\",\"@id\":\"https:\/\/www.pm.pb.gov.br\/portal\/#\/schema\/person\/e8454f46651c3ecf0e1ba3c1666d9947\"},\"headline\":\"RESULTADO: Final de semana registra 23 armas de fogo apreendidas pela PM\",\"datePublished\":\"2024-09-02T13:20:55+00:00\",\"dateModified\":\"2024-09-02T13:20:58+00:00\",\"mainEntityOfPage\":{\"@id\":\"https:\/\/www.pm.pb.gov.br\/portal\/2024\/09\/02\/resultado-final-de-semana-registra-23-armas-de-fogo-apreendidas-pela-pm\/\"},\"wordCount\":243,\"publisher\":{\"@id\":\"https:\/\/www.pm.pb.gov.br\/portal\/#organization\"},\"articleSection\":[\"A\u00e7\u00f5es Policiais\"],\"inLanguage\":\"pt-BR\"},{\"@type\":\"WebPage\",\"@id\":\"https:\/\/www.pm.pb.gov.br\/portal\/2024\/09\/02\/resultado-final-de-semana-registra-23-armas-de-fogo-apreendidas-pela-pm\/\",\"url\":\"https:\/\/www.pm.pb.gov.br\/portal\/2024\/09\/02\/resultado-final-de-semana-registra-23-armas-de-fogo-apreendidas-pela-pm\/\",\"name\":\"RESULTADO: Final de semana registra 23 armas de fogo apreendidas pela PM - Pol\u00edcia Militar da Para\u00edba\",\"isPartOf\":{\"@id\":\"https:\/\/www.pm.pb.gov.br\/portal\/#website\"},\"datePublished\":\"2024-09-02T13:20:55+00:00\",\"dateModified\":\"2024-09-02T13:20:58+00:00\",\"description\":\"150 pessoas foram conduzidas para as delegacias, entre elas adultos, adolescentes e foragidos da Justi\u00e7a com mandados de pris\u00e3o em aberto.\",\"breadcrumb\":{\"@id\":\"https:\/\/www.pm.pb.gov.br\/portal\/2024\/09\/02\/resultado-final-de-semana-registra-23-armas-de-fogo-apreendidas-pela-pm\/#breadcrumb\"},\"inLanguage\":\"pt-BR\",\"potentialAction\":[{\"@type\":\"ReadAction\",\"target\":[\"https:\/\/www.pm.pb.gov.br\/portal\/2024\/09\/02\/resultado-final-de-semana-registra-23-armas-de-fogo-apreendidas-pela-pm\/\"]}]},{\"@type\":\"BreadcrumbList\",\"@id\":\"https:\/\/www.pm.pb.gov.br\/portal\/2024\/09\/02\/resultado-final-de-semana-registra-23-armas-de-fogo-apreendidas-pela-pm\/#breadcrumb\",\"itemListElement\":[{\"@type\":\"ListItem\",\"position\":1,\"name\":\"In\u00edcio\",\"item\":\"https:\/\/www.pm.pb.gov.br\/portal\/\"},{\"@type\":\"ListItem\",\"position\":2,\"name\":\"RESULTADO: Final de semana registra 23 armas de fogo apreendidas pela PM\"}]},{\"@type\":\"WebSite\",\"@id\":\"https:\/\/www.pm.pb.gov.br\/portal\/#website\",\"url\":\"https:\/\/www.pm.pb.gov.br\/portal\/\",\"name\":\"Pol\u00edcia Militar da Para\u00edba\",\"description\":\"\",\"publisher\":{\"@id\":\"https:\/\/www.pm.pb.gov.br\/portal\/#organization\"},\"potentialAction\":[{\"@type\":\"SearchAction\",\"target\":{\"@type\":\"EntryPoint\",\"urlTemplate\":\"https:\/\/www.pm.pb.gov.br\/portal\/?s={search_term_string}\"},\"query-input\":\"required name=search_term_string\"}],\"inLanguage\":\"pt-BR\"},{\"@type\":\"Organization\",\"@id\":\"https:\/\/www.pm.pb.gov.br\/portal\/#organization\",\"name\":\"Pol\u00edcia Militar da Para\u00edba\",\"url\":\"https:\/\/www.pm.pb.gov.br\/portal\/\",\"logo\":{\"@type\":\"ImageObject\",\"inLanguage\":\"pt-BR\",\"@id\":\"https:\/\/www.pm.pb.gov.br\/portal\/#\/schema\/logo\/image\/\",\"url\":\"https:\/\/www.pm.pb.gov.br\/portal\/wp-content\/uploads\/2025\/03\/cropped-logo-site-mag2-1.png\",\"contentUrl\":\"https:\/\/www.pm.pb.gov.br\/portal\/wp-content\/uploads\/2025\/03\/cropped-logo-site-mag2-1.png\",\"width\":320,\"height\":90,\"caption\":\"Pol\u00edcia Militar da Para\u00edba\"},\"image\":{\"@id\":\"https:\/\/www.pm.pb.gov.br\/portal\/#\/schema\/logo\/image\/\"}},{\"@type\":\"Person\",\"@id\":\"https:\/\/www.pm.pb.gov.br\/portal\/#\/schema\/person\/e8454f46651c3ecf0e1ba3c1666d9947\",\"name\":\"Assessoria de Imprensa da PMPB\",\"image\":{\"@type\":\"ImageObject\",\"inLanguage\":\"pt-BR\",\"@id\":\"https:\/\/www.pm.pb.gov.br\/portal\/#\/schema\/person\/image\/\",\"url\":\"https:\/\/secure.gravatar.com\/avatar\/2efe197438265d1e90bd98c4c8e1acf8?s=96&d=mm&r=g\",\"contentUrl\":\"https:\/\/secure.gravatar.com\/avatar\/2efe197438265d1e90bd98c4c8e1acf8?s=96&d=mm&r=g\",\"caption\":\"Assessoria de Imprensa da PMPB\"},\"url\":\"https:\/\/www.pm.pb.gov.br\/portal\/author\/assessoria\/\"}]}<\/script>\n<!-- \/ Yoast SEO plugin. -->","yoast_head_json":{"title":"RESULTADO: Final de semana registra 23 armas de fogo apreendidas pela PM - Pol\u00edcia Militar da Para\u00edba","description":"150 pessoas foram conduzidas para as delegacias, entre elas adultos, adolescentes e foragidos da Justi\u00e7a com mandados de pris\u00e3o em aberto.","robots":{"index":"index","follow":"follow","max-snippet":"max-snippet:-1","max-image-preview":"max-image-preview:large","max-video-preview":"max-video-preview:-1"},"canonical":"https:\/\/www.pm.pb.gov.br\/portal\/2024\/09\/02\/resultado-final-de-semana-registra-23-armas-de-fogo-apreendidas-pela-pm\/","og_locale":"pt_BR","og_type":"article","og_title":"RESULTADO: Final de semana registra 23 armas de fogo apreendidas pela PM - Pol\u00edcia Militar da Para\u00edba","og_description":"150 pessoas foram conduzidas para as delegacias, entre elas adultos, adolescentes e foragidos da Justi\u00e7a com mandados de pris\u00e3o em aberto.","og_url":"https:\/\/www.pm.pb.gov.br\/portal\/2024\/09\/02\/resultado-final-de-semana-registra-23-armas-de-fogo-apreendidas-pela-pm\/","og_site_name":"Pol\u00edcia Militar da Para\u00edba","article_published_time":"2024-09-02T13:20:55+00:00","article_modified_time":"2024-09-02T13:20:58+00:00","og_image":[{"width":800,"height":445,"url":"http:\/\/www.pm.pb.gov.br\/portal\/wp-content\/uploads\/2024\/09\/choque.jpeg","type":"image\/jpeg"}],"author":"Assessoria de Imprensa da PMPB","twitter_card":"summary_large_image","twitter_misc":{"Escrito por":"Assessoria de Imprensa da PMPB","Est. tempo de leitura":"3 minutos"},"schema":{"@context":"https:\/\/schema.org","@graph":[{"@type":"Article","@id":"https:\/\/www.pm.pb.gov.br\/portal\/2024\/09\/02\/resultado-final-de-semana-registra-23-armas-de-fogo-apreendidas-pela-pm\/#article","isPartOf":{"@id":"https:\/\/www.pm.pb.gov.br\/portal\/2024\/09\/02\/resultado-final-de-semana-registra-23-armas-de-fogo-apreendidas-pela-pm\/"},"author":{"name":"Assessoria de Imprensa da PMPB","@id":"https:\/\/www.pm.pb.gov.br\/portal\/#\/schema\/person\/e8454f46651c3ecf0e1ba3c1666d9947"},"headline":"RESULTADO: Final de semana registra 23 armas de fogo apreendidas pela PM","datePublished":"2024-09-02T13:20:55+00:00","dateModified":"2024-09-02T13:20:58+00:00","mainEntityOfPage":{"@id":"https:\/\/www.pm.pb.gov.br\/portal\/2024\/09\/02\/resultado-final-de-semana-registra-23-armas-de-fogo-apreendidas-pela-pm\/"},"wordCount":243,"publisher":{"@id":"https:\/\/www.pm.pb.gov.br\/portal\/#organization"},"articleSection":["A\u00e7\u00f5es Policiais"],"inLanguage":"pt-BR"},{"@type":"WebPage","@id":"https:\/\/www.pm.pb.gov.br\/portal\/2024\/09\/02\/resultado-final-de-semana-registra-23-armas-de-fogo-apreendidas-pela-pm\/","url":"https:\/\/www.pm.pb.gov.br\/portal\/2024\/09\/02\/resultado-final-de-semana-registra-23-armas-de-fogo-apreendidas-pela-pm\/","name":"RESULTADO: Final de semana registra 23 armas de fogo apreendidas pela PM - Pol\u00edcia Militar da Para\u00edba","isPartOf":{"@id":"https:\/\/www.pm.pb.gov.br\/portal\/#website"},"datePublished":"2024-09-02T13:20:55+00:00","dateModified":"2024-09-02T13:20:58+00:00","description":"150 pessoas foram conduzidas para as delegacias, entre elas adultos, adolescentes e foragidos da Justi\u00e7a com mandados de pris\u00e3o em aberto.","breadcrumb":{"@id":"https:\/\/www.pm.pb.gov.br\/portal\/2024\/09\/02\/resultado-final-de-semana-registra-23-armas-de-fogo-apreendidas-pela-pm\/#breadcrumb"},"inLanguage":"pt-BR","potentialAction":[{"@type":"ReadAction","target":["https:\/\/www.pm.pb.gov.br\/portal\/2024\/09\/02\/resultado-final-de-semana-registra-23-armas-de-fogo-apreendidas-pela-pm\/"]}]},{"@type":"BreadcrumbList","@id":"https:\/\/www.pm.pb.gov.br\/portal\/2024\/09\/02\/resultado-final-de-semana-registra-23-armas-de-fogo-apreendidas-pela-pm\/#breadcrumb","itemListElement":[{"@type":"ListItem","position":1,"name":"In\u00edcio","item":"https:\/\/www.pm.pb.gov.br\/portal\/"},{"@type":"ListItem","position":2,"name":"RESULTADO: Final de semana registra 23 armas de fogo apreendidas pela PM"}]},{"@type":"WebSite","@id":"https:\/\/www.pm.pb.gov.br\/portal\/#website","url":"https:\/\/www.pm.pb.gov.br\/portal\/","name":"Pol\u00edcia Militar da Para\u00edba","description":"","publisher":{"@id":"https:\/\/www.pm.pb.gov.br\/portal\/#organization"},"potentialAction":[{"@type":"SearchAction","target":{"@type":"EntryPoint","urlTemplate":"https:\/\/www.pm.pb.gov.br\/portal\/?s={search_term_string}"},"query-input":"required name=search_term_string"}],"inLanguage":"pt-BR"},{"@type":"Organization","@id":"https:\/\/www.pm.pb.gov.br\/portal\/#organization","name":"Pol\u00edcia Militar da Para\u00edba","url":"https:\/\/www.pm.pb.gov.br\/portal\/","logo":{"@type":"ImageObject","inLanguage":"pt-BR","@id":"https:\/\/www.pm.pb.gov.br\/portal\/#\/schema\/logo\/image\/","url":"https:\/\/www.pm.pb.gov.br\/portal\/wp-content\/uploads\/2025\/03\/cropped-logo-site-mag2-1.png","contentUrl":"https:\/\/www.pm.pb.gov.br\/portal\/wp-content\/uploads\/2025\/03\/cropped-logo-site-mag2-1.png","width":320,"height":90,"caption":"Pol\u00edcia Militar da Para\u00edba"},"image":{"@id":"https:\/\/www.pm.pb.gov.br\/portal\/#\/schema\/logo\/image\/"}},{"@type":"Person","@id":"https:\/\/www.pm.pb.gov.br\/portal\/#\/schema\/person\/e8454f46651c3ecf0e1ba3c1666d9947","name":"Assessoria de Imprensa da PMPB","image":{"@type":"ImageObject","inLanguage":"pt-BR","@id":"https:\/\/www.pm.pb.gov.br\/portal\/#\/schema\/person\/image\/","url":"https:\/\/secure.gravatar.com\/avatar\/2efe197438265d1e90bd98c4c8e1acf8?s=96&d=mm&r=g","contentUrl":"https:\/\/secure.gravatar.com\/avatar\/2efe197438265d1e90bd98c4c8e1acf8?s=96&d=mm&r=g","caption":"Assessoria de Imprensa da PMPB"},"url":"https:\/\/www.pm.pb.gov.br\/portal\/author\/assessoria\/"}]}},"_links":{"self":[{"href":"https:\/\/www.pm.pb.gov.br\/portal\/wp-json\/wp\/v2\/posts\/923884"}],"collection":[{"href":"https:\/\/www.pm.pb.gov.br\/portal\/wp-json\/wp\/v2\/posts"}],"about":[{"href":"https:\/\/www.pm.pb.gov.br\/portal\/wp-json\/wp\/v2\/types\/post"}],"author":[{"embeddable":true,"href":"https:\/\/www.pm.pb.gov.br\/portal\/wp-json\/wp\/v2\/users\/5"}],"replies":[{"embeddable":true,"href":"https:\/\/www.pm.pb.gov.br\/portal\/wp-json\/wp\/v2\/comments?post=923884"}],"version-history":[{"count":1,"href":"https:\/\/www.pm.pb.gov.br\/portal\/wp-json\/wp\/v2\/posts\/923884\/revisions"}],"predecessor-version":[{"id":923888,"href":"https:\/\/www.pm.pb.gov.br\/portal\/wp-json\/wp\/v2\/posts\/923884\/revisions\/923888"}],"wp:featuredmedia":[{"embeddable":true,"href":"https:\/\/www.pm.pb.gov.br\/portal\/wp-json\/wp\/v2\/media\/923885"}],"wp:attachment":[{"href":"https:\/\/www.pm.pb.gov.br\/portal\/wp-json\/wp\/v2\/media?parent=923884"}],"wp:term":[{"taxonomy":"category","embeddable":true,"href":"https:\/\/www.pm.pb.gov.br\/portal\/wp-json\/wp\/v2\/categories?post=923884"},{"taxonomy":"post_tag","embeddable":true,"href":"https:\/\/www.pm.pb.gov.br\/portal\/wp-json\/wp\/v2\/tags?post=923884"}],"curies":[{"name":"wp","href":"https:\/\/api.w.org\/{rel}","templated":true}]}}