{"id":923844,"date":"2024-08-30T10:47:56","date_gmt":"2024-08-30T13:47:56","guid":{"rendered":"https:\/\/www.pm.pb.gov.br\/portal\/?p=923844"},"modified":"2024-08-30T10:58:56","modified_gmt":"2024-08-30T13:58:56","slug":"acendimento-da-pira-do-fogo-da-patria-abre-programacao-da-semana-da-independencia-do-brasil","status":"publish","type":"post","link":"https:\/\/www.pm.pb.gov.br\/portal\/2024\/08\/30\/acendimento-da-pira-do-fogo-da-patria-abre-programacao-da-semana-da-independencia-do-brasil\/","title":{"rendered":"Acendimento da pira do fogo da P\u00e1tria abre programa\u00e7\u00e3o da Semana da Independ\u00eancia do Brasil"},"content":{"rendered":"\n<p>A abertura da Semana da P\u00e1tria ser\u00e1 realizada na pr\u00f3xima segunda-feira (2), \u00e0s 7h, em frente ao letreiro de Jo\u00e3o Pessoa, na divisa das praias do Cabo Branco e Tamba\u00fa, com a corrida do fogo simb\u00f3lico e acendimento da pira. Os atos marcam o in\u00edcio da programa\u00e7\u00e3o alusiva \u00e0 Independ\u00eancia do Brasil. Estar\u00e3o presentes na solenidade as tropas da Marinha, Ex\u00e9rcito Brasileiro e das For\u00e7as de Seguran\u00e7a da Para\u00edba.<br \/><br \/>A corrida do fogo simb\u00f3lico e acendimento da pira ter\u00e3o como protagonistas pessoas atendidas pela Funda\u00e7\u00e3o Centro Integrado de Apoio \u00e0 Pessoa com Defici\u00eancia (Funad). O acendimento ser\u00e1 feito por uma jovem com s\u00edndrome de Down.<br \/><br \/>Na programa\u00e7\u00e3o deste ano, realizada entre os dias 3 e 6 de setembro, alunos de escolas municipais, estaduais e pessoas atendidas pela Funad v\u00e3o ter a oportunidade de visitar as institui\u00e7\u00f5es de Seguran\u00e7a e participarem de atividades culturais e exposi\u00e7\u00f5es nos quart\u00e9is. Na ter\u00e7a-feira (3), a visita ser\u00e1 ao Centro de Educa\u00e7\u00e3o da Pol\u00edcia Militar, \u00e0s 8h. Na quarta (4), \u00e9 a vez do Quartel do Comando-Geral do Corpo de Bombeiros Militar, \u00e0s 8h. No mesmo hor\u00e1rio, na quinta-feira (5), a visita ser\u00e1 ao 15\u00ba Batalh\u00e3o de Infantaria Motorizado do Ex\u00e9rcito e na sexta-feira (6), \u00e0s 15h, os estudantes v\u00e3o conhecer o Centro Integrado de Comando e Controle da Para\u00edba.<br \/><br \/>O encerramento ser\u00e1 no s\u00e1bado (7), no centro da Capital, a partir das 7h15, com a apresenta\u00e7\u00e3o e revista \u00e0s tropas militares, na Avenida Get\u00falio Vargas, hasteamento do Pavilh\u00e3o Nacional no DER e o desfile c\u00edvico-militar na Avenida Ministro Jos\u00e9 Am\u00e9rico de Almeida.<\/p>\n<p>Fonte: Secom<\/p>\n","protected":false},"excerpt":{"rendered":"<p>A abertura da Semana da P\u00e1tria ser\u00e1 realizada na pr\u00f3xima segunda-feira (2), \u00e0s 7h, em frente ao letreiro de Jo\u00e3o<\/p>\n","protected":false},"author":5,"featured_media":923846,"comment_status":"closed","ping_status":"closed","sticky":false,"template":"","format":"standard","meta":{"_exactmetrics_skip_tracking":false,"_exactmetrics_sitenote_active":false,"_exactmetrics_sitenote_note":"","_exactmetrics_sitenote_category":0,"footnotes":""},"categories":[9],"tags":[],"yoast_head":"<!-- This site is optimized with the Yoast SEO plugin v22.0 - https:\/\/yoast.com\/wordpress\/plugins\/seo\/ -->\n<title>Acendimento da pira do fogo da P\u00e1tria abre programa\u00e7\u00e3o da Semana da Independ\u00eancia do Brasil - Pol\u00edcia Militar da Para\u00edba<\/title>\n<meta name=\"description\" content=\"Os atos marcam o in\u00edcio da programa\u00e7\u00e3o alusiva \u00e0 Independ\u00eancia do Brasil. Estar\u00e3o presentes na solenidade as tropas das For\u00e7as Armadas e das For\u00e7as de Seguran\u00e7a da Para\u00edba.\" \/>\n<meta name=\"robots\" content=\"index, follow, max-snippet:-1, max-image-preview:large, max-video-preview:-1\" \/>\n<link rel=\"canonical\" href=\"https:\/\/www.pm.pb.gov.br\/portal\/2024\/08\/30\/acendimento-da-pira-do-fogo-da-patria-abre-programacao-da-semana-da-independencia-do-brasil\/\" \/>\n<meta property=\"og:locale\" content=\"pt_BR\" \/>\n<meta property=\"og:type\" content=\"article\" \/>\n<meta property=\"og:title\" content=\"Acendimento da pira do fogo da P\u00e1tria abre programa\u00e7\u00e3o da Semana da Independ\u00eancia do Brasil - Pol\u00edcia Militar da Para\u00edba\" \/>\n<meta property=\"og:description\" content=\"Os atos marcam o in\u00edcio da programa\u00e7\u00e3o alusiva \u00e0 Independ\u00eancia do Brasil. Estar\u00e3o presentes na solenidade as tropas das For\u00e7as Armadas e das For\u00e7as de Seguran\u00e7a da Para\u00edba.\" \/>\n<meta property=\"og:url\" content=\"https:\/\/www.pm.pb.gov.br\/portal\/2024\/08\/30\/acendimento-da-pira-do-fogo-da-patria-abre-programacao-da-semana-da-independencia-do-brasil\/\" \/>\n<meta property=\"og:site_name\" content=\"Pol\u00edcia Militar da Para\u00edba\" \/>\n<meta property=\"article:published_time\" content=\"2024-08-30T13:47:56+00:00\" \/>\n<meta property=\"article:modified_time\" content=\"2024-08-30T13:58:56+00:00\" \/>\n<meta property=\"og:image\" content=\"http:\/\/www.pm.pb.gov.br\/portal\/wp-content\/uploads\/2024\/08\/bandeira.jpeg\" \/>\n\t<meta property=\"og:image:width\" content=\"800\" \/>\n\t<meta property=\"og:image:height\" content=\"445\" \/>\n\t<meta property=\"og:image:type\" content=\"image\/jpeg\" \/>\n<meta name=\"author\" content=\"Assessoria de Imprensa da PMPB\" \/>\n<meta name=\"twitter:card\" content=\"summary_large_image\" \/>\n<meta name=\"twitter:label1\" content=\"Escrito por\" \/>\n\t<meta name=\"twitter:data1\" content=\"Assessoria de Imprensa da PMPB\" \/>\n\t<meta name=\"twitter:label2\" content=\"Est. tempo de leitura\" \/>\n\t<meta name=\"twitter:data2\" content=\"2 minutos\" \/>\n<script type=\"application\/ld+json\" class=\"yoast-schema-graph\">{\"@context\":\"https:\/\/schema.org\",\"@graph\":[{\"@type\":\"Article\",\"@id\":\"https:\/\/www.pm.pb.gov.br\/portal\/2024\/08\/30\/acendimento-da-pira-do-fogo-da-patria-abre-programacao-da-semana-da-independencia-do-brasil\/#article\",\"isPartOf\":{\"@id\":\"https:\/\/www.pm.pb.gov.br\/portal\/2024\/08\/30\/acendimento-da-pira-do-fogo-da-patria-abre-programacao-da-semana-da-independencia-do-brasil\/\"},\"author\":{\"name\":\"Assessoria de Imprensa da PMPB\",\"@id\":\"https:\/\/www.pm.pb.gov.br\/portal\/#\/schema\/person\/e8454f46651c3ecf0e1ba3c1666d9947\"},\"headline\":\"Acendimento da pira do fogo da P\u00e1tria abre programa\u00e7\u00e3o da Semana da Independ\u00eancia do Brasil\",\"datePublished\":\"2024-08-30T13:47:56+00:00\",\"dateModified\":\"2024-08-30T13:58:56+00:00\",\"mainEntityOfPage\":{\"@id\":\"https:\/\/www.pm.pb.gov.br\/portal\/2024\/08\/30\/acendimento-da-pira-do-fogo-da-patria-abre-programacao-da-semana-da-independencia-do-brasil\/\"},\"wordCount\":303,\"publisher\":{\"@id\":\"https:\/\/www.pm.pb.gov.br\/portal\/#organization\"},\"articleSection\":[\"Eventos\"],\"inLanguage\":\"pt-BR\"},{\"@type\":\"WebPage\",\"@id\":\"https:\/\/www.pm.pb.gov.br\/portal\/2024\/08\/30\/acendimento-da-pira-do-fogo-da-patria-abre-programacao-da-semana-da-independencia-do-brasil\/\",\"url\":\"https:\/\/www.pm.pb.gov.br\/portal\/2024\/08\/30\/acendimento-da-pira-do-fogo-da-patria-abre-programacao-da-semana-da-independencia-do-brasil\/\",\"name\":\"Acendimento da pira do fogo da P\u00e1tria abre programa\u00e7\u00e3o da Semana da Independ\u00eancia do Brasil - Pol\u00edcia Militar da Para\u00edba\",\"isPartOf\":{\"@id\":\"https:\/\/www.pm.pb.gov.br\/portal\/#website\"},\"datePublished\":\"2024-08-30T13:47:56+00:00\",\"dateModified\":\"2024-08-30T13:58:56+00:00\",\"description\":\"Os atos marcam o in\u00edcio da programa\u00e7\u00e3o alusiva \u00e0 Independ\u00eancia do Brasil. Estar\u00e3o presentes na solenidade as tropas das For\u00e7as Armadas e das For\u00e7as de Seguran\u00e7a da Para\u00edba.\",\"breadcrumb\":{\"@id\":\"https:\/\/www.pm.pb.gov.br\/portal\/2024\/08\/30\/acendimento-da-pira-do-fogo-da-patria-abre-programacao-da-semana-da-independencia-do-brasil\/#breadcrumb\"},\"inLanguage\":\"pt-BR\",\"potentialAction\":[{\"@type\":\"ReadAction\",\"target\":[\"https:\/\/www.pm.pb.gov.br\/portal\/2024\/08\/30\/acendimento-da-pira-do-fogo-da-patria-abre-programacao-da-semana-da-independencia-do-brasil\/\"]}]},{\"@type\":\"BreadcrumbList\",\"@id\":\"https:\/\/www.pm.pb.gov.br\/portal\/2024\/08\/30\/acendimento-da-pira-do-fogo-da-patria-abre-programacao-da-semana-da-independencia-do-brasil\/#breadcrumb\",\"itemListElement\":[{\"@type\":\"ListItem\",\"position\":1,\"name\":\"In\u00edcio\",\"item\":\"https:\/\/www.pm.pb.gov.br\/portal\/\"},{\"@type\":\"ListItem\",\"position\":2,\"name\":\"Acendimento da pira do fogo da P\u00e1tria abre programa\u00e7\u00e3o da Semana da Independ\u00eancia do Brasil\"}]},{\"@type\":\"WebSite\",\"@id\":\"https:\/\/www.pm.pb.gov.br\/portal\/#website\",\"url\":\"https:\/\/www.pm.pb.gov.br\/portal\/\",\"name\":\"Pol\u00edcia Militar da Para\u00edba\",\"description\":\"\",\"publisher\":{\"@id\":\"https:\/\/www.pm.pb.gov.br\/portal\/#organization\"},\"potentialAction\":[{\"@type\":\"SearchAction\",\"target\":{\"@type\":\"EntryPoint\",\"urlTemplate\":\"https:\/\/www.pm.pb.gov.br\/portal\/?s={search_term_string}\"},\"query-input\":\"required name=search_term_string\"}],\"inLanguage\":\"pt-BR\"},{\"@type\":\"Organization\",\"@id\":\"https:\/\/www.pm.pb.gov.br\/portal\/#organization\",\"name\":\"Pol\u00edcia Militar da Para\u00edba\",\"url\":\"https:\/\/www.pm.pb.gov.br\/portal\/\",\"logo\":{\"@type\":\"ImageObject\",\"inLanguage\":\"pt-BR\",\"@id\":\"https:\/\/www.pm.pb.gov.br\/portal\/#\/schema\/logo\/image\/\",\"url\":\"https:\/\/www.pm.pb.gov.br\/portal\/wp-content\/uploads\/2025\/03\/cropped-logo-site-mag2-1.png\",\"contentUrl\":\"https:\/\/www.pm.pb.gov.br\/portal\/wp-content\/uploads\/2025\/03\/cropped-logo-site-mag2-1.png\",\"width\":320,\"height\":90,\"caption\":\"Pol\u00edcia Militar da Para\u00edba\"},\"image\":{\"@id\":\"https:\/\/www.pm.pb.gov.br\/portal\/#\/schema\/logo\/image\/\"}},{\"@type\":\"Person\",\"@id\":\"https:\/\/www.pm.pb.gov.br\/portal\/#\/schema\/person\/e8454f46651c3ecf0e1ba3c1666d9947\",\"name\":\"Assessoria de Imprensa da PMPB\",\"image\":{\"@type\":\"ImageObject\",\"inLanguage\":\"pt-BR\",\"@id\":\"https:\/\/www.pm.pb.gov.br\/portal\/#\/schema\/person\/image\/\",\"url\":\"https:\/\/secure.gravatar.com\/avatar\/2efe197438265d1e90bd98c4c8e1acf8?s=96&d=mm&r=g\",\"contentUrl\":\"https:\/\/secure.gravatar.com\/avatar\/2efe197438265d1e90bd98c4c8e1acf8?s=96&d=mm&r=g\",\"caption\":\"Assessoria de Imprensa da PMPB\"},\"url\":\"https:\/\/www.pm.pb.gov.br\/portal\/author\/assessoria\/\"}]}<\/script>\n<!-- \/ Yoast SEO plugin. -->","yoast_head_json":{"title":"Acendimento da pira do fogo da P\u00e1tria abre programa\u00e7\u00e3o da Semana da Independ\u00eancia do Brasil - Pol\u00edcia Militar da Para\u00edba","description":"Os atos marcam o in\u00edcio da programa\u00e7\u00e3o alusiva \u00e0 Independ\u00eancia do Brasil. Estar\u00e3o presentes na solenidade as tropas das For\u00e7as Armadas e das For\u00e7as de Seguran\u00e7a da Para\u00edba.","robots":{"index":"index","follow":"follow","max-snippet":"max-snippet:-1","max-image-preview":"max-image-preview:large","max-video-preview":"max-video-preview:-1"},"canonical":"https:\/\/www.pm.pb.gov.br\/portal\/2024\/08\/30\/acendimento-da-pira-do-fogo-da-patria-abre-programacao-da-semana-da-independencia-do-brasil\/","og_locale":"pt_BR","og_type":"article","og_title":"Acendimento da pira do fogo da P\u00e1tria abre programa\u00e7\u00e3o da Semana da Independ\u00eancia do Brasil - Pol\u00edcia Militar da Para\u00edba","og_description":"Os atos marcam o in\u00edcio da programa\u00e7\u00e3o alusiva \u00e0 Independ\u00eancia do Brasil. Estar\u00e3o presentes na solenidade as tropas das For\u00e7as Armadas e das For\u00e7as de Seguran\u00e7a da Para\u00edba.","og_url":"https:\/\/www.pm.pb.gov.br\/portal\/2024\/08\/30\/acendimento-da-pira-do-fogo-da-patria-abre-programacao-da-semana-da-independencia-do-brasil\/","og_site_name":"Pol\u00edcia Militar da Para\u00edba","article_published_time":"2024-08-30T13:47:56+00:00","article_modified_time":"2024-08-30T13:58:56+00:00","og_image":[{"width":800,"height":445,"url":"http:\/\/www.pm.pb.gov.br\/portal\/wp-content\/uploads\/2024\/08\/bandeira.jpeg","type":"image\/jpeg"}],"author":"Assessoria de Imprensa da PMPB","twitter_card":"summary_large_image","twitter_misc":{"Escrito por":"Assessoria de Imprensa da PMPB","Est. tempo de leitura":"2 minutos"},"schema":{"@context":"https:\/\/schema.org","@graph":[{"@type":"Article","@id":"https:\/\/www.pm.pb.gov.br\/portal\/2024\/08\/30\/acendimento-da-pira-do-fogo-da-patria-abre-programacao-da-semana-da-independencia-do-brasil\/#article","isPartOf":{"@id":"https:\/\/www.pm.pb.gov.br\/portal\/2024\/08\/30\/acendimento-da-pira-do-fogo-da-patria-abre-programacao-da-semana-da-independencia-do-brasil\/"},"author":{"name":"Assessoria de Imprensa da PMPB","@id":"https:\/\/www.pm.pb.gov.br\/portal\/#\/schema\/person\/e8454f46651c3ecf0e1ba3c1666d9947"},"headline":"Acendimento da pira do fogo da P\u00e1tria abre programa\u00e7\u00e3o da Semana da Independ\u00eancia do Brasil","datePublished":"2024-08-30T13:47:56+00:00","dateModified":"2024-08-30T13:58:56+00:00","mainEntityOfPage":{"@id":"https:\/\/www.pm.pb.gov.br\/portal\/2024\/08\/30\/acendimento-da-pira-do-fogo-da-patria-abre-programacao-da-semana-da-independencia-do-brasil\/"},"wordCount":303,"publisher":{"@id":"https:\/\/www.pm.pb.gov.br\/portal\/#organization"},"articleSection":["Eventos"],"inLanguage":"pt-BR"},{"@type":"WebPage","@id":"https:\/\/www.pm.pb.gov.br\/portal\/2024\/08\/30\/acendimento-da-pira-do-fogo-da-patria-abre-programacao-da-semana-da-independencia-do-brasil\/","url":"https:\/\/www.pm.pb.gov.br\/portal\/2024\/08\/30\/acendimento-da-pira-do-fogo-da-patria-abre-programacao-da-semana-da-independencia-do-brasil\/","name":"Acendimento da pira do fogo da P\u00e1tria abre programa\u00e7\u00e3o da Semana da Independ\u00eancia do Brasil - Pol\u00edcia Militar da Para\u00edba","isPartOf":{"@id":"https:\/\/www.pm.pb.gov.br\/portal\/#website"},"datePublished":"2024-08-30T13:47:56+00:00","dateModified":"2024-08-30T13:58:56+00:00","description":"Os atos marcam o in\u00edcio da programa\u00e7\u00e3o alusiva \u00e0 Independ\u00eancia do Brasil. Estar\u00e3o presentes na solenidade as tropas das For\u00e7as Armadas e das For\u00e7as de Seguran\u00e7a da Para\u00edba.","breadcrumb":{"@id":"https:\/\/www.pm.pb.gov.br\/portal\/2024\/08\/30\/acendimento-da-pira-do-fogo-da-patria-abre-programacao-da-semana-da-independencia-do-brasil\/#breadcrumb"},"inLanguage":"pt-BR","potentialAction":[{"@type":"ReadAction","target":["https:\/\/www.pm.pb.gov.br\/portal\/2024\/08\/30\/acendimento-da-pira-do-fogo-da-patria-abre-programacao-da-semana-da-independencia-do-brasil\/"]}]},{"@type":"BreadcrumbList","@id":"https:\/\/www.pm.pb.gov.br\/portal\/2024\/08\/30\/acendimento-da-pira-do-fogo-da-patria-abre-programacao-da-semana-da-independencia-do-brasil\/#breadcrumb","itemListElement":[{"@type":"ListItem","position":1,"name":"In\u00edcio","item":"https:\/\/www.pm.pb.gov.br\/portal\/"},{"@type":"ListItem","position":2,"name":"Acendimento da pira do fogo da P\u00e1tria abre programa\u00e7\u00e3o da Semana da Independ\u00eancia do Brasil"}]},{"@type":"WebSite","@id":"https:\/\/www.pm.pb.gov.br\/portal\/#website","url":"https:\/\/www.pm.pb.gov.br\/portal\/","name":"Pol\u00edcia Militar da Para\u00edba","description":"","publisher":{"@id":"https:\/\/www.pm.pb.gov.br\/portal\/#organization"},"potentialAction":[{"@type":"SearchAction","target":{"@type":"EntryPoint","urlTemplate":"https:\/\/www.pm.pb.gov.br\/portal\/?s={search_term_string}"},"query-input":"required name=search_term_string"}],"inLanguage":"pt-BR"},{"@type":"Organization","@id":"https:\/\/www.pm.pb.gov.br\/portal\/#organization","name":"Pol\u00edcia Militar da Para\u00edba","url":"https:\/\/www.pm.pb.gov.br\/portal\/","logo":{"@type":"ImageObject","inLanguage":"pt-BR","@id":"https:\/\/www.pm.pb.gov.br\/portal\/#\/schema\/logo\/image\/","url":"https:\/\/www.pm.pb.gov.br\/portal\/wp-content\/uploads\/2025\/03\/cropped-logo-site-mag2-1.png","contentUrl":"https:\/\/www.pm.pb.gov.br\/portal\/wp-content\/uploads\/2025\/03\/cropped-logo-site-mag2-1.png","width":320,"height":90,"caption":"Pol\u00edcia Militar da Para\u00edba"},"image":{"@id":"https:\/\/www.pm.pb.gov.br\/portal\/#\/schema\/logo\/image\/"}},{"@type":"Person","@id":"https:\/\/www.pm.pb.gov.br\/portal\/#\/schema\/person\/e8454f46651c3ecf0e1ba3c1666d9947","name":"Assessoria de Imprensa da PMPB","image":{"@type":"ImageObject","inLanguage":"pt-BR","@id":"https:\/\/www.pm.pb.gov.br\/portal\/#\/schema\/person\/image\/","url":"https:\/\/secure.gravatar.com\/avatar\/2efe197438265d1e90bd98c4c8e1acf8?s=96&d=mm&r=g","contentUrl":"https:\/\/secure.gravatar.com\/avatar\/2efe197438265d1e90bd98c4c8e1acf8?s=96&d=mm&r=g","caption":"Assessoria de Imprensa da PMPB"},"url":"https:\/\/www.pm.pb.gov.br\/portal\/author\/assessoria\/"}]}},"_links":{"self":[{"href":"https:\/\/www.pm.pb.gov.br\/portal\/wp-json\/wp\/v2\/posts\/923844"}],"collection":[{"href":"https:\/\/www.pm.pb.gov.br\/portal\/wp-json\/wp\/v2\/posts"}],"about":[{"href":"https:\/\/www.pm.pb.gov.br\/portal\/wp-json\/wp\/v2\/types\/post"}],"author":[{"embeddable":true,"href":"https:\/\/www.pm.pb.gov.br\/portal\/wp-json\/wp\/v2\/users\/5"}],"replies":[{"embeddable":true,"href":"https:\/\/www.pm.pb.gov.br\/portal\/wp-json\/wp\/v2\/comments?post=923844"}],"version-history":[{"count":1,"href":"https:\/\/www.pm.pb.gov.br\/portal\/wp-json\/wp\/v2\/posts\/923844\/revisions"}],"predecessor-version":[{"id":923845,"href":"https:\/\/www.pm.pb.gov.br\/portal\/wp-json\/wp\/v2\/posts\/923844\/revisions\/923845"}],"wp:featuredmedia":[{"embeddable":true,"href":"https:\/\/www.pm.pb.gov.br\/portal\/wp-json\/wp\/v2\/media\/923846"}],"wp:attachment":[{"href":"https:\/\/www.pm.pb.gov.br\/portal\/wp-json\/wp\/v2\/media?parent=923844"}],"wp:term":[{"taxonomy":"category","embeddable":true,"href":"https:\/\/www.pm.pb.gov.br\/portal\/wp-json\/wp\/v2\/categories?post=923844"},{"taxonomy":"post_tag","embeddable":true,"href":"https:\/\/www.pm.pb.gov.br\/portal\/wp-json\/wp\/v2\/tags?post=923844"}],"curies":[{"name":"wp","href":"https:\/\/api.w.org\/{rel}","templated":true}]}}