{"id":923779,"date":"2024-08-25T08:14:30","date_gmt":"2024-08-25T11:14:30","guid":{"rendered":"https:\/\/www.pm.pb.gov.br\/portal\/?p=923779"},"modified":"2024-08-25T19:39:08","modified_gmt":"2024-08-25T22:39:08","slug":"operacao-forca-total-policia-militar-prende-suspeito-por-trafico-de-drogas-em-joao-pessoa","status":"publish","type":"post","link":"https:\/\/www.pm.pb.gov.br\/portal\/2024\/08\/25\/operacao-forca-total-policia-militar-prende-suspeito-por-trafico-de-drogas-em-joao-pessoa\/","title":{"rendered":"Opera\u00e7\u00e3o For\u00e7a Total: Pol\u00edcia Militar prende suspeito com mais de 100 Kg de drogas em Jo\u00e3o Pessoa"},"content":{"rendered":"\n\n\n<p>Na tarde desse s\u00e1bado (24), policiais militares do 1\u00ba BPM prenderam um suspeito por tr\u00e1fico de drogas em Jo\u00e3o Pessoa-PB. Na a\u00e7\u00e3o foram apreendidas mais de 100 Kg de drogas, al\u00e9m de uma espingarda, calibre 12.<\/p>\n<p>Os policiais receberam informa\u00e7\u00f5es de que alguns indiv\u00edduos estariam traficando drogas na localidade conhecida como rua da mata, no bairro do Rangel. Rapidamente, os policiais montaram um cerco no local, que \u00e9 conhecido pelas equipes pelo tr\u00e1fico intenso e consumo de drogas, e se depararam com um indiv\u00edduo manuseando as drogas em uma \u00e1rea de mata. No local foram encontradas v\u00e1rias drogas, entre elas: 01 tablete de coca\u00edna, 17 por\u00e7\u00f5es de coca\u00edna, 01 tablete de crack, 97 tabletes de maconha e 19 por\u00e7\u00f5es de maconha, al\u00e9m de\u00a0 01 balan\u00e7a de precis\u00e3o e uma espingarda, calibre 12, com dois cartuchos intactos.<\/p>\n<p>O suspeito, de 18 anos, foi preso e todo o material apreendido encaminhados \u00e0 Central de Pol\u00edcia Civil de Jo\u00e3o Pessoa-PB, para os procedimentos legais. Toda a a\u00e7\u00e3o faz parte da Opera\u00e7\u00e3o For\u00e7a Total, que mira acusados de diversos crimes, como: roubo, homic\u00eddio e tr\u00e1fico de drogas.<\/p>\n","protected":false},"excerpt":{"rendered":"<p>Na tarde desse s\u00e1bado (24), policiais militares do 1\u00ba BPM prenderam um suspeito por tr\u00e1fico de drogas em Jo\u00e3o Pessoa-PB.<\/p>\n","protected":false},"author":5,"featured_media":923780,"comment_status":"closed","ping_status":"closed","sticky":false,"template":"","format":"standard","meta":{"_exactmetrics_skip_tracking":false,"_exactmetrics_sitenote_active":false,"_exactmetrics_sitenote_note":"","_exactmetrics_sitenote_category":0,"footnotes":""},"categories":[4],"tags":[],"yoast_head":"<!-- This site is optimized with the Yoast SEO plugin v22.0 - https:\/\/yoast.com\/wordpress\/plugins\/seo\/ -->\n<title>Opera\u00e7\u00e3o For\u00e7a Total: Pol\u00edcia Militar prende suspeito com mais de 100 Kg de drogas em Jo\u00e3o Pessoa - Pol\u00edcia Militar da Para\u00edba<\/title>\n<meta name=\"robots\" content=\"index, follow, max-snippet:-1, max-image-preview:large, max-video-preview:-1\" \/>\n<link rel=\"canonical\" href=\"https:\/\/www.pm.pb.gov.br\/portal\/2024\/08\/25\/operacao-forca-total-policia-militar-prende-suspeito-por-trafico-de-drogas-em-joao-pessoa\/\" \/>\n<meta property=\"og:locale\" content=\"pt_BR\" \/>\n<meta property=\"og:type\" content=\"article\" \/>\n<meta property=\"og:title\" content=\"Opera\u00e7\u00e3o For\u00e7a Total: Pol\u00edcia Militar prende suspeito com mais de 100 Kg de drogas em Jo\u00e3o Pessoa - Pol\u00edcia Militar da Para\u00edba\" \/>\n<meta property=\"og:description\" content=\"Na tarde desse s\u00e1bado (24), policiais militares do 1\u00ba BPM prenderam um suspeito por tr\u00e1fico de drogas em Jo\u00e3o Pessoa-PB.\" \/>\n<meta property=\"og:url\" content=\"https:\/\/www.pm.pb.gov.br\/portal\/2024\/08\/25\/operacao-forca-total-policia-militar-prende-suspeito-por-trafico-de-drogas-em-joao-pessoa\/\" \/>\n<meta property=\"og:site_name\" content=\"Pol\u00edcia Militar da Para\u00edba\" \/>\n<meta property=\"article:published_time\" content=\"2024-08-25T11:14:30+00:00\" \/>\n<meta property=\"article:modified_time\" content=\"2024-08-25T22:39:08+00:00\" \/>\n<meta property=\"og:image\" content=\"http:\/\/www.pm.pb.gov.br\/portal\/wp-content\/uploads\/2024\/08\/drogas100.png\" \/>\n\t<meta property=\"og:image:width\" content=\"896\" \/>\n\t<meta property=\"og:image:height\" content=\"498\" \/>\n\t<meta property=\"og:image:type\" content=\"image\/png\" \/>\n<meta name=\"author\" content=\"Assessoria de Imprensa da PMPB\" \/>\n<meta name=\"twitter:card\" content=\"summary_large_image\" \/>\n<meta name=\"twitter:label1\" content=\"Escrito por\" \/>\n\t<meta name=\"twitter:data1\" content=\"Assessoria de Imprensa da PMPB\" \/>\n\t<meta name=\"twitter:label2\" content=\"Est. tempo de leitura\" \/>\n\t<meta name=\"twitter:data2\" content=\"2 minutos\" \/>\n<script type=\"application\/ld+json\" class=\"yoast-schema-graph\">{\"@context\":\"https:\/\/schema.org\",\"@graph\":[{\"@type\":\"Article\",\"@id\":\"https:\/\/www.pm.pb.gov.br\/portal\/2024\/08\/25\/operacao-forca-total-policia-militar-prende-suspeito-por-trafico-de-drogas-em-joao-pessoa\/#article\",\"isPartOf\":{\"@id\":\"https:\/\/www.pm.pb.gov.br\/portal\/2024\/08\/25\/operacao-forca-total-policia-militar-prende-suspeito-por-trafico-de-drogas-em-joao-pessoa\/\"},\"author\":{\"name\":\"Assessoria de Imprensa da PMPB\",\"@id\":\"https:\/\/www.pm.pb.gov.br\/portal\/#\/schema\/person\/e8454f46651c3ecf0e1ba3c1666d9947\"},\"headline\":\"Opera\u00e7\u00e3o For\u00e7a Total: Pol\u00edcia Militar prende suspeito com mais de 100 Kg de drogas em Jo\u00e3o Pessoa\",\"datePublished\":\"2024-08-25T11:14:30+00:00\",\"dateModified\":\"2024-08-25T22:39:08+00:00\",\"mainEntityOfPage\":{\"@id\":\"https:\/\/www.pm.pb.gov.br\/portal\/2024\/08\/25\/operacao-forca-total-policia-militar-prende-suspeito-por-trafico-de-drogas-em-joao-pessoa\/\"},\"wordCount\":213,\"publisher\":{\"@id\":\"https:\/\/www.pm.pb.gov.br\/portal\/#organization\"},\"articleSection\":[\"A\u00e7\u00f5es Policiais\"],\"inLanguage\":\"pt-BR\"},{\"@type\":\"WebPage\",\"@id\":\"https:\/\/www.pm.pb.gov.br\/portal\/2024\/08\/25\/operacao-forca-total-policia-militar-prende-suspeito-por-trafico-de-drogas-em-joao-pessoa\/\",\"url\":\"https:\/\/www.pm.pb.gov.br\/portal\/2024\/08\/25\/operacao-forca-total-policia-militar-prende-suspeito-por-trafico-de-drogas-em-joao-pessoa\/\",\"name\":\"Opera\u00e7\u00e3o For\u00e7a Total: Pol\u00edcia Militar prende suspeito com mais de 100 Kg de drogas em Jo\u00e3o Pessoa - Pol\u00edcia Militar da Para\u00edba\",\"isPartOf\":{\"@id\":\"https:\/\/www.pm.pb.gov.br\/portal\/#website\"},\"datePublished\":\"2024-08-25T11:14:30+00:00\",\"dateModified\":\"2024-08-25T22:39:08+00:00\",\"breadcrumb\":{\"@id\":\"https:\/\/www.pm.pb.gov.br\/portal\/2024\/08\/25\/operacao-forca-total-policia-militar-prende-suspeito-por-trafico-de-drogas-em-joao-pessoa\/#breadcrumb\"},\"inLanguage\":\"pt-BR\",\"potentialAction\":[{\"@type\":\"ReadAction\",\"target\":[\"https:\/\/www.pm.pb.gov.br\/portal\/2024\/08\/25\/operacao-forca-total-policia-militar-prende-suspeito-por-trafico-de-drogas-em-joao-pessoa\/\"]}]},{\"@type\":\"BreadcrumbList\",\"@id\":\"https:\/\/www.pm.pb.gov.br\/portal\/2024\/08\/25\/operacao-forca-total-policia-militar-prende-suspeito-por-trafico-de-drogas-em-joao-pessoa\/#breadcrumb\",\"itemListElement\":[{\"@type\":\"ListItem\",\"position\":1,\"name\":\"In\u00edcio\",\"item\":\"https:\/\/www.pm.pb.gov.br\/portal\/\"},{\"@type\":\"ListItem\",\"position\":2,\"name\":\"Opera\u00e7\u00e3o For\u00e7a Total: Pol\u00edcia Militar prende suspeito com mais de 100 Kg de drogas em Jo\u00e3o Pessoa\"}]},{\"@type\":\"WebSite\",\"@id\":\"https:\/\/www.pm.pb.gov.br\/portal\/#website\",\"url\":\"https:\/\/www.pm.pb.gov.br\/portal\/\",\"name\":\"Pol\u00edcia Militar da Para\u00edba\",\"description\":\"\",\"publisher\":{\"@id\":\"https:\/\/www.pm.pb.gov.br\/portal\/#organization\"},\"potentialAction\":[{\"@type\":\"SearchAction\",\"target\":{\"@type\":\"EntryPoint\",\"urlTemplate\":\"https:\/\/www.pm.pb.gov.br\/portal\/?s={search_term_string}\"},\"query-input\":\"required name=search_term_string\"}],\"inLanguage\":\"pt-BR\"},{\"@type\":\"Organization\",\"@id\":\"https:\/\/www.pm.pb.gov.br\/portal\/#organization\",\"name\":\"Pol\u00edcia Militar da Para\u00edba\",\"url\":\"https:\/\/www.pm.pb.gov.br\/portal\/\",\"logo\":{\"@type\":\"ImageObject\",\"inLanguage\":\"pt-BR\",\"@id\":\"https:\/\/www.pm.pb.gov.br\/portal\/#\/schema\/logo\/image\/\",\"url\":\"https:\/\/www.pm.pb.gov.br\/portal\/wp-content\/uploads\/2025\/03\/cropped-logo-site-mag2-1.png\",\"contentUrl\":\"https:\/\/www.pm.pb.gov.br\/portal\/wp-content\/uploads\/2025\/03\/cropped-logo-site-mag2-1.png\",\"width\":320,\"height\":90,\"caption\":\"Pol\u00edcia Militar da Para\u00edba\"},\"image\":{\"@id\":\"https:\/\/www.pm.pb.gov.br\/portal\/#\/schema\/logo\/image\/\"}},{\"@type\":\"Person\",\"@id\":\"https:\/\/www.pm.pb.gov.br\/portal\/#\/schema\/person\/e8454f46651c3ecf0e1ba3c1666d9947\",\"name\":\"Assessoria de Imprensa da PMPB\",\"image\":{\"@type\":\"ImageObject\",\"inLanguage\":\"pt-BR\",\"@id\":\"https:\/\/www.pm.pb.gov.br\/portal\/#\/schema\/person\/image\/\",\"url\":\"https:\/\/secure.gravatar.com\/avatar\/2efe197438265d1e90bd98c4c8e1acf8?s=96&d=mm&r=g\",\"contentUrl\":\"https:\/\/secure.gravatar.com\/avatar\/2efe197438265d1e90bd98c4c8e1acf8?s=96&d=mm&r=g\",\"caption\":\"Assessoria de Imprensa da PMPB\"},\"url\":\"https:\/\/www.pm.pb.gov.br\/portal\/author\/assessoria\/\"}]}<\/script>\n<!-- \/ Yoast SEO plugin. -->","yoast_head_json":{"title":"Opera\u00e7\u00e3o For\u00e7a Total: Pol\u00edcia Militar prende suspeito com mais de 100 Kg de drogas em Jo\u00e3o Pessoa - Pol\u00edcia Militar da Para\u00edba","robots":{"index":"index","follow":"follow","max-snippet":"max-snippet:-1","max-image-preview":"max-image-preview:large","max-video-preview":"max-video-preview:-1"},"canonical":"https:\/\/www.pm.pb.gov.br\/portal\/2024\/08\/25\/operacao-forca-total-policia-militar-prende-suspeito-por-trafico-de-drogas-em-joao-pessoa\/","og_locale":"pt_BR","og_type":"article","og_title":"Opera\u00e7\u00e3o For\u00e7a Total: Pol\u00edcia Militar prende suspeito com mais de 100 Kg de drogas em Jo\u00e3o Pessoa - Pol\u00edcia Militar da Para\u00edba","og_description":"Na tarde desse s\u00e1bado (24), policiais militares do 1\u00ba BPM prenderam um suspeito por tr\u00e1fico de drogas em Jo\u00e3o Pessoa-PB.","og_url":"https:\/\/www.pm.pb.gov.br\/portal\/2024\/08\/25\/operacao-forca-total-policia-militar-prende-suspeito-por-trafico-de-drogas-em-joao-pessoa\/","og_site_name":"Pol\u00edcia Militar da Para\u00edba","article_published_time":"2024-08-25T11:14:30+00:00","article_modified_time":"2024-08-25T22:39:08+00:00","og_image":[{"width":896,"height":498,"url":"http:\/\/www.pm.pb.gov.br\/portal\/wp-content\/uploads\/2024\/08\/drogas100.png","type":"image\/png"}],"author":"Assessoria de Imprensa da PMPB","twitter_card":"summary_large_image","twitter_misc":{"Escrito por":"Assessoria de Imprensa da PMPB","Est. tempo de leitura":"2 minutos"},"schema":{"@context":"https:\/\/schema.org","@graph":[{"@type":"Article","@id":"https:\/\/www.pm.pb.gov.br\/portal\/2024\/08\/25\/operacao-forca-total-policia-militar-prende-suspeito-por-trafico-de-drogas-em-joao-pessoa\/#article","isPartOf":{"@id":"https:\/\/www.pm.pb.gov.br\/portal\/2024\/08\/25\/operacao-forca-total-policia-militar-prende-suspeito-por-trafico-de-drogas-em-joao-pessoa\/"},"author":{"name":"Assessoria de Imprensa da PMPB","@id":"https:\/\/www.pm.pb.gov.br\/portal\/#\/schema\/person\/e8454f46651c3ecf0e1ba3c1666d9947"},"headline":"Opera\u00e7\u00e3o For\u00e7a Total: Pol\u00edcia Militar prende suspeito com mais de 100 Kg de drogas em Jo\u00e3o Pessoa","datePublished":"2024-08-25T11:14:30+00:00","dateModified":"2024-08-25T22:39:08+00:00","mainEntityOfPage":{"@id":"https:\/\/www.pm.pb.gov.br\/portal\/2024\/08\/25\/operacao-forca-total-policia-militar-prende-suspeito-por-trafico-de-drogas-em-joao-pessoa\/"},"wordCount":213,"publisher":{"@id":"https:\/\/www.pm.pb.gov.br\/portal\/#organization"},"articleSection":["A\u00e7\u00f5es Policiais"],"inLanguage":"pt-BR"},{"@type":"WebPage","@id":"https:\/\/www.pm.pb.gov.br\/portal\/2024\/08\/25\/operacao-forca-total-policia-militar-prende-suspeito-por-trafico-de-drogas-em-joao-pessoa\/","url":"https:\/\/www.pm.pb.gov.br\/portal\/2024\/08\/25\/operacao-forca-total-policia-militar-prende-suspeito-por-trafico-de-drogas-em-joao-pessoa\/","name":"Opera\u00e7\u00e3o For\u00e7a Total: Pol\u00edcia Militar prende suspeito com mais de 100 Kg de drogas em Jo\u00e3o Pessoa - Pol\u00edcia Militar da Para\u00edba","isPartOf":{"@id":"https:\/\/www.pm.pb.gov.br\/portal\/#website"},"datePublished":"2024-08-25T11:14:30+00:00","dateModified":"2024-08-25T22:39:08+00:00","breadcrumb":{"@id":"https:\/\/www.pm.pb.gov.br\/portal\/2024\/08\/25\/operacao-forca-total-policia-militar-prende-suspeito-por-trafico-de-drogas-em-joao-pessoa\/#breadcrumb"},"inLanguage":"pt-BR","potentialAction":[{"@type":"ReadAction","target":["https:\/\/www.pm.pb.gov.br\/portal\/2024\/08\/25\/operacao-forca-total-policia-militar-prende-suspeito-por-trafico-de-drogas-em-joao-pessoa\/"]}]},{"@type":"BreadcrumbList","@id":"https:\/\/www.pm.pb.gov.br\/portal\/2024\/08\/25\/operacao-forca-total-policia-militar-prende-suspeito-por-trafico-de-drogas-em-joao-pessoa\/#breadcrumb","itemListElement":[{"@type":"ListItem","position":1,"name":"In\u00edcio","item":"https:\/\/www.pm.pb.gov.br\/portal\/"},{"@type":"ListItem","position":2,"name":"Opera\u00e7\u00e3o For\u00e7a Total: Pol\u00edcia Militar prende suspeito com mais de 100 Kg de drogas em Jo\u00e3o Pessoa"}]},{"@type":"WebSite","@id":"https:\/\/www.pm.pb.gov.br\/portal\/#website","url":"https:\/\/www.pm.pb.gov.br\/portal\/","name":"Pol\u00edcia Militar da Para\u00edba","description":"","publisher":{"@id":"https:\/\/www.pm.pb.gov.br\/portal\/#organization"},"potentialAction":[{"@type":"SearchAction","target":{"@type":"EntryPoint","urlTemplate":"https:\/\/www.pm.pb.gov.br\/portal\/?s={search_term_string}"},"query-input":"required name=search_term_string"}],"inLanguage":"pt-BR"},{"@type":"Organization","@id":"https:\/\/www.pm.pb.gov.br\/portal\/#organization","name":"Pol\u00edcia Militar da Para\u00edba","url":"https:\/\/www.pm.pb.gov.br\/portal\/","logo":{"@type":"ImageObject","inLanguage":"pt-BR","@id":"https:\/\/www.pm.pb.gov.br\/portal\/#\/schema\/logo\/image\/","url":"https:\/\/www.pm.pb.gov.br\/portal\/wp-content\/uploads\/2025\/03\/cropped-logo-site-mag2-1.png","contentUrl":"https:\/\/www.pm.pb.gov.br\/portal\/wp-content\/uploads\/2025\/03\/cropped-logo-site-mag2-1.png","width":320,"height":90,"caption":"Pol\u00edcia Militar da Para\u00edba"},"image":{"@id":"https:\/\/www.pm.pb.gov.br\/portal\/#\/schema\/logo\/image\/"}},{"@type":"Person","@id":"https:\/\/www.pm.pb.gov.br\/portal\/#\/schema\/person\/e8454f46651c3ecf0e1ba3c1666d9947","name":"Assessoria de Imprensa da PMPB","image":{"@type":"ImageObject","inLanguage":"pt-BR","@id":"https:\/\/www.pm.pb.gov.br\/portal\/#\/schema\/person\/image\/","url":"https:\/\/secure.gravatar.com\/avatar\/2efe197438265d1e90bd98c4c8e1acf8?s=96&d=mm&r=g","contentUrl":"https:\/\/secure.gravatar.com\/avatar\/2efe197438265d1e90bd98c4c8e1acf8?s=96&d=mm&r=g","caption":"Assessoria de Imprensa da PMPB"},"url":"https:\/\/www.pm.pb.gov.br\/portal\/author\/assessoria\/"}]}},"_links":{"self":[{"href":"https:\/\/www.pm.pb.gov.br\/portal\/wp-json\/wp\/v2\/posts\/923779"}],"collection":[{"href":"https:\/\/www.pm.pb.gov.br\/portal\/wp-json\/wp\/v2\/posts"}],"about":[{"href":"https:\/\/www.pm.pb.gov.br\/portal\/wp-json\/wp\/v2\/types\/post"}],"author":[{"embeddable":true,"href":"https:\/\/www.pm.pb.gov.br\/portal\/wp-json\/wp\/v2\/users\/5"}],"replies":[{"embeddable":true,"href":"https:\/\/www.pm.pb.gov.br\/portal\/wp-json\/wp\/v2\/comments?post=923779"}],"version-history":[{"count":3,"href":"https:\/\/www.pm.pb.gov.br\/portal\/wp-json\/wp\/v2\/posts\/923779\/revisions"}],"predecessor-version":[{"id":923794,"href":"https:\/\/www.pm.pb.gov.br\/portal\/wp-json\/wp\/v2\/posts\/923779\/revisions\/923794"}],"wp:featuredmedia":[{"embeddable":true,"href":"https:\/\/www.pm.pb.gov.br\/portal\/wp-json\/wp\/v2\/media\/923780"}],"wp:attachment":[{"href":"https:\/\/www.pm.pb.gov.br\/portal\/wp-json\/wp\/v2\/media?parent=923779"}],"wp:term":[{"taxonomy":"category","embeddable":true,"href":"https:\/\/www.pm.pb.gov.br\/portal\/wp-json\/wp\/v2\/categories?post=923779"},{"taxonomy":"post_tag","embeddable":true,"href":"https:\/\/www.pm.pb.gov.br\/portal\/wp-json\/wp\/v2\/tags?post=923779"}],"curies":[{"name":"wp","href":"https:\/\/api.w.org\/{rel}","templated":true}]}}