{"id":923754,"date":"2024-08-23T09:22:00","date_gmt":"2024-08-23T12:22:00","guid":{"rendered":"https:\/\/www.pm.pb.gov.br\/portal\/?p=923754"},"modified":"2024-08-23T14:37:15","modified_gmt":"2024-08-23T17:37:15","slug":"espaco-viver-bem-do-policial-militar-apresenta-trabalho-na-2a-mostra-de-praticas-de-psicologia-paraibana","status":"publish","type":"post","link":"https:\/\/www.pm.pb.gov.br\/portal\/2024\/08\/23\/espaco-viver-bem-do-policial-militar-apresenta-trabalho-na-2a-mostra-de-praticas-de-psicologia-paraibana\/","title":{"rendered":"Espa\u00e7o Viver Bem do Policial Militar apresenta trabalho na 2\u00aa Mostra de Pr\u00e1ticas de Psicologia Paraibana"},"content":{"rendered":"\n<p>Respons\u00e1vel pela assist\u00eancia biopsicossocial de policiais militares no Sert\u00e3o, o Espa\u00e7o Viver Bem do Policial Militar (EVB PM 3), ter\u00e1 destaque na tarde desta sexta-feira (23). \u00a0\u00c9 que o EVB participa, em Jo\u00e3o Pessoa, da 2\u00aa Mostra de Pr\u00e1ticas da Psicologia Paraibana. O evento acontece nesta sexta e s\u00e1bado (24), de forma gratuita no Centro Universit\u00e1rio Maur\u00edcio de Nassau.<\/p>\n<p>O EVB 3 apresentar\u00e1 o trabalho \u201cModelo Biopsicossocial Aplicado \u00e0 Seguran\u00e7a P\u00fablica: Um Olhar Humanizado da Pol\u00edcia Militar da Para\u00edba\u201d. A apresenta\u00e7\u00e3o acontece durante a tarde, na sala 612. A publica\u00e7\u00e3o foi feita por Edinilson Matias Rodrigues, Fernanda Kennya de Souto \u00c2ngelo, Jeimison Matias Sampaio, Nadja Nayra de Sousa Formiga, e Ranieri Oliveira Vieira (na foto acima).<\/p>\n<p>No sert\u00e3o, a unidade \u00e9 respons\u00e1vel pelo atendimento direto de policiais e familiares, em psicologia, psiquiatria, servi\u00e7o social, entre outros. A Pol\u00edcia Militar tamb\u00e9m disp\u00f5e do Espa\u00e7o Viver Bem nas cidades de Jo\u00e3o Pessoa e Campina Grande, alcan\u00e7ando os policiais daquelas regi\u00f5es.<\/p>\n<p><em>Atualizado \u00e0s 15h00.<\/em><\/p>\n\n\n","protected":false},"excerpt":{"rendered":"<p>Respons\u00e1vel pela assist\u00eancia biopsicossocial de policiais militares no Sert\u00e3o, o Espa\u00e7o Viver Bem do Policial Militar (EVB PM 3), ter\u00e1<\/p>\n","protected":false},"author":12,"featured_media":923756,"comment_status":"closed","ping_status":"closed","sticky":false,"template":"","format":"standard","meta":{"_exactmetrics_skip_tracking":false,"_exactmetrics_sitenote_active":false,"_exactmetrics_sitenote_note":"","_exactmetrics_sitenote_category":0,"footnotes":""},"categories":[24,14],"tags":[],"yoast_head":"<!-- This site is optimized with the Yoast SEO plugin v22.0 - https:\/\/yoast.com\/wordpress\/plugins\/seo\/ -->\n<title>Espa\u00e7o Viver Bem do Policial Militar apresenta trabalho na 2\u00aa Mostra de Pr\u00e1ticas de Psicologia Paraibana - Pol\u00edcia Militar da Para\u00edba<\/title>\n<meta name=\"description\" content=\"No sert\u00e3o, a unidade \u00e9 respons\u00e1vel pelo atendimento direto de policiais e familiares, em psicologia, psiquiatria, servi\u00e7o social, entre outros.\" \/>\n<meta name=\"robots\" content=\"index, follow, max-snippet:-1, max-image-preview:large, max-video-preview:-1\" \/>\n<link rel=\"canonical\" href=\"https:\/\/www.pm.pb.gov.br\/portal\/2024\/08\/23\/espaco-viver-bem-do-policial-militar-apresenta-trabalho-na-2a-mostra-de-praticas-de-psicologia-paraibana\/\" \/>\n<meta property=\"og:locale\" content=\"pt_BR\" \/>\n<meta property=\"og:type\" content=\"article\" \/>\n<meta property=\"og:title\" content=\"Espa\u00e7o Viver Bem do Policial Militar apresenta trabalho na 2\u00aa Mostra de Pr\u00e1ticas de Psicologia Paraibana - Pol\u00edcia Militar da Para\u00edba\" \/>\n<meta property=\"og:description\" content=\"No sert\u00e3o, a unidade \u00e9 respons\u00e1vel pelo atendimento direto de policiais e familiares, em psicologia, psiquiatria, servi\u00e7o social, entre outros.\" \/>\n<meta property=\"og:url\" content=\"https:\/\/www.pm.pb.gov.br\/portal\/2024\/08\/23\/espaco-viver-bem-do-policial-militar-apresenta-trabalho-na-2a-mostra-de-praticas-de-psicologia-paraibana\/\" \/>\n<meta property=\"og:site_name\" content=\"Pol\u00edcia Militar da Para\u00edba\" \/>\n<meta property=\"article:published_time\" content=\"2024-08-23T12:22:00+00:00\" \/>\n<meta property=\"article:modified_time\" content=\"2024-08-23T17:37:15+00:00\" \/>\n<meta property=\"og:image\" content=\"http:\/\/www.pm.pb.gov.br\/portal\/wp-content\/uploads\/2024\/08\/20240823_145759.jpg\" \/>\n\t<meta property=\"og:image:width\" content=\"828\" \/>\n\t<meta property=\"og:image:height\" content=\"527\" \/>\n\t<meta property=\"og:image:type\" content=\"image\/jpeg\" \/>\n<meta name=\"author\" content=\"Tarcisio Oliveira\" \/>\n<meta name=\"twitter:card\" content=\"summary_large_image\" \/>\n<meta name=\"twitter:label1\" content=\"Escrito por\" \/>\n\t<meta name=\"twitter:data1\" content=\"Tarcisio Oliveira\" \/>\n\t<meta name=\"twitter:label2\" content=\"Est. tempo de leitura\" \/>\n\t<meta name=\"twitter:data2\" content=\"2 minutos\" \/>\n<script type=\"application\/ld+json\" class=\"yoast-schema-graph\">{\"@context\":\"https:\/\/schema.org\",\"@graph\":[{\"@type\":\"Article\",\"@id\":\"https:\/\/www.pm.pb.gov.br\/portal\/2024\/08\/23\/espaco-viver-bem-do-policial-militar-apresenta-trabalho-na-2a-mostra-de-praticas-de-psicologia-paraibana\/#article\",\"isPartOf\":{\"@id\":\"https:\/\/www.pm.pb.gov.br\/portal\/2024\/08\/23\/espaco-viver-bem-do-policial-militar-apresenta-trabalho-na-2a-mostra-de-praticas-de-psicologia-paraibana\/\"},\"author\":{\"name\":\"Tarcisio Oliveira\",\"@id\":\"https:\/\/www.pm.pb.gov.br\/portal\/#\/schema\/person\/f84f56dcc78ce4357054da888b8247fd\"},\"headline\":\"Espa\u00e7o Viver Bem do Policial Militar apresenta trabalho na 2\u00aa Mostra de Pr\u00e1ticas de Psicologia Paraibana\",\"datePublished\":\"2024-08-23T12:22:00+00:00\",\"dateModified\":\"2024-08-23T17:37:15+00:00\",\"mainEntityOfPage\":{\"@id\":\"https:\/\/www.pm.pb.gov.br\/portal\/2024\/08\/23\/espaco-viver-bem-do-policial-militar-apresenta-trabalho-na-2a-mostra-de-praticas-de-psicologia-paraibana\/\"},\"wordCount\":194,\"publisher\":{\"@id\":\"https:\/\/www.pm.pb.gov.br\/portal\/#organization\"},\"articleSection\":[\"A\u00e7\u00f5es de Sa\u00fade\",\"Preven\u00e7\u00e3o\"],\"inLanguage\":\"pt-BR\"},{\"@type\":\"WebPage\",\"@id\":\"https:\/\/www.pm.pb.gov.br\/portal\/2024\/08\/23\/espaco-viver-bem-do-policial-militar-apresenta-trabalho-na-2a-mostra-de-praticas-de-psicologia-paraibana\/\",\"url\":\"https:\/\/www.pm.pb.gov.br\/portal\/2024\/08\/23\/espaco-viver-bem-do-policial-militar-apresenta-trabalho-na-2a-mostra-de-praticas-de-psicologia-paraibana\/\",\"name\":\"Espa\u00e7o Viver Bem do Policial Militar apresenta trabalho na 2\u00aa Mostra de Pr\u00e1ticas de Psicologia Paraibana - Pol\u00edcia Militar da Para\u00edba\",\"isPartOf\":{\"@id\":\"https:\/\/www.pm.pb.gov.br\/portal\/#website\"},\"datePublished\":\"2024-08-23T12:22:00+00:00\",\"dateModified\":\"2024-08-23T17:37:15+00:00\",\"description\":\"No sert\u00e3o, a unidade \u00e9 respons\u00e1vel pelo atendimento direto de policiais e familiares, em psicologia, psiquiatria, servi\u00e7o social, entre outros.\",\"breadcrumb\":{\"@id\":\"https:\/\/www.pm.pb.gov.br\/portal\/2024\/08\/23\/espaco-viver-bem-do-policial-militar-apresenta-trabalho-na-2a-mostra-de-praticas-de-psicologia-paraibana\/#breadcrumb\"},\"inLanguage\":\"pt-BR\",\"potentialAction\":[{\"@type\":\"ReadAction\",\"target\":[\"https:\/\/www.pm.pb.gov.br\/portal\/2024\/08\/23\/espaco-viver-bem-do-policial-militar-apresenta-trabalho-na-2a-mostra-de-praticas-de-psicologia-paraibana\/\"]}]},{\"@type\":\"BreadcrumbList\",\"@id\":\"https:\/\/www.pm.pb.gov.br\/portal\/2024\/08\/23\/espaco-viver-bem-do-policial-militar-apresenta-trabalho-na-2a-mostra-de-praticas-de-psicologia-paraibana\/#breadcrumb\",\"itemListElement\":[{\"@type\":\"ListItem\",\"position\":1,\"name\":\"In\u00edcio\",\"item\":\"https:\/\/www.pm.pb.gov.br\/portal\/\"},{\"@type\":\"ListItem\",\"position\":2,\"name\":\"Espa\u00e7o Viver Bem do Policial Militar apresenta trabalho na 2\u00aa Mostra de Pr\u00e1ticas de Psicologia Paraibana\"}]},{\"@type\":\"WebSite\",\"@id\":\"https:\/\/www.pm.pb.gov.br\/portal\/#website\",\"url\":\"https:\/\/www.pm.pb.gov.br\/portal\/\",\"name\":\"Pol\u00edcia Militar da Para\u00edba\",\"description\":\"\",\"publisher\":{\"@id\":\"https:\/\/www.pm.pb.gov.br\/portal\/#organization\"},\"potentialAction\":[{\"@type\":\"SearchAction\",\"target\":{\"@type\":\"EntryPoint\",\"urlTemplate\":\"https:\/\/www.pm.pb.gov.br\/portal\/?s={search_term_string}\"},\"query-input\":\"required name=search_term_string\"}],\"inLanguage\":\"pt-BR\"},{\"@type\":\"Organization\",\"@id\":\"https:\/\/www.pm.pb.gov.br\/portal\/#organization\",\"name\":\"Pol\u00edcia Militar da Para\u00edba\",\"url\":\"https:\/\/www.pm.pb.gov.br\/portal\/\",\"logo\":{\"@type\":\"ImageObject\",\"inLanguage\":\"pt-BR\",\"@id\":\"https:\/\/www.pm.pb.gov.br\/portal\/#\/schema\/logo\/image\/\",\"url\":\"https:\/\/www.pm.pb.gov.br\/portal\/wp-content\/uploads\/2025\/03\/cropped-logo-site-mag2-1.png\",\"contentUrl\":\"https:\/\/www.pm.pb.gov.br\/portal\/wp-content\/uploads\/2025\/03\/cropped-logo-site-mag2-1.png\",\"width\":320,\"height\":90,\"caption\":\"Pol\u00edcia Militar da Para\u00edba\"},\"image\":{\"@id\":\"https:\/\/www.pm.pb.gov.br\/portal\/#\/schema\/logo\/image\/\"}},{\"@type\":\"Person\",\"@id\":\"https:\/\/www.pm.pb.gov.br\/portal\/#\/schema\/person\/f84f56dcc78ce4357054da888b8247fd\",\"name\":\"Tarcisio Oliveira\",\"image\":{\"@type\":\"ImageObject\",\"inLanguage\":\"pt-BR\",\"@id\":\"https:\/\/www.pm.pb.gov.br\/portal\/#\/schema\/person\/image\/\",\"url\":\"https:\/\/secure.gravatar.com\/avatar\/72917b630b69d31cd0297507f34bac97?s=96&d=mm&r=g\",\"contentUrl\":\"https:\/\/secure.gravatar.com\/avatar\/72917b630b69d31cd0297507f34bac97?s=96&d=mm&r=g\",\"caption\":\"Tarcisio Oliveira\"},\"url\":\"https:\/\/www.pm.pb.gov.br\/portal\/author\/tarcisio\/\"}]}<\/script>\n<!-- \/ Yoast SEO plugin. -->","yoast_head_json":{"title":"Espa\u00e7o Viver Bem do Policial Militar apresenta trabalho na 2\u00aa Mostra de Pr\u00e1ticas de Psicologia Paraibana - Pol\u00edcia Militar da Para\u00edba","description":"No sert\u00e3o, a unidade \u00e9 respons\u00e1vel pelo atendimento direto de policiais e familiares, em psicologia, psiquiatria, servi\u00e7o social, entre outros.","robots":{"index":"index","follow":"follow","max-snippet":"max-snippet:-1","max-image-preview":"max-image-preview:large","max-video-preview":"max-video-preview:-1"},"canonical":"https:\/\/www.pm.pb.gov.br\/portal\/2024\/08\/23\/espaco-viver-bem-do-policial-militar-apresenta-trabalho-na-2a-mostra-de-praticas-de-psicologia-paraibana\/","og_locale":"pt_BR","og_type":"article","og_title":"Espa\u00e7o Viver Bem do Policial Militar apresenta trabalho na 2\u00aa Mostra de Pr\u00e1ticas de Psicologia Paraibana - Pol\u00edcia Militar da Para\u00edba","og_description":"No sert\u00e3o, a unidade \u00e9 respons\u00e1vel pelo atendimento direto de policiais e familiares, em psicologia, psiquiatria, servi\u00e7o social, entre outros.","og_url":"https:\/\/www.pm.pb.gov.br\/portal\/2024\/08\/23\/espaco-viver-bem-do-policial-militar-apresenta-trabalho-na-2a-mostra-de-praticas-de-psicologia-paraibana\/","og_site_name":"Pol\u00edcia Militar da Para\u00edba","article_published_time":"2024-08-23T12:22:00+00:00","article_modified_time":"2024-08-23T17:37:15+00:00","og_image":[{"width":828,"height":527,"url":"http:\/\/www.pm.pb.gov.br\/portal\/wp-content\/uploads\/2024\/08\/20240823_145759.jpg","type":"image\/jpeg"}],"author":"Tarcisio Oliveira","twitter_card":"summary_large_image","twitter_misc":{"Escrito por":"Tarcisio Oliveira","Est. tempo de leitura":"2 minutos"},"schema":{"@context":"https:\/\/schema.org","@graph":[{"@type":"Article","@id":"https:\/\/www.pm.pb.gov.br\/portal\/2024\/08\/23\/espaco-viver-bem-do-policial-militar-apresenta-trabalho-na-2a-mostra-de-praticas-de-psicologia-paraibana\/#article","isPartOf":{"@id":"https:\/\/www.pm.pb.gov.br\/portal\/2024\/08\/23\/espaco-viver-bem-do-policial-militar-apresenta-trabalho-na-2a-mostra-de-praticas-de-psicologia-paraibana\/"},"author":{"name":"Tarcisio Oliveira","@id":"https:\/\/www.pm.pb.gov.br\/portal\/#\/schema\/person\/f84f56dcc78ce4357054da888b8247fd"},"headline":"Espa\u00e7o Viver Bem do Policial Militar apresenta trabalho na 2\u00aa Mostra de Pr\u00e1ticas de Psicologia Paraibana","datePublished":"2024-08-23T12:22:00+00:00","dateModified":"2024-08-23T17:37:15+00:00","mainEntityOfPage":{"@id":"https:\/\/www.pm.pb.gov.br\/portal\/2024\/08\/23\/espaco-viver-bem-do-policial-militar-apresenta-trabalho-na-2a-mostra-de-praticas-de-psicologia-paraibana\/"},"wordCount":194,"publisher":{"@id":"https:\/\/www.pm.pb.gov.br\/portal\/#organization"},"articleSection":["A\u00e7\u00f5es de Sa\u00fade","Preven\u00e7\u00e3o"],"inLanguage":"pt-BR"},{"@type":"WebPage","@id":"https:\/\/www.pm.pb.gov.br\/portal\/2024\/08\/23\/espaco-viver-bem-do-policial-militar-apresenta-trabalho-na-2a-mostra-de-praticas-de-psicologia-paraibana\/","url":"https:\/\/www.pm.pb.gov.br\/portal\/2024\/08\/23\/espaco-viver-bem-do-policial-militar-apresenta-trabalho-na-2a-mostra-de-praticas-de-psicologia-paraibana\/","name":"Espa\u00e7o Viver Bem do Policial Militar apresenta trabalho na 2\u00aa Mostra de Pr\u00e1ticas de Psicologia Paraibana - Pol\u00edcia Militar da Para\u00edba","isPartOf":{"@id":"https:\/\/www.pm.pb.gov.br\/portal\/#website"},"datePublished":"2024-08-23T12:22:00+00:00","dateModified":"2024-08-23T17:37:15+00:00","description":"No sert\u00e3o, a unidade \u00e9 respons\u00e1vel pelo atendimento direto de policiais e familiares, em psicologia, psiquiatria, servi\u00e7o social, entre outros.","breadcrumb":{"@id":"https:\/\/www.pm.pb.gov.br\/portal\/2024\/08\/23\/espaco-viver-bem-do-policial-militar-apresenta-trabalho-na-2a-mostra-de-praticas-de-psicologia-paraibana\/#breadcrumb"},"inLanguage":"pt-BR","potentialAction":[{"@type":"ReadAction","target":["https:\/\/www.pm.pb.gov.br\/portal\/2024\/08\/23\/espaco-viver-bem-do-policial-militar-apresenta-trabalho-na-2a-mostra-de-praticas-de-psicologia-paraibana\/"]}]},{"@type":"BreadcrumbList","@id":"https:\/\/www.pm.pb.gov.br\/portal\/2024\/08\/23\/espaco-viver-bem-do-policial-militar-apresenta-trabalho-na-2a-mostra-de-praticas-de-psicologia-paraibana\/#breadcrumb","itemListElement":[{"@type":"ListItem","position":1,"name":"In\u00edcio","item":"https:\/\/www.pm.pb.gov.br\/portal\/"},{"@type":"ListItem","position":2,"name":"Espa\u00e7o Viver Bem do Policial Militar apresenta trabalho na 2\u00aa Mostra de Pr\u00e1ticas de Psicologia Paraibana"}]},{"@type":"WebSite","@id":"https:\/\/www.pm.pb.gov.br\/portal\/#website","url":"https:\/\/www.pm.pb.gov.br\/portal\/","name":"Pol\u00edcia Militar da Para\u00edba","description":"","publisher":{"@id":"https:\/\/www.pm.pb.gov.br\/portal\/#organization"},"potentialAction":[{"@type":"SearchAction","target":{"@type":"EntryPoint","urlTemplate":"https:\/\/www.pm.pb.gov.br\/portal\/?s={search_term_string}"},"query-input":"required name=search_term_string"}],"inLanguage":"pt-BR"},{"@type":"Organization","@id":"https:\/\/www.pm.pb.gov.br\/portal\/#organization","name":"Pol\u00edcia Militar da Para\u00edba","url":"https:\/\/www.pm.pb.gov.br\/portal\/","logo":{"@type":"ImageObject","inLanguage":"pt-BR","@id":"https:\/\/www.pm.pb.gov.br\/portal\/#\/schema\/logo\/image\/","url":"https:\/\/www.pm.pb.gov.br\/portal\/wp-content\/uploads\/2025\/03\/cropped-logo-site-mag2-1.png","contentUrl":"https:\/\/www.pm.pb.gov.br\/portal\/wp-content\/uploads\/2025\/03\/cropped-logo-site-mag2-1.png","width":320,"height":90,"caption":"Pol\u00edcia Militar da Para\u00edba"},"image":{"@id":"https:\/\/www.pm.pb.gov.br\/portal\/#\/schema\/logo\/image\/"}},{"@type":"Person","@id":"https:\/\/www.pm.pb.gov.br\/portal\/#\/schema\/person\/f84f56dcc78ce4357054da888b8247fd","name":"Tarcisio Oliveira","image":{"@type":"ImageObject","inLanguage":"pt-BR","@id":"https:\/\/www.pm.pb.gov.br\/portal\/#\/schema\/person\/image\/","url":"https:\/\/secure.gravatar.com\/avatar\/72917b630b69d31cd0297507f34bac97?s=96&d=mm&r=g","contentUrl":"https:\/\/secure.gravatar.com\/avatar\/72917b630b69d31cd0297507f34bac97?s=96&d=mm&r=g","caption":"Tarcisio Oliveira"},"url":"https:\/\/www.pm.pb.gov.br\/portal\/author\/tarcisio\/"}]}},"_links":{"self":[{"href":"https:\/\/www.pm.pb.gov.br\/portal\/wp-json\/wp\/v2\/posts\/923754"}],"collection":[{"href":"https:\/\/www.pm.pb.gov.br\/portal\/wp-json\/wp\/v2\/posts"}],"about":[{"href":"https:\/\/www.pm.pb.gov.br\/portal\/wp-json\/wp\/v2\/types\/post"}],"author":[{"embeddable":true,"href":"https:\/\/www.pm.pb.gov.br\/portal\/wp-json\/wp\/v2\/users\/12"}],"replies":[{"embeddable":true,"href":"https:\/\/www.pm.pb.gov.br\/portal\/wp-json\/wp\/v2\/comments?post=923754"}],"version-history":[{"count":2,"href":"https:\/\/www.pm.pb.gov.br\/portal\/wp-json\/wp\/v2\/posts\/923754\/revisions"}],"predecessor-version":[{"id":923758,"href":"https:\/\/www.pm.pb.gov.br\/portal\/wp-json\/wp\/v2\/posts\/923754\/revisions\/923758"}],"wp:featuredmedia":[{"embeddable":true,"href":"https:\/\/www.pm.pb.gov.br\/portal\/wp-json\/wp\/v2\/media\/923756"}],"wp:attachment":[{"href":"https:\/\/www.pm.pb.gov.br\/portal\/wp-json\/wp\/v2\/media?parent=923754"}],"wp:term":[{"taxonomy":"category","embeddable":true,"href":"https:\/\/www.pm.pb.gov.br\/portal\/wp-json\/wp\/v2\/categories?post=923754"},{"taxonomy":"post_tag","embeddable":true,"href":"https:\/\/www.pm.pb.gov.br\/portal\/wp-json\/wp\/v2\/tags?post=923754"}],"curies":[{"name":"wp","href":"https:\/\/api.w.org\/{rel}","templated":true}]}}