{"id":923663,"date":"2024-08-15T08:33:18","date_gmt":"2024-08-15T11:33:18","guid":{"rendered":"https:\/\/www.pm.pb.gov.br\/portal\/?p=923663"},"modified":"2024-08-15T08:40:10","modified_gmt":"2024-08-15T11:40:10","slug":"operacao-dollos-forcas-de-seguranca-miram-organizacoes-criminosas-e-cumprem-mandados-no-litoral-sul-nesta-quinta-feira-15","status":"publish","type":"post","link":"https:\/\/www.pm.pb.gov.br\/portal\/2024\/08\/15\/operacao-dollos-forcas-de-seguranca-miram-organizacoes-criminosas-e-cumprem-mandados-no-litoral-sul-nesta-quinta-feira-15\/","title":{"rendered":"Opera\u00e7\u00e3o Dollos: For\u00e7as de Seguran\u00e7a miram organiza\u00e7\u00f5es criminosas e cumprem mandados no litoral sul nesta quinta-feira (15)"},"content":{"rendered":"\n<p>As For\u00e7as de Seguran\u00e7a deflagraram, na manh\u00e3 desta quinta-feira (15), a Opera\u00e7\u00e3o Dollos, que mira organiza\u00e7\u00f5es criminosas, tr\u00e1fico de drogas e homic\u00eddios no litoral sul da Para\u00edba (foto acima ilustrativa). As a\u00e7\u00f5es envolveram policiais militares, civis e bombeiros.<\/p>\n<p>De acordo com o comando da 1\u00aa Companhia Independente de Pol\u00edcia Militar, quatro mandados de pris\u00e3o foram cumpridos. Os indiv\u00edduos detidos foram conduzidos para Delegacia de Pol\u00edcia Civil em Alhandra para serem lavrados os procedimentos cab\u00edveis.<\/p>\n<p><em>Atualizado \u00e0s 09h04.<\/em><\/p>\n\n\n","protected":false},"excerpt":{"rendered":"<p>As For\u00e7as de Seguran\u00e7a deflagraram, na manh\u00e3 desta quinta-feira (15), a Opera\u00e7\u00e3o Dollos, que mira organiza\u00e7\u00f5es criminosas, tr\u00e1fico de drogas<\/p>\n","protected":false},"author":12,"featured_media":919756,"comment_status":"closed","ping_status":"closed","sticky":false,"template":"","format":"standard","meta":{"_exactmetrics_skip_tracking":false,"_exactmetrics_sitenote_active":false,"_exactmetrics_sitenote_note":"","_exactmetrics_sitenote_category":0,"footnotes":""},"categories":[4],"tags":[],"yoast_head":"<!-- This site is optimized with the Yoast SEO plugin v22.0 - https:\/\/yoast.com\/wordpress\/plugins\/seo\/ -->\n<title>Opera\u00e7\u00e3o Dollos: For\u00e7as de Seguran\u00e7a miram organiza\u00e7\u00f5es criminosas e cumprem mandados no litoral sul nesta quinta-feira (15) - Pol\u00edcia Militar da Para\u00edba<\/title>\n<meta name=\"description\" content=\"Quatro mandados de pris\u00e3o foram cumpridos e os acusados foram encaminhados para a delegacia em Alhandra.\" \/>\n<meta name=\"robots\" content=\"index, follow, max-snippet:-1, max-image-preview:large, max-video-preview:-1\" \/>\n<link rel=\"canonical\" href=\"https:\/\/www.pm.pb.gov.br\/portal\/2024\/08\/15\/operacao-dollos-forcas-de-seguranca-miram-organizacoes-criminosas-e-cumprem-mandados-no-litoral-sul-nesta-quinta-feira-15\/\" \/>\n<meta property=\"og:locale\" content=\"pt_BR\" \/>\n<meta property=\"og:type\" content=\"article\" \/>\n<meta property=\"og:title\" content=\"Opera\u00e7\u00e3o Dollos: For\u00e7as de Seguran\u00e7a miram organiza\u00e7\u00f5es criminosas e cumprem mandados no litoral sul nesta quinta-feira (15) - Pol\u00edcia Militar da Para\u00edba\" \/>\n<meta property=\"og:description\" content=\"Quatro mandados de pris\u00e3o foram cumpridos e os acusados foram encaminhados para a delegacia em Alhandra.\" \/>\n<meta property=\"og:url\" content=\"https:\/\/www.pm.pb.gov.br\/portal\/2024\/08\/15\/operacao-dollos-forcas-de-seguranca-miram-organizacoes-criminosas-e-cumprem-mandados-no-litoral-sul-nesta-quinta-feira-15\/\" \/>\n<meta property=\"og:site_name\" content=\"Pol\u00edcia Militar da Para\u00edba\" \/>\n<meta property=\"article:published_time\" content=\"2024-08-15T11:33:18+00:00\" \/>\n<meta property=\"article:modified_time\" content=\"2024-08-15T11:40:10+00:00\" \/>\n<meta property=\"og:image\" content=\"http:\/\/www.pm.pb.gov.br\/portal\/wp-content\/uploads\/2023\/12\/1cipm1.jpeg\" \/>\n\t<meta property=\"og:image:width\" content=\"800\" \/>\n\t<meta property=\"og:image:height\" content=\"445\" \/>\n\t<meta property=\"og:image:type\" content=\"image\/jpeg\" \/>\n<meta name=\"author\" content=\"Tarcisio Oliveira\" \/>\n<meta name=\"twitter:card\" content=\"summary_large_image\" \/>\n<meta name=\"twitter:label1\" content=\"Escrito por\" \/>\n\t<meta name=\"twitter:data1\" content=\"Tarcisio Oliveira\" \/>\n\t<meta name=\"twitter:label2\" content=\"Est. tempo de leitura\" \/>\n\t<meta name=\"twitter:data2\" content=\"1 minuto\" \/>\n<script type=\"application\/ld+json\" class=\"yoast-schema-graph\">{\"@context\":\"https:\/\/schema.org\",\"@graph\":[{\"@type\":\"Article\",\"@id\":\"https:\/\/www.pm.pb.gov.br\/portal\/2024\/08\/15\/operacao-dollos-forcas-de-seguranca-miram-organizacoes-criminosas-e-cumprem-mandados-no-litoral-sul-nesta-quinta-feira-15\/#article\",\"isPartOf\":{\"@id\":\"https:\/\/www.pm.pb.gov.br\/portal\/2024\/08\/15\/operacao-dollos-forcas-de-seguranca-miram-organizacoes-criminosas-e-cumprem-mandados-no-litoral-sul-nesta-quinta-feira-15\/\"},\"author\":{\"name\":\"Tarcisio Oliveira\",\"@id\":\"https:\/\/www.pm.pb.gov.br\/portal\/#\/schema\/person\/f84f56dcc78ce4357054da888b8247fd\"},\"headline\":\"Opera\u00e7\u00e3o Dollos: For\u00e7as de Seguran\u00e7a miram organiza\u00e7\u00f5es criminosas e cumprem mandados no litoral sul nesta quinta-feira (15)\",\"datePublished\":\"2024-08-15T11:33:18+00:00\",\"dateModified\":\"2024-08-15T11:40:10+00:00\",\"mainEntityOfPage\":{\"@id\":\"https:\/\/www.pm.pb.gov.br\/portal\/2024\/08\/15\/operacao-dollos-forcas-de-seguranca-miram-organizacoes-criminosas-e-cumprem-mandados-no-litoral-sul-nesta-quinta-feira-15\/\"},\"wordCount\":108,\"publisher\":{\"@id\":\"https:\/\/www.pm.pb.gov.br\/portal\/#organization\"},\"articleSection\":[\"A\u00e7\u00f5es Policiais\"],\"inLanguage\":\"pt-BR\"},{\"@type\":\"WebPage\",\"@id\":\"https:\/\/www.pm.pb.gov.br\/portal\/2024\/08\/15\/operacao-dollos-forcas-de-seguranca-miram-organizacoes-criminosas-e-cumprem-mandados-no-litoral-sul-nesta-quinta-feira-15\/\",\"url\":\"https:\/\/www.pm.pb.gov.br\/portal\/2024\/08\/15\/operacao-dollos-forcas-de-seguranca-miram-organizacoes-criminosas-e-cumprem-mandados-no-litoral-sul-nesta-quinta-feira-15\/\",\"name\":\"Opera\u00e7\u00e3o Dollos: For\u00e7as de Seguran\u00e7a miram organiza\u00e7\u00f5es criminosas e cumprem mandados no litoral sul nesta quinta-feira (15) - Pol\u00edcia Militar da Para\u00edba\",\"isPartOf\":{\"@id\":\"https:\/\/www.pm.pb.gov.br\/portal\/#website\"},\"datePublished\":\"2024-08-15T11:33:18+00:00\",\"dateModified\":\"2024-08-15T11:40:10+00:00\",\"description\":\"Quatro mandados de pris\u00e3o foram cumpridos e os acusados foram encaminhados para a delegacia em Alhandra.\",\"breadcrumb\":{\"@id\":\"https:\/\/www.pm.pb.gov.br\/portal\/2024\/08\/15\/operacao-dollos-forcas-de-seguranca-miram-organizacoes-criminosas-e-cumprem-mandados-no-litoral-sul-nesta-quinta-feira-15\/#breadcrumb\"},\"inLanguage\":\"pt-BR\",\"potentialAction\":[{\"@type\":\"ReadAction\",\"target\":[\"https:\/\/www.pm.pb.gov.br\/portal\/2024\/08\/15\/operacao-dollos-forcas-de-seguranca-miram-organizacoes-criminosas-e-cumprem-mandados-no-litoral-sul-nesta-quinta-feira-15\/\"]}]},{\"@type\":\"BreadcrumbList\",\"@id\":\"https:\/\/www.pm.pb.gov.br\/portal\/2024\/08\/15\/operacao-dollos-forcas-de-seguranca-miram-organizacoes-criminosas-e-cumprem-mandados-no-litoral-sul-nesta-quinta-feira-15\/#breadcrumb\",\"itemListElement\":[{\"@type\":\"ListItem\",\"position\":1,\"name\":\"In\u00edcio\",\"item\":\"https:\/\/www.pm.pb.gov.br\/portal\/\"},{\"@type\":\"ListItem\",\"position\":2,\"name\":\"Opera\u00e7\u00e3o Dollos: For\u00e7as de Seguran\u00e7a miram organiza\u00e7\u00f5es criminosas e cumprem mandados no litoral sul nesta quinta-feira (15)\"}]},{\"@type\":\"WebSite\",\"@id\":\"https:\/\/www.pm.pb.gov.br\/portal\/#website\",\"url\":\"https:\/\/www.pm.pb.gov.br\/portal\/\",\"name\":\"Pol\u00edcia Militar da Para\u00edba\",\"description\":\"\",\"publisher\":{\"@id\":\"https:\/\/www.pm.pb.gov.br\/portal\/#organization\"},\"potentialAction\":[{\"@type\":\"SearchAction\",\"target\":{\"@type\":\"EntryPoint\",\"urlTemplate\":\"https:\/\/www.pm.pb.gov.br\/portal\/?s={search_term_string}\"},\"query-input\":\"required name=search_term_string\"}],\"inLanguage\":\"pt-BR\"},{\"@type\":\"Organization\",\"@id\":\"https:\/\/www.pm.pb.gov.br\/portal\/#organization\",\"name\":\"Pol\u00edcia Militar da Para\u00edba\",\"url\":\"https:\/\/www.pm.pb.gov.br\/portal\/\",\"logo\":{\"@type\":\"ImageObject\",\"inLanguage\":\"pt-BR\",\"@id\":\"https:\/\/www.pm.pb.gov.br\/portal\/#\/schema\/logo\/image\/\",\"url\":\"https:\/\/www.pm.pb.gov.br\/portal\/wp-content\/uploads\/2025\/03\/cropped-logo-site-mag2-1.png\",\"contentUrl\":\"https:\/\/www.pm.pb.gov.br\/portal\/wp-content\/uploads\/2025\/03\/cropped-logo-site-mag2-1.png\",\"width\":320,\"height\":90,\"caption\":\"Pol\u00edcia Militar da Para\u00edba\"},\"image\":{\"@id\":\"https:\/\/www.pm.pb.gov.br\/portal\/#\/schema\/logo\/image\/\"}},{\"@type\":\"Person\",\"@id\":\"https:\/\/www.pm.pb.gov.br\/portal\/#\/schema\/person\/f84f56dcc78ce4357054da888b8247fd\",\"name\":\"Tarcisio Oliveira\",\"image\":{\"@type\":\"ImageObject\",\"inLanguage\":\"pt-BR\",\"@id\":\"https:\/\/www.pm.pb.gov.br\/portal\/#\/schema\/person\/image\/\",\"url\":\"https:\/\/secure.gravatar.com\/avatar\/72917b630b69d31cd0297507f34bac97?s=96&d=mm&r=g\",\"contentUrl\":\"https:\/\/secure.gravatar.com\/avatar\/72917b630b69d31cd0297507f34bac97?s=96&d=mm&r=g\",\"caption\":\"Tarcisio Oliveira\"},\"url\":\"https:\/\/www.pm.pb.gov.br\/portal\/author\/tarcisio\/\"}]}<\/script>\n<!-- \/ Yoast SEO plugin. -->","yoast_head_json":{"title":"Opera\u00e7\u00e3o Dollos: For\u00e7as de Seguran\u00e7a miram organiza\u00e7\u00f5es criminosas e cumprem mandados no litoral sul nesta quinta-feira (15) - Pol\u00edcia Militar da Para\u00edba","description":"Quatro mandados de pris\u00e3o foram cumpridos e os acusados foram encaminhados para a delegacia em Alhandra.","robots":{"index":"index","follow":"follow","max-snippet":"max-snippet:-1","max-image-preview":"max-image-preview:large","max-video-preview":"max-video-preview:-1"},"canonical":"https:\/\/www.pm.pb.gov.br\/portal\/2024\/08\/15\/operacao-dollos-forcas-de-seguranca-miram-organizacoes-criminosas-e-cumprem-mandados-no-litoral-sul-nesta-quinta-feira-15\/","og_locale":"pt_BR","og_type":"article","og_title":"Opera\u00e7\u00e3o Dollos: For\u00e7as de Seguran\u00e7a miram organiza\u00e7\u00f5es criminosas e cumprem mandados no litoral sul nesta quinta-feira (15) - Pol\u00edcia Militar da Para\u00edba","og_description":"Quatro mandados de pris\u00e3o foram cumpridos e os acusados foram encaminhados para a delegacia em Alhandra.","og_url":"https:\/\/www.pm.pb.gov.br\/portal\/2024\/08\/15\/operacao-dollos-forcas-de-seguranca-miram-organizacoes-criminosas-e-cumprem-mandados-no-litoral-sul-nesta-quinta-feira-15\/","og_site_name":"Pol\u00edcia Militar da Para\u00edba","article_published_time":"2024-08-15T11:33:18+00:00","article_modified_time":"2024-08-15T11:40:10+00:00","og_image":[{"width":800,"height":445,"url":"http:\/\/www.pm.pb.gov.br\/portal\/wp-content\/uploads\/2023\/12\/1cipm1.jpeg","type":"image\/jpeg"}],"author":"Tarcisio Oliveira","twitter_card":"summary_large_image","twitter_misc":{"Escrito por":"Tarcisio Oliveira","Est. tempo de leitura":"1 minuto"},"schema":{"@context":"https:\/\/schema.org","@graph":[{"@type":"Article","@id":"https:\/\/www.pm.pb.gov.br\/portal\/2024\/08\/15\/operacao-dollos-forcas-de-seguranca-miram-organizacoes-criminosas-e-cumprem-mandados-no-litoral-sul-nesta-quinta-feira-15\/#article","isPartOf":{"@id":"https:\/\/www.pm.pb.gov.br\/portal\/2024\/08\/15\/operacao-dollos-forcas-de-seguranca-miram-organizacoes-criminosas-e-cumprem-mandados-no-litoral-sul-nesta-quinta-feira-15\/"},"author":{"name":"Tarcisio Oliveira","@id":"https:\/\/www.pm.pb.gov.br\/portal\/#\/schema\/person\/f84f56dcc78ce4357054da888b8247fd"},"headline":"Opera\u00e7\u00e3o Dollos: For\u00e7as de Seguran\u00e7a miram organiza\u00e7\u00f5es criminosas e cumprem mandados no litoral sul nesta quinta-feira (15)","datePublished":"2024-08-15T11:33:18+00:00","dateModified":"2024-08-15T11:40:10+00:00","mainEntityOfPage":{"@id":"https:\/\/www.pm.pb.gov.br\/portal\/2024\/08\/15\/operacao-dollos-forcas-de-seguranca-miram-organizacoes-criminosas-e-cumprem-mandados-no-litoral-sul-nesta-quinta-feira-15\/"},"wordCount":108,"publisher":{"@id":"https:\/\/www.pm.pb.gov.br\/portal\/#organization"},"articleSection":["A\u00e7\u00f5es Policiais"],"inLanguage":"pt-BR"},{"@type":"WebPage","@id":"https:\/\/www.pm.pb.gov.br\/portal\/2024\/08\/15\/operacao-dollos-forcas-de-seguranca-miram-organizacoes-criminosas-e-cumprem-mandados-no-litoral-sul-nesta-quinta-feira-15\/","url":"https:\/\/www.pm.pb.gov.br\/portal\/2024\/08\/15\/operacao-dollos-forcas-de-seguranca-miram-organizacoes-criminosas-e-cumprem-mandados-no-litoral-sul-nesta-quinta-feira-15\/","name":"Opera\u00e7\u00e3o Dollos: For\u00e7as de Seguran\u00e7a miram organiza\u00e7\u00f5es criminosas e cumprem mandados no litoral sul nesta quinta-feira (15) - Pol\u00edcia Militar da Para\u00edba","isPartOf":{"@id":"https:\/\/www.pm.pb.gov.br\/portal\/#website"},"datePublished":"2024-08-15T11:33:18+00:00","dateModified":"2024-08-15T11:40:10+00:00","description":"Quatro mandados de pris\u00e3o foram cumpridos e os acusados foram encaminhados para a delegacia em Alhandra.","breadcrumb":{"@id":"https:\/\/www.pm.pb.gov.br\/portal\/2024\/08\/15\/operacao-dollos-forcas-de-seguranca-miram-organizacoes-criminosas-e-cumprem-mandados-no-litoral-sul-nesta-quinta-feira-15\/#breadcrumb"},"inLanguage":"pt-BR","potentialAction":[{"@type":"ReadAction","target":["https:\/\/www.pm.pb.gov.br\/portal\/2024\/08\/15\/operacao-dollos-forcas-de-seguranca-miram-organizacoes-criminosas-e-cumprem-mandados-no-litoral-sul-nesta-quinta-feira-15\/"]}]},{"@type":"BreadcrumbList","@id":"https:\/\/www.pm.pb.gov.br\/portal\/2024\/08\/15\/operacao-dollos-forcas-de-seguranca-miram-organizacoes-criminosas-e-cumprem-mandados-no-litoral-sul-nesta-quinta-feira-15\/#breadcrumb","itemListElement":[{"@type":"ListItem","position":1,"name":"In\u00edcio","item":"https:\/\/www.pm.pb.gov.br\/portal\/"},{"@type":"ListItem","position":2,"name":"Opera\u00e7\u00e3o Dollos: For\u00e7as de Seguran\u00e7a miram organiza\u00e7\u00f5es criminosas e cumprem mandados no litoral sul nesta quinta-feira (15)"}]},{"@type":"WebSite","@id":"https:\/\/www.pm.pb.gov.br\/portal\/#website","url":"https:\/\/www.pm.pb.gov.br\/portal\/","name":"Pol\u00edcia Militar da Para\u00edba","description":"","publisher":{"@id":"https:\/\/www.pm.pb.gov.br\/portal\/#organization"},"potentialAction":[{"@type":"SearchAction","target":{"@type":"EntryPoint","urlTemplate":"https:\/\/www.pm.pb.gov.br\/portal\/?s={search_term_string}"},"query-input":"required name=search_term_string"}],"inLanguage":"pt-BR"},{"@type":"Organization","@id":"https:\/\/www.pm.pb.gov.br\/portal\/#organization","name":"Pol\u00edcia Militar da Para\u00edba","url":"https:\/\/www.pm.pb.gov.br\/portal\/","logo":{"@type":"ImageObject","inLanguage":"pt-BR","@id":"https:\/\/www.pm.pb.gov.br\/portal\/#\/schema\/logo\/image\/","url":"https:\/\/www.pm.pb.gov.br\/portal\/wp-content\/uploads\/2025\/03\/cropped-logo-site-mag2-1.png","contentUrl":"https:\/\/www.pm.pb.gov.br\/portal\/wp-content\/uploads\/2025\/03\/cropped-logo-site-mag2-1.png","width":320,"height":90,"caption":"Pol\u00edcia Militar da Para\u00edba"},"image":{"@id":"https:\/\/www.pm.pb.gov.br\/portal\/#\/schema\/logo\/image\/"}},{"@type":"Person","@id":"https:\/\/www.pm.pb.gov.br\/portal\/#\/schema\/person\/f84f56dcc78ce4357054da888b8247fd","name":"Tarcisio Oliveira","image":{"@type":"ImageObject","inLanguage":"pt-BR","@id":"https:\/\/www.pm.pb.gov.br\/portal\/#\/schema\/person\/image\/","url":"https:\/\/secure.gravatar.com\/avatar\/72917b630b69d31cd0297507f34bac97?s=96&d=mm&r=g","contentUrl":"https:\/\/secure.gravatar.com\/avatar\/72917b630b69d31cd0297507f34bac97?s=96&d=mm&r=g","caption":"Tarcisio Oliveira"},"url":"https:\/\/www.pm.pb.gov.br\/portal\/author\/tarcisio\/"}]}},"_links":{"self":[{"href":"https:\/\/www.pm.pb.gov.br\/portal\/wp-json\/wp\/v2\/posts\/923663"}],"collection":[{"href":"https:\/\/www.pm.pb.gov.br\/portal\/wp-json\/wp\/v2\/posts"}],"about":[{"href":"https:\/\/www.pm.pb.gov.br\/portal\/wp-json\/wp\/v2\/types\/post"}],"author":[{"embeddable":true,"href":"https:\/\/www.pm.pb.gov.br\/portal\/wp-json\/wp\/v2\/users\/12"}],"replies":[{"embeddable":true,"href":"https:\/\/www.pm.pb.gov.br\/portal\/wp-json\/wp\/v2\/comments?post=923663"}],"version-history":[{"count":2,"href":"https:\/\/www.pm.pb.gov.br\/portal\/wp-json\/wp\/v2\/posts\/923663\/revisions"}],"predecessor-version":[{"id":923665,"href":"https:\/\/www.pm.pb.gov.br\/portal\/wp-json\/wp\/v2\/posts\/923663\/revisions\/923665"}],"wp:featuredmedia":[{"embeddable":true,"href":"https:\/\/www.pm.pb.gov.br\/portal\/wp-json\/wp\/v2\/media\/919756"}],"wp:attachment":[{"href":"https:\/\/www.pm.pb.gov.br\/portal\/wp-json\/wp\/v2\/media?parent=923663"}],"wp:term":[{"taxonomy":"category","embeddable":true,"href":"https:\/\/www.pm.pb.gov.br\/portal\/wp-json\/wp\/v2\/categories?post=923663"},{"taxonomy":"post_tag","embeddable":true,"href":"https:\/\/www.pm.pb.gov.br\/portal\/wp-json\/wp\/v2\/tags?post=923663"}],"curies":[{"name":"wp","href":"https:\/\/api.w.org\/{rel}","templated":true}]}}