{"id":923650,"date":"2024-08-14T14:44:55","date_gmt":"2024-08-14T17:44:55","guid":{"rendered":"https:\/\/www.pm.pb.gov.br\/portal\/?p=923650"},"modified":"2024-08-14T14:44:57","modified_gmt":"2024-08-14T17:44:57","slug":"briga-de-transito-acaba-com-homem-preso-e-arma-apreendida-no-bairro-do-bessa","status":"publish","type":"post","link":"https:\/\/www.pm.pb.gov.br\/portal\/2024\/08\/14\/briga-de-transito-acaba-com-homem-preso-e-arma-apreendida-no-bairro-do-bessa\/","title":{"rendered":"Briga de tr\u00e2nsito acaba com homem preso e arma apreendida no bairro do Bessa"},"content":{"rendered":"Equipes do Batalh\u00e3o de Policiamento Tur\u00edstico (BPETur) prenderam um homem de 29 anos e apreenderam com ele uma pistola, na tarde desta quarta-feira (14), ap\u00f3s uma briga de tr\u00e2nsito que o acusado teria se envolvido, no bairro do Bessa, em Jo\u00e3o Pessoa.<br \/><br \/>Uma viatura que refor\u00e7ava as rondas no local foi acionada pela v\u00edtima, que estava em um carro, informando as caracter\u00edsticas do outro carro cujo o motorista tinha apontado uma arma, ap\u00f3s a discuss\u00e3o de tr\u00e2nsito. Os policiais localizaram o ve\u00edculo, fizeram a abordagem e apreenderam a pistola. O caso foi levado para a Cidade da Pol\u00edcia Civil, no Geisel.","protected":false},"excerpt":{"rendered":"<p>Equipes do Batalh\u00e3o de Policiamento Tur\u00edstico (BPETur) prenderam um homem de 29 anos e apreenderam com ele uma pistola, na<\/p>\n","protected":false},"author":18,"featured_media":923657,"comment_status":"closed","ping_status":"closed","sticky":false,"template":"","format":"standard","meta":{"_exactmetrics_skip_tracking":false,"_exactmetrics_sitenote_active":false,"_exactmetrics_sitenote_note":"","_exactmetrics_sitenote_category":0,"footnotes":""},"categories":[4],"tags":[],"yoast_head":"<!-- This site is optimized with the Yoast SEO plugin v22.0 - https:\/\/yoast.com\/wordpress\/plugins\/seo\/ -->\n<title>Briga de tr\u00e2nsito acaba com homem preso e arma apreendida no bairro do Bessa - Pol\u00edcia Militar da Para\u00edba<\/title>\n<meta name=\"robots\" content=\"index, follow, max-snippet:-1, max-image-preview:large, max-video-preview:-1\" \/>\n<link rel=\"canonical\" href=\"https:\/\/www.pm.pb.gov.br\/portal\/2024\/08\/14\/briga-de-transito-acaba-com-homem-preso-e-arma-apreendida-no-bairro-do-bessa\/\" \/>\n<meta property=\"og:locale\" content=\"pt_BR\" \/>\n<meta property=\"og:type\" content=\"article\" \/>\n<meta property=\"og:title\" content=\"Briga de tr\u00e2nsito acaba com homem preso e arma apreendida no bairro do Bessa - Pol\u00edcia Militar da Para\u00edba\" \/>\n<meta property=\"og:description\" content=\"Equipes do Batalh\u00e3o de Policiamento Tur\u00edstico (BPETur) prenderam um homem de 29 anos e apreenderam com ele uma pistola, na\" \/>\n<meta property=\"og:url\" content=\"https:\/\/www.pm.pb.gov.br\/portal\/2024\/08\/14\/briga-de-transito-acaba-com-homem-preso-e-arma-apreendida-no-bairro-do-bessa\/\" \/>\n<meta property=\"og:site_name\" content=\"Pol\u00edcia Militar da Para\u00edba\" \/>\n<meta property=\"article:published_time\" content=\"2024-08-14T17:44:55+00:00\" \/>\n<meta property=\"article:modified_time\" content=\"2024-08-14T17:44:57+00:00\" \/>\n<meta property=\"og:image\" content=\"http:\/\/www.pm.pb.gov.br\/portal\/wp-content\/uploads\/2024\/08\/WhatsApp-Image-2024-08-14-at-2.56.50-PM-scaled.jpeg\" \/>\n\t<meta property=\"og:image:width\" content=\"1920\" \/>\n\t<meta property=\"og:image:height\" content=\"2560\" \/>\n\t<meta property=\"og:image:type\" content=\"image\/jpeg\" \/>\n<meta name=\"author\" content=\"Luiz Duarte\" \/>\n<meta name=\"twitter:card\" content=\"summary_large_image\" \/>\n<meta name=\"twitter:label1\" content=\"Escrito por\" \/>\n\t<meta name=\"twitter:data1\" content=\"Luiz Duarte\" \/>\n\t<meta name=\"twitter:label2\" content=\"Est. tempo de leitura\" \/>\n\t<meta name=\"twitter:data2\" content=\"1 minuto\" \/>\n<script type=\"application\/ld+json\" class=\"yoast-schema-graph\">{\"@context\":\"https:\/\/schema.org\",\"@graph\":[{\"@type\":\"Article\",\"@id\":\"https:\/\/www.pm.pb.gov.br\/portal\/2024\/08\/14\/briga-de-transito-acaba-com-homem-preso-e-arma-apreendida-no-bairro-do-bessa\/#article\",\"isPartOf\":{\"@id\":\"https:\/\/www.pm.pb.gov.br\/portal\/2024\/08\/14\/briga-de-transito-acaba-com-homem-preso-e-arma-apreendida-no-bairro-do-bessa\/\"},\"author\":{\"name\":\"Luiz Duarte\",\"@id\":\"https:\/\/www.pm.pb.gov.br\/portal\/#\/schema\/person\/89dd009e2523c97adf8def1d6cf90ca1\"},\"headline\":\"Briga de tr\u00e2nsito acaba com homem preso e arma apreendida no bairro do Bessa\",\"datePublished\":\"2024-08-14T17:44:55+00:00\",\"dateModified\":\"2024-08-14T17:44:57+00:00\",\"mainEntityOfPage\":{\"@id\":\"https:\/\/www.pm.pb.gov.br\/portal\/2024\/08\/14\/briga-de-transito-acaba-com-homem-preso-e-arma-apreendida-no-bairro-do-bessa\/\"},\"wordCount\":127,\"publisher\":{\"@id\":\"https:\/\/www.pm.pb.gov.br\/portal\/#organization\"},\"articleSection\":[\"A\u00e7\u00f5es Policiais\"],\"inLanguage\":\"pt-BR\"},{\"@type\":\"WebPage\",\"@id\":\"https:\/\/www.pm.pb.gov.br\/portal\/2024\/08\/14\/briga-de-transito-acaba-com-homem-preso-e-arma-apreendida-no-bairro-do-bessa\/\",\"url\":\"https:\/\/www.pm.pb.gov.br\/portal\/2024\/08\/14\/briga-de-transito-acaba-com-homem-preso-e-arma-apreendida-no-bairro-do-bessa\/\",\"name\":\"Briga de tr\u00e2nsito acaba com homem preso e arma apreendida no bairro do Bessa - Pol\u00edcia Militar da Para\u00edba\",\"isPartOf\":{\"@id\":\"https:\/\/www.pm.pb.gov.br\/portal\/#website\"},\"datePublished\":\"2024-08-14T17:44:55+00:00\",\"dateModified\":\"2024-08-14T17:44:57+00:00\",\"breadcrumb\":{\"@id\":\"https:\/\/www.pm.pb.gov.br\/portal\/2024\/08\/14\/briga-de-transito-acaba-com-homem-preso-e-arma-apreendida-no-bairro-do-bessa\/#breadcrumb\"},\"inLanguage\":\"pt-BR\",\"potentialAction\":[{\"@type\":\"ReadAction\",\"target\":[\"https:\/\/www.pm.pb.gov.br\/portal\/2024\/08\/14\/briga-de-transito-acaba-com-homem-preso-e-arma-apreendida-no-bairro-do-bessa\/\"]}]},{\"@type\":\"BreadcrumbList\",\"@id\":\"https:\/\/www.pm.pb.gov.br\/portal\/2024\/08\/14\/briga-de-transito-acaba-com-homem-preso-e-arma-apreendida-no-bairro-do-bessa\/#breadcrumb\",\"itemListElement\":[{\"@type\":\"ListItem\",\"position\":1,\"name\":\"In\u00edcio\",\"item\":\"https:\/\/www.pm.pb.gov.br\/portal\/\"},{\"@type\":\"ListItem\",\"position\":2,\"name\":\"Briga de tr\u00e2nsito acaba com homem preso e arma apreendida no bairro do Bessa\"}]},{\"@type\":\"WebSite\",\"@id\":\"https:\/\/www.pm.pb.gov.br\/portal\/#website\",\"url\":\"https:\/\/www.pm.pb.gov.br\/portal\/\",\"name\":\"Pol\u00edcia Militar da Para\u00edba\",\"description\":\"\",\"publisher\":{\"@id\":\"https:\/\/www.pm.pb.gov.br\/portal\/#organization\"},\"potentialAction\":[{\"@type\":\"SearchAction\",\"target\":{\"@type\":\"EntryPoint\",\"urlTemplate\":\"https:\/\/www.pm.pb.gov.br\/portal\/?s={search_term_string}\"},\"query-input\":\"required name=search_term_string\"}],\"inLanguage\":\"pt-BR\"},{\"@type\":\"Organization\",\"@id\":\"https:\/\/www.pm.pb.gov.br\/portal\/#organization\",\"name\":\"Pol\u00edcia Militar da Para\u00edba\",\"url\":\"https:\/\/www.pm.pb.gov.br\/portal\/\",\"logo\":{\"@type\":\"ImageObject\",\"inLanguage\":\"pt-BR\",\"@id\":\"https:\/\/www.pm.pb.gov.br\/portal\/#\/schema\/logo\/image\/\",\"url\":\"https:\/\/www.pm.pb.gov.br\/portal\/wp-content\/uploads\/2025\/03\/cropped-logo-site-mag2-1.png\",\"contentUrl\":\"https:\/\/www.pm.pb.gov.br\/portal\/wp-content\/uploads\/2025\/03\/cropped-logo-site-mag2-1.png\",\"width\":320,\"height\":90,\"caption\":\"Pol\u00edcia Militar da Para\u00edba\"},\"image\":{\"@id\":\"https:\/\/www.pm.pb.gov.br\/portal\/#\/schema\/logo\/image\/\"}},{\"@type\":\"Person\",\"@id\":\"https:\/\/www.pm.pb.gov.br\/portal\/#\/schema\/person\/89dd009e2523c97adf8def1d6cf90ca1\",\"name\":\"Luiz Duarte\",\"image\":{\"@type\":\"ImageObject\",\"inLanguage\":\"pt-BR\",\"@id\":\"https:\/\/www.pm.pb.gov.br\/portal\/#\/schema\/person\/image\/\",\"url\":\"https:\/\/secure.gravatar.com\/avatar\/ce5539b97246ef4d24dd039a3f64145b?s=96&d=mm&r=g\",\"contentUrl\":\"https:\/\/secure.gravatar.com\/avatar\/ce5539b97246ef4d24dd039a3f64145b?s=96&d=mm&r=g\",\"caption\":\"Luiz Duarte\"},\"url\":\"https:\/\/www.pm.pb.gov.br\/portal\/author\/luiz\/\"}]}<\/script>\n<!-- \/ Yoast SEO plugin. -->","yoast_head_json":{"title":"Briga de tr\u00e2nsito acaba com homem preso e arma apreendida no bairro do Bessa - Pol\u00edcia Militar da Para\u00edba","robots":{"index":"index","follow":"follow","max-snippet":"max-snippet:-1","max-image-preview":"max-image-preview:large","max-video-preview":"max-video-preview:-1"},"canonical":"https:\/\/www.pm.pb.gov.br\/portal\/2024\/08\/14\/briga-de-transito-acaba-com-homem-preso-e-arma-apreendida-no-bairro-do-bessa\/","og_locale":"pt_BR","og_type":"article","og_title":"Briga de tr\u00e2nsito acaba com homem preso e arma apreendida no bairro do Bessa - Pol\u00edcia Militar da Para\u00edba","og_description":"Equipes do Batalh\u00e3o de Policiamento Tur\u00edstico (BPETur) prenderam um homem de 29 anos e apreenderam com ele uma pistola, na","og_url":"https:\/\/www.pm.pb.gov.br\/portal\/2024\/08\/14\/briga-de-transito-acaba-com-homem-preso-e-arma-apreendida-no-bairro-do-bessa\/","og_site_name":"Pol\u00edcia Militar da Para\u00edba","article_published_time":"2024-08-14T17:44:55+00:00","article_modified_time":"2024-08-14T17:44:57+00:00","og_image":[{"width":1920,"height":2560,"url":"http:\/\/www.pm.pb.gov.br\/portal\/wp-content\/uploads\/2024\/08\/WhatsApp-Image-2024-08-14-at-2.56.50-PM-scaled.jpeg","type":"image\/jpeg"}],"author":"Luiz Duarte","twitter_card":"summary_large_image","twitter_misc":{"Escrito por":"Luiz Duarte","Est. tempo de leitura":"1 minuto"},"schema":{"@context":"https:\/\/schema.org","@graph":[{"@type":"Article","@id":"https:\/\/www.pm.pb.gov.br\/portal\/2024\/08\/14\/briga-de-transito-acaba-com-homem-preso-e-arma-apreendida-no-bairro-do-bessa\/#article","isPartOf":{"@id":"https:\/\/www.pm.pb.gov.br\/portal\/2024\/08\/14\/briga-de-transito-acaba-com-homem-preso-e-arma-apreendida-no-bairro-do-bessa\/"},"author":{"name":"Luiz Duarte","@id":"https:\/\/www.pm.pb.gov.br\/portal\/#\/schema\/person\/89dd009e2523c97adf8def1d6cf90ca1"},"headline":"Briga de tr\u00e2nsito acaba com homem preso e arma apreendida no bairro do Bessa","datePublished":"2024-08-14T17:44:55+00:00","dateModified":"2024-08-14T17:44:57+00:00","mainEntityOfPage":{"@id":"https:\/\/www.pm.pb.gov.br\/portal\/2024\/08\/14\/briga-de-transito-acaba-com-homem-preso-e-arma-apreendida-no-bairro-do-bessa\/"},"wordCount":127,"publisher":{"@id":"https:\/\/www.pm.pb.gov.br\/portal\/#organization"},"articleSection":["A\u00e7\u00f5es Policiais"],"inLanguage":"pt-BR"},{"@type":"WebPage","@id":"https:\/\/www.pm.pb.gov.br\/portal\/2024\/08\/14\/briga-de-transito-acaba-com-homem-preso-e-arma-apreendida-no-bairro-do-bessa\/","url":"https:\/\/www.pm.pb.gov.br\/portal\/2024\/08\/14\/briga-de-transito-acaba-com-homem-preso-e-arma-apreendida-no-bairro-do-bessa\/","name":"Briga de tr\u00e2nsito acaba com homem preso e arma apreendida no bairro do Bessa - Pol\u00edcia Militar da Para\u00edba","isPartOf":{"@id":"https:\/\/www.pm.pb.gov.br\/portal\/#website"},"datePublished":"2024-08-14T17:44:55+00:00","dateModified":"2024-08-14T17:44:57+00:00","breadcrumb":{"@id":"https:\/\/www.pm.pb.gov.br\/portal\/2024\/08\/14\/briga-de-transito-acaba-com-homem-preso-e-arma-apreendida-no-bairro-do-bessa\/#breadcrumb"},"inLanguage":"pt-BR","potentialAction":[{"@type":"ReadAction","target":["https:\/\/www.pm.pb.gov.br\/portal\/2024\/08\/14\/briga-de-transito-acaba-com-homem-preso-e-arma-apreendida-no-bairro-do-bessa\/"]}]},{"@type":"BreadcrumbList","@id":"https:\/\/www.pm.pb.gov.br\/portal\/2024\/08\/14\/briga-de-transito-acaba-com-homem-preso-e-arma-apreendida-no-bairro-do-bessa\/#breadcrumb","itemListElement":[{"@type":"ListItem","position":1,"name":"In\u00edcio","item":"https:\/\/www.pm.pb.gov.br\/portal\/"},{"@type":"ListItem","position":2,"name":"Briga de tr\u00e2nsito acaba com homem preso e arma apreendida no bairro do Bessa"}]},{"@type":"WebSite","@id":"https:\/\/www.pm.pb.gov.br\/portal\/#website","url":"https:\/\/www.pm.pb.gov.br\/portal\/","name":"Pol\u00edcia Militar da Para\u00edba","description":"","publisher":{"@id":"https:\/\/www.pm.pb.gov.br\/portal\/#organization"},"potentialAction":[{"@type":"SearchAction","target":{"@type":"EntryPoint","urlTemplate":"https:\/\/www.pm.pb.gov.br\/portal\/?s={search_term_string}"},"query-input":"required name=search_term_string"}],"inLanguage":"pt-BR"},{"@type":"Organization","@id":"https:\/\/www.pm.pb.gov.br\/portal\/#organization","name":"Pol\u00edcia Militar da Para\u00edba","url":"https:\/\/www.pm.pb.gov.br\/portal\/","logo":{"@type":"ImageObject","inLanguage":"pt-BR","@id":"https:\/\/www.pm.pb.gov.br\/portal\/#\/schema\/logo\/image\/","url":"https:\/\/www.pm.pb.gov.br\/portal\/wp-content\/uploads\/2025\/03\/cropped-logo-site-mag2-1.png","contentUrl":"https:\/\/www.pm.pb.gov.br\/portal\/wp-content\/uploads\/2025\/03\/cropped-logo-site-mag2-1.png","width":320,"height":90,"caption":"Pol\u00edcia Militar da Para\u00edba"},"image":{"@id":"https:\/\/www.pm.pb.gov.br\/portal\/#\/schema\/logo\/image\/"}},{"@type":"Person","@id":"https:\/\/www.pm.pb.gov.br\/portal\/#\/schema\/person\/89dd009e2523c97adf8def1d6cf90ca1","name":"Luiz Duarte","image":{"@type":"ImageObject","inLanguage":"pt-BR","@id":"https:\/\/www.pm.pb.gov.br\/portal\/#\/schema\/person\/image\/","url":"https:\/\/secure.gravatar.com\/avatar\/ce5539b97246ef4d24dd039a3f64145b?s=96&d=mm&r=g","contentUrl":"https:\/\/secure.gravatar.com\/avatar\/ce5539b97246ef4d24dd039a3f64145b?s=96&d=mm&r=g","caption":"Luiz Duarte"},"url":"https:\/\/www.pm.pb.gov.br\/portal\/author\/luiz\/"}]}},"_links":{"self":[{"href":"https:\/\/www.pm.pb.gov.br\/portal\/wp-json\/wp\/v2\/posts\/923650"}],"collection":[{"href":"https:\/\/www.pm.pb.gov.br\/portal\/wp-json\/wp\/v2\/posts"}],"about":[{"href":"https:\/\/www.pm.pb.gov.br\/portal\/wp-json\/wp\/v2\/types\/post"}],"author":[{"embeddable":true,"href":"https:\/\/www.pm.pb.gov.br\/portal\/wp-json\/wp\/v2\/users\/18"}],"replies":[{"embeddable":true,"href":"https:\/\/www.pm.pb.gov.br\/portal\/wp-json\/wp\/v2\/comments?post=923650"}],"version-history":[{"count":3,"href":"https:\/\/www.pm.pb.gov.br\/portal\/wp-json\/wp\/v2\/posts\/923650\/revisions"}],"predecessor-version":[{"id":923659,"href":"https:\/\/www.pm.pb.gov.br\/portal\/wp-json\/wp\/v2\/posts\/923650\/revisions\/923659"}],"wp:featuredmedia":[{"embeddable":true,"href":"https:\/\/www.pm.pb.gov.br\/portal\/wp-json\/wp\/v2\/media\/923657"}],"wp:attachment":[{"href":"https:\/\/www.pm.pb.gov.br\/portal\/wp-json\/wp\/v2\/media?parent=923650"}],"wp:term":[{"taxonomy":"category","embeddable":true,"href":"https:\/\/www.pm.pb.gov.br\/portal\/wp-json\/wp\/v2\/categories?post=923650"},{"taxonomy":"post_tag","embeddable":true,"href":"https:\/\/www.pm.pb.gov.br\/portal\/wp-json\/wp\/v2\/tags?post=923650"}],"curies":[{"name":"wp","href":"https:\/\/api.w.org\/{rel}","templated":true}]}}