{"id":923604,"date":"2024-08-10T20:12:00","date_gmt":"2024-08-10T23:12:00","guid":{"rendered":"https:\/\/www.pm.pb.gov.br\/portal\/?p=923604"},"modified":"2024-08-11T16:13:23","modified_gmt":"2024-08-11T19:13:23","slug":"policia-militar-prende-dois-suspeitos-por-porte-ilegal-de-arma-de-fogo-e-recupera-tres-veiculos-em-acoes-de-fiscalizacao-de-transito-na-capital","status":"publish","type":"post","link":"https:\/\/www.pm.pb.gov.br\/portal\/2024\/08\/10\/policia-militar-prende-dois-suspeitos-por-porte-ilegal-de-arma-de-fogo-e-recupera-tres-veiculos-em-acoes-de-fiscalizacao-de-transito-na-capital\/","title":{"rendered":"Pol\u00edcia Militar prende dois suspeitos por porte ilegal de arma de fogo e recupera tr\u00eas ve\u00edculos em a\u00e7\u00f5es de fiscaliza\u00e7\u00e3o de tr\u00e2nsito na Capital"},"content":{"rendered":"\n\n\n<p>A Pol\u00edcia Militar prendeu em flagrante dois suspeitos que portavam ilegalmente armas de fogo, durante a\u00e7\u00f5es de fiscaliza\u00e7\u00e3o de tr\u00e2nsito realizadas no fim da tarde deste s\u00e1bado, no bairro Costa e Silva, em Jo\u00e3o Pessoa.<\/p>\n<p><img loading=\"lazy\" decoding=\"async\" class=\"alignright  wp-image-923606\" src=\"http:\/\/www.pm.pb.gov.br\/portal\/wp-content\/uploads\/2024\/08\/WhatsApp-Image-2024-08-10-at-18.26.18-604x445.jpeg\" alt=\"\" width=\"291\" height=\"214\" srcset=\"https:\/\/www.pm.pb.gov.br\/portal\/wp-content\/uploads\/2024\/08\/WhatsApp-Image-2024-08-10-at-18.26.18-604x445.jpeg 604w, https:\/\/www.pm.pb.gov.br\/portal\/wp-content\/uploads\/2024\/08\/WhatsApp-Image-2024-08-10-at-18.26.18-773x570.jpeg 773w, https:\/\/www.pm.pb.gov.br\/portal\/wp-content\/uploads\/2024\/08\/WhatsApp-Image-2024-08-10-at-18.26.18-768x566.jpeg 768w, https:\/\/www.pm.pb.gov.br\/portal\/wp-content\/uploads\/2024\/08\/WhatsApp-Image-2024-08-10-at-18.26.18.jpeg 822w\" sizes=\"(max-width: 291px) 100vw, 291px\" \/>As pris\u00f5es foram resultado de mais uma Opera\u00e7\u00e3o Check Point, realizada pelas equipes do Batalh\u00e3o de Pol\u00edcia de Tr\u00e2nsito Urbano e Rodovi\u00e1rio (BPTran), que, durante barreira policial, flagraram um primeiro condutor portando ilegalmente um rev\u00f3lver calibre .38 com cinco muni\u00e7\u00f5es (foto em destaque). J\u00e1 o segundo condutor portava ilegalmente uma pistola calibre .380 com dezessete muni\u00e7\u00f5es, sendo ele reincidente no crime (foto ao lado). Ambos foram apresentados na Delegacia de Pol\u00edcia Civil.<\/p>\n<p><strong>Nas rodovias estaduais <\/strong>\u2013 Tr\u00eas ve\u00edculos com restri\u00e7\u00e3o de roubo ou furto foram recuperados durante as fiscaliza\u00e7\u00f5es de tr\u00e2nsito da 1\u00aa Companhia de Pol\u00edcia Rodovi\u00e1rio Estadual (CPRv) nas rodovias estaduais. Novas a\u00e7\u00f5es devem acontecer em breve com o fim de proporcionar mais tranquilidade \u00e0 popula\u00e7\u00e3o e para a constru\u00e7\u00e3o de um tr\u00e2nsito mais seguro a todos.<\/p>\n","protected":false},"excerpt":{"rendered":"<p>A Pol\u00edcia Militar prendeu em flagrante dois suspeitos que portavam ilegalmente armas de fogo, durante a\u00e7\u00f5es de fiscaliza\u00e7\u00e3o de tr\u00e2nsito<\/p>\n","protected":false},"author":5,"featured_media":923605,"comment_status":"closed","ping_status":"closed","sticky":false,"template":"","format":"standard","meta":{"_exactmetrics_skip_tracking":false,"_exactmetrics_sitenote_active":false,"_exactmetrics_sitenote_note":"","_exactmetrics_sitenote_category":0,"footnotes":""},"categories":[4],"tags":[],"yoast_head":"<!-- This site is optimized with the Yoast SEO plugin v22.0 - https:\/\/yoast.com\/wordpress\/plugins\/seo\/ -->\n<title>Pol\u00edcia Militar prende dois suspeitos por porte ilegal de arma de fogo e recupera tr\u00eas ve\u00edculos em a\u00e7\u00f5es de fiscaliza\u00e7\u00e3o de tr\u00e2nsito na Capital - Pol\u00edcia Militar da Para\u00edba<\/title>\n<meta name=\"robots\" content=\"index, follow, max-snippet:-1, max-image-preview:large, max-video-preview:-1\" \/>\n<link rel=\"canonical\" href=\"https:\/\/www.pm.pb.gov.br\/portal\/2024\/08\/10\/policia-militar-prende-dois-suspeitos-por-porte-ilegal-de-arma-de-fogo-e-recupera-tres-veiculos-em-acoes-de-fiscalizacao-de-transito-na-capital\/\" \/>\n<meta property=\"og:locale\" content=\"pt_BR\" \/>\n<meta property=\"og:type\" content=\"article\" \/>\n<meta property=\"og:title\" content=\"Pol\u00edcia Militar prende dois suspeitos por porte ilegal de arma de fogo e recupera tr\u00eas ve\u00edculos em a\u00e7\u00f5es de fiscaliza\u00e7\u00e3o de tr\u00e2nsito na Capital - Pol\u00edcia Militar da Para\u00edba\" \/>\n<meta property=\"og:description\" content=\"A Pol\u00edcia Militar prendeu em flagrante dois suspeitos que portavam ilegalmente armas de fogo, durante a\u00e7\u00f5es de fiscaliza\u00e7\u00e3o de tr\u00e2nsito\" \/>\n<meta property=\"og:url\" content=\"https:\/\/www.pm.pb.gov.br\/portal\/2024\/08\/10\/policia-militar-prende-dois-suspeitos-por-porte-ilegal-de-arma-de-fogo-e-recupera-tres-veiculos-em-acoes-de-fiscalizacao-de-transito-na-capital\/\" \/>\n<meta property=\"og:site_name\" content=\"Pol\u00edcia Militar da Para\u00edba\" \/>\n<meta property=\"article:published_time\" content=\"2024-08-10T23:12:00+00:00\" \/>\n<meta property=\"article:modified_time\" content=\"2024-08-11T19:13:23+00:00\" \/>\n<meta property=\"og:image\" content=\"http:\/\/www.pm.pb.gov.br\/portal\/wp-content\/uploads\/2024\/08\/WhatsApp-Image-2024-08-10-at-18.26.19.jpeg\" \/>\n\t<meta property=\"og:image:width\" content=\"884\" \/>\n\t<meta property=\"og:image:height\" content=\"482\" \/>\n\t<meta property=\"og:image:type\" content=\"image\/jpeg\" \/>\n<meta name=\"author\" content=\"Assessoria de Imprensa da PMPB\" \/>\n<meta name=\"twitter:card\" content=\"summary_large_image\" \/>\n<meta name=\"twitter:label1\" content=\"Escrito por\" \/>\n\t<meta name=\"twitter:data1\" content=\"Assessoria de Imprensa da PMPB\" \/>\n\t<meta name=\"twitter:label2\" content=\"Est. tempo de leitura\" \/>\n\t<meta name=\"twitter:data2\" content=\"2 minutos\" \/>\n<script type=\"application\/ld+json\" class=\"yoast-schema-graph\">{\"@context\":\"https:\/\/schema.org\",\"@graph\":[{\"@type\":\"Article\",\"@id\":\"https:\/\/www.pm.pb.gov.br\/portal\/2024\/08\/10\/policia-militar-prende-dois-suspeitos-por-porte-ilegal-de-arma-de-fogo-e-recupera-tres-veiculos-em-acoes-de-fiscalizacao-de-transito-na-capital\/#article\",\"isPartOf\":{\"@id\":\"https:\/\/www.pm.pb.gov.br\/portal\/2024\/08\/10\/policia-militar-prende-dois-suspeitos-por-porte-ilegal-de-arma-de-fogo-e-recupera-tres-veiculos-em-acoes-de-fiscalizacao-de-transito-na-capital\/\"},\"author\":{\"name\":\"Assessoria de Imprensa da PMPB\",\"@id\":\"https:\/\/www.pm.pb.gov.br\/portal\/#\/schema\/person\/e8454f46651c3ecf0e1ba3c1666d9947\"},\"headline\":\"Pol\u00edcia Militar prende dois suspeitos por porte ilegal de arma de fogo e recupera tr\u00eas ve\u00edculos em a\u00e7\u00f5es de fiscaliza\u00e7\u00e3o de tr\u00e2nsito na Capital\",\"datePublished\":\"2024-08-10T23:12:00+00:00\",\"dateModified\":\"2024-08-11T19:13:23+00:00\",\"mainEntityOfPage\":{\"@id\":\"https:\/\/www.pm.pb.gov.br\/portal\/2024\/08\/10\/policia-militar-prende-dois-suspeitos-por-porte-ilegal-de-arma-de-fogo-e-recupera-tres-veiculos-em-acoes-de-fiscalizacao-de-transito-na-capital\/\"},\"wordCount\":215,\"publisher\":{\"@id\":\"https:\/\/www.pm.pb.gov.br\/portal\/#organization\"},\"articleSection\":[\"A\u00e7\u00f5es Policiais\"],\"inLanguage\":\"pt-BR\"},{\"@type\":\"WebPage\",\"@id\":\"https:\/\/www.pm.pb.gov.br\/portal\/2024\/08\/10\/policia-militar-prende-dois-suspeitos-por-porte-ilegal-de-arma-de-fogo-e-recupera-tres-veiculos-em-acoes-de-fiscalizacao-de-transito-na-capital\/\",\"url\":\"https:\/\/www.pm.pb.gov.br\/portal\/2024\/08\/10\/policia-militar-prende-dois-suspeitos-por-porte-ilegal-de-arma-de-fogo-e-recupera-tres-veiculos-em-acoes-de-fiscalizacao-de-transito-na-capital\/\",\"name\":\"Pol\u00edcia Militar prende dois suspeitos por porte ilegal de arma de fogo e recupera tr\u00eas ve\u00edculos em a\u00e7\u00f5es de fiscaliza\u00e7\u00e3o de tr\u00e2nsito na Capital - Pol\u00edcia Militar da Para\u00edba\",\"isPartOf\":{\"@id\":\"https:\/\/www.pm.pb.gov.br\/portal\/#website\"},\"datePublished\":\"2024-08-10T23:12:00+00:00\",\"dateModified\":\"2024-08-11T19:13:23+00:00\",\"breadcrumb\":{\"@id\":\"https:\/\/www.pm.pb.gov.br\/portal\/2024\/08\/10\/policia-militar-prende-dois-suspeitos-por-porte-ilegal-de-arma-de-fogo-e-recupera-tres-veiculos-em-acoes-de-fiscalizacao-de-transito-na-capital\/#breadcrumb\"},\"inLanguage\":\"pt-BR\",\"potentialAction\":[{\"@type\":\"ReadAction\",\"target\":[\"https:\/\/www.pm.pb.gov.br\/portal\/2024\/08\/10\/policia-militar-prende-dois-suspeitos-por-porte-ilegal-de-arma-de-fogo-e-recupera-tres-veiculos-em-acoes-de-fiscalizacao-de-transito-na-capital\/\"]}]},{\"@type\":\"BreadcrumbList\",\"@id\":\"https:\/\/www.pm.pb.gov.br\/portal\/2024\/08\/10\/policia-militar-prende-dois-suspeitos-por-porte-ilegal-de-arma-de-fogo-e-recupera-tres-veiculos-em-acoes-de-fiscalizacao-de-transito-na-capital\/#breadcrumb\",\"itemListElement\":[{\"@type\":\"ListItem\",\"position\":1,\"name\":\"In\u00edcio\",\"item\":\"https:\/\/www.pm.pb.gov.br\/portal\/\"},{\"@type\":\"ListItem\",\"position\":2,\"name\":\"Pol\u00edcia Militar prende dois suspeitos por porte ilegal de arma de fogo e recupera tr\u00eas ve\u00edculos em a\u00e7\u00f5es de fiscaliza\u00e7\u00e3o de tr\u00e2nsito na Capital\"}]},{\"@type\":\"WebSite\",\"@id\":\"https:\/\/www.pm.pb.gov.br\/portal\/#website\",\"url\":\"https:\/\/www.pm.pb.gov.br\/portal\/\",\"name\":\"Pol\u00edcia Militar da Para\u00edba\",\"description\":\"\",\"publisher\":{\"@id\":\"https:\/\/www.pm.pb.gov.br\/portal\/#organization\"},\"potentialAction\":[{\"@type\":\"SearchAction\",\"target\":{\"@type\":\"EntryPoint\",\"urlTemplate\":\"https:\/\/www.pm.pb.gov.br\/portal\/?s={search_term_string}\"},\"query-input\":\"required name=search_term_string\"}],\"inLanguage\":\"pt-BR\"},{\"@type\":\"Organization\",\"@id\":\"https:\/\/www.pm.pb.gov.br\/portal\/#organization\",\"name\":\"Pol\u00edcia Militar da Para\u00edba\",\"url\":\"https:\/\/www.pm.pb.gov.br\/portal\/\",\"logo\":{\"@type\":\"ImageObject\",\"inLanguage\":\"pt-BR\",\"@id\":\"https:\/\/www.pm.pb.gov.br\/portal\/#\/schema\/logo\/image\/\",\"url\":\"https:\/\/www.pm.pb.gov.br\/portal\/wp-content\/uploads\/2025\/03\/cropped-logo-site-mag2-1.png\",\"contentUrl\":\"https:\/\/www.pm.pb.gov.br\/portal\/wp-content\/uploads\/2025\/03\/cropped-logo-site-mag2-1.png\",\"width\":320,\"height\":90,\"caption\":\"Pol\u00edcia Militar da Para\u00edba\"},\"image\":{\"@id\":\"https:\/\/www.pm.pb.gov.br\/portal\/#\/schema\/logo\/image\/\"}},{\"@type\":\"Person\",\"@id\":\"https:\/\/www.pm.pb.gov.br\/portal\/#\/schema\/person\/e8454f46651c3ecf0e1ba3c1666d9947\",\"name\":\"Assessoria de Imprensa da PMPB\",\"image\":{\"@type\":\"ImageObject\",\"inLanguage\":\"pt-BR\",\"@id\":\"https:\/\/www.pm.pb.gov.br\/portal\/#\/schema\/person\/image\/\",\"url\":\"https:\/\/secure.gravatar.com\/avatar\/2efe197438265d1e90bd98c4c8e1acf8?s=96&d=mm&r=g\",\"contentUrl\":\"https:\/\/secure.gravatar.com\/avatar\/2efe197438265d1e90bd98c4c8e1acf8?s=96&d=mm&r=g\",\"caption\":\"Assessoria de Imprensa da PMPB\"},\"url\":\"https:\/\/www.pm.pb.gov.br\/portal\/author\/assessoria\/\"}]}<\/script>\n<!-- \/ Yoast SEO plugin. -->","yoast_head_json":{"title":"Pol\u00edcia Militar prende dois suspeitos por porte ilegal de arma de fogo e recupera tr\u00eas ve\u00edculos em a\u00e7\u00f5es de fiscaliza\u00e7\u00e3o de tr\u00e2nsito na Capital - Pol\u00edcia Militar da Para\u00edba","robots":{"index":"index","follow":"follow","max-snippet":"max-snippet:-1","max-image-preview":"max-image-preview:large","max-video-preview":"max-video-preview:-1"},"canonical":"https:\/\/www.pm.pb.gov.br\/portal\/2024\/08\/10\/policia-militar-prende-dois-suspeitos-por-porte-ilegal-de-arma-de-fogo-e-recupera-tres-veiculos-em-acoes-de-fiscalizacao-de-transito-na-capital\/","og_locale":"pt_BR","og_type":"article","og_title":"Pol\u00edcia Militar prende dois suspeitos por porte ilegal de arma de fogo e recupera tr\u00eas ve\u00edculos em a\u00e7\u00f5es de fiscaliza\u00e7\u00e3o de tr\u00e2nsito na Capital - Pol\u00edcia Militar da Para\u00edba","og_description":"A Pol\u00edcia Militar prendeu em flagrante dois suspeitos que portavam ilegalmente armas de fogo, durante a\u00e7\u00f5es de fiscaliza\u00e7\u00e3o de tr\u00e2nsito","og_url":"https:\/\/www.pm.pb.gov.br\/portal\/2024\/08\/10\/policia-militar-prende-dois-suspeitos-por-porte-ilegal-de-arma-de-fogo-e-recupera-tres-veiculos-em-acoes-de-fiscalizacao-de-transito-na-capital\/","og_site_name":"Pol\u00edcia Militar da Para\u00edba","article_published_time":"2024-08-10T23:12:00+00:00","article_modified_time":"2024-08-11T19:13:23+00:00","og_image":[{"width":884,"height":482,"url":"http:\/\/www.pm.pb.gov.br\/portal\/wp-content\/uploads\/2024\/08\/WhatsApp-Image-2024-08-10-at-18.26.19.jpeg","type":"image\/jpeg"}],"author":"Assessoria de Imprensa da PMPB","twitter_card":"summary_large_image","twitter_misc":{"Escrito por":"Assessoria de Imprensa da PMPB","Est. tempo de leitura":"2 minutos"},"schema":{"@context":"https:\/\/schema.org","@graph":[{"@type":"Article","@id":"https:\/\/www.pm.pb.gov.br\/portal\/2024\/08\/10\/policia-militar-prende-dois-suspeitos-por-porte-ilegal-de-arma-de-fogo-e-recupera-tres-veiculos-em-acoes-de-fiscalizacao-de-transito-na-capital\/#article","isPartOf":{"@id":"https:\/\/www.pm.pb.gov.br\/portal\/2024\/08\/10\/policia-militar-prende-dois-suspeitos-por-porte-ilegal-de-arma-de-fogo-e-recupera-tres-veiculos-em-acoes-de-fiscalizacao-de-transito-na-capital\/"},"author":{"name":"Assessoria de Imprensa da PMPB","@id":"https:\/\/www.pm.pb.gov.br\/portal\/#\/schema\/person\/e8454f46651c3ecf0e1ba3c1666d9947"},"headline":"Pol\u00edcia Militar prende dois suspeitos por porte ilegal de arma de fogo e recupera tr\u00eas ve\u00edculos em a\u00e7\u00f5es de fiscaliza\u00e7\u00e3o de tr\u00e2nsito na Capital","datePublished":"2024-08-10T23:12:00+00:00","dateModified":"2024-08-11T19:13:23+00:00","mainEntityOfPage":{"@id":"https:\/\/www.pm.pb.gov.br\/portal\/2024\/08\/10\/policia-militar-prende-dois-suspeitos-por-porte-ilegal-de-arma-de-fogo-e-recupera-tres-veiculos-em-acoes-de-fiscalizacao-de-transito-na-capital\/"},"wordCount":215,"publisher":{"@id":"https:\/\/www.pm.pb.gov.br\/portal\/#organization"},"articleSection":["A\u00e7\u00f5es Policiais"],"inLanguage":"pt-BR"},{"@type":"WebPage","@id":"https:\/\/www.pm.pb.gov.br\/portal\/2024\/08\/10\/policia-militar-prende-dois-suspeitos-por-porte-ilegal-de-arma-de-fogo-e-recupera-tres-veiculos-em-acoes-de-fiscalizacao-de-transito-na-capital\/","url":"https:\/\/www.pm.pb.gov.br\/portal\/2024\/08\/10\/policia-militar-prende-dois-suspeitos-por-porte-ilegal-de-arma-de-fogo-e-recupera-tres-veiculos-em-acoes-de-fiscalizacao-de-transito-na-capital\/","name":"Pol\u00edcia Militar prende dois suspeitos por porte ilegal de arma de fogo e recupera tr\u00eas ve\u00edculos em a\u00e7\u00f5es de fiscaliza\u00e7\u00e3o de tr\u00e2nsito na Capital - Pol\u00edcia Militar da Para\u00edba","isPartOf":{"@id":"https:\/\/www.pm.pb.gov.br\/portal\/#website"},"datePublished":"2024-08-10T23:12:00+00:00","dateModified":"2024-08-11T19:13:23+00:00","breadcrumb":{"@id":"https:\/\/www.pm.pb.gov.br\/portal\/2024\/08\/10\/policia-militar-prende-dois-suspeitos-por-porte-ilegal-de-arma-de-fogo-e-recupera-tres-veiculos-em-acoes-de-fiscalizacao-de-transito-na-capital\/#breadcrumb"},"inLanguage":"pt-BR","potentialAction":[{"@type":"ReadAction","target":["https:\/\/www.pm.pb.gov.br\/portal\/2024\/08\/10\/policia-militar-prende-dois-suspeitos-por-porte-ilegal-de-arma-de-fogo-e-recupera-tres-veiculos-em-acoes-de-fiscalizacao-de-transito-na-capital\/"]}]},{"@type":"BreadcrumbList","@id":"https:\/\/www.pm.pb.gov.br\/portal\/2024\/08\/10\/policia-militar-prende-dois-suspeitos-por-porte-ilegal-de-arma-de-fogo-e-recupera-tres-veiculos-em-acoes-de-fiscalizacao-de-transito-na-capital\/#breadcrumb","itemListElement":[{"@type":"ListItem","position":1,"name":"In\u00edcio","item":"https:\/\/www.pm.pb.gov.br\/portal\/"},{"@type":"ListItem","position":2,"name":"Pol\u00edcia Militar prende dois suspeitos por porte ilegal de arma de fogo e recupera tr\u00eas ve\u00edculos em a\u00e7\u00f5es de fiscaliza\u00e7\u00e3o de tr\u00e2nsito na Capital"}]},{"@type":"WebSite","@id":"https:\/\/www.pm.pb.gov.br\/portal\/#website","url":"https:\/\/www.pm.pb.gov.br\/portal\/","name":"Pol\u00edcia Militar da Para\u00edba","description":"","publisher":{"@id":"https:\/\/www.pm.pb.gov.br\/portal\/#organization"},"potentialAction":[{"@type":"SearchAction","target":{"@type":"EntryPoint","urlTemplate":"https:\/\/www.pm.pb.gov.br\/portal\/?s={search_term_string}"},"query-input":"required name=search_term_string"}],"inLanguage":"pt-BR"},{"@type":"Organization","@id":"https:\/\/www.pm.pb.gov.br\/portal\/#organization","name":"Pol\u00edcia Militar da Para\u00edba","url":"https:\/\/www.pm.pb.gov.br\/portal\/","logo":{"@type":"ImageObject","inLanguage":"pt-BR","@id":"https:\/\/www.pm.pb.gov.br\/portal\/#\/schema\/logo\/image\/","url":"https:\/\/www.pm.pb.gov.br\/portal\/wp-content\/uploads\/2025\/03\/cropped-logo-site-mag2-1.png","contentUrl":"https:\/\/www.pm.pb.gov.br\/portal\/wp-content\/uploads\/2025\/03\/cropped-logo-site-mag2-1.png","width":320,"height":90,"caption":"Pol\u00edcia Militar da Para\u00edba"},"image":{"@id":"https:\/\/www.pm.pb.gov.br\/portal\/#\/schema\/logo\/image\/"}},{"@type":"Person","@id":"https:\/\/www.pm.pb.gov.br\/portal\/#\/schema\/person\/e8454f46651c3ecf0e1ba3c1666d9947","name":"Assessoria de Imprensa da PMPB","image":{"@type":"ImageObject","inLanguage":"pt-BR","@id":"https:\/\/www.pm.pb.gov.br\/portal\/#\/schema\/person\/image\/","url":"https:\/\/secure.gravatar.com\/avatar\/2efe197438265d1e90bd98c4c8e1acf8?s=96&d=mm&r=g","contentUrl":"https:\/\/secure.gravatar.com\/avatar\/2efe197438265d1e90bd98c4c8e1acf8?s=96&d=mm&r=g","caption":"Assessoria de Imprensa da PMPB"},"url":"https:\/\/www.pm.pb.gov.br\/portal\/author\/assessoria\/"}]}},"_links":{"self":[{"href":"https:\/\/www.pm.pb.gov.br\/portal\/wp-json\/wp\/v2\/posts\/923604"}],"collection":[{"href":"https:\/\/www.pm.pb.gov.br\/portal\/wp-json\/wp\/v2\/posts"}],"about":[{"href":"https:\/\/www.pm.pb.gov.br\/portal\/wp-json\/wp\/v2\/types\/post"}],"author":[{"embeddable":true,"href":"https:\/\/www.pm.pb.gov.br\/portal\/wp-json\/wp\/v2\/users\/5"}],"replies":[{"embeddable":true,"href":"https:\/\/www.pm.pb.gov.br\/portal\/wp-json\/wp\/v2\/comments?post=923604"}],"version-history":[{"count":1,"href":"https:\/\/www.pm.pb.gov.br\/portal\/wp-json\/wp\/v2\/posts\/923604\/revisions"}],"predecessor-version":[{"id":923607,"href":"https:\/\/www.pm.pb.gov.br\/portal\/wp-json\/wp\/v2\/posts\/923604\/revisions\/923607"}],"wp:featuredmedia":[{"embeddable":true,"href":"https:\/\/www.pm.pb.gov.br\/portal\/wp-json\/wp\/v2\/media\/923605"}],"wp:attachment":[{"href":"https:\/\/www.pm.pb.gov.br\/portal\/wp-json\/wp\/v2\/media?parent=923604"}],"wp:term":[{"taxonomy":"category","embeddable":true,"href":"https:\/\/www.pm.pb.gov.br\/portal\/wp-json\/wp\/v2\/categories?post=923604"},{"taxonomy":"post_tag","embeddable":true,"href":"https:\/\/www.pm.pb.gov.br\/portal\/wp-json\/wp\/v2\/tags?post=923604"}],"curies":[{"name":"wp","href":"https:\/\/api.w.org\/{rel}","templated":true}]}}