{"id":923583,"date":"2024-08-10T13:51:21","date_gmt":"2024-08-10T16:51:21","guid":{"rendered":"https:\/\/www.pm.pb.gov.br\/portal\/?p=923583"},"modified":"2024-08-10T13:51:23","modified_gmt":"2024-08-10T16:51:23","slug":"policia-militar-captura-foragido-da-justica-com-drogas-e-arma-de-fogo-em-queimadas","status":"publish","type":"post","link":"https:\/\/www.pm.pb.gov.br\/portal\/2024\/08\/10\/policia-militar-captura-foragido-da-justica-com-drogas-e-arma-de-fogo-em-queimadas\/","title":{"rendered":"Pol\u00edcia Militar captura foragido da justi\u00e7a com drogas e arma de fogo, em Queimadas"},"content":{"rendered":"\n<p>Equipes da 3\u00aa Companhia Independente da Pol\u00edcia Militar efetuaram a captura de um foragido da justi\u00e7a, na noite desta sexta-feira (09), no munic\u00edpio de Queimadas. O homem foi preso com um rev\u00f3lver calibre .38 com tr\u00eas muni\u00e7\u00f5es intactas e duas deflagradas, algumas por\u00e7\u00f5es de entorpecente semelhante \u00e0 coca\u00edna e a quantia de R$ 542,00 (quinhentos e quarenta e dois reais).<\/p>\n<p>Ap\u00f3s a consulta, foi constatado que contra ele existia um mandado de pris\u00e3o em aberto. Ele foi conduzido \u00e0 Delegacia de Pol\u00edcia Civil de Queimadas.<\/p>\n","protected":false},"excerpt":{"rendered":"<p>Equipes da 3\u00aa Companhia Independente da Pol\u00edcia Militar efetuaram a captura de um foragido da justi\u00e7a, na noite desta sexta-feira<\/p>\n","protected":false},"author":5,"featured_media":923588,"comment_status":"closed","ping_status":"closed","sticky":false,"template":"","format":"standard","meta":{"_exactmetrics_skip_tracking":false,"_exactmetrics_sitenote_active":false,"_exactmetrics_sitenote_note":"","_exactmetrics_sitenote_category":0,"footnotes":""},"categories":[4],"tags":[],"yoast_head":"<!-- This site is optimized with the Yoast SEO plugin v22.0 - https:\/\/yoast.com\/wordpress\/plugins\/seo\/ -->\n<title>Pol\u00edcia Militar captura foragido da justi\u00e7a com drogas e arma de fogo, em Queimadas - Pol\u00edcia Militar da Para\u00edba<\/title>\n<meta name=\"robots\" content=\"index, follow, max-snippet:-1, max-image-preview:large, max-video-preview:-1\" \/>\n<link rel=\"canonical\" href=\"https:\/\/www.pm.pb.gov.br\/portal\/2024\/08\/10\/policia-militar-captura-foragido-da-justica-com-drogas-e-arma-de-fogo-em-queimadas\/\" \/>\n<meta property=\"og:locale\" content=\"pt_BR\" \/>\n<meta property=\"og:type\" content=\"article\" \/>\n<meta property=\"og:title\" content=\"Pol\u00edcia Militar captura foragido da justi\u00e7a com drogas e arma de fogo, em Queimadas - Pol\u00edcia Militar da Para\u00edba\" \/>\n<meta property=\"og:description\" content=\"Equipes da 3\u00aa Companhia Independente da Pol\u00edcia Militar efetuaram a captura de um foragido da justi\u00e7a, na noite desta sexta-feira\" \/>\n<meta property=\"og:url\" content=\"https:\/\/www.pm.pb.gov.br\/portal\/2024\/08\/10\/policia-militar-captura-foragido-da-justica-com-drogas-e-arma-de-fogo-em-queimadas\/\" \/>\n<meta property=\"og:site_name\" content=\"Pol\u00edcia Militar da Para\u00edba\" \/>\n<meta property=\"article:published_time\" content=\"2024-08-10T16:51:21+00:00\" \/>\n<meta property=\"article:modified_time\" content=\"2024-08-10T16:51:23+00:00\" \/>\n<meta property=\"og:image\" content=\"http:\/\/www.pm.pb.gov.br\/portal\/wp-content\/uploads\/2024\/08\/WhatsApp-Image-2024-08-10-at-14.11.18.jpeg\" \/>\n\t<meta property=\"og:image:width\" content=\"1600\" \/>\n\t<meta property=\"og:image:height\" content=\"900\" \/>\n\t<meta property=\"og:image:type\" content=\"image\/jpeg\" \/>\n<meta name=\"author\" content=\"Assessoria de Imprensa da PMPB\" \/>\n<meta name=\"twitter:card\" content=\"summary_large_image\" \/>\n<meta name=\"twitter:label1\" content=\"Escrito por\" \/>\n\t<meta name=\"twitter:data1\" content=\"Assessoria de Imprensa da PMPB\" \/>\n\t<meta name=\"twitter:label2\" content=\"Est. tempo de leitura\" \/>\n\t<meta name=\"twitter:data2\" content=\"1 minuto\" \/>\n<script type=\"application\/ld+json\" class=\"yoast-schema-graph\">{\"@context\":\"https:\/\/schema.org\",\"@graph\":[{\"@type\":\"Article\",\"@id\":\"https:\/\/www.pm.pb.gov.br\/portal\/2024\/08\/10\/policia-militar-captura-foragido-da-justica-com-drogas-e-arma-de-fogo-em-queimadas\/#article\",\"isPartOf\":{\"@id\":\"https:\/\/www.pm.pb.gov.br\/portal\/2024\/08\/10\/policia-militar-captura-foragido-da-justica-com-drogas-e-arma-de-fogo-em-queimadas\/\"},\"author\":{\"name\":\"Assessoria de Imprensa da PMPB\",\"@id\":\"https:\/\/www.pm.pb.gov.br\/portal\/#\/schema\/person\/e8454f46651c3ecf0e1ba3c1666d9947\"},\"headline\":\"Pol\u00edcia Militar captura foragido da justi\u00e7a com drogas e arma de fogo, em Queimadas\",\"datePublished\":\"2024-08-10T16:51:21+00:00\",\"dateModified\":\"2024-08-10T16:51:23+00:00\",\"mainEntityOfPage\":{\"@id\":\"https:\/\/www.pm.pb.gov.br\/portal\/2024\/08\/10\/policia-militar-captura-foragido-da-justica-com-drogas-e-arma-de-fogo-em-queimadas\/\"},\"wordCount\":106,\"publisher\":{\"@id\":\"https:\/\/www.pm.pb.gov.br\/portal\/#organization\"},\"articleSection\":[\"A\u00e7\u00f5es Policiais\"],\"inLanguage\":\"pt-BR\"},{\"@type\":\"WebPage\",\"@id\":\"https:\/\/www.pm.pb.gov.br\/portal\/2024\/08\/10\/policia-militar-captura-foragido-da-justica-com-drogas-e-arma-de-fogo-em-queimadas\/\",\"url\":\"https:\/\/www.pm.pb.gov.br\/portal\/2024\/08\/10\/policia-militar-captura-foragido-da-justica-com-drogas-e-arma-de-fogo-em-queimadas\/\",\"name\":\"Pol\u00edcia Militar captura foragido da justi\u00e7a com drogas e arma de fogo, em Queimadas - Pol\u00edcia Militar da Para\u00edba\",\"isPartOf\":{\"@id\":\"https:\/\/www.pm.pb.gov.br\/portal\/#website\"},\"datePublished\":\"2024-08-10T16:51:21+00:00\",\"dateModified\":\"2024-08-10T16:51:23+00:00\",\"breadcrumb\":{\"@id\":\"https:\/\/www.pm.pb.gov.br\/portal\/2024\/08\/10\/policia-militar-captura-foragido-da-justica-com-drogas-e-arma-de-fogo-em-queimadas\/#breadcrumb\"},\"inLanguage\":\"pt-BR\",\"potentialAction\":[{\"@type\":\"ReadAction\",\"target\":[\"https:\/\/www.pm.pb.gov.br\/portal\/2024\/08\/10\/policia-militar-captura-foragido-da-justica-com-drogas-e-arma-de-fogo-em-queimadas\/\"]}]},{\"@type\":\"BreadcrumbList\",\"@id\":\"https:\/\/www.pm.pb.gov.br\/portal\/2024\/08\/10\/policia-militar-captura-foragido-da-justica-com-drogas-e-arma-de-fogo-em-queimadas\/#breadcrumb\",\"itemListElement\":[{\"@type\":\"ListItem\",\"position\":1,\"name\":\"In\u00edcio\",\"item\":\"https:\/\/www.pm.pb.gov.br\/portal\/\"},{\"@type\":\"ListItem\",\"position\":2,\"name\":\"Pol\u00edcia Militar captura foragido da justi\u00e7a com drogas e arma de fogo, em Queimadas\"}]},{\"@type\":\"WebSite\",\"@id\":\"https:\/\/www.pm.pb.gov.br\/portal\/#website\",\"url\":\"https:\/\/www.pm.pb.gov.br\/portal\/\",\"name\":\"Pol\u00edcia Militar da Para\u00edba\",\"description\":\"\",\"publisher\":{\"@id\":\"https:\/\/www.pm.pb.gov.br\/portal\/#organization\"},\"potentialAction\":[{\"@type\":\"SearchAction\",\"target\":{\"@type\":\"EntryPoint\",\"urlTemplate\":\"https:\/\/www.pm.pb.gov.br\/portal\/?s={search_term_string}\"},\"query-input\":\"required name=search_term_string\"}],\"inLanguage\":\"pt-BR\"},{\"@type\":\"Organization\",\"@id\":\"https:\/\/www.pm.pb.gov.br\/portal\/#organization\",\"name\":\"Pol\u00edcia Militar da Para\u00edba\",\"url\":\"https:\/\/www.pm.pb.gov.br\/portal\/\",\"logo\":{\"@type\":\"ImageObject\",\"inLanguage\":\"pt-BR\",\"@id\":\"https:\/\/www.pm.pb.gov.br\/portal\/#\/schema\/logo\/image\/\",\"url\":\"https:\/\/www.pm.pb.gov.br\/portal\/wp-content\/uploads\/2025\/03\/cropped-logo-site-mag2-1.png\",\"contentUrl\":\"https:\/\/www.pm.pb.gov.br\/portal\/wp-content\/uploads\/2025\/03\/cropped-logo-site-mag2-1.png\",\"width\":320,\"height\":90,\"caption\":\"Pol\u00edcia Militar da Para\u00edba\"},\"image\":{\"@id\":\"https:\/\/www.pm.pb.gov.br\/portal\/#\/schema\/logo\/image\/\"}},{\"@type\":\"Person\",\"@id\":\"https:\/\/www.pm.pb.gov.br\/portal\/#\/schema\/person\/e8454f46651c3ecf0e1ba3c1666d9947\",\"name\":\"Assessoria de Imprensa da PMPB\",\"image\":{\"@type\":\"ImageObject\",\"inLanguage\":\"pt-BR\",\"@id\":\"https:\/\/www.pm.pb.gov.br\/portal\/#\/schema\/person\/image\/\",\"url\":\"https:\/\/secure.gravatar.com\/avatar\/2efe197438265d1e90bd98c4c8e1acf8?s=96&d=mm&r=g\",\"contentUrl\":\"https:\/\/secure.gravatar.com\/avatar\/2efe197438265d1e90bd98c4c8e1acf8?s=96&d=mm&r=g\",\"caption\":\"Assessoria de Imprensa da PMPB\"},\"url\":\"https:\/\/www.pm.pb.gov.br\/portal\/author\/assessoria\/\"}]}<\/script>\n<!-- \/ Yoast SEO plugin. -->","yoast_head_json":{"title":"Pol\u00edcia Militar captura foragido da justi\u00e7a com drogas e arma de fogo, em Queimadas - Pol\u00edcia Militar da Para\u00edba","robots":{"index":"index","follow":"follow","max-snippet":"max-snippet:-1","max-image-preview":"max-image-preview:large","max-video-preview":"max-video-preview:-1"},"canonical":"https:\/\/www.pm.pb.gov.br\/portal\/2024\/08\/10\/policia-militar-captura-foragido-da-justica-com-drogas-e-arma-de-fogo-em-queimadas\/","og_locale":"pt_BR","og_type":"article","og_title":"Pol\u00edcia Militar captura foragido da justi\u00e7a com drogas e arma de fogo, em Queimadas - Pol\u00edcia Militar da Para\u00edba","og_description":"Equipes da 3\u00aa Companhia Independente da Pol\u00edcia Militar efetuaram a captura de um foragido da justi\u00e7a, na noite desta sexta-feira","og_url":"https:\/\/www.pm.pb.gov.br\/portal\/2024\/08\/10\/policia-militar-captura-foragido-da-justica-com-drogas-e-arma-de-fogo-em-queimadas\/","og_site_name":"Pol\u00edcia Militar da Para\u00edba","article_published_time":"2024-08-10T16:51:21+00:00","article_modified_time":"2024-08-10T16:51:23+00:00","og_image":[{"width":1600,"height":900,"url":"http:\/\/www.pm.pb.gov.br\/portal\/wp-content\/uploads\/2024\/08\/WhatsApp-Image-2024-08-10-at-14.11.18.jpeg","type":"image\/jpeg"}],"author":"Assessoria de Imprensa da PMPB","twitter_card":"summary_large_image","twitter_misc":{"Escrito por":"Assessoria de Imprensa da PMPB","Est. tempo de leitura":"1 minuto"},"schema":{"@context":"https:\/\/schema.org","@graph":[{"@type":"Article","@id":"https:\/\/www.pm.pb.gov.br\/portal\/2024\/08\/10\/policia-militar-captura-foragido-da-justica-com-drogas-e-arma-de-fogo-em-queimadas\/#article","isPartOf":{"@id":"https:\/\/www.pm.pb.gov.br\/portal\/2024\/08\/10\/policia-militar-captura-foragido-da-justica-com-drogas-e-arma-de-fogo-em-queimadas\/"},"author":{"name":"Assessoria de Imprensa da PMPB","@id":"https:\/\/www.pm.pb.gov.br\/portal\/#\/schema\/person\/e8454f46651c3ecf0e1ba3c1666d9947"},"headline":"Pol\u00edcia Militar captura foragido da justi\u00e7a com drogas e arma de fogo, em Queimadas","datePublished":"2024-08-10T16:51:21+00:00","dateModified":"2024-08-10T16:51:23+00:00","mainEntityOfPage":{"@id":"https:\/\/www.pm.pb.gov.br\/portal\/2024\/08\/10\/policia-militar-captura-foragido-da-justica-com-drogas-e-arma-de-fogo-em-queimadas\/"},"wordCount":106,"publisher":{"@id":"https:\/\/www.pm.pb.gov.br\/portal\/#organization"},"articleSection":["A\u00e7\u00f5es Policiais"],"inLanguage":"pt-BR"},{"@type":"WebPage","@id":"https:\/\/www.pm.pb.gov.br\/portal\/2024\/08\/10\/policia-militar-captura-foragido-da-justica-com-drogas-e-arma-de-fogo-em-queimadas\/","url":"https:\/\/www.pm.pb.gov.br\/portal\/2024\/08\/10\/policia-militar-captura-foragido-da-justica-com-drogas-e-arma-de-fogo-em-queimadas\/","name":"Pol\u00edcia Militar captura foragido da justi\u00e7a com drogas e arma de fogo, em Queimadas - Pol\u00edcia Militar da Para\u00edba","isPartOf":{"@id":"https:\/\/www.pm.pb.gov.br\/portal\/#website"},"datePublished":"2024-08-10T16:51:21+00:00","dateModified":"2024-08-10T16:51:23+00:00","breadcrumb":{"@id":"https:\/\/www.pm.pb.gov.br\/portal\/2024\/08\/10\/policia-militar-captura-foragido-da-justica-com-drogas-e-arma-de-fogo-em-queimadas\/#breadcrumb"},"inLanguage":"pt-BR","potentialAction":[{"@type":"ReadAction","target":["https:\/\/www.pm.pb.gov.br\/portal\/2024\/08\/10\/policia-militar-captura-foragido-da-justica-com-drogas-e-arma-de-fogo-em-queimadas\/"]}]},{"@type":"BreadcrumbList","@id":"https:\/\/www.pm.pb.gov.br\/portal\/2024\/08\/10\/policia-militar-captura-foragido-da-justica-com-drogas-e-arma-de-fogo-em-queimadas\/#breadcrumb","itemListElement":[{"@type":"ListItem","position":1,"name":"In\u00edcio","item":"https:\/\/www.pm.pb.gov.br\/portal\/"},{"@type":"ListItem","position":2,"name":"Pol\u00edcia Militar captura foragido da justi\u00e7a com drogas e arma de fogo, em Queimadas"}]},{"@type":"WebSite","@id":"https:\/\/www.pm.pb.gov.br\/portal\/#website","url":"https:\/\/www.pm.pb.gov.br\/portal\/","name":"Pol\u00edcia Militar da Para\u00edba","description":"","publisher":{"@id":"https:\/\/www.pm.pb.gov.br\/portal\/#organization"},"potentialAction":[{"@type":"SearchAction","target":{"@type":"EntryPoint","urlTemplate":"https:\/\/www.pm.pb.gov.br\/portal\/?s={search_term_string}"},"query-input":"required name=search_term_string"}],"inLanguage":"pt-BR"},{"@type":"Organization","@id":"https:\/\/www.pm.pb.gov.br\/portal\/#organization","name":"Pol\u00edcia Militar da Para\u00edba","url":"https:\/\/www.pm.pb.gov.br\/portal\/","logo":{"@type":"ImageObject","inLanguage":"pt-BR","@id":"https:\/\/www.pm.pb.gov.br\/portal\/#\/schema\/logo\/image\/","url":"https:\/\/www.pm.pb.gov.br\/portal\/wp-content\/uploads\/2025\/03\/cropped-logo-site-mag2-1.png","contentUrl":"https:\/\/www.pm.pb.gov.br\/portal\/wp-content\/uploads\/2025\/03\/cropped-logo-site-mag2-1.png","width":320,"height":90,"caption":"Pol\u00edcia Militar da Para\u00edba"},"image":{"@id":"https:\/\/www.pm.pb.gov.br\/portal\/#\/schema\/logo\/image\/"}},{"@type":"Person","@id":"https:\/\/www.pm.pb.gov.br\/portal\/#\/schema\/person\/e8454f46651c3ecf0e1ba3c1666d9947","name":"Assessoria de Imprensa da PMPB","image":{"@type":"ImageObject","inLanguage":"pt-BR","@id":"https:\/\/www.pm.pb.gov.br\/portal\/#\/schema\/person\/image\/","url":"https:\/\/secure.gravatar.com\/avatar\/2efe197438265d1e90bd98c4c8e1acf8?s=96&d=mm&r=g","contentUrl":"https:\/\/secure.gravatar.com\/avatar\/2efe197438265d1e90bd98c4c8e1acf8?s=96&d=mm&r=g","caption":"Assessoria de Imprensa da PMPB"},"url":"https:\/\/www.pm.pb.gov.br\/portal\/author\/assessoria\/"}]}},"_links":{"self":[{"href":"https:\/\/www.pm.pb.gov.br\/portal\/wp-json\/wp\/v2\/posts\/923583"}],"collection":[{"href":"https:\/\/www.pm.pb.gov.br\/portal\/wp-json\/wp\/v2\/posts"}],"about":[{"href":"https:\/\/www.pm.pb.gov.br\/portal\/wp-json\/wp\/v2\/types\/post"}],"author":[{"embeddable":true,"href":"https:\/\/www.pm.pb.gov.br\/portal\/wp-json\/wp\/v2\/users\/5"}],"replies":[{"embeddable":true,"href":"https:\/\/www.pm.pb.gov.br\/portal\/wp-json\/wp\/v2\/comments?post=923583"}],"version-history":[{"count":2,"href":"https:\/\/www.pm.pb.gov.br\/portal\/wp-json\/wp\/v2\/posts\/923583\/revisions"}],"predecessor-version":[{"id":923590,"href":"https:\/\/www.pm.pb.gov.br\/portal\/wp-json\/wp\/v2\/posts\/923583\/revisions\/923590"}],"wp:featuredmedia":[{"embeddable":true,"href":"https:\/\/www.pm.pb.gov.br\/portal\/wp-json\/wp\/v2\/media\/923588"}],"wp:attachment":[{"href":"https:\/\/www.pm.pb.gov.br\/portal\/wp-json\/wp\/v2\/media?parent=923583"}],"wp:term":[{"taxonomy":"category","embeddable":true,"href":"https:\/\/www.pm.pb.gov.br\/portal\/wp-json\/wp\/v2\/categories?post=923583"},{"taxonomy":"post_tag","embeddable":true,"href":"https:\/\/www.pm.pb.gov.br\/portal\/wp-json\/wp\/v2\/tags?post=923583"}],"curies":[{"name":"wp","href":"https:\/\/api.w.org\/{rel}","templated":true}]}}