{"id":923578,"date":"2024-08-10T10:46:37","date_gmt":"2024-08-10T13:46:37","guid":{"rendered":"https:\/\/www.pm.pb.gov.br\/portal\/?p=923578"},"modified":"2024-08-10T10:46:39","modified_gmt":"2024-08-10T13:46:39","slug":"na-zona-sul-de-joao-pessoa-policia-militar-apreende-drogas-arma-de-fogo-e-captura-foragido-com-pena-de-mais-de-25-anos-de-prisao","status":"publish","type":"post","link":"https:\/\/www.pm.pb.gov.br\/portal\/2024\/08\/10\/na-zona-sul-de-joao-pessoa-policia-militar-apreende-drogas-arma-de-fogo-e-captura-foragido-com-pena-de-mais-de-25-anos-de-prisao\/","title":{"rendered":"Na Zona Sul de Jo\u00e3o pessoa: Pol\u00edcia Militar apreende drogas, arma de fogo e captura foragido com pena de mais de 25 anos de pris\u00e3o"},"content":{"rendered":"\n<p>Entre a noite desta sexta-feira (09) e madrugada deste s\u00e1bado (10), as a\u00e7\u00f5es da Pol\u00edcia Militar resultaram na apreens\u00e3o de uma arma de fogo, entorpecentes e na captura de um foragido da justi\u00e7a de alta periculosidade, com mais de 25 anos de pena, na zona sul de Jo\u00e3o Pessoa. As a\u00e7\u00f5es foram realizadas pelas equipes do 5\u00ba Batalh\u00e3o da PMPB.<\/p>\n<p>Na primeira a\u00e7\u00e3o, na noite da sexta-feira, policiais militares da For\u00e7a T\u00e1tica realizavam rondas no bairro Costa e Silva e abordaram um suspeito, de 32 anos, natural de Jo\u00e3o Pessoa. Ap\u00f3s consulta, foi constatado que contra ele existia um mandado de pris\u00e3o em aberto por diversos crimes, como roubo, tr\u00e1fico de drogas e associa\u00e7\u00e3o para o tr\u00e1fico. Ao todo, o indiv\u00edduo possu\u00eda contra si uma pena imposta de mais de 25 anos de pris\u00e3o. Ele foi conduzido \u00e0 Delegacia de Pol\u00edcia Civil.<\/p>\n<p><img loading=\"lazy\" decoding=\"async\" class=\"alignright  wp-image-923580\" src=\"http:\/\/www.pm.pb.gov.br\/portal\/wp-content\/uploads\/2024\/08\/Drogas-Irma-Dulce-411x445.jpeg\" alt=\"\" width=\"305\" height=\"330\" srcset=\"https:\/\/www.pm.pb.gov.br\/portal\/wp-content\/uploads\/2024\/08\/Drogas-Irma-Dulce-411x445.jpeg 411w, https:\/\/www.pm.pb.gov.br\/portal\/wp-content\/uploads\/2024\/08\/Drogas-Irma-Dulce-527x570.jpeg 527w, https:\/\/www.pm.pb.gov.br\/portal\/wp-content\/uploads\/2024\/08\/Drogas-Irma-Dulce.jpeg 719w\" sizes=\"(max-width: 305px) 100vw, 305px\" \/>J\u00e1 nas primeiras horas deste s\u00e1bado, os militares da For\u00e7a T\u00e1tica realizavam rondas no bairro Colinas do Sul, quando visualizaram um grupo de indiv\u00edduos, estando com eles uma sacola preta. Com a aproxima\u00e7\u00e3o das viaturas os suspeitos correram para o interior da comunidade Irm\u00e3 Dulce e abandonaram nas proximidades o pacote, onde foram encontrados entorpecentes, embalagens para armazenamento de drogas, v\u00e1rios aparelhos celulares e uma maquineta de cart\u00e3o de cr\u00e9dito (Foto ao lado). O material foi apreendido e apresentado ao delegado plantonista.<\/p>\n<p>Por fim, no bairro Jos\u00e9 Am\u00e9rico, equipes de policiamento preventivo tomaram conhecimento de que homens estariam ostentando armas de fogo na comunidade Laranjeiras. No local, foi avistado um grupo com quatro suspeitos que empreenderam fuga. Ap\u00f3s varredura do local, foi localizado e apreendido um rev\u00f3lver calibre .38 com seis muni\u00e7\u00f5es, que foi conduzido at\u00e9 a Cidade da Pol\u00edcia Civil (Foto em destaque).<\/p>\n","protected":false},"excerpt":{"rendered":"<p>Entre a noite desta sexta-feira (09) e madrugada deste s\u00e1bado (10), as a\u00e7\u00f5es da Pol\u00edcia Militar resultaram na apreens\u00e3o de<\/p>\n","protected":false},"author":5,"featured_media":923579,"comment_status":"closed","ping_status":"closed","sticky":false,"template":"","format":"standard","meta":{"_exactmetrics_skip_tracking":false,"_exactmetrics_sitenote_active":false,"_exactmetrics_sitenote_note":"","_exactmetrics_sitenote_category":0,"footnotes":""},"categories":[4],"tags":[],"yoast_head":"<!-- This site is optimized with the Yoast SEO plugin v22.0 - https:\/\/yoast.com\/wordpress\/plugins\/seo\/ -->\n<title>Na Zona Sul de Jo\u00e3o pessoa: Pol\u00edcia Militar apreende drogas, arma de fogo e captura foragido com pena de mais de 25 anos de pris\u00e3o - Pol\u00edcia Militar da Para\u00edba<\/title>\n<meta name=\"robots\" content=\"index, follow, max-snippet:-1, max-image-preview:large, max-video-preview:-1\" \/>\n<link rel=\"canonical\" href=\"https:\/\/www.pm.pb.gov.br\/portal\/2024\/08\/10\/na-zona-sul-de-joao-pessoa-policia-militar-apreende-drogas-arma-de-fogo-e-captura-foragido-com-pena-de-mais-de-25-anos-de-prisao\/\" \/>\n<meta property=\"og:locale\" content=\"pt_BR\" \/>\n<meta property=\"og:type\" content=\"article\" \/>\n<meta property=\"og:title\" content=\"Na Zona Sul de Jo\u00e3o pessoa: Pol\u00edcia Militar apreende drogas, arma de fogo e captura foragido com pena de mais de 25 anos de pris\u00e3o - Pol\u00edcia Militar da Para\u00edba\" \/>\n<meta property=\"og:description\" content=\"Entre a noite desta sexta-feira (09) e madrugada deste s\u00e1bado (10), as a\u00e7\u00f5es da Pol\u00edcia Militar resultaram na apreens\u00e3o de\" \/>\n<meta property=\"og:url\" content=\"https:\/\/www.pm.pb.gov.br\/portal\/2024\/08\/10\/na-zona-sul-de-joao-pessoa-policia-militar-apreende-drogas-arma-de-fogo-e-captura-foragido-com-pena-de-mais-de-25-anos-de-prisao\/\" \/>\n<meta property=\"og:site_name\" content=\"Pol\u00edcia Militar da Para\u00edba\" \/>\n<meta property=\"article:published_time\" content=\"2024-08-10T13:46:37+00:00\" \/>\n<meta property=\"article:modified_time\" content=\"2024-08-10T13:46:39+00:00\" \/>\n<meta property=\"og:image\" content=\"http:\/\/www.pm.pb.gov.br\/portal\/wp-content\/uploads\/2024\/08\/Revolver-Jose-Americo.jpeg\" \/>\n\t<meta property=\"og:image:width\" content=\"1200\" \/>\n\t<meta property=\"og:image:height\" content=\"819\" \/>\n\t<meta property=\"og:image:type\" content=\"image\/jpeg\" \/>\n<meta name=\"author\" content=\"Assessoria de Imprensa da PMPB\" \/>\n<meta name=\"twitter:card\" content=\"summary_large_image\" \/>\n<meta name=\"twitter:label1\" content=\"Escrito por\" \/>\n\t<meta name=\"twitter:data1\" content=\"Assessoria de Imprensa da PMPB\" \/>\n\t<meta name=\"twitter:label2\" content=\"Est. tempo de leitura\" \/>\n\t<meta name=\"twitter:data2\" content=\"2 minutos\" \/>\n<script type=\"application\/ld+json\" class=\"yoast-schema-graph\">{\"@context\":\"https:\/\/schema.org\",\"@graph\":[{\"@type\":\"Article\",\"@id\":\"https:\/\/www.pm.pb.gov.br\/portal\/2024\/08\/10\/na-zona-sul-de-joao-pessoa-policia-militar-apreende-drogas-arma-de-fogo-e-captura-foragido-com-pena-de-mais-de-25-anos-de-prisao\/#article\",\"isPartOf\":{\"@id\":\"https:\/\/www.pm.pb.gov.br\/portal\/2024\/08\/10\/na-zona-sul-de-joao-pessoa-policia-militar-apreende-drogas-arma-de-fogo-e-captura-foragido-com-pena-de-mais-de-25-anos-de-prisao\/\"},\"author\":{\"name\":\"Assessoria de Imprensa da PMPB\",\"@id\":\"https:\/\/www.pm.pb.gov.br\/portal\/#\/schema\/person\/e8454f46651c3ecf0e1ba3c1666d9947\"},\"headline\":\"Na Zona Sul de Jo\u00e3o pessoa: Pol\u00edcia Militar apreende drogas, arma de fogo e captura foragido com pena de mais de 25 anos de pris\u00e3o\",\"datePublished\":\"2024-08-10T13:46:37+00:00\",\"dateModified\":\"2024-08-10T13:46:39+00:00\",\"mainEntityOfPage\":{\"@id\":\"https:\/\/www.pm.pb.gov.br\/portal\/2024\/08\/10\/na-zona-sul-de-joao-pessoa-policia-militar-apreende-drogas-arma-de-fogo-e-captura-foragido-com-pena-de-mais-de-25-anos-de-prisao\/\"},\"wordCount\":339,\"publisher\":{\"@id\":\"https:\/\/www.pm.pb.gov.br\/portal\/#organization\"},\"articleSection\":[\"A\u00e7\u00f5es Policiais\"],\"inLanguage\":\"pt-BR\"},{\"@type\":\"WebPage\",\"@id\":\"https:\/\/www.pm.pb.gov.br\/portal\/2024\/08\/10\/na-zona-sul-de-joao-pessoa-policia-militar-apreende-drogas-arma-de-fogo-e-captura-foragido-com-pena-de-mais-de-25-anos-de-prisao\/\",\"url\":\"https:\/\/www.pm.pb.gov.br\/portal\/2024\/08\/10\/na-zona-sul-de-joao-pessoa-policia-militar-apreende-drogas-arma-de-fogo-e-captura-foragido-com-pena-de-mais-de-25-anos-de-prisao\/\",\"name\":\"Na Zona Sul de Jo\u00e3o pessoa: Pol\u00edcia Militar apreende drogas, arma de fogo e captura foragido com pena de mais de 25 anos de pris\u00e3o - Pol\u00edcia Militar da Para\u00edba\",\"isPartOf\":{\"@id\":\"https:\/\/www.pm.pb.gov.br\/portal\/#website\"},\"datePublished\":\"2024-08-10T13:46:37+00:00\",\"dateModified\":\"2024-08-10T13:46:39+00:00\",\"breadcrumb\":{\"@id\":\"https:\/\/www.pm.pb.gov.br\/portal\/2024\/08\/10\/na-zona-sul-de-joao-pessoa-policia-militar-apreende-drogas-arma-de-fogo-e-captura-foragido-com-pena-de-mais-de-25-anos-de-prisao\/#breadcrumb\"},\"inLanguage\":\"pt-BR\",\"potentialAction\":[{\"@type\":\"ReadAction\",\"target\":[\"https:\/\/www.pm.pb.gov.br\/portal\/2024\/08\/10\/na-zona-sul-de-joao-pessoa-policia-militar-apreende-drogas-arma-de-fogo-e-captura-foragido-com-pena-de-mais-de-25-anos-de-prisao\/\"]}]},{\"@type\":\"BreadcrumbList\",\"@id\":\"https:\/\/www.pm.pb.gov.br\/portal\/2024\/08\/10\/na-zona-sul-de-joao-pessoa-policia-militar-apreende-drogas-arma-de-fogo-e-captura-foragido-com-pena-de-mais-de-25-anos-de-prisao\/#breadcrumb\",\"itemListElement\":[{\"@type\":\"ListItem\",\"position\":1,\"name\":\"In\u00edcio\",\"item\":\"https:\/\/www.pm.pb.gov.br\/portal\/\"},{\"@type\":\"ListItem\",\"position\":2,\"name\":\"Na Zona Sul de Jo\u00e3o pessoa: Pol\u00edcia Militar apreende drogas, arma de fogo e captura foragido com pena de mais de 25 anos de pris\u00e3o\"}]},{\"@type\":\"WebSite\",\"@id\":\"https:\/\/www.pm.pb.gov.br\/portal\/#website\",\"url\":\"https:\/\/www.pm.pb.gov.br\/portal\/\",\"name\":\"Pol\u00edcia Militar da Para\u00edba\",\"description\":\"\",\"publisher\":{\"@id\":\"https:\/\/www.pm.pb.gov.br\/portal\/#organization\"},\"potentialAction\":[{\"@type\":\"SearchAction\",\"target\":{\"@type\":\"EntryPoint\",\"urlTemplate\":\"https:\/\/www.pm.pb.gov.br\/portal\/?s={search_term_string}\"},\"query-input\":\"required name=search_term_string\"}],\"inLanguage\":\"pt-BR\"},{\"@type\":\"Organization\",\"@id\":\"https:\/\/www.pm.pb.gov.br\/portal\/#organization\",\"name\":\"Pol\u00edcia Militar da Para\u00edba\",\"url\":\"https:\/\/www.pm.pb.gov.br\/portal\/\",\"logo\":{\"@type\":\"ImageObject\",\"inLanguage\":\"pt-BR\",\"@id\":\"https:\/\/www.pm.pb.gov.br\/portal\/#\/schema\/logo\/image\/\",\"url\":\"https:\/\/www.pm.pb.gov.br\/portal\/wp-content\/uploads\/2025\/03\/cropped-logo-site-mag2-1.png\",\"contentUrl\":\"https:\/\/www.pm.pb.gov.br\/portal\/wp-content\/uploads\/2025\/03\/cropped-logo-site-mag2-1.png\",\"width\":320,\"height\":90,\"caption\":\"Pol\u00edcia Militar da Para\u00edba\"},\"image\":{\"@id\":\"https:\/\/www.pm.pb.gov.br\/portal\/#\/schema\/logo\/image\/\"}},{\"@type\":\"Person\",\"@id\":\"https:\/\/www.pm.pb.gov.br\/portal\/#\/schema\/person\/e8454f46651c3ecf0e1ba3c1666d9947\",\"name\":\"Assessoria de Imprensa da PMPB\",\"image\":{\"@type\":\"ImageObject\",\"inLanguage\":\"pt-BR\",\"@id\":\"https:\/\/www.pm.pb.gov.br\/portal\/#\/schema\/person\/image\/\",\"url\":\"https:\/\/secure.gravatar.com\/avatar\/2efe197438265d1e90bd98c4c8e1acf8?s=96&d=mm&r=g\",\"contentUrl\":\"https:\/\/secure.gravatar.com\/avatar\/2efe197438265d1e90bd98c4c8e1acf8?s=96&d=mm&r=g\",\"caption\":\"Assessoria de Imprensa da PMPB\"},\"url\":\"https:\/\/www.pm.pb.gov.br\/portal\/author\/assessoria\/\"}]}<\/script>\n<!-- \/ Yoast SEO plugin. -->","yoast_head_json":{"title":"Na Zona Sul de Jo\u00e3o pessoa: Pol\u00edcia Militar apreende drogas, arma de fogo e captura foragido com pena de mais de 25 anos de pris\u00e3o - Pol\u00edcia Militar da Para\u00edba","robots":{"index":"index","follow":"follow","max-snippet":"max-snippet:-1","max-image-preview":"max-image-preview:large","max-video-preview":"max-video-preview:-1"},"canonical":"https:\/\/www.pm.pb.gov.br\/portal\/2024\/08\/10\/na-zona-sul-de-joao-pessoa-policia-militar-apreende-drogas-arma-de-fogo-e-captura-foragido-com-pena-de-mais-de-25-anos-de-prisao\/","og_locale":"pt_BR","og_type":"article","og_title":"Na Zona Sul de Jo\u00e3o pessoa: Pol\u00edcia Militar apreende drogas, arma de fogo e captura foragido com pena de mais de 25 anos de pris\u00e3o - Pol\u00edcia Militar da Para\u00edba","og_description":"Entre a noite desta sexta-feira (09) e madrugada deste s\u00e1bado (10), as a\u00e7\u00f5es da Pol\u00edcia Militar resultaram na apreens\u00e3o de","og_url":"https:\/\/www.pm.pb.gov.br\/portal\/2024\/08\/10\/na-zona-sul-de-joao-pessoa-policia-militar-apreende-drogas-arma-de-fogo-e-captura-foragido-com-pena-de-mais-de-25-anos-de-prisao\/","og_site_name":"Pol\u00edcia Militar da Para\u00edba","article_published_time":"2024-08-10T13:46:37+00:00","article_modified_time":"2024-08-10T13:46:39+00:00","og_image":[{"width":1200,"height":819,"url":"http:\/\/www.pm.pb.gov.br\/portal\/wp-content\/uploads\/2024\/08\/Revolver-Jose-Americo.jpeg","type":"image\/jpeg"}],"author":"Assessoria de Imprensa da PMPB","twitter_card":"summary_large_image","twitter_misc":{"Escrito por":"Assessoria de Imprensa da PMPB","Est. tempo de leitura":"2 minutos"},"schema":{"@context":"https:\/\/schema.org","@graph":[{"@type":"Article","@id":"https:\/\/www.pm.pb.gov.br\/portal\/2024\/08\/10\/na-zona-sul-de-joao-pessoa-policia-militar-apreende-drogas-arma-de-fogo-e-captura-foragido-com-pena-de-mais-de-25-anos-de-prisao\/#article","isPartOf":{"@id":"https:\/\/www.pm.pb.gov.br\/portal\/2024\/08\/10\/na-zona-sul-de-joao-pessoa-policia-militar-apreende-drogas-arma-de-fogo-e-captura-foragido-com-pena-de-mais-de-25-anos-de-prisao\/"},"author":{"name":"Assessoria de Imprensa da PMPB","@id":"https:\/\/www.pm.pb.gov.br\/portal\/#\/schema\/person\/e8454f46651c3ecf0e1ba3c1666d9947"},"headline":"Na Zona Sul de Jo\u00e3o pessoa: Pol\u00edcia Militar apreende drogas, arma de fogo e captura foragido com pena de mais de 25 anos de pris\u00e3o","datePublished":"2024-08-10T13:46:37+00:00","dateModified":"2024-08-10T13:46:39+00:00","mainEntityOfPage":{"@id":"https:\/\/www.pm.pb.gov.br\/portal\/2024\/08\/10\/na-zona-sul-de-joao-pessoa-policia-militar-apreende-drogas-arma-de-fogo-e-captura-foragido-com-pena-de-mais-de-25-anos-de-prisao\/"},"wordCount":339,"publisher":{"@id":"https:\/\/www.pm.pb.gov.br\/portal\/#organization"},"articleSection":["A\u00e7\u00f5es Policiais"],"inLanguage":"pt-BR"},{"@type":"WebPage","@id":"https:\/\/www.pm.pb.gov.br\/portal\/2024\/08\/10\/na-zona-sul-de-joao-pessoa-policia-militar-apreende-drogas-arma-de-fogo-e-captura-foragido-com-pena-de-mais-de-25-anos-de-prisao\/","url":"https:\/\/www.pm.pb.gov.br\/portal\/2024\/08\/10\/na-zona-sul-de-joao-pessoa-policia-militar-apreende-drogas-arma-de-fogo-e-captura-foragido-com-pena-de-mais-de-25-anos-de-prisao\/","name":"Na Zona Sul de Jo\u00e3o pessoa: Pol\u00edcia Militar apreende drogas, arma de fogo e captura foragido com pena de mais de 25 anos de pris\u00e3o - Pol\u00edcia Militar da Para\u00edba","isPartOf":{"@id":"https:\/\/www.pm.pb.gov.br\/portal\/#website"},"datePublished":"2024-08-10T13:46:37+00:00","dateModified":"2024-08-10T13:46:39+00:00","breadcrumb":{"@id":"https:\/\/www.pm.pb.gov.br\/portal\/2024\/08\/10\/na-zona-sul-de-joao-pessoa-policia-militar-apreende-drogas-arma-de-fogo-e-captura-foragido-com-pena-de-mais-de-25-anos-de-prisao\/#breadcrumb"},"inLanguage":"pt-BR","potentialAction":[{"@type":"ReadAction","target":["https:\/\/www.pm.pb.gov.br\/portal\/2024\/08\/10\/na-zona-sul-de-joao-pessoa-policia-militar-apreende-drogas-arma-de-fogo-e-captura-foragido-com-pena-de-mais-de-25-anos-de-prisao\/"]}]},{"@type":"BreadcrumbList","@id":"https:\/\/www.pm.pb.gov.br\/portal\/2024\/08\/10\/na-zona-sul-de-joao-pessoa-policia-militar-apreende-drogas-arma-de-fogo-e-captura-foragido-com-pena-de-mais-de-25-anos-de-prisao\/#breadcrumb","itemListElement":[{"@type":"ListItem","position":1,"name":"In\u00edcio","item":"https:\/\/www.pm.pb.gov.br\/portal\/"},{"@type":"ListItem","position":2,"name":"Na Zona Sul de Jo\u00e3o pessoa: Pol\u00edcia Militar apreende drogas, arma de fogo e captura foragido com pena de mais de 25 anos de pris\u00e3o"}]},{"@type":"WebSite","@id":"https:\/\/www.pm.pb.gov.br\/portal\/#website","url":"https:\/\/www.pm.pb.gov.br\/portal\/","name":"Pol\u00edcia Militar da Para\u00edba","description":"","publisher":{"@id":"https:\/\/www.pm.pb.gov.br\/portal\/#organization"},"potentialAction":[{"@type":"SearchAction","target":{"@type":"EntryPoint","urlTemplate":"https:\/\/www.pm.pb.gov.br\/portal\/?s={search_term_string}"},"query-input":"required name=search_term_string"}],"inLanguage":"pt-BR"},{"@type":"Organization","@id":"https:\/\/www.pm.pb.gov.br\/portal\/#organization","name":"Pol\u00edcia Militar da Para\u00edba","url":"https:\/\/www.pm.pb.gov.br\/portal\/","logo":{"@type":"ImageObject","inLanguage":"pt-BR","@id":"https:\/\/www.pm.pb.gov.br\/portal\/#\/schema\/logo\/image\/","url":"https:\/\/www.pm.pb.gov.br\/portal\/wp-content\/uploads\/2025\/03\/cropped-logo-site-mag2-1.png","contentUrl":"https:\/\/www.pm.pb.gov.br\/portal\/wp-content\/uploads\/2025\/03\/cropped-logo-site-mag2-1.png","width":320,"height":90,"caption":"Pol\u00edcia Militar da Para\u00edba"},"image":{"@id":"https:\/\/www.pm.pb.gov.br\/portal\/#\/schema\/logo\/image\/"}},{"@type":"Person","@id":"https:\/\/www.pm.pb.gov.br\/portal\/#\/schema\/person\/e8454f46651c3ecf0e1ba3c1666d9947","name":"Assessoria de Imprensa da PMPB","image":{"@type":"ImageObject","inLanguage":"pt-BR","@id":"https:\/\/www.pm.pb.gov.br\/portal\/#\/schema\/person\/image\/","url":"https:\/\/secure.gravatar.com\/avatar\/2efe197438265d1e90bd98c4c8e1acf8?s=96&d=mm&r=g","contentUrl":"https:\/\/secure.gravatar.com\/avatar\/2efe197438265d1e90bd98c4c8e1acf8?s=96&d=mm&r=g","caption":"Assessoria de Imprensa da PMPB"},"url":"https:\/\/www.pm.pb.gov.br\/portal\/author\/assessoria\/"}]}},"_links":{"self":[{"href":"https:\/\/www.pm.pb.gov.br\/portal\/wp-json\/wp\/v2\/posts\/923578"}],"collection":[{"href":"https:\/\/www.pm.pb.gov.br\/portal\/wp-json\/wp\/v2\/posts"}],"about":[{"href":"https:\/\/www.pm.pb.gov.br\/portal\/wp-json\/wp\/v2\/types\/post"}],"author":[{"embeddable":true,"href":"https:\/\/www.pm.pb.gov.br\/portal\/wp-json\/wp\/v2\/users\/5"}],"replies":[{"embeddable":true,"href":"https:\/\/www.pm.pb.gov.br\/portal\/wp-json\/wp\/v2\/comments?post=923578"}],"version-history":[{"count":2,"href":"https:\/\/www.pm.pb.gov.br\/portal\/wp-json\/wp\/v2\/posts\/923578\/revisions"}],"predecessor-version":[{"id":923582,"href":"https:\/\/www.pm.pb.gov.br\/portal\/wp-json\/wp\/v2\/posts\/923578\/revisions\/923582"}],"wp:featuredmedia":[{"embeddable":true,"href":"https:\/\/www.pm.pb.gov.br\/portal\/wp-json\/wp\/v2\/media\/923579"}],"wp:attachment":[{"href":"https:\/\/www.pm.pb.gov.br\/portal\/wp-json\/wp\/v2\/media?parent=923578"}],"wp:term":[{"taxonomy":"category","embeddable":true,"href":"https:\/\/www.pm.pb.gov.br\/portal\/wp-json\/wp\/v2\/categories?post=923578"},{"taxonomy":"post_tag","embeddable":true,"href":"https:\/\/www.pm.pb.gov.br\/portal\/wp-json\/wp\/v2\/tags?post=923578"}],"curies":[{"name":"wp","href":"https:\/\/api.w.org\/{rel}","templated":true}]}}