{"id":923572,"date":"2024-08-10T09:52:41","date_gmt":"2024-08-10T12:52:41","guid":{"rendered":"https:\/\/www.pm.pb.gov.br\/portal\/?p=923572"},"modified":"2024-08-10T09:52:43","modified_gmt":"2024-08-10T12:52:43","slug":"policia-militar-prende-suspeito-por-porte-ilegal-de-arma-de-fogo-no-alto-sertao","status":"publish","type":"post","link":"https:\/\/www.pm.pb.gov.br\/portal\/2024\/08\/10\/policia-militar-prende-suspeito-por-porte-ilegal-de-arma-de-fogo-no-alto-sertao\/","title":{"rendered":"Pol\u00edcia Militar prende suspeito por porte ilegal de arma de fogo no Alto Sert\u00e3o"},"content":{"rendered":"\n<p>Na noite desta sexta-feira (09), a Pol\u00edcia Militar, atrav\u00e9s das guarni\u00e7\u00f5es 3\u00b0 Esquadr\u00e3o do Regimento de Opera\u00e7\u00f5es T\u00e1ticas com Apoio de Motocicletas (ROTAM), prendeu um homem que portava ilegalmente uma arma de fogo, no munic\u00edpio de Triunfo, Sert\u00e3o da Para\u00edba.<img loading=\"lazy\" decoding=\"async\" class=\"alignright  wp-image-923575\" src=\"http:\/\/www.pm.pb.gov.br\/portal\/wp-content\/uploads\/2024\/08\/Policia-Militar-prende-suspeito-por-porte-ilegal-de-arma-de-fogo-no-Alto-Sertao-401x445.jpeg\" alt=\"\" width=\"196\" height=\"218\" srcset=\"https:\/\/www.pm.pb.gov.br\/portal\/wp-content\/uploads\/2024\/08\/Policia-Militar-prende-suspeito-por-porte-ilegal-de-arma-de-fogo-no-Alto-Sertao-401x445.jpeg 401w, https:\/\/www.pm.pb.gov.br\/portal\/wp-content\/uploads\/2024\/08\/Policia-Militar-prende-suspeito-por-porte-ilegal-de-arma-de-fogo-no-Alto-Sertao-514x570.jpeg 514w, https:\/\/www.pm.pb.gov.br\/portal\/wp-content\/uploads\/2024\/08\/Policia-Militar-prende-suspeito-por-porte-ilegal-de-arma-de-fogo-no-Alto-Sertao-768x852.jpeg 768w, https:\/\/www.pm.pb.gov.br\/portal\/wp-content\/uploads\/2024\/08\/Policia-Militar-prende-suspeito-por-porte-ilegal-de-arma-de-fogo-no-Alto-Sertao-1384x1536.jpeg 1384w, https:\/\/www.pm.pb.gov.br\/portal\/wp-content\/uploads\/2024\/08\/Policia-Militar-prende-suspeito-por-porte-ilegal-de-arma-de-fogo-no-Alto-Sertao.jpeg 1442w\" sizes=\"(max-width: 196px) 100vw, 196px\" \/><\/p>\n<p>A pris\u00e3o deu-se ap\u00f3s uma abordagem a um ve\u00edculo com dois ocupantes, quando, durante a busca, um dos suspeitos informou que estaria portando uma arma de fogo. Tratava-se de um rev\u00f3lver calibre .38 com seis muni\u00e7\u00f5es, sem documentos ou autoriza\u00e7\u00e3o de porte (Foto \u00e0 direita).<\/p>\n<p>O armamento foi apreendido e conduzido juntamente com o suspeito at\u00e9 a Delegacia de Pol\u00edcia Civil de Cajazeiras.<\/p>\n","protected":false},"excerpt":{"rendered":"<p>Na noite desta sexta-feira (09), a Pol\u00edcia Militar, atrav\u00e9s das guarni\u00e7\u00f5es 3\u00b0 Esquadr\u00e3o do Regimento de Opera\u00e7\u00f5es T\u00e1ticas com Apoio<\/p>\n","protected":false},"author":5,"featured_media":921651,"comment_status":"closed","ping_status":"closed","sticky":false,"template":"","format":"standard","meta":{"_exactmetrics_skip_tracking":false,"_exactmetrics_sitenote_active":false,"_exactmetrics_sitenote_note":"","_exactmetrics_sitenote_category":0,"footnotes":""},"categories":[4],"tags":[],"yoast_head":"<!-- This site is optimized with the Yoast SEO plugin v22.0 - https:\/\/yoast.com\/wordpress\/plugins\/seo\/ -->\n<title>Pol\u00edcia Militar prende suspeito por porte ilegal de arma de fogo no Alto Sert\u00e3o - Pol\u00edcia Militar da Para\u00edba<\/title>\n<meta name=\"robots\" content=\"index, follow, max-snippet:-1, max-image-preview:large, max-video-preview:-1\" \/>\n<link rel=\"canonical\" href=\"https:\/\/www.pm.pb.gov.br\/portal\/2024\/08\/10\/policia-militar-prende-suspeito-por-porte-ilegal-de-arma-de-fogo-no-alto-sertao\/\" \/>\n<meta property=\"og:locale\" content=\"pt_BR\" \/>\n<meta property=\"og:type\" content=\"article\" \/>\n<meta property=\"og:title\" content=\"Pol\u00edcia Militar prende suspeito por porte ilegal de arma de fogo no Alto Sert\u00e3o - Pol\u00edcia Militar da Para\u00edba\" \/>\n<meta property=\"og:description\" content=\"Na noite desta sexta-feira (09), a Pol\u00edcia Militar, atrav\u00e9s das guarni\u00e7\u00f5es 3\u00b0 Esquadr\u00e3o do Regimento de Opera\u00e7\u00f5es T\u00e1ticas com Apoio\" \/>\n<meta property=\"og:url\" content=\"https:\/\/www.pm.pb.gov.br\/portal\/2024\/08\/10\/policia-militar-prende-suspeito-por-porte-ilegal-de-arma-de-fogo-no-alto-sertao\/\" \/>\n<meta property=\"og:site_name\" content=\"Pol\u00edcia Militar da Para\u00edba\" \/>\n<meta property=\"article:published_time\" content=\"2024-08-10T12:52:41+00:00\" \/>\n<meta property=\"article:modified_time\" content=\"2024-08-10T12:52:43+00:00\" \/>\n<meta property=\"og:image\" content=\"http:\/\/www.pm.pb.gov.br\/portal\/wp-content\/uploads\/2024\/03\/ROTAM-scaled.jpg\" \/>\n\t<meta property=\"og:image:width\" content=\"2560\" \/>\n\t<meta property=\"og:image:height\" content=\"1920\" \/>\n\t<meta property=\"og:image:type\" content=\"image\/jpeg\" \/>\n<meta name=\"author\" content=\"Assessoria de Imprensa da PMPB\" \/>\n<meta name=\"twitter:card\" content=\"summary_large_image\" \/>\n<meta name=\"twitter:label1\" content=\"Escrito por\" \/>\n\t<meta name=\"twitter:data1\" content=\"Assessoria de Imprensa da PMPB\" \/>\n\t<meta name=\"twitter:label2\" content=\"Est. tempo de leitura\" \/>\n\t<meta name=\"twitter:data2\" content=\"1 minuto\" \/>\n<script type=\"application\/ld+json\" class=\"yoast-schema-graph\">{\"@context\":\"https:\/\/schema.org\",\"@graph\":[{\"@type\":\"Article\",\"@id\":\"https:\/\/www.pm.pb.gov.br\/portal\/2024\/08\/10\/policia-militar-prende-suspeito-por-porte-ilegal-de-arma-de-fogo-no-alto-sertao\/#article\",\"isPartOf\":{\"@id\":\"https:\/\/www.pm.pb.gov.br\/portal\/2024\/08\/10\/policia-militar-prende-suspeito-por-porte-ilegal-de-arma-de-fogo-no-alto-sertao\/\"},\"author\":{\"name\":\"Assessoria de Imprensa da PMPB\",\"@id\":\"https:\/\/www.pm.pb.gov.br\/portal\/#\/schema\/person\/e8454f46651c3ecf0e1ba3c1666d9947\"},\"headline\":\"Pol\u00edcia Militar prende suspeito por porte ilegal de arma de fogo no Alto Sert\u00e3o\",\"datePublished\":\"2024-08-10T12:52:41+00:00\",\"dateModified\":\"2024-08-10T12:52:43+00:00\",\"mainEntityOfPage\":{\"@id\":\"https:\/\/www.pm.pb.gov.br\/portal\/2024\/08\/10\/policia-militar-prende-suspeito-por-porte-ilegal-de-arma-de-fogo-no-alto-sertao\/\"},\"wordCount\":131,\"publisher\":{\"@id\":\"https:\/\/www.pm.pb.gov.br\/portal\/#organization\"},\"articleSection\":[\"A\u00e7\u00f5es Policiais\"],\"inLanguage\":\"pt-BR\"},{\"@type\":\"WebPage\",\"@id\":\"https:\/\/www.pm.pb.gov.br\/portal\/2024\/08\/10\/policia-militar-prende-suspeito-por-porte-ilegal-de-arma-de-fogo-no-alto-sertao\/\",\"url\":\"https:\/\/www.pm.pb.gov.br\/portal\/2024\/08\/10\/policia-militar-prende-suspeito-por-porte-ilegal-de-arma-de-fogo-no-alto-sertao\/\",\"name\":\"Pol\u00edcia Militar prende suspeito por porte ilegal de arma de fogo no Alto Sert\u00e3o - Pol\u00edcia Militar da Para\u00edba\",\"isPartOf\":{\"@id\":\"https:\/\/www.pm.pb.gov.br\/portal\/#website\"},\"datePublished\":\"2024-08-10T12:52:41+00:00\",\"dateModified\":\"2024-08-10T12:52:43+00:00\",\"breadcrumb\":{\"@id\":\"https:\/\/www.pm.pb.gov.br\/portal\/2024\/08\/10\/policia-militar-prende-suspeito-por-porte-ilegal-de-arma-de-fogo-no-alto-sertao\/#breadcrumb\"},\"inLanguage\":\"pt-BR\",\"potentialAction\":[{\"@type\":\"ReadAction\",\"target\":[\"https:\/\/www.pm.pb.gov.br\/portal\/2024\/08\/10\/policia-militar-prende-suspeito-por-porte-ilegal-de-arma-de-fogo-no-alto-sertao\/\"]}]},{\"@type\":\"BreadcrumbList\",\"@id\":\"https:\/\/www.pm.pb.gov.br\/portal\/2024\/08\/10\/policia-militar-prende-suspeito-por-porte-ilegal-de-arma-de-fogo-no-alto-sertao\/#breadcrumb\",\"itemListElement\":[{\"@type\":\"ListItem\",\"position\":1,\"name\":\"In\u00edcio\",\"item\":\"https:\/\/www.pm.pb.gov.br\/portal\/\"},{\"@type\":\"ListItem\",\"position\":2,\"name\":\"Pol\u00edcia Militar prende suspeito por porte ilegal de arma de fogo no Alto Sert\u00e3o\"}]},{\"@type\":\"WebSite\",\"@id\":\"https:\/\/www.pm.pb.gov.br\/portal\/#website\",\"url\":\"https:\/\/www.pm.pb.gov.br\/portal\/\",\"name\":\"Pol\u00edcia Militar da Para\u00edba\",\"description\":\"\",\"publisher\":{\"@id\":\"https:\/\/www.pm.pb.gov.br\/portal\/#organization\"},\"potentialAction\":[{\"@type\":\"SearchAction\",\"target\":{\"@type\":\"EntryPoint\",\"urlTemplate\":\"https:\/\/www.pm.pb.gov.br\/portal\/?s={search_term_string}\"},\"query-input\":\"required name=search_term_string\"}],\"inLanguage\":\"pt-BR\"},{\"@type\":\"Organization\",\"@id\":\"https:\/\/www.pm.pb.gov.br\/portal\/#organization\",\"name\":\"Pol\u00edcia Militar da Para\u00edba\",\"url\":\"https:\/\/www.pm.pb.gov.br\/portal\/\",\"logo\":{\"@type\":\"ImageObject\",\"inLanguage\":\"pt-BR\",\"@id\":\"https:\/\/www.pm.pb.gov.br\/portal\/#\/schema\/logo\/image\/\",\"url\":\"https:\/\/www.pm.pb.gov.br\/portal\/wp-content\/uploads\/2025\/03\/cropped-logo-site-mag2-1.png\",\"contentUrl\":\"https:\/\/www.pm.pb.gov.br\/portal\/wp-content\/uploads\/2025\/03\/cropped-logo-site-mag2-1.png\",\"width\":320,\"height\":90,\"caption\":\"Pol\u00edcia Militar da Para\u00edba\"},\"image\":{\"@id\":\"https:\/\/www.pm.pb.gov.br\/portal\/#\/schema\/logo\/image\/\"}},{\"@type\":\"Person\",\"@id\":\"https:\/\/www.pm.pb.gov.br\/portal\/#\/schema\/person\/e8454f46651c3ecf0e1ba3c1666d9947\",\"name\":\"Assessoria de Imprensa da PMPB\",\"image\":{\"@type\":\"ImageObject\",\"inLanguage\":\"pt-BR\",\"@id\":\"https:\/\/www.pm.pb.gov.br\/portal\/#\/schema\/person\/image\/\",\"url\":\"https:\/\/secure.gravatar.com\/avatar\/2efe197438265d1e90bd98c4c8e1acf8?s=96&d=mm&r=g\",\"contentUrl\":\"https:\/\/secure.gravatar.com\/avatar\/2efe197438265d1e90bd98c4c8e1acf8?s=96&d=mm&r=g\",\"caption\":\"Assessoria de Imprensa da PMPB\"},\"url\":\"https:\/\/www.pm.pb.gov.br\/portal\/author\/assessoria\/\"}]}<\/script>\n<!-- \/ Yoast SEO plugin. -->","yoast_head_json":{"title":"Pol\u00edcia Militar prende suspeito por porte ilegal de arma de fogo no Alto Sert\u00e3o - Pol\u00edcia Militar da Para\u00edba","robots":{"index":"index","follow":"follow","max-snippet":"max-snippet:-1","max-image-preview":"max-image-preview:large","max-video-preview":"max-video-preview:-1"},"canonical":"https:\/\/www.pm.pb.gov.br\/portal\/2024\/08\/10\/policia-militar-prende-suspeito-por-porte-ilegal-de-arma-de-fogo-no-alto-sertao\/","og_locale":"pt_BR","og_type":"article","og_title":"Pol\u00edcia Militar prende suspeito por porte ilegal de arma de fogo no Alto Sert\u00e3o - Pol\u00edcia Militar da Para\u00edba","og_description":"Na noite desta sexta-feira (09), a Pol\u00edcia Militar, atrav\u00e9s das guarni\u00e7\u00f5es 3\u00b0 Esquadr\u00e3o do Regimento de Opera\u00e7\u00f5es T\u00e1ticas com Apoio","og_url":"https:\/\/www.pm.pb.gov.br\/portal\/2024\/08\/10\/policia-militar-prende-suspeito-por-porte-ilegal-de-arma-de-fogo-no-alto-sertao\/","og_site_name":"Pol\u00edcia Militar da Para\u00edba","article_published_time":"2024-08-10T12:52:41+00:00","article_modified_time":"2024-08-10T12:52:43+00:00","og_image":[{"width":2560,"height":1920,"url":"http:\/\/www.pm.pb.gov.br\/portal\/wp-content\/uploads\/2024\/03\/ROTAM-scaled.jpg","type":"image\/jpeg"}],"author":"Assessoria de Imprensa da PMPB","twitter_card":"summary_large_image","twitter_misc":{"Escrito por":"Assessoria de Imprensa da PMPB","Est. tempo de leitura":"1 minuto"},"schema":{"@context":"https:\/\/schema.org","@graph":[{"@type":"Article","@id":"https:\/\/www.pm.pb.gov.br\/portal\/2024\/08\/10\/policia-militar-prende-suspeito-por-porte-ilegal-de-arma-de-fogo-no-alto-sertao\/#article","isPartOf":{"@id":"https:\/\/www.pm.pb.gov.br\/portal\/2024\/08\/10\/policia-militar-prende-suspeito-por-porte-ilegal-de-arma-de-fogo-no-alto-sertao\/"},"author":{"name":"Assessoria de Imprensa da PMPB","@id":"https:\/\/www.pm.pb.gov.br\/portal\/#\/schema\/person\/e8454f46651c3ecf0e1ba3c1666d9947"},"headline":"Pol\u00edcia Militar prende suspeito por porte ilegal de arma de fogo no Alto Sert\u00e3o","datePublished":"2024-08-10T12:52:41+00:00","dateModified":"2024-08-10T12:52:43+00:00","mainEntityOfPage":{"@id":"https:\/\/www.pm.pb.gov.br\/portal\/2024\/08\/10\/policia-militar-prende-suspeito-por-porte-ilegal-de-arma-de-fogo-no-alto-sertao\/"},"wordCount":131,"publisher":{"@id":"https:\/\/www.pm.pb.gov.br\/portal\/#organization"},"articleSection":["A\u00e7\u00f5es Policiais"],"inLanguage":"pt-BR"},{"@type":"WebPage","@id":"https:\/\/www.pm.pb.gov.br\/portal\/2024\/08\/10\/policia-militar-prende-suspeito-por-porte-ilegal-de-arma-de-fogo-no-alto-sertao\/","url":"https:\/\/www.pm.pb.gov.br\/portal\/2024\/08\/10\/policia-militar-prende-suspeito-por-porte-ilegal-de-arma-de-fogo-no-alto-sertao\/","name":"Pol\u00edcia Militar prende suspeito por porte ilegal de arma de fogo no Alto Sert\u00e3o - Pol\u00edcia Militar da Para\u00edba","isPartOf":{"@id":"https:\/\/www.pm.pb.gov.br\/portal\/#website"},"datePublished":"2024-08-10T12:52:41+00:00","dateModified":"2024-08-10T12:52:43+00:00","breadcrumb":{"@id":"https:\/\/www.pm.pb.gov.br\/portal\/2024\/08\/10\/policia-militar-prende-suspeito-por-porte-ilegal-de-arma-de-fogo-no-alto-sertao\/#breadcrumb"},"inLanguage":"pt-BR","potentialAction":[{"@type":"ReadAction","target":["https:\/\/www.pm.pb.gov.br\/portal\/2024\/08\/10\/policia-militar-prende-suspeito-por-porte-ilegal-de-arma-de-fogo-no-alto-sertao\/"]}]},{"@type":"BreadcrumbList","@id":"https:\/\/www.pm.pb.gov.br\/portal\/2024\/08\/10\/policia-militar-prende-suspeito-por-porte-ilegal-de-arma-de-fogo-no-alto-sertao\/#breadcrumb","itemListElement":[{"@type":"ListItem","position":1,"name":"In\u00edcio","item":"https:\/\/www.pm.pb.gov.br\/portal\/"},{"@type":"ListItem","position":2,"name":"Pol\u00edcia Militar prende suspeito por porte ilegal de arma de fogo no Alto Sert\u00e3o"}]},{"@type":"WebSite","@id":"https:\/\/www.pm.pb.gov.br\/portal\/#website","url":"https:\/\/www.pm.pb.gov.br\/portal\/","name":"Pol\u00edcia Militar da Para\u00edba","description":"","publisher":{"@id":"https:\/\/www.pm.pb.gov.br\/portal\/#organization"},"potentialAction":[{"@type":"SearchAction","target":{"@type":"EntryPoint","urlTemplate":"https:\/\/www.pm.pb.gov.br\/portal\/?s={search_term_string}"},"query-input":"required name=search_term_string"}],"inLanguage":"pt-BR"},{"@type":"Organization","@id":"https:\/\/www.pm.pb.gov.br\/portal\/#organization","name":"Pol\u00edcia Militar da Para\u00edba","url":"https:\/\/www.pm.pb.gov.br\/portal\/","logo":{"@type":"ImageObject","inLanguage":"pt-BR","@id":"https:\/\/www.pm.pb.gov.br\/portal\/#\/schema\/logo\/image\/","url":"https:\/\/www.pm.pb.gov.br\/portal\/wp-content\/uploads\/2025\/03\/cropped-logo-site-mag2-1.png","contentUrl":"https:\/\/www.pm.pb.gov.br\/portal\/wp-content\/uploads\/2025\/03\/cropped-logo-site-mag2-1.png","width":320,"height":90,"caption":"Pol\u00edcia Militar da Para\u00edba"},"image":{"@id":"https:\/\/www.pm.pb.gov.br\/portal\/#\/schema\/logo\/image\/"}},{"@type":"Person","@id":"https:\/\/www.pm.pb.gov.br\/portal\/#\/schema\/person\/e8454f46651c3ecf0e1ba3c1666d9947","name":"Assessoria de Imprensa da PMPB","image":{"@type":"ImageObject","inLanguage":"pt-BR","@id":"https:\/\/www.pm.pb.gov.br\/portal\/#\/schema\/person\/image\/","url":"https:\/\/secure.gravatar.com\/avatar\/2efe197438265d1e90bd98c4c8e1acf8?s=96&d=mm&r=g","contentUrl":"https:\/\/secure.gravatar.com\/avatar\/2efe197438265d1e90bd98c4c8e1acf8?s=96&d=mm&r=g","caption":"Assessoria de Imprensa da PMPB"},"url":"https:\/\/www.pm.pb.gov.br\/portal\/author\/assessoria\/"}]}},"_links":{"self":[{"href":"https:\/\/www.pm.pb.gov.br\/portal\/wp-json\/wp\/v2\/posts\/923572"}],"collection":[{"href":"https:\/\/www.pm.pb.gov.br\/portal\/wp-json\/wp\/v2\/posts"}],"about":[{"href":"https:\/\/www.pm.pb.gov.br\/portal\/wp-json\/wp\/v2\/types\/post"}],"author":[{"embeddable":true,"href":"https:\/\/www.pm.pb.gov.br\/portal\/wp-json\/wp\/v2\/users\/5"}],"replies":[{"embeddable":true,"href":"https:\/\/www.pm.pb.gov.br\/portal\/wp-json\/wp\/v2\/comments?post=923572"}],"version-history":[{"count":3,"href":"https:\/\/www.pm.pb.gov.br\/portal\/wp-json\/wp\/v2\/posts\/923572\/revisions"}],"predecessor-version":[{"id":923577,"href":"https:\/\/www.pm.pb.gov.br\/portal\/wp-json\/wp\/v2\/posts\/923572\/revisions\/923577"}],"wp:featuredmedia":[{"embeddable":true,"href":"https:\/\/www.pm.pb.gov.br\/portal\/wp-json\/wp\/v2\/media\/921651"}],"wp:attachment":[{"href":"https:\/\/www.pm.pb.gov.br\/portal\/wp-json\/wp\/v2\/media?parent=923572"}],"wp:term":[{"taxonomy":"category","embeddable":true,"href":"https:\/\/www.pm.pb.gov.br\/portal\/wp-json\/wp\/v2\/categories?post=923572"},{"taxonomy":"post_tag","embeddable":true,"href":"https:\/\/www.pm.pb.gov.br\/portal\/wp-json\/wp\/v2\/tags?post=923572"}],"curies":[{"name":"wp","href":"https:\/\/api.w.org\/{rel}","templated":true}]}}