{"id":923556,"date":"2024-08-12T05:35:08","date_gmt":"2024-08-12T08:35:08","guid":{"rendered":"https:\/\/www.pm.pb.gov.br\/portal\/?p=923556"},"modified":"2024-08-12T05:35:11","modified_gmt":"2024-08-12T08:35:11","slug":"reincidencia-acusado-que-responde-por-roubo-e-preso-com-pistola-e-drogas-em-sousa","status":"publish","type":"post","link":"https:\/\/www.pm.pb.gov.br\/portal\/2024\/08\/12\/reincidencia-acusado-que-responde-por-roubo-e-preso-com-pistola-e-drogas-em-sousa\/","title":{"rendered":"Reincid\u00eancia: Acusado que responde por roubo \u00e9 preso com pistola e drogas em Sousa"},"content":{"rendered":"A Pol\u00edcia Militar apreendeu uma pistola, muni\u00e7\u00f5es, papelotes de coca\u00edna e dinheiro trocado com um homem que cumpre pena em liberdade condicional pelo crime de roubo. Ele foi preso, mais uma vez, na noite desse domingo (11), durante a\u00e7\u00e3o do 3\u00ba Esquadr\u00e3o do Regimento de Opera\u00e7\u00f5es T\u00e1ticas com Apoio de Motocicletas (ROTAM), no bairro V\u00e1rzea da Cruz, na cidade de Sousa, Sert\u00e3o da Para\u00edba.<br \/><br \/>Os policiais faziam rondas quando perceberam que o acusado, que estava em frente a uma casa, tinha um volume na cintura como se fosse uma arma e tentou fugir para dentro da resid\u00eancia, ao perceber a presen\u00e7a da PM. Ele foi rendido, preso com o material e apresentado na Delegacia de Pol\u00edcia Civil, em Sousa. <br \/>","protected":false},"excerpt":{"rendered":"<p>A Pol\u00edcia Militar apreendeu uma pistola, muni\u00e7\u00f5es, papelotes de coca\u00edna e dinheiro trocado com um homem que cumpre pena em<\/p>\n","protected":false},"author":18,"featured_media":923610,"comment_status":"closed","ping_status":"closed","sticky":false,"template":"","format":"standard","meta":{"_exactmetrics_skip_tracking":false,"_exactmetrics_sitenote_active":false,"_exactmetrics_sitenote_note":"","_exactmetrics_sitenote_category":0,"footnotes":""},"categories":[4],"tags":[],"yoast_head":"<!-- This site is optimized with the Yoast SEO plugin v22.0 - https:\/\/yoast.com\/wordpress\/plugins\/seo\/ -->\n<title>Reincid\u00eancia: Acusado que responde por roubo \u00e9 preso com pistola e drogas em Sousa - Pol\u00edcia Militar da Para\u00edba<\/title>\n<meta name=\"robots\" content=\"index, follow, max-snippet:-1, max-image-preview:large, max-video-preview:-1\" \/>\n<link rel=\"canonical\" href=\"https:\/\/www.pm.pb.gov.br\/portal\/2024\/08\/12\/reincidencia-acusado-que-responde-por-roubo-e-preso-com-pistola-e-drogas-em-sousa\/\" \/>\n<meta property=\"og:locale\" content=\"pt_BR\" \/>\n<meta property=\"og:type\" content=\"article\" \/>\n<meta property=\"og:title\" content=\"Reincid\u00eancia: Acusado que responde por roubo \u00e9 preso com pistola e drogas em Sousa - Pol\u00edcia Militar da Para\u00edba\" \/>\n<meta property=\"og:description\" content=\"A Pol\u00edcia Militar apreendeu uma pistola, muni\u00e7\u00f5es, papelotes de coca\u00edna e dinheiro trocado com um homem que cumpre pena em\" \/>\n<meta property=\"og:url\" content=\"https:\/\/www.pm.pb.gov.br\/portal\/2024\/08\/12\/reincidencia-acusado-que-responde-por-roubo-e-preso-com-pistola-e-drogas-em-sousa\/\" \/>\n<meta property=\"og:site_name\" content=\"Pol\u00edcia Militar da Para\u00edba\" \/>\n<meta property=\"article:published_time\" content=\"2024-08-12T08:35:08+00:00\" \/>\n<meta property=\"article:modified_time\" content=\"2024-08-12T08:35:11+00:00\" \/>\n<meta property=\"og:image\" content=\"http:\/\/www.pm.pb.gov.br\/portal\/wp-content\/uploads\/2024\/08\/WhatsApp-Image-2024-08-11-at-11.47.09-PM.jpeg\" \/>\n\t<meta property=\"og:image:width\" content=\"1600\" \/>\n\t<meta property=\"og:image:height\" content=\"1200\" \/>\n\t<meta property=\"og:image:type\" content=\"image\/jpeg\" \/>\n<meta name=\"author\" content=\"Luiz Duarte\" \/>\n<meta name=\"twitter:card\" content=\"summary_large_image\" \/>\n<meta name=\"twitter:label1\" content=\"Escrito por\" \/>\n\t<meta name=\"twitter:data1\" content=\"Luiz Duarte\" \/>\n\t<meta name=\"twitter:label2\" content=\"Est. tempo de leitura\" \/>\n\t<meta name=\"twitter:data2\" content=\"1 minuto\" \/>\n<script type=\"application\/ld+json\" class=\"yoast-schema-graph\">{\"@context\":\"https:\/\/schema.org\",\"@graph\":[{\"@type\":\"Article\",\"@id\":\"https:\/\/www.pm.pb.gov.br\/portal\/2024\/08\/12\/reincidencia-acusado-que-responde-por-roubo-e-preso-com-pistola-e-drogas-em-sousa\/#article\",\"isPartOf\":{\"@id\":\"https:\/\/www.pm.pb.gov.br\/portal\/2024\/08\/12\/reincidencia-acusado-que-responde-por-roubo-e-preso-com-pistola-e-drogas-em-sousa\/\"},\"author\":{\"name\":\"Luiz Duarte\",\"@id\":\"https:\/\/www.pm.pb.gov.br\/portal\/#\/schema\/person\/89dd009e2523c97adf8def1d6cf90ca1\"},\"headline\":\"Reincid\u00eancia: Acusado que responde por roubo \u00e9 preso com pistola e drogas em Sousa\",\"datePublished\":\"2024-08-12T08:35:08+00:00\",\"dateModified\":\"2024-08-12T08:35:11+00:00\",\"mainEntityOfPage\":{\"@id\":\"https:\/\/www.pm.pb.gov.br\/portal\/2024\/08\/12\/reincidencia-acusado-que-responde-por-roubo-e-preso-com-pistola-e-drogas-em-sousa\/\"},\"wordCount\":144,\"publisher\":{\"@id\":\"https:\/\/www.pm.pb.gov.br\/portal\/#organization\"},\"articleSection\":[\"A\u00e7\u00f5es Policiais\"],\"inLanguage\":\"pt-BR\"},{\"@type\":\"WebPage\",\"@id\":\"https:\/\/www.pm.pb.gov.br\/portal\/2024\/08\/12\/reincidencia-acusado-que-responde-por-roubo-e-preso-com-pistola-e-drogas-em-sousa\/\",\"url\":\"https:\/\/www.pm.pb.gov.br\/portal\/2024\/08\/12\/reincidencia-acusado-que-responde-por-roubo-e-preso-com-pistola-e-drogas-em-sousa\/\",\"name\":\"Reincid\u00eancia: Acusado que responde por roubo \u00e9 preso com pistola e drogas em Sousa - Pol\u00edcia Militar da Para\u00edba\",\"isPartOf\":{\"@id\":\"https:\/\/www.pm.pb.gov.br\/portal\/#website\"},\"datePublished\":\"2024-08-12T08:35:08+00:00\",\"dateModified\":\"2024-08-12T08:35:11+00:00\",\"breadcrumb\":{\"@id\":\"https:\/\/www.pm.pb.gov.br\/portal\/2024\/08\/12\/reincidencia-acusado-que-responde-por-roubo-e-preso-com-pistola-e-drogas-em-sousa\/#breadcrumb\"},\"inLanguage\":\"pt-BR\",\"potentialAction\":[{\"@type\":\"ReadAction\",\"target\":[\"https:\/\/www.pm.pb.gov.br\/portal\/2024\/08\/12\/reincidencia-acusado-que-responde-por-roubo-e-preso-com-pistola-e-drogas-em-sousa\/\"]}]},{\"@type\":\"BreadcrumbList\",\"@id\":\"https:\/\/www.pm.pb.gov.br\/portal\/2024\/08\/12\/reincidencia-acusado-que-responde-por-roubo-e-preso-com-pistola-e-drogas-em-sousa\/#breadcrumb\",\"itemListElement\":[{\"@type\":\"ListItem\",\"position\":1,\"name\":\"In\u00edcio\",\"item\":\"https:\/\/www.pm.pb.gov.br\/portal\/\"},{\"@type\":\"ListItem\",\"position\":2,\"name\":\"Reincid\u00eancia: Acusado que responde por roubo \u00e9 preso com pistola e drogas em Sousa\"}]},{\"@type\":\"WebSite\",\"@id\":\"https:\/\/www.pm.pb.gov.br\/portal\/#website\",\"url\":\"https:\/\/www.pm.pb.gov.br\/portal\/\",\"name\":\"Pol\u00edcia Militar da Para\u00edba\",\"description\":\"\",\"publisher\":{\"@id\":\"https:\/\/www.pm.pb.gov.br\/portal\/#organization\"},\"potentialAction\":[{\"@type\":\"SearchAction\",\"target\":{\"@type\":\"EntryPoint\",\"urlTemplate\":\"https:\/\/www.pm.pb.gov.br\/portal\/?s={search_term_string}\"},\"query-input\":\"required name=search_term_string\"}],\"inLanguage\":\"pt-BR\"},{\"@type\":\"Organization\",\"@id\":\"https:\/\/www.pm.pb.gov.br\/portal\/#organization\",\"name\":\"Pol\u00edcia Militar da Para\u00edba\",\"url\":\"https:\/\/www.pm.pb.gov.br\/portal\/\",\"logo\":{\"@type\":\"ImageObject\",\"inLanguage\":\"pt-BR\",\"@id\":\"https:\/\/www.pm.pb.gov.br\/portal\/#\/schema\/logo\/image\/\",\"url\":\"https:\/\/www.pm.pb.gov.br\/portal\/wp-content\/uploads\/2025\/03\/cropped-logo-site-mag2-1.png\",\"contentUrl\":\"https:\/\/www.pm.pb.gov.br\/portal\/wp-content\/uploads\/2025\/03\/cropped-logo-site-mag2-1.png\",\"width\":320,\"height\":90,\"caption\":\"Pol\u00edcia Militar da Para\u00edba\"},\"image\":{\"@id\":\"https:\/\/www.pm.pb.gov.br\/portal\/#\/schema\/logo\/image\/\"}},{\"@type\":\"Person\",\"@id\":\"https:\/\/www.pm.pb.gov.br\/portal\/#\/schema\/person\/89dd009e2523c97adf8def1d6cf90ca1\",\"name\":\"Luiz Duarte\",\"image\":{\"@type\":\"ImageObject\",\"inLanguage\":\"pt-BR\",\"@id\":\"https:\/\/www.pm.pb.gov.br\/portal\/#\/schema\/person\/image\/\",\"url\":\"https:\/\/secure.gravatar.com\/avatar\/ce5539b97246ef4d24dd039a3f64145b?s=96&d=mm&r=g\",\"contentUrl\":\"https:\/\/secure.gravatar.com\/avatar\/ce5539b97246ef4d24dd039a3f64145b?s=96&d=mm&r=g\",\"caption\":\"Luiz Duarte\"},\"url\":\"https:\/\/www.pm.pb.gov.br\/portal\/author\/luiz\/\"}]}<\/script>\n<!-- \/ Yoast SEO plugin. -->","yoast_head_json":{"title":"Reincid\u00eancia: Acusado que responde por roubo \u00e9 preso com pistola e drogas em Sousa - Pol\u00edcia Militar da Para\u00edba","robots":{"index":"index","follow":"follow","max-snippet":"max-snippet:-1","max-image-preview":"max-image-preview:large","max-video-preview":"max-video-preview:-1"},"canonical":"https:\/\/www.pm.pb.gov.br\/portal\/2024\/08\/12\/reincidencia-acusado-que-responde-por-roubo-e-preso-com-pistola-e-drogas-em-sousa\/","og_locale":"pt_BR","og_type":"article","og_title":"Reincid\u00eancia: Acusado que responde por roubo \u00e9 preso com pistola e drogas em Sousa - Pol\u00edcia Militar da Para\u00edba","og_description":"A Pol\u00edcia Militar apreendeu uma pistola, muni\u00e7\u00f5es, papelotes de coca\u00edna e dinheiro trocado com um homem que cumpre pena em","og_url":"https:\/\/www.pm.pb.gov.br\/portal\/2024\/08\/12\/reincidencia-acusado-que-responde-por-roubo-e-preso-com-pistola-e-drogas-em-sousa\/","og_site_name":"Pol\u00edcia Militar da Para\u00edba","article_published_time":"2024-08-12T08:35:08+00:00","article_modified_time":"2024-08-12T08:35:11+00:00","og_image":[{"width":1600,"height":1200,"url":"http:\/\/www.pm.pb.gov.br\/portal\/wp-content\/uploads\/2024\/08\/WhatsApp-Image-2024-08-11-at-11.47.09-PM.jpeg","type":"image\/jpeg"}],"author":"Luiz Duarte","twitter_card":"summary_large_image","twitter_misc":{"Escrito por":"Luiz Duarte","Est. tempo de leitura":"1 minuto"},"schema":{"@context":"https:\/\/schema.org","@graph":[{"@type":"Article","@id":"https:\/\/www.pm.pb.gov.br\/portal\/2024\/08\/12\/reincidencia-acusado-que-responde-por-roubo-e-preso-com-pistola-e-drogas-em-sousa\/#article","isPartOf":{"@id":"https:\/\/www.pm.pb.gov.br\/portal\/2024\/08\/12\/reincidencia-acusado-que-responde-por-roubo-e-preso-com-pistola-e-drogas-em-sousa\/"},"author":{"name":"Luiz Duarte","@id":"https:\/\/www.pm.pb.gov.br\/portal\/#\/schema\/person\/89dd009e2523c97adf8def1d6cf90ca1"},"headline":"Reincid\u00eancia: Acusado que responde por roubo \u00e9 preso com pistola e drogas em Sousa","datePublished":"2024-08-12T08:35:08+00:00","dateModified":"2024-08-12T08:35:11+00:00","mainEntityOfPage":{"@id":"https:\/\/www.pm.pb.gov.br\/portal\/2024\/08\/12\/reincidencia-acusado-que-responde-por-roubo-e-preso-com-pistola-e-drogas-em-sousa\/"},"wordCount":144,"publisher":{"@id":"https:\/\/www.pm.pb.gov.br\/portal\/#organization"},"articleSection":["A\u00e7\u00f5es Policiais"],"inLanguage":"pt-BR"},{"@type":"WebPage","@id":"https:\/\/www.pm.pb.gov.br\/portal\/2024\/08\/12\/reincidencia-acusado-que-responde-por-roubo-e-preso-com-pistola-e-drogas-em-sousa\/","url":"https:\/\/www.pm.pb.gov.br\/portal\/2024\/08\/12\/reincidencia-acusado-que-responde-por-roubo-e-preso-com-pistola-e-drogas-em-sousa\/","name":"Reincid\u00eancia: Acusado que responde por roubo \u00e9 preso com pistola e drogas em Sousa - Pol\u00edcia Militar da Para\u00edba","isPartOf":{"@id":"https:\/\/www.pm.pb.gov.br\/portal\/#website"},"datePublished":"2024-08-12T08:35:08+00:00","dateModified":"2024-08-12T08:35:11+00:00","breadcrumb":{"@id":"https:\/\/www.pm.pb.gov.br\/portal\/2024\/08\/12\/reincidencia-acusado-que-responde-por-roubo-e-preso-com-pistola-e-drogas-em-sousa\/#breadcrumb"},"inLanguage":"pt-BR","potentialAction":[{"@type":"ReadAction","target":["https:\/\/www.pm.pb.gov.br\/portal\/2024\/08\/12\/reincidencia-acusado-que-responde-por-roubo-e-preso-com-pistola-e-drogas-em-sousa\/"]}]},{"@type":"BreadcrumbList","@id":"https:\/\/www.pm.pb.gov.br\/portal\/2024\/08\/12\/reincidencia-acusado-que-responde-por-roubo-e-preso-com-pistola-e-drogas-em-sousa\/#breadcrumb","itemListElement":[{"@type":"ListItem","position":1,"name":"In\u00edcio","item":"https:\/\/www.pm.pb.gov.br\/portal\/"},{"@type":"ListItem","position":2,"name":"Reincid\u00eancia: Acusado que responde por roubo \u00e9 preso com pistola e drogas em Sousa"}]},{"@type":"WebSite","@id":"https:\/\/www.pm.pb.gov.br\/portal\/#website","url":"https:\/\/www.pm.pb.gov.br\/portal\/","name":"Pol\u00edcia Militar da Para\u00edba","description":"","publisher":{"@id":"https:\/\/www.pm.pb.gov.br\/portal\/#organization"},"potentialAction":[{"@type":"SearchAction","target":{"@type":"EntryPoint","urlTemplate":"https:\/\/www.pm.pb.gov.br\/portal\/?s={search_term_string}"},"query-input":"required name=search_term_string"}],"inLanguage":"pt-BR"},{"@type":"Organization","@id":"https:\/\/www.pm.pb.gov.br\/portal\/#organization","name":"Pol\u00edcia Militar da Para\u00edba","url":"https:\/\/www.pm.pb.gov.br\/portal\/","logo":{"@type":"ImageObject","inLanguage":"pt-BR","@id":"https:\/\/www.pm.pb.gov.br\/portal\/#\/schema\/logo\/image\/","url":"https:\/\/www.pm.pb.gov.br\/portal\/wp-content\/uploads\/2025\/03\/cropped-logo-site-mag2-1.png","contentUrl":"https:\/\/www.pm.pb.gov.br\/portal\/wp-content\/uploads\/2025\/03\/cropped-logo-site-mag2-1.png","width":320,"height":90,"caption":"Pol\u00edcia Militar da Para\u00edba"},"image":{"@id":"https:\/\/www.pm.pb.gov.br\/portal\/#\/schema\/logo\/image\/"}},{"@type":"Person","@id":"https:\/\/www.pm.pb.gov.br\/portal\/#\/schema\/person\/89dd009e2523c97adf8def1d6cf90ca1","name":"Luiz Duarte","image":{"@type":"ImageObject","inLanguage":"pt-BR","@id":"https:\/\/www.pm.pb.gov.br\/portal\/#\/schema\/person\/image\/","url":"https:\/\/secure.gravatar.com\/avatar\/ce5539b97246ef4d24dd039a3f64145b?s=96&d=mm&r=g","contentUrl":"https:\/\/secure.gravatar.com\/avatar\/ce5539b97246ef4d24dd039a3f64145b?s=96&d=mm&r=g","caption":"Luiz Duarte"},"url":"https:\/\/www.pm.pb.gov.br\/portal\/author\/luiz\/"}]}},"_links":{"self":[{"href":"https:\/\/www.pm.pb.gov.br\/portal\/wp-json\/wp\/v2\/posts\/923556"}],"collection":[{"href":"https:\/\/www.pm.pb.gov.br\/portal\/wp-json\/wp\/v2\/posts"}],"about":[{"href":"https:\/\/www.pm.pb.gov.br\/portal\/wp-json\/wp\/v2\/types\/post"}],"author":[{"embeddable":true,"href":"https:\/\/www.pm.pb.gov.br\/portal\/wp-json\/wp\/v2\/users\/18"}],"replies":[{"embeddable":true,"href":"https:\/\/www.pm.pb.gov.br\/portal\/wp-json\/wp\/v2\/comments?post=923556"}],"version-history":[{"count":3,"href":"https:\/\/www.pm.pb.gov.br\/portal\/wp-json\/wp\/v2\/posts\/923556\/revisions"}],"predecessor-version":[{"id":923612,"href":"https:\/\/www.pm.pb.gov.br\/portal\/wp-json\/wp\/v2\/posts\/923556\/revisions\/923612"}],"wp:featuredmedia":[{"embeddable":true,"href":"https:\/\/www.pm.pb.gov.br\/portal\/wp-json\/wp\/v2\/media\/923610"}],"wp:attachment":[{"href":"https:\/\/www.pm.pb.gov.br\/portal\/wp-json\/wp\/v2\/media?parent=923556"}],"wp:term":[{"taxonomy":"category","embeddable":true,"href":"https:\/\/www.pm.pb.gov.br\/portal\/wp-json\/wp\/v2\/categories?post=923556"},{"taxonomy":"post_tag","embeddable":true,"href":"https:\/\/www.pm.pb.gov.br\/portal\/wp-json\/wp\/v2\/tags?post=923556"}],"curies":[{"name":"wp","href":"https:\/\/api.w.org\/{rel}","templated":true}]}}