{"id":923513,"date":"2024-08-06T11:59:00","date_gmt":"2024-08-06T14:59:00","guid":{"rendered":"https:\/\/www.pm.pb.gov.br\/portal\/?p=923513"},"modified":"2024-08-06T12:22:43","modified_gmt":"2024-08-06T15:22:43","slug":"feriadao-teve-21-armas-de-fogo-apreendidas-e-199-presos-pela-pm-em-toda-a-paraiba","status":"publish","type":"post","link":"https:\/\/www.pm.pb.gov.br\/portal\/2024\/08\/06\/feriadao-teve-21-armas-de-fogo-apreendidas-e-199-presos-pela-pm-em-toda-a-paraiba\/","title":{"rendered":"RESULTADO: Feriad\u00e3o teve 21 armas de fogo apreendidas e 199 presos pela PM em toda a Para\u00edba"},"content":{"rendered":"\n<p>O primeiro final de semana de agosto na Para\u00edba teve 21 armas de fogo apreendidas pela Pol\u00edcia Militar, e 199 infratores conduzidos para as delegacias (foto acima ilustrativa). Do total de presos, 41 deles j\u00e1 tinham mandados de pris\u00e3o em aberto, e 13 eram adolescentes apontados por atos infracionais. O n\u00famero faz refer\u00eancia ao per\u00edodo entre a \u00faltima sexta-feira (02) at\u00e9 a segunda-feira (05).<\/p>\n<p>As armas de fogo que circulavam ilegalmente e que eram usadas para diversos delitos foram apreendidas nos munic\u00edpios de Jo\u00e3o Pessoa, Cabedelo, Bayeux, Conde, Pedras de Fogo, Sap\u00e9, Gurinh\u00e9m, Queimadas, Patos, Catingueira, Concei\u00e7\u00e3o, Emas, S\u00e3o Jos\u00e9 do Sabuji e Mulungu. As principais ocorr\u00eancias com apreens\u00f5es de drogas ocorreram na capital, no litoral sul e Mariz\u00f3polis, resultando em aproximadamente 10 quilos apreendidos, e mais 300 por\u00e7\u00f5es de diversos entorpecentes.<\/p>\n<figure id=\"attachment_923517\" aria-describedby=\"caption-attachment-923517\" style=\"width: 560px\" class=\"wp-caption aligncenter\"><img loading=\"lazy\" decoding=\"async\" class=\"wp-image-923517\" src=\"http:\/\/www.pm.pb.gov.br\/portal\/wp-content\/uploads\/2024\/08\/WhatsApp-Image-2024-08-06-at-12.12.42-634x445.jpeg\" alt=\"\" width=\"560\" height=\"393\" srcset=\"https:\/\/www.pm.pb.gov.br\/portal\/wp-content\/uploads\/2024\/08\/WhatsApp-Image-2024-08-06-at-12.12.42-634x445.jpeg 634w, https:\/\/www.pm.pb.gov.br\/portal\/wp-content\/uploads\/2024\/08\/WhatsApp-Image-2024-08-06-at-12.12.42-812x570.jpeg 812w, https:\/\/www.pm.pb.gov.br\/portal\/wp-content\/uploads\/2024\/08\/WhatsApp-Image-2024-08-06-at-12.12.42-768x539.jpeg 768w, https:\/\/www.pm.pb.gov.br\/portal\/wp-content\/uploads\/2024\/08\/WhatsApp-Image-2024-08-06-at-12.12.42-130x90.jpeg 130w, https:\/\/www.pm.pb.gov.br\/portal\/wp-content\/uploads\/2024\/08\/WhatsApp-Image-2024-08-06-at-12.12.42.jpeg 1528w\" sizes=\"(max-width: 560px) 100vw, 560px\" \/><figcaption id=\"caption-attachment-923517\" class=\"wp-caption-text\">Pistola apreendida durante fiscaliza\u00e7\u00e3o de tr\u00e2nsito, na capital<\/figcaption><\/figure>\n<figure id=\"attachment_923501\" aria-describedby=\"caption-attachment-923501\" style=\"width: 739px\" class=\"wp-caption aligncenter\"><img loading=\"lazy\" decoding=\"async\" class=\"wp-image-923501 \" src=\"http:\/\/www.pm.pb.gov.br\/portal\/wp-content\/uploads\/2024\/08\/DROGAS-MANGABEIRA-800x370.jpg\" alt=\"\" width=\"739\" height=\"342\" srcset=\"https:\/\/www.pm.pb.gov.br\/portal\/wp-content\/uploads\/2024\/08\/DROGAS-MANGABEIRA-800x370.jpg 800w, https:\/\/www.pm.pb.gov.br\/portal\/wp-content\/uploads\/2024\/08\/DROGAS-MANGABEIRA-1024x474.jpg 1024w, https:\/\/www.pm.pb.gov.br\/portal\/wp-content\/uploads\/2024\/08\/DROGAS-MANGABEIRA-768x355.jpg 768w, https:\/\/www.pm.pb.gov.br\/portal\/wp-content\/uploads\/2024\/08\/DROGAS-MANGABEIRA-1536x710.jpg 1536w, https:\/\/www.pm.pb.gov.br\/portal\/wp-content\/uploads\/2024\/08\/DROGAS-MANGABEIRA.jpg 1600w\" sizes=\"(max-width: 739px) 100vw, 739px\" \/><figcaption id=\"caption-attachment-923501\" class=\"wp-caption-text\">Laborat\u00f3rio de drogas desarticulado na zona sul de Jo\u00e3o Pessoa<\/figcaption><\/figure>\n<p>Entre os infratores, um adolescente apreendido no domingo pelo envolvimento na morte do sargento Macedo, ocorrido durante a semana. Outro homem acusado pelo latroc\u00ednio entrou em confronto com a PM e morreu ap\u00f3s ser atingido, entre a sexta e o s\u00e1bado. Ainda na capital, uma dupla armada que estava em uma motocicleta roubada tamb\u00e9m foi presa. No total, 33 ve\u00edculos roubados ou furtados foram recuperados pelas a\u00e7\u00f5es da PM no per\u00edodo.<\/p>\n<p>Os dados s\u00e3o de um relat\u00f3rio do Estado-Maior Estrat\u00e9gico da PM, que analisa as principais ocorr\u00eancias policiais no estado. \u00a0\u00a0\u00a0<\/p>\n<figure id=\"attachment_923516\" aria-describedby=\"caption-attachment-923516\" style=\"width: 745px\" class=\"wp-caption aligncenter\"><img loading=\"lazy\" decoding=\"async\" class=\"wp-image-923516\" src=\"http:\/\/www.pm.pb.gov.br\/portal\/wp-content\/uploads\/2024\/08\/WhatsApp-Image-2024-08-04-at-20.37.35-791x445.jpeg\" alt=\"\" width=\"745\" height=\"419\" srcset=\"https:\/\/www.pm.pb.gov.br\/portal\/wp-content\/uploads\/2024\/08\/WhatsApp-Image-2024-08-04-at-20.37.35-791x445.jpeg 791w, https:\/\/www.pm.pb.gov.br\/portal\/wp-content\/uploads\/2024\/08\/WhatsApp-Image-2024-08-04-at-20.37.35-1014x570.jpeg 1014w, https:\/\/www.pm.pb.gov.br\/portal\/wp-content\/uploads\/2024\/08\/WhatsApp-Image-2024-08-04-at-20.37.35-768x432.jpeg 768w, https:\/\/www.pm.pb.gov.br\/portal\/wp-content\/uploads\/2024\/08\/WhatsApp-Image-2024-08-04-at-20.37.35-1536x864.jpeg 1536w, https:\/\/www.pm.pb.gov.br\/portal\/wp-content\/uploads\/2024\/08\/WhatsApp-Image-2024-08-04-at-20.37.35.jpeg 1599w\" sizes=\"(max-width: 745px) 100vw, 745px\" \/><figcaption id=\"caption-attachment-923516\" class=\"wp-caption-text\">Drogas apreendidas em Mariz\u00f3polis<\/figcaption><\/figure>\n<figure id=\"attachment_923486\" aria-describedby=\"caption-attachment-923486\" style=\"width: 685px\" class=\"wp-caption aligncenter\"><img loading=\"lazy\" decoding=\"async\" class=\"wp-image-923486 \" src=\"http:\/\/www.pm.pb.gov.br\/portal\/wp-content\/uploads\/2024\/08\/foto-mulungu-709x445.jpg\" alt=\"\" width=\"685\" height=\"430\" srcset=\"https:\/\/www.pm.pb.gov.br\/portal\/wp-content\/uploads\/2024\/08\/foto-mulungu-709x445.jpg 709w, https:\/\/www.pm.pb.gov.br\/portal\/wp-content\/uploads\/2024\/08\/foto-mulungu-908x570.jpg 908w, https:\/\/www.pm.pb.gov.br\/portal\/wp-content\/uploads\/2024\/08\/foto-mulungu-768x482.jpg 768w, https:\/\/www.pm.pb.gov.br\/portal\/wp-content\/uploads\/2024\/08\/foto-mulungu.jpg 1179w\" sizes=\"(max-width: 685px) 100vw, 685px\" \/><figcaption id=\"caption-attachment-923486\" class=\"wp-caption-text\">Armas e muni\u00e7\u00f5es apreendidas em Mulungu<\/figcaption><\/figure>\n\n\n","protected":false},"excerpt":{"rendered":"<p>O primeiro final de semana de agosto na Para\u00edba teve 21 armas de fogo apreendidas pela Pol\u00edcia Militar, e 199<\/p>\n","protected":false},"author":5,"featured_media":921837,"comment_status":"closed","ping_status":"closed","sticky":false,"template":"","format":"standard","meta":{"_exactmetrics_skip_tracking":false,"_exactmetrics_sitenote_active":false,"_exactmetrics_sitenote_note":"","_exactmetrics_sitenote_category":0,"footnotes":""},"categories":[4],"tags":[],"yoast_head":"<!-- This site is optimized with the Yoast SEO plugin v22.0 - https:\/\/yoast.com\/wordpress\/plugins\/seo\/ -->\n<title>RESULTADO: Feriad\u00e3o teve 21 armas de fogo apreendidas e 199 presos pela PM em toda a Para\u00edba - Pol\u00edcia Militar da Para\u00edba<\/title>\n<meta name=\"description\" content=\"Ainda no per\u00edodo, cerca de 10 quilos de drogas foram apreendidas e 33 ve\u00edculos roubados ou furtados foram recuperados.\" \/>\n<meta name=\"robots\" content=\"index, follow, max-snippet:-1, max-image-preview:large, max-video-preview:-1\" \/>\n<link rel=\"canonical\" href=\"https:\/\/www.pm.pb.gov.br\/portal\/2024\/08\/06\/feriadao-teve-21-armas-de-fogo-apreendidas-e-199-presos-pela-pm-em-toda-a-paraiba\/\" \/>\n<meta property=\"og:locale\" content=\"pt_BR\" \/>\n<meta property=\"og:type\" content=\"article\" \/>\n<meta property=\"og:title\" content=\"RESULTADO: Feriad\u00e3o teve 21 armas de fogo apreendidas e 199 presos pela PM em toda a Para\u00edba - Pol\u00edcia Militar da Para\u00edba\" \/>\n<meta property=\"og:description\" content=\"Ainda no per\u00edodo, cerca de 10 quilos de drogas foram apreendidas e 33 ve\u00edculos roubados ou furtados foram recuperados.\" \/>\n<meta property=\"og:url\" content=\"https:\/\/www.pm.pb.gov.br\/portal\/2024\/08\/06\/feriadao-teve-21-armas-de-fogo-apreendidas-e-199-presos-pela-pm-em-toda-a-paraiba\/\" \/>\n<meta property=\"og:site_name\" content=\"Pol\u00edcia Militar da Para\u00edba\" \/>\n<meta property=\"article:published_time\" content=\"2024-08-06T14:59:00+00:00\" \/>\n<meta property=\"article:modified_time\" content=\"2024-08-06T15:22:43+00:00\" \/>\n<meta property=\"og:image\" content=\"http:\/\/www.pm.pb.gov.br\/portal\/wp-content\/uploads\/2024\/04\/ilustrativa1.jpeg\" \/>\n\t<meta property=\"og:image:width\" content=\"800\" \/>\n\t<meta property=\"og:image:height\" content=\"445\" \/>\n\t<meta property=\"og:image:type\" content=\"image\/jpeg\" \/>\n<meta name=\"author\" content=\"Assessoria de Imprensa da PMPB\" \/>\n<meta name=\"twitter:card\" content=\"summary_large_image\" \/>\n<meta name=\"twitter:label1\" content=\"Escrito por\" \/>\n\t<meta name=\"twitter:data1\" content=\"Assessoria de Imprensa da PMPB\" \/>\n\t<meta name=\"twitter:label2\" content=\"Est. tempo de leitura\" \/>\n\t<meta name=\"twitter:data2\" content=\"3 minutos\" \/>\n<script type=\"application\/ld+json\" class=\"yoast-schema-graph\">{\"@context\":\"https:\/\/schema.org\",\"@graph\":[{\"@type\":\"Article\",\"@id\":\"https:\/\/www.pm.pb.gov.br\/portal\/2024\/08\/06\/feriadao-teve-21-armas-de-fogo-apreendidas-e-199-presos-pela-pm-em-toda-a-paraiba\/#article\",\"isPartOf\":{\"@id\":\"https:\/\/www.pm.pb.gov.br\/portal\/2024\/08\/06\/feriadao-teve-21-armas-de-fogo-apreendidas-e-199-presos-pela-pm-em-toda-a-paraiba\/\"},\"author\":{\"name\":\"Assessoria de Imprensa da PMPB\",\"@id\":\"https:\/\/www.pm.pb.gov.br\/portal\/#\/schema\/person\/e8454f46651c3ecf0e1ba3c1666d9947\"},\"headline\":\"RESULTADO: Feriad\u00e3o teve 21 armas de fogo apreendidas e 199 presos pela PM em toda a Para\u00edba\",\"datePublished\":\"2024-08-06T14:59:00+00:00\",\"dateModified\":\"2024-08-06T15:22:43+00:00\",\"mainEntityOfPage\":{\"@id\":\"https:\/\/www.pm.pb.gov.br\/portal\/2024\/08\/06\/feriadao-teve-21-armas-de-fogo-apreendidas-e-199-presos-pela-pm-em-toda-a-paraiba\/\"},\"wordCount\":318,\"publisher\":{\"@id\":\"https:\/\/www.pm.pb.gov.br\/portal\/#organization\"},\"articleSection\":[\"A\u00e7\u00f5es Policiais\"],\"inLanguage\":\"pt-BR\"},{\"@type\":\"WebPage\",\"@id\":\"https:\/\/www.pm.pb.gov.br\/portal\/2024\/08\/06\/feriadao-teve-21-armas-de-fogo-apreendidas-e-199-presos-pela-pm-em-toda-a-paraiba\/\",\"url\":\"https:\/\/www.pm.pb.gov.br\/portal\/2024\/08\/06\/feriadao-teve-21-armas-de-fogo-apreendidas-e-199-presos-pela-pm-em-toda-a-paraiba\/\",\"name\":\"RESULTADO: Feriad\u00e3o teve 21 armas de fogo apreendidas e 199 presos pela PM em toda a Para\u00edba - Pol\u00edcia Militar da Para\u00edba\",\"isPartOf\":{\"@id\":\"https:\/\/www.pm.pb.gov.br\/portal\/#website\"},\"datePublished\":\"2024-08-06T14:59:00+00:00\",\"dateModified\":\"2024-08-06T15:22:43+00:00\",\"description\":\"Ainda no per\u00edodo, cerca de 10 quilos de drogas foram apreendidas e 33 ve\u00edculos roubados ou furtados foram recuperados.\",\"breadcrumb\":{\"@id\":\"https:\/\/www.pm.pb.gov.br\/portal\/2024\/08\/06\/feriadao-teve-21-armas-de-fogo-apreendidas-e-199-presos-pela-pm-em-toda-a-paraiba\/#breadcrumb\"},\"inLanguage\":\"pt-BR\",\"potentialAction\":[{\"@type\":\"ReadAction\",\"target\":[\"https:\/\/www.pm.pb.gov.br\/portal\/2024\/08\/06\/feriadao-teve-21-armas-de-fogo-apreendidas-e-199-presos-pela-pm-em-toda-a-paraiba\/\"]}]},{\"@type\":\"BreadcrumbList\",\"@id\":\"https:\/\/www.pm.pb.gov.br\/portal\/2024\/08\/06\/feriadao-teve-21-armas-de-fogo-apreendidas-e-199-presos-pela-pm-em-toda-a-paraiba\/#breadcrumb\",\"itemListElement\":[{\"@type\":\"ListItem\",\"position\":1,\"name\":\"In\u00edcio\",\"item\":\"https:\/\/www.pm.pb.gov.br\/portal\/\"},{\"@type\":\"ListItem\",\"position\":2,\"name\":\"RESULTADO: Feriad\u00e3o teve 21 armas de fogo apreendidas e 199 presos pela PM em toda a Para\u00edba\"}]},{\"@type\":\"WebSite\",\"@id\":\"https:\/\/www.pm.pb.gov.br\/portal\/#website\",\"url\":\"https:\/\/www.pm.pb.gov.br\/portal\/\",\"name\":\"Pol\u00edcia Militar da Para\u00edba\",\"description\":\"\",\"publisher\":{\"@id\":\"https:\/\/www.pm.pb.gov.br\/portal\/#organization\"},\"potentialAction\":[{\"@type\":\"SearchAction\",\"target\":{\"@type\":\"EntryPoint\",\"urlTemplate\":\"https:\/\/www.pm.pb.gov.br\/portal\/?s={search_term_string}\"},\"query-input\":\"required name=search_term_string\"}],\"inLanguage\":\"pt-BR\"},{\"@type\":\"Organization\",\"@id\":\"https:\/\/www.pm.pb.gov.br\/portal\/#organization\",\"name\":\"Pol\u00edcia Militar da Para\u00edba\",\"url\":\"https:\/\/www.pm.pb.gov.br\/portal\/\",\"logo\":{\"@type\":\"ImageObject\",\"inLanguage\":\"pt-BR\",\"@id\":\"https:\/\/www.pm.pb.gov.br\/portal\/#\/schema\/logo\/image\/\",\"url\":\"https:\/\/www.pm.pb.gov.br\/portal\/wp-content\/uploads\/2025\/03\/cropped-logo-site-mag2-1.png\",\"contentUrl\":\"https:\/\/www.pm.pb.gov.br\/portal\/wp-content\/uploads\/2025\/03\/cropped-logo-site-mag2-1.png\",\"width\":320,\"height\":90,\"caption\":\"Pol\u00edcia Militar da Para\u00edba\"},\"image\":{\"@id\":\"https:\/\/www.pm.pb.gov.br\/portal\/#\/schema\/logo\/image\/\"}},{\"@type\":\"Person\",\"@id\":\"https:\/\/www.pm.pb.gov.br\/portal\/#\/schema\/person\/e8454f46651c3ecf0e1ba3c1666d9947\",\"name\":\"Assessoria de Imprensa da PMPB\",\"image\":{\"@type\":\"ImageObject\",\"inLanguage\":\"pt-BR\",\"@id\":\"https:\/\/www.pm.pb.gov.br\/portal\/#\/schema\/person\/image\/\",\"url\":\"https:\/\/secure.gravatar.com\/avatar\/2efe197438265d1e90bd98c4c8e1acf8?s=96&d=mm&r=g\",\"contentUrl\":\"https:\/\/secure.gravatar.com\/avatar\/2efe197438265d1e90bd98c4c8e1acf8?s=96&d=mm&r=g\",\"caption\":\"Assessoria de Imprensa da PMPB\"},\"url\":\"https:\/\/www.pm.pb.gov.br\/portal\/author\/assessoria\/\"}]}<\/script>\n<!-- \/ Yoast SEO plugin. -->","yoast_head_json":{"title":"RESULTADO: Feriad\u00e3o teve 21 armas de fogo apreendidas e 199 presos pela PM em toda a Para\u00edba - Pol\u00edcia Militar da Para\u00edba","description":"Ainda no per\u00edodo, cerca de 10 quilos de drogas foram apreendidas e 33 ve\u00edculos roubados ou furtados foram recuperados.","robots":{"index":"index","follow":"follow","max-snippet":"max-snippet:-1","max-image-preview":"max-image-preview:large","max-video-preview":"max-video-preview:-1"},"canonical":"https:\/\/www.pm.pb.gov.br\/portal\/2024\/08\/06\/feriadao-teve-21-armas-de-fogo-apreendidas-e-199-presos-pela-pm-em-toda-a-paraiba\/","og_locale":"pt_BR","og_type":"article","og_title":"RESULTADO: Feriad\u00e3o teve 21 armas de fogo apreendidas e 199 presos pela PM em toda a Para\u00edba - Pol\u00edcia Militar da Para\u00edba","og_description":"Ainda no per\u00edodo, cerca de 10 quilos de drogas foram apreendidas e 33 ve\u00edculos roubados ou furtados foram recuperados.","og_url":"https:\/\/www.pm.pb.gov.br\/portal\/2024\/08\/06\/feriadao-teve-21-armas-de-fogo-apreendidas-e-199-presos-pela-pm-em-toda-a-paraiba\/","og_site_name":"Pol\u00edcia Militar da Para\u00edba","article_published_time":"2024-08-06T14:59:00+00:00","article_modified_time":"2024-08-06T15:22:43+00:00","og_image":[{"width":800,"height":445,"url":"http:\/\/www.pm.pb.gov.br\/portal\/wp-content\/uploads\/2024\/04\/ilustrativa1.jpeg","type":"image\/jpeg"}],"author":"Assessoria de Imprensa da PMPB","twitter_card":"summary_large_image","twitter_misc":{"Escrito por":"Assessoria de Imprensa da PMPB","Est. tempo de leitura":"3 minutos"},"schema":{"@context":"https:\/\/schema.org","@graph":[{"@type":"Article","@id":"https:\/\/www.pm.pb.gov.br\/portal\/2024\/08\/06\/feriadao-teve-21-armas-de-fogo-apreendidas-e-199-presos-pela-pm-em-toda-a-paraiba\/#article","isPartOf":{"@id":"https:\/\/www.pm.pb.gov.br\/portal\/2024\/08\/06\/feriadao-teve-21-armas-de-fogo-apreendidas-e-199-presos-pela-pm-em-toda-a-paraiba\/"},"author":{"name":"Assessoria de Imprensa da PMPB","@id":"https:\/\/www.pm.pb.gov.br\/portal\/#\/schema\/person\/e8454f46651c3ecf0e1ba3c1666d9947"},"headline":"RESULTADO: Feriad\u00e3o teve 21 armas de fogo apreendidas e 199 presos pela PM em toda a Para\u00edba","datePublished":"2024-08-06T14:59:00+00:00","dateModified":"2024-08-06T15:22:43+00:00","mainEntityOfPage":{"@id":"https:\/\/www.pm.pb.gov.br\/portal\/2024\/08\/06\/feriadao-teve-21-armas-de-fogo-apreendidas-e-199-presos-pela-pm-em-toda-a-paraiba\/"},"wordCount":318,"publisher":{"@id":"https:\/\/www.pm.pb.gov.br\/portal\/#organization"},"articleSection":["A\u00e7\u00f5es Policiais"],"inLanguage":"pt-BR"},{"@type":"WebPage","@id":"https:\/\/www.pm.pb.gov.br\/portal\/2024\/08\/06\/feriadao-teve-21-armas-de-fogo-apreendidas-e-199-presos-pela-pm-em-toda-a-paraiba\/","url":"https:\/\/www.pm.pb.gov.br\/portal\/2024\/08\/06\/feriadao-teve-21-armas-de-fogo-apreendidas-e-199-presos-pela-pm-em-toda-a-paraiba\/","name":"RESULTADO: Feriad\u00e3o teve 21 armas de fogo apreendidas e 199 presos pela PM em toda a Para\u00edba - Pol\u00edcia Militar da Para\u00edba","isPartOf":{"@id":"https:\/\/www.pm.pb.gov.br\/portal\/#website"},"datePublished":"2024-08-06T14:59:00+00:00","dateModified":"2024-08-06T15:22:43+00:00","description":"Ainda no per\u00edodo, cerca de 10 quilos de drogas foram apreendidas e 33 ve\u00edculos roubados ou furtados foram recuperados.","breadcrumb":{"@id":"https:\/\/www.pm.pb.gov.br\/portal\/2024\/08\/06\/feriadao-teve-21-armas-de-fogo-apreendidas-e-199-presos-pela-pm-em-toda-a-paraiba\/#breadcrumb"},"inLanguage":"pt-BR","potentialAction":[{"@type":"ReadAction","target":["https:\/\/www.pm.pb.gov.br\/portal\/2024\/08\/06\/feriadao-teve-21-armas-de-fogo-apreendidas-e-199-presos-pela-pm-em-toda-a-paraiba\/"]}]},{"@type":"BreadcrumbList","@id":"https:\/\/www.pm.pb.gov.br\/portal\/2024\/08\/06\/feriadao-teve-21-armas-de-fogo-apreendidas-e-199-presos-pela-pm-em-toda-a-paraiba\/#breadcrumb","itemListElement":[{"@type":"ListItem","position":1,"name":"In\u00edcio","item":"https:\/\/www.pm.pb.gov.br\/portal\/"},{"@type":"ListItem","position":2,"name":"RESULTADO: Feriad\u00e3o teve 21 armas de fogo apreendidas e 199 presos pela PM em toda a Para\u00edba"}]},{"@type":"WebSite","@id":"https:\/\/www.pm.pb.gov.br\/portal\/#website","url":"https:\/\/www.pm.pb.gov.br\/portal\/","name":"Pol\u00edcia Militar da Para\u00edba","description":"","publisher":{"@id":"https:\/\/www.pm.pb.gov.br\/portal\/#organization"},"potentialAction":[{"@type":"SearchAction","target":{"@type":"EntryPoint","urlTemplate":"https:\/\/www.pm.pb.gov.br\/portal\/?s={search_term_string}"},"query-input":"required name=search_term_string"}],"inLanguage":"pt-BR"},{"@type":"Organization","@id":"https:\/\/www.pm.pb.gov.br\/portal\/#organization","name":"Pol\u00edcia Militar da Para\u00edba","url":"https:\/\/www.pm.pb.gov.br\/portal\/","logo":{"@type":"ImageObject","inLanguage":"pt-BR","@id":"https:\/\/www.pm.pb.gov.br\/portal\/#\/schema\/logo\/image\/","url":"https:\/\/www.pm.pb.gov.br\/portal\/wp-content\/uploads\/2025\/03\/cropped-logo-site-mag2-1.png","contentUrl":"https:\/\/www.pm.pb.gov.br\/portal\/wp-content\/uploads\/2025\/03\/cropped-logo-site-mag2-1.png","width":320,"height":90,"caption":"Pol\u00edcia Militar da Para\u00edba"},"image":{"@id":"https:\/\/www.pm.pb.gov.br\/portal\/#\/schema\/logo\/image\/"}},{"@type":"Person","@id":"https:\/\/www.pm.pb.gov.br\/portal\/#\/schema\/person\/e8454f46651c3ecf0e1ba3c1666d9947","name":"Assessoria de Imprensa da PMPB","image":{"@type":"ImageObject","inLanguage":"pt-BR","@id":"https:\/\/www.pm.pb.gov.br\/portal\/#\/schema\/person\/image\/","url":"https:\/\/secure.gravatar.com\/avatar\/2efe197438265d1e90bd98c4c8e1acf8?s=96&d=mm&r=g","contentUrl":"https:\/\/secure.gravatar.com\/avatar\/2efe197438265d1e90bd98c4c8e1acf8?s=96&d=mm&r=g","caption":"Assessoria de Imprensa da PMPB"},"url":"https:\/\/www.pm.pb.gov.br\/portal\/author\/assessoria\/"}]}},"_links":{"self":[{"href":"https:\/\/www.pm.pb.gov.br\/portal\/wp-json\/wp\/v2\/posts\/923513"}],"collection":[{"href":"https:\/\/www.pm.pb.gov.br\/portal\/wp-json\/wp\/v2\/posts"}],"about":[{"href":"https:\/\/www.pm.pb.gov.br\/portal\/wp-json\/wp\/v2\/types\/post"}],"author":[{"embeddable":true,"href":"https:\/\/www.pm.pb.gov.br\/portal\/wp-json\/wp\/v2\/users\/5"}],"replies":[{"embeddable":true,"href":"https:\/\/www.pm.pb.gov.br\/portal\/wp-json\/wp\/v2\/comments?post=923513"}],"version-history":[{"count":4,"href":"https:\/\/www.pm.pb.gov.br\/portal\/wp-json\/wp\/v2\/posts\/923513\/revisions"}],"predecessor-version":[{"id":923524,"href":"https:\/\/www.pm.pb.gov.br\/portal\/wp-json\/wp\/v2\/posts\/923513\/revisions\/923524"}],"wp:featuredmedia":[{"embeddable":true,"href":"https:\/\/www.pm.pb.gov.br\/portal\/wp-json\/wp\/v2\/media\/921837"}],"wp:attachment":[{"href":"https:\/\/www.pm.pb.gov.br\/portal\/wp-json\/wp\/v2\/media?parent=923513"}],"wp:term":[{"taxonomy":"category","embeddable":true,"href":"https:\/\/www.pm.pb.gov.br\/portal\/wp-json\/wp\/v2\/categories?post=923513"},{"taxonomy":"post_tag","embeddable":true,"href":"https:\/\/www.pm.pb.gov.br\/portal\/wp-json\/wp\/v2\/tags?post=923513"}],"curies":[{"name":"wp","href":"https:\/\/api.w.org\/{rel}","templated":true}]}}