{"id":923241,"date":"2024-07-23T10:03:32","date_gmt":"2024-07-23T13:03:32","guid":{"rendered":"https:\/\/www.pm.pb.gov.br\/portal\/?p=923241"},"modified":"2024-07-23T10:08:07","modified_gmt":"2024-07-23T13:08:07","slug":"diario-oficial-do-estado-traz-homologacao-final-do-concurso-para-o-curso-de-formacao-de-soldados-pm-e-bombeiro-militar","status":"publish","type":"post","link":"https:\/\/www.pm.pb.gov.br\/portal\/2024\/07\/23\/diario-oficial-do-estado-traz-homologacao-final-do-concurso-para-o-curso-de-formacao-de-soldados-pm-e-bombeiro-militar\/","title":{"rendered":"Di\u00e1rio Oficial do Estado traz homologa\u00e7\u00e3o final do Concurso para o Curso de Forma\u00e7\u00e3o de Soldados PM e Bombeiro Militar"},"content":{"rendered":"\n<p>O Di\u00e1rio Oficial do Estado (DOE) trouxe novidades do Concurso do Curso de Forma\u00e7\u00e3o de Soldados da Pol\u00edcia Militar e Corpo de Bombeiro Militar da Para\u00edba. Na publica\u00e7\u00e3o desta ter\u00e7a-feira (23), os comandantes-gerais das institui\u00e7\u00f5es, os coron\u00e9is S\u00e9rgio Fonseca e Marcelo Ara\u00fajo, homologaram o Ato N\u00ba 081\u2013CCCFSd-PM\/BM\u20132023, que deu publicidade ao resultado final dos candidatos aptos no certame.<\/p>\n<p>A lista est\u00e1 dispon\u00edvel a partir da p\u00e1gina 6 do Di\u00e1rio, e na p\u00e1gina oficial das corpora\u00e7\u00f5es na internet. Agora, os candidatos classificados precisam estar atentos a convoca\u00e7\u00e3o para a pr\u00e9-matr\u00edcula, ato que dever\u00e1 ser publicado nos pr\u00f3ximos dias.<\/p>\n<p>Confira o Di\u00e1rio Oficial <strong><a href=\"https:\/\/auniao.pb.gov.br\/servicos\/doe\/2024\/julho\/diario-oficial-23-07-2024-portal.pdf\">clicando aqui<\/a><\/strong>.<\/p>\n","protected":false},"excerpt":{"rendered":"<p>O Di\u00e1rio Oficial do Estado (DOE) trouxe novidades do Concurso do Curso de Forma\u00e7\u00e3o de Soldados da Pol\u00edcia Militar e<\/p>\n","protected":false},"author":5,"featured_media":897358,"comment_status":"closed","ping_status":"closed","sticky":false,"template":"","format":"standard","meta":{"_exactmetrics_skip_tracking":false,"_exactmetrics_sitenote_active":false,"_exactmetrics_sitenote_note":"","_exactmetrics_sitenote_category":0,"footnotes":""},"categories":[33],"tags":[],"yoast_head":"<!-- This site is optimized with the Yoast SEO plugin v22.0 - https:\/\/yoast.com\/wordpress\/plugins\/seo\/ -->\n<title>Di\u00e1rio Oficial do Estado traz homologa\u00e7\u00e3o final do Concurso para o Curso de Forma\u00e7\u00e3o de Soldados PM e Bombeiro Militar - Pol\u00edcia Militar da Para\u00edba<\/title>\n<meta name=\"robots\" content=\"index, follow, max-snippet:-1, max-image-preview:large, max-video-preview:-1\" \/>\n<link rel=\"canonical\" href=\"https:\/\/www.pm.pb.gov.br\/portal\/2024\/07\/23\/diario-oficial-do-estado-traz-homologacao-final-do-concurso-para-o-curso-de-formacao-de-soldados-pm-e-bombeiro-militar\/\" \/>\n<meta property=\"og:locale\" content=\"pt_BR\" \/>\n<meta property=\"og:type\" content=\"article\" \/>\n<meta property=\"og:title\" content=\"Di\u00e1rio Oficial do Estado traz homologa\u00e7\u00e3o final do Concurso para o Curso de Forma\u00e7\u00e3o de Soldados PM e Bombeiro Militar - Pol\u00edcia Militar da Para\u00edba\" \/>\n<meta property=\"og:description\" content=\"O Di\u00e1rio Oficial do Estado (DOE) trouxe novidades do Concurso do Curso de Forma\u00e7\u00e3o de Soldados da Pol\u00edcia Militar e\" \/>\n<meta property=\"og:url\" content=\"https:\/\/www.pm.pb.gov.br\/portal\/2024\/07\/23\/diario-oficial-do-estado-traz-homologacao-final-do-concurso-para-o-curso-de-formacao-de-soldados-pm-e-bombeiro-militar\/\" \/>\n<meta property=\"og:site_name\" content=\"Pol\u00edcia Militar da Para\u00edba\" \/>\n<meta property=\"article:published_time\" content=\"2024-07-23T13:03:32+00:00\" \/>\n<meta property=\"article:modified_time\" content=\"2024-07-23T13:08:07+00:00\" \/>\n<meta property=\"og:image\" content=\"http:\/\/www.pm.pb.gov.br\/portal\/wp-content\/uploads\/2018\/03\/cfsd.jpg\" \/>\n\t<meta property=\"og:image:width\" content=\"800\" \/>\n\t<meta property=\"og:image:height\" content=\"445\" \/>\n\t<meta property=\"og:image:type\" content=\"image\/jpeg\" \/>\n<meta name=\"author\" content=\"Assessoria de Imprensa da PMPB\" \/>\n<meta name=\"twitter:card\" content=\"summary_large_image\" \/>\n<meta name=\"twitter:label1\" content=\"Escrito por\" \/>\n\t<meta name=\"twitter:data1\" content=\"Assessoria de Imprensa da PMPB\" \/>\n\t<meta name=\"twitter:label2\" content=\"Est. tempo de leitura\" \/>\n\t<meta name=\"twitter:data2\" content=\"1 minuto\" \/>\n<script type=\"application\/ld+json\" class=\"yoast-schema-graph\">{\"@context\":\"https:\/\/schema.org\",\"@graph\":[{\"@type\":\"Article\",\"@id\":\"https:\/\/www.pm.pb.gov.br\/portal\/2024\/07\/23\/diario-oficial-do-estado-traz-homologacao-final-do-concurso-para-o-curso-de-formacao-de-soldados-pm-e-bombeiro-militar\/#article\",\"isPartOf\":{\"@id\":\"https:\/\/www.pm.pb.gov.br\/portal\/2024\/07\/23\/diario-oficial-do-estado-traz-homologacao-final-do-concurso-para-o-curso-de-formacao-de-soldados-pm-e-bombeiro-militar\/\"},\"author\":{\"name\":\"Assessoria de Imprensa da PMPB\",\"@id\":\"https:\/\/www.pm.pb.gov.br\/portal\/#\/schema\/person\/e8454f46651c3ecf0e1ba3c1666d9947\"},\"headline\":\"Di\u00e1rio Oficial do Estado traz homologa\u00e7\u00e3o final do Concurso para o Curso de Forma\u00e7\u00e3o de Soldados PM e Bombeiro Militar\",\"datePublished\":\"2024-07-23T13:03:32+00:00\",\"dateModified\":\"2024-07-23T13:08:07+00:00\",\"mainEntityOfPage\":{\"@id\":\"https:\/\/www.pm.pb.gov.br\/portal\/2024\/07\/23\/diario-oficial-do-estado-traz-homologacao-final-do-concurso-para-o-curso-de-formacao-de-soldados-pm-e-bombeiro-militar\/\"},\"wordCount\":145,\"publisher\":{\"@id\":\"https:\/\/www.pm.pb.gov.br\/portal\/#organization\"},\"articleSection\":[\"Concurso CFSd 2023\"],\"inLanguage\":\"pt-BR\"},{\"@type\":\"WebPage\",\"@id\":\"https:\/\/www.pm.pb.gov.br\/portal\/2024\/07\/23\/diario-oficial-do-estado-traz-homologacao-final-do-concurso-para-o-curso-de-formacao-de-soldados-pm-e-bombeiro-militar\/\",\"url\":\"https:\/\/www.pm.pb.gov.br\/portal\/2024\/07\/23\/diario-oficial-do-estado-traz-homologacao-final-do-concurso-para-o-curso-de-formacao-de-soldados-pm-e-bombeiro-militar\/\",\"name\":\"Di\u00e1rio Oficial do Estado traz homologa\u00e7\u00e3o final do Concurso para o Curso de Forma\u00e7\u00e3o de Soldados PM e Bombeiro Militar - Pol\u00edcia Militar da Para\u00edba\",\"isPartOf\":{\"@id\":\"https:\/\/www.pm.pb.gov.br\/portal\/#website\"},\"datePublished\":\"2024-07-23T13:03:32+00:00\",\"dateModified\":\"2024-07-23T13:08:07+00:00\",\"breadcrumb\":{\"@id\":\"https:\/\/www.pm.pb.gov.br\/portal\/2024\/07\/23\/diario-oficial-do-estado-traz-homologacao-final-do-concurso-para-o-curso-de-formacao-de-soldados-pm-e-bombeiro-militar\/#breadcrumb\"},\"inLanguage\":\"pt-BR\",\"potentialAction\":[{\"@type\":\"ReadAction\",\"target\":[\"https:\/\/www.pm.pb.gov.br\/portal\/2024\/07\/23\/diario-oficial-do-estado-traz-homologacao-final-do-concurso-para-o-curso-de-formacao-de-soldados-pm-e-bombeiro-militar\/\"]}]},{\"@type\":\"BreadcrumbList\",\"@id\":\"https:\/\/www.pm.pb.gov.br\/portal\/2024\/07\/23\/diario-oficial-do-estado-traz-homologacao-final-do-concurso-para-o-curso-de-formacao-de-soldados-pm-e-bombeiro-militar\/#breadcrumb\",\"itemListElement\":[{\"@type\":\"ListItem\",\"position\":1,\"name\":\"In\u00edcio\",\"item\":\"https:\/\/www.pm.pb.gov.br\/portal\/\"},{\"@type\":\"ListItem\",\"position\":2,\"name\":\"Di\u00e1rio Oficial do Estado traz homologa\u00e7\u00e3o final do Concurso para o Curso de Forma\u00e7\u00e3o de Soldados PM e Bombeiro Militar\"}]},{\"@type\":\"WebSite\",\"@id\":\"https:\/\/www.pm.pb.gov.br\/portal\/#website\",\"url\":\"https:\/\/www.pm.pb.gov.br\/portal\/\",\"name\":\"Pol\u00edcia Militar da Para\u00edba\",\"description\":\"\",\"publisher\":{\"@id\":\"https:\/\/www.pm.pb.gov.br\/portal\/#organization\"},\"potentialAction\":[{\"@type\":\"SearchAction\",\"target\":{\"@type\":\"EntryPoint\",\"urlTemplate\":\"https:\/\/www.pm.pb.gov.br\/portal\/?s={search_term_string}\"},\"query-input\":\"required name=search_term_string\"}],\"inLanguage\":\"pt-BR\"},{\"@type\":\"Organization\",\"@id\":\"https:\/\/www.pm.pb.gov.br\/portal\/#organization\",\"name\":\"Pol\u00edcia Militar da Para\u00edba\",\"url\":\"https:\/\/www.pm.pb.gov.br\/portal\/\",\"logo\":{\"@type\":\"ImageObject\",\"inLanguage\":\"pt-BR\",\"@id\":\"https:\/\/www.pm.pb.gov.br\/portal\/#\/schema\/logo\/image\/\",\"url\":\"https:\/\/www.pm.pb.gov.br\/portal\/wp-content\/uploads\/2025\/03\/cropped-logo-site-mag2-1.png\",\"contentUrl\":\"https:\/\/www.pm.pb.gov.br\/portal\/wp-content\/uploads\/2025\/03\/cropped-logo-site-mag2-1.png\",\"width\":320,\"height\":90,\"caption\":\"Pol\u00edcia Militar da Para\u00edba\"},\"image\":{\"@id\":\"https:\/\/www.pm.pb.gov.br\/portal\/#\/schema\/logo\/image\/\"}},{\"@type\":\"Person\",\"@id\":\"https:\/\/www.pm.pb.gov.br\/portal\/#\/schema\/person\/e8454f46651c3ecf0e1ba3c1666d9947\",\"name\":\"Assessoria de Imprensa da PMPB\",\"image\":{\"@type\":\"ImageObject\",\"inLanguage\":\"pt-BR\",\"@id\":\"https:\/\/www.pm.pb.gov.br\/portal\/#\/schema\/person\/image\/\",\"url\":\"https:\/\/secure.gravatar.com\/avatar\/2efe197438265d1e90bd98c4c8e1acf8?s=96&d=mm&r=g\",\"contentUrl\":\"https:\/\/secure.gravatar.com\/avatar\/2efe197438265d1e90bd98c4c8e1acf8?s=96&d=mm&r=g\",\"caption\":\"Assessoria de Imprensa da PMPB\"},\"url\":\"https:\/\/www.pm.pb.gov.br\/portal\/author\/assessoria\/\"}]}<\/script>\n<!-- \/ Yoast SEO plugin. -->","yoast_head_json":{"title":"Di\u00e1rio Oficial do Estado traz homologa\u00e7\u00e3o final do Concurso para o Curso de Forma\u00e7\u00e3o de Soldados PM e Bombeiro Militar - Pol\u00edcia Militar da Para\u00edba","robots":{"index":"index","follow":"follow","max-snippet":"max-snippet:-1","max-image-preview":"max-image-preview:large","max-video-preview":"max-video-preview:-1"},"canonical":"https:\/\/www.pm.pb.gov.br\/portal\/2024\/07\/23\/diario-oficial-do-estado-traz-homologacao-final-do-concurso-para-o-curso-de-formacao-de-soldados-pm-e-bombeiro-militar\/","og_locale":"pt_BR","og_type":"article","og_title":"Di\u00e1rio Oficial do Estado traz homologa\u00e7\u00e3o final do Concurso para o Curso de Forma\u00e7\u00e3o de Soldados PM e Bombeiro Militar - Pol\u00edcia Militar da Para\u00edba","og_description":"O Di\u00e1rio Oficial do Estado (DOE) trouxe novidades do Concurso do Curso de Forma\u00e7\u00e3o de Soldados da Pol\u00edcia Militar e","og_url":"https:\/\/www.pm.pb.gov.br\/portal\/2024\/07\/23\/diario-oficial-do-estado-traz-homologacao-final-do-concurso-para-o-curso-de-formacao-de-soldados-pm-e-bombeiro-militar\/","og_site_name":"Pol\u00edcia Militar da Para\u00edba","article_published_time":"2024-07-23T13:03:32+00:00","article_modified_time":"2024-07-23T13:08:07+00:00","og_image":[{"width":800,"height":445,"url":"http:\/\/www.pm.pb.gov.br\/portal\/wp-content\/uploads\/2018\/03\/cfsd.jpg","type":"image\/jpeg"}],"author":"Assessoria de Imprensa da PMPB","twitter_card":"summary_large_image","twitter_misc":{"Escrito por":"Assessoria de Imprensa da PMPB","Est. tempo de leitura":"1 minuto"},"schema":{"@context":"https:\/\/schema.org","@graph":[{"@type":"Article","@id":"https:\/\/www.pm.pb.gov.br\/portal\/2024\/07\/23\/diario-oficial-do-estado-traz-homologacao-final-do-concurso-para-o-curso-de-formacao-de-soldados-pm-e-bombeiro-militar\/#article","isPartOf":{"@id":"https:\/\/www.pm.pb.gov.br\/portal\/2024\/07\/23\/diario-oficial-do-estado-traz-homologacao-final-do-concurso-para-o-curso-de-formacao-de-soldados-pm-e-bombeiro-militar\/"},"author":{"name":"Assessoria de Imprensa da PMPB","@id":"https:\/\/www.pm.pb.gov.br\/portal\/#\/schema\/person\/e8454f46651c3ecf0e1ba3c1666d9947"},"headline":"Di\u00e1rio Oficial do Estado traz homologa\u00e7\u00e3o final do Concurso para o Curso de Forma\u00e7\u00e3o de Soldados PM e Bombeiro Militar","datePublished":"2024-07-23T13:03:32+00:00","dateModified":"2024-07-23T13:08:07+00:00","mainEntityOfPage":{"@id":"https:\/\/www.pm.pb.gov.br\/portal\/2024\/07\/23\/diario-oficial-do-estado-traz-homologacao-final-do-concurso-para-o-curso-de-formacao-de-soldados-pm-e-bombeiro-militar\/"},"wordCount":145,"publisher":{"@id":"https:\/\/www.pm.pb.gov.br\/portal\/#organization"},"articleSection":["Concurso CFSd 2023"],"inLanguage":"pt-BR"},{"@type":"WebPage","@id":"https:\/\/www.pm.pb.gov.br\/portal\/2024\/07\/23\/diario-oficial-do-estado-traz-homologacao-final-do-concurso-para-o-curso-de-formacao-de-soldados-pm-e-bombeiro-militar\/","url":"https:\/\/www.pm.pb.gov.br\/portal\/2024\/07\/23\/diario-oficial-do-estado-traz-homologacao-final-do-concurso-para-o-curso-de-formacao-de-soldados-pm-e-bombeiro-militar\/","name":"Di\u00e1rio Oficial do Estado traz homologa\u00e7\u00e3o final do Concurso para o Curso de Forma\u00e7\u00e3o de Soldados PM e Bombeiro Militar - Pol\u00edcia Militar da Para\u00edba","isPartOf":{"@id":"https:\/\/www.pm.pb.gov.br\/portal\/#website"},"datePublished":"2024-07-23T13:03:32+00:00","dateModified":"2024-07-23T13:08:07+00:00","breadcrumb":{"@id":"https:\/\/www.pm.pb.gov.br\/portal\/2024\/07\/23\/diario-oficial-do-estado-traz-homologacao-final-do-concurso-para-o-curso-de-formacao-de-soldados-pm-e-bombeiro-militar\/#breadcrumb"},"inLanguage":"pt-BR","potentialAction":[{"@type":"ReadAction","target":["https:\/\/www.pm.pb.gov.br\/portal\/2024\/07\/23\/diario-oficial-do-estado-traz-homologacao-final-do-concurso-para-o-curso-de-formacao-de-soldados-pm-e-bombeiro-militar\/"]}]},{"@type":"BreadcrumbList","@id":"https:\/\/www.pm.pb.gov.br\/portal\/2024\/07\/23\/diario-oficial-do-estado-traz-homologacao-final-do-concurso-para-o-curso-de-formacao-de-soldados-pm-e-bombeiro-militar\/#breadcrumb","itemListElement":[{"@type":"ListItem","position":1,"name":"In\u00edcio","item":"https:\/\/www.pm.pb.gov.br\/portal\/"},{"@type":"ListItem","position":2,"name":"Di\u00e1rio Oficial do Estado traz homologa\u00e7\u00e3o final do Concurso para o Curso de Forma\u00e7\u00e3o de Soldados PM e Bombeiro Militar"}]},{"@type":"WebSite","@id":"https:\/\/www.pm.pb.gov.br\/portal\/#website","url":"https:\/\/www.pm.pb.gov.br\/portal\/","name":"Pol\u00edcia Militar da Para\u00edba","description":"","publisher":{"@id":"https:\/\/www.pm.pb.gov.br\/portal\/#organization"},"potentialAction":[{"@type":"SearchAction","target":{"@type":"EntryPoint","urlTemplate":"https:\/\/www.pm.pb.gov.br\/portal\/?s={search_term_string}"},"query-input":"required name=search_term_string"}],"inLanguage":"pt-BR"},{"@type":"Organization","@id":"https:\/\/www.pm.pb.gov.br\/portal\/#organization","name":"Pol\u00edcia Militar da Para\u00edba","url":"https:\/\/www.pm.pb.gov.br\/portal\/","logo":{"@type":"ImageObject","inLanguage":"pt-BR","@id":"https:\/\/www.pm.pb.gov.br\/portal\/#\/schema\/logo\/image\/","url":"https:\/\/www.pm.pb.gov.br\/portal\/wp-content\/uploads\/2025\/03\/cropped-logo-site-mag2-1.png","contentUrl":"https:\/\/www.pm.pb.gov.br\/portal\/wp-content\/uploads\/2025\/03\/cropped-logo-site-mag2-1.png","width":320,"height":90,"caption":"Pol\u00edcia Militar da Para\u00edba"},"image":{"@id":"https:\/\/www.pm.pb.gov.br\/portal\/#\/schema\/logo\/image\/"}},{"@type":"Person","@id":"https:\/\/www.pm.pb.gov.br\/portal\/#\/schema\/person\/e8454f46651c3ecf0e1ba3c1666d9947","name":"Assessoria de Imprensa da PMPB","image":{"@type":"ImageObject","inLanguage":"pt-BR","@id":"https:\/\/www.pm.pb.gov.br\/portal\/#\/schema\/person\/image\/","url":"https:\/\/secure.gravatar.com\/avatar\/2efe197438265d1e90bd98c4c8e1acf8?s=96&d=mm&r=g","contentUrl":"https:\/\/secure.gravatar.com\/avatar\/2efe197438265d1e90bd98c4c8e1acf8?s=96&d=mm&r=g","caption":"Assessoria de Imprensa da PMPB"},"url":"https:\/\/www.pm.pb.gov.br\/portal\/author\/assessoria\/"}]}},"_links":{"self":[{"href":"https:\/\/www.pm.pb.gov.br\/portal\/wp-json\/wp\/v2\/posts\/923241"}],"collection":[{"href":"https:\/\/www.pm.pb.gov.br\/portal\/wp-json\/wp\/v2\/posts"}],"about":[{"href":"https:\/\/www.pm.pb.gov.br\/portal\/wp-json\/wp\/v2\/types\/post"}],"author":[{"embeddable":true,"href":"https:\/\/www.pm.pb.gov.br\/portal\/wp-json\/wp\/v2\/users\/5"}],"replies":[{"embeddable":true,"href":"https:\/\/www.pm.pb.gov.br\/portal\/wp-json\/wp\/v2\/comments?post=923241"}],"version-history":[{"count":1,"href":"https:\/\/www.pm.pb.gov.br\/portal\/wp-json\/wp\/v2\/posts\/923241\/revisions"}],"predecessor-version":[{"id":923242,"href":"https:\/\/www.pm.pb.gov.br\/portal\/wp-json\/wp\/v2\/posts\/923241\/revisions\/923242"}],"wp:featuredmedia":[{"embeddable":true,"href":"https:\/\/www.pm.pb.gov.br\/portal\/wp-json\/wp\/v2\/media\/897358"}],"wp:attachment":[{"href":"https:\/\/www.pm.pb.gov.br\/portal\/wp-json\/wp\/v2\/media?parent=923241"}],"wp:term":[{"taxonomy":"category","embeddable":true,"href":"https:\/\/www.pm.pb.gov.br\/portal\/wp-json\/wp\/v2\/categories?post=923241"},{"taxonomy":"post_tag","embeddable":true,"href":"https:\/\/www.pm.pb.gov.br\/portal\/wp-json\/wp\/v2\/tags?post=923241"}],"curies":[{"name":"wp","href":"https:\/\/api.w.org\/{rel}","templated":true}]}}