{"id":923213,"date":"2024-07-22T11:39:07","date_gmt":"2024-07-22T14:39:07","guid":{"rendered":"https:\/\/www.pm.pb.gov.br\/portal\/?p=923213"},"modified":"2024-07-22T11:49:12","modified_gmt":"2024-07-22T14:49:12","slug":"final-de-semana-tem-120-presos-e-21-armas-de-fogo-apreendidas-pela-pm","status":"publish","type":"post","link":"https:\/\/www.pm.pb.gov.br\/portal\/2024\/07\/22\/final-de-semana-tem-120-presos-e-21-armas-de-fogo-apreendidas-pela-pm\/","title":{"rendered":"RESULTADO: Final de semana tem 120 presos e 21 armas de fogo apreendidas pela PM"},"content":{"rendered":"\n<p>As a\u00e7\u00f5es realizadas pela Pol\u00edcia Militar entre a \u00faltima sexta-feira (19) e este domingo (21), resultaram em 120 infratores conduzidos para as delegacias e 21 armas de fogo apreendidas em toda a Para\u00edba. Entre os presos est\u00e1 uma dupla que utilizava uma motocicleta para cometer assaltos na Capital, e um homem que j\u00e1 havia sido apreendido nove vezes quando era menor de idade. Cerca de seis quilos de drogas tamb\u00e9m foram apreendidos.<\/p>\n<p>O dado \u00e9 do Estado-Maior Estrat\u00e9gico da corpora\u00e7\u00e3o, que avalia as a\u00e7\u00f5es operacionais no per\u00edodo. Entre as armas, a PM recuperou um rev\u00f3lver que havia sido roubado de um vigilante em Jo\u00e3o Pessoa, no bairro do Cristo Redentor (foto abaixo). Outras 20 armas que circulavam ilegalmente foram apreendidas nas cidades de Campina Grande, Mamanguape, Sol\u00e2nea, Patos (foto acima principal), Cajazeiras, al\u00e9m da Capital e outras localidades.<\/p>\n<p><img loading=\"lazy\" decoding=\"async\" class=\" wp-image-923190 aligncenter\" src=\"http:\/\/www.pm.pb.gov.br\/portal\/wp-content\/uploads\/2024\/07\/vigilante-736x445.jpg\" alt=\"\" width=\"554\" height=\"335\" srcset=\"https:\/\/www.pm.pb.gov.br\/portal\/wp-content\/uploads\/2024\/07\/vigilante-736x445.jpg 736w, https:\/\/www.pm.pb.gov.br\/portal\/wp-content\/uploads\/2024\/07\/vigilante-942x570.jpg 942w, https:\/\/www.pm.pb.gov.br\/portal\/wp-content\/uploads\/2024\/07\/vigilante-768x464.jpg 768w, https:\/\/www.pm.pb.gov.br\/portal\/wp-content\/uploads\/2024\/07\/vigilante-1536x929.jpg 1536w, https:\/\/www.pm.pb.gov.br\/portal\/wp-content\/uploads\/2024\/07\/vigilante-2048x1239.jpg 2048w\" sizes=\"(max-width: 554px) 100vw, 554px\" \/><\/p>\n<p>Entre os infratores presos, a PM frustrou acusados de roubo e recuperou objetos que seriam levados. Na orla da Capital, uma dupla que assaltava de motocicleta foi presa, e o simulacro usado para os crimes foi apreendido. Foragidos da Justi\u00e7a, acusados de tr\u00e1fico de drogas, latroc\u00ednio, viol\u00eancia dom\u00e9stica, dano, e outros delitos tamb\u00e9m foram presos, levando ao cumprimento de 32 mandados de pris\u00e3o, e quatro adolescentes apreendidos.<\/p>\n<p><img loading=\"lazy\" decoding=\"async\" class=\" wp-image-923193 aligncenter\" src=\"http:\/\/www.pm.pb.gov.br\/portal\/wp-content\/uploads\/2024\/07\/20240721_103311-602x445.jpg\" alt=\"\" width=\"544\" height=\"402\" srcset=\"https:\/\/www.pm.pb.gov.br\/portal\/wp-content\/uploads\/2024\/07\/20240721_103311-602x445.jpg 602w, https:\/\/www.pm.pb.gov.br\/portal\/wp-content\/uploads\/2024\/07\/20240721_103311.jpg 754w\" sizes=\"(max-width: 544px) 100vw, 544px\" \/><\/p>\n<p>As apreens\u00f5es de drogas somaram pouco mais de seis quilos e mais de 900 por\u00e7\u00f5es, com destaque para um homem que foi preso por tr\u00e1fico em Campina Grande (foto abaixo), e que j\u00e1 havia sido apreendido outras nove vezes quando menor de idade. Em Mangabeira, em Jo\u00e3o Pessoa, um homem que cumpria pena em regime aberto por tr\u00e1fico tamb\u00e9m foi preso com drogas.<\/p>\n<p><img loading=\"lazy\" decoding=\"async\" class=\" wp-image-923204 aligncenter\" src=\"http:\/\/www.pm.pb.gov.br\/portal\/wp-content\/uploads\/2024\/07\/WhatsApp-Image-2024-07-21-at-16.46.56-593x445.jpeg\" alt=\"\" width=\"524\" height=\"393\" srcset=\"https:\/\/www.pm.pb.gov.br\/portal\/wp-content\/uploads\/2024\/07\/WhatsApp-Image-2024-07-21-at-16.46.56-593x445.jpeg 593w, https:\/\/www.pm.pb.gov.br\/portal\/wp-content\/uploads\/2024\/07\/WhatsApp-Image-2024-07-21-at-16.46.56-760x570.jpeg 760w, https:\/\/www.pm.pb.gov.br\/portal\/wp-content\/uploads\/2024\/07\/WhatsApp-Image-2024-07-21-at-16.46.56-768x576.jpeg 768w, https:\/\/www.pm.pb.gov.br\/portal\/wp-content\/uploads\/2024\/07\/WhatsApp-Image-2024-07-21-at-16.46.56-1536x1152.jpeg 1536w, https:\/\/www.pm.pb.gov.br\/portal\/wp-content\/uploads\/2024\/07\/WhatsApp-Image-2024-07-21-at-16.46.56.jpeg 1600w\" sizes=\"(max-width: 524px) 100vw, 524px\" \/><\/p>\n<p>Nos tr\u00eas dias, a PM tamb\u00e9m realizou a\u00e7\u00f5es no tr\u00e2nsito, com 230 checkpoints resultando em apreens\u00f5es de armas (foto abaixo), remo\u00e7\u00e3o e autua\u00e7\u00e3o de 512 ve\u00edculos que infringiam leis de tr\u00e2nsito e dispositivos de seguran\u00e7a.<\/p>\n<p><img loading=\"lazy\" decoding=\"async\" class=\" wp-image-923215 aligncenter\" src=\"http:\/\/www.pm.pb.gov.br\/portal\/wp-content\/uploads\/2024\/07\/WhatsApp-Image-2024-07-20-at-18.24.35-733x445.jpeg\" alt=\"\" width=\"652\" height=\"396\" srcset=\"https:\/\/www.pm.pb.gov.br\/portal\/wp-content\/uploads\/2024\/07\/WhatsApp-Image-2024-07-20-at-18.24.35-733x445.jpeg 733w, https:\/\/www.pm.pb.gov.br\/portal\/wp-content\/uploads\/2024\/07\/WhatsApp-Image-2024-07-20-at-18.24.35-938x570.jpeg 938w, https:\/\/www.pm.pb.gov.br\/portal\/wp-content\/uploads\/2024\/07\/WhatsApp-Image-2024-07-20-at-18.24.35-768x466.jpeg 768w, https:\/\/www.pm.pb.gov.br\/portal\/wp-content\/uploads\/2024\/07\/WhatsApp-Image-2024-07-20-at-18.24.35.jpeg 1080w\" sizes=\"(max-width: 652px) 100vw, 652px\" \/><\/p>\n<p><em>Atualizado \u00e0s 12h12.<\/em><\/p>\n\n\n","protected":false},"excerpt":{"rendered":"<p>As a\u00e7\u00f5es realizadas pela Pol\u00edcia Militar entre a \u00faltima sexta-feira (19) e este domingo (21), resultaram em 120 infratores conduzidos<\/p>\n","protected":false},"author":12,"featured_media":923214,"comment_status":"closed","ping_status":"closed","sticky":false,"template":"","format":"standard","meta":{"_exactmetrics_skip_tracking":false,"_exactmetrics_sitenote_active":false,"_exactmetrics_sitenote_note":"","_exactmetrics_sitenote_category":0,"footnotes":""},"categories":[4],"tags":[],"yoast_head":"<!-- This site is optimized with the Yoast SEO plugin v22.0 - https:\/\/yoast.com\/wordpress\/plugins\/seo\/ -->\n<title>RESULTADO: Final de semana tem 120 presos e 21 armas de fogo apreendidas pela PM - Pol\u00edcia Militar da Para\u00edba<\/title>\n<meta name=\"description\" content=\"Entre os presos est\u00e1 uma dupla que utilizava uma motocicleta para cometer assaltos, e um homem que j\u00e1 havia sido apreendido nove vezes quando era menor.\" \/>\n<meta name=\"robots\" content=\"index, follow, max-snippet:-1, max-image-preview:large, max-video-preview:-1\" \/>\n<link rel=\"canonical\" href=\"https:\/\/www.pm.pb.gov.br\/portal\/2024\/07\/22\/final-de-semana-tem-120-presos-e-21-armas-de-fogo-apreendidas-pela-pm\/\" \/>\n<meta property=\"og:locale\" content=\"pt_BR\" \/>\n<meta property=\"og:type\" content=\"article\" \/>\n<meta property=\"og:title\" content=\"RESULTADO: Final de semana tem 120 presos e 21 armas de fogo apreendidas pela PM - Pol\u00edcia Militar da Para\u00edba\" \/>\n<meta property=\"og:description\" content=\"Entre os presos est\u00e1 uma dupla que utilizava uma motocicleta para cometer assaltos, e um homem que j\u00e1 havia sido apreendido nove vezes quando era menor.\" \/>\n<meta property=\"og:url\" content=\"https:\/\/www.pm.pb.gov.br\/portal\/2024\/07\/22\/final-de-semana-tem-120-presos-e-21-armas-de-fogo-apreendidas-pela-pm\/\" \/>\n<meta property=\"og:site_name\" content=\"Pol\u00edcia Militar da Para\u00edba\" \/>\n<meta property=\"article:published_time\" content=\"2024-07-22T14:39:07+00:00\" \/>\n<meta property=\"article:modified_time\" content=\"2024-07-22T14:49:12+00:00\" \/>\n<meta property=\"og:image\" content=\"http:\/\/www.pm.pb.gov.br\/portal\/wp-content\/uploads\/2024\/07\/WhatsApp-Image-2024-07-22-at-11.14.32-1.jpeg\" \/>\n\t<meta property=\"og:image:width\" content=\"1600\" \/>\n\t<meta property=\"og:image:height\" content=\"720\" \/>\n\t<meta property=\"og:image:type\" content=\"image\/jpeg\" \/>\n<meta name=\"author\" content=\"Tarcisio Oliveira\" \/>\n<meta name=\"twitter:card\" content=\"summary_large_image\" \/>\n<meta name=\"twitter:label1\" content=\"Escrito por\" \/>\n\t<meta name=\"twitter:data1\" content=\"Tarcisio Oliveira\" \/>\n\t<meta name=\"twitter:label2\" content=\"Est. tempo de leitura\" \/>\n\t<meta name=\"twitter:data2\" content=\"3 minutos\" \/>\n<script type=\"application\/ld+json\" class=\"yoast-schema-graph\">{\"@context\":\"https:\/\/schema.org\",\"@graph\":[{\"@type\":\"Article\",\"@id\":\"https:\/\/www.pm.pb.gov.br\/portal\/2024\/07\/22\/final-de-semana-tem-120-presos-e-21-armas-de-fogo-apreendidas-pela-pm\/#article\",\"isPartOf\":{\"@id\":\"https:\/\/www.pm.pb.gov.br\/portal\/2024\/07\/22\/final-de-semana-tem-120-presos-e-21-armas-de-fogo-apreendidas-pela-pm\/\"},\"author\":{\"name\":\"Tarcisio Oliveira\",\"@id\":\"https:\/\/www.pm.pb.gov.br\/portal\/#\/schema\/person\/f84f56dcc78ce4357054da888b8247fd\"},\"headline\":\"RESULTADO: Final de semana tem 120 presos e 21 armas de fogo apreendidas pela PM\",\"datePublished\":\"2024-07-22T14:39:07+00:00\",\"dateModified\":\"2024-07-22T14:49:12+00:00\",\"mainEntityOfPage\":{\"@id\":\"https:\/\/www.pm.pb.gov.br\/portal\/2024\/07\/22\/final-de-semana-tem-120-presos-e-21-armas-de-fogo-apreendidas-pela-pm\/\"},\"wordCount\":344,\"publisher\":{\"@id\":\"https:\/\/www.pm.pb.gov.br\/portal\/#organization\"},\"articleSection\":[\"A\u00e7\u00f5es Policiais\"],\"inLanguage\":\"pt-BR\"},{\"@type\":\"WebPage\",\"@id\":\"https:\/\/www.pm.pb.gov.br\/portal\/2024\/07\/22\/final-de-semana-tem-120-presos-e-21-armas-de-fogo-apreendidas-pela-pm\/\",\"url\":\"https:\/\/www.pm.pb.gov.br\/portal\/2024\/07\/22\/final-de-semana-tem-120-presos-e-21-armas-de-fogo-apreendidas-pela-pm\/\",\"name\":\"RESULTADO: Final de semana tem 120 presos e 21 armas de fogo apreendidas pela PM - Pol\u00edcia Militar da Para\u00edba\",\"isPartOf\":{\"@id\":\"https:\/\/www.pm.pb.gov.br\/portal\/#website\"},\"datePublished\":\"2024-07-22T14:39:07+00:00\",\"dateModified\":\"2024-07-22T14:49:12+00:00\",\"description\":\"Entre os presos est\u00e1 uma dupla que utilizava uma motocicleta para cometer assaltos, e um homem que j\u00e1 havia sido apreendido nove vezes quando era menor.\",\"breadcrumb\":{\"@id\":\"https:\/\/www.pm.pb.gov.br\/portal\/2024\/07\/22\/final-de-semana-tem-120-presos-e-21-armas-de-fogo-apreendidas-pela-pm\/#breadcrumb\"},\"inLanguage\":\"pt-BR\",\"potentialAction\":[{\"@type\":\"ReadAction\",\"target\":[\"https:\/\/www.pm.pb.gov.br\/portal\/2024\/07\/22\/final-de-semana-tem-120-presos-e-21-armas-de-fogo-apreendidas-pela-pm\/\"]}]},{\"@type\":\"BreadcrumbList\",\"@id\":\"https:\/\/www.pm.pb.gov.br\/portal\/2024\/07\/22\/final-de-semana-tem-120-presos-e-21-armas-de-fogo-apreendidas-pela-pm\/#breadcrumb\",\"itemListElement\":[{\"@type\":\"ListItem\",\"position\":1,\"name\":\"In\u00edcio\",\"item\":\"https:\/\/www.pm.pb.gov.br\/portal\/\"},{\"@type\":\"ListItem\",\"position\":2,\"name\":\"RESULTADO: Final de semana tem 120 presos e 21 armas de fogo apreendidas pela PM\"}]},{\"@type\":\"WebSite\",\"@id\":\"https:\/\/www.pm.pb.gov.br\/portal\/#website\",\"url\":\"https:\/\/www.pm.pb.gov.br\/portal\/\",\"name\":\"Pol\u00edcia Militar da Para\u00edba\",\"description\":\"\",\"publisher\":{\"@id\":\"https:\/\/www.pm.pb.gov.br\/portal\/#organization\"},\"potentialAction\":[{\"@type\":\"SearchAction\",\"target\":{\"@type\":\"EntryPoint\",\"urlTemplate\":\"https:\/\/www.pm.pb.gov.br\/portal\/?s={search_term_string}\"},\"query-input\":\"required name=search_term_string\"}],\"inLanguage\":\"pt-BR\"},{\"@type\":\"Organization\",\"@id\":\"https:\/\/www.pm.pb.gov.br\/portal\/#organization\",\"name\":\"Pol\u00edcia Militar da Para\u00edba\",\"url\":\"https:\/\/www.pm.pb.gov.br\/portal\/\",\"logo\":{\"@type\":\"ImageObject\",\"inLanguage\":\"pt-BR\",\"@id\":\"https:\/\/www.pm.pb.gov.br\/portal\/#\/schema\/logo\/image\/\",\"url\":\"https:\/\/www.pm.pb.gov.br\/portal\/wp-content\/uploads\/2025\/03\/cropped-logo-site-mag2-1.png\",\"contentUrl\":\"https:\/\/www.pm.pb.gov.br\/portal\/wp-content\/uploads\/2025\/03\/cropped-logo-site-mag2-1.png\",\"width\":320,\"height\":90,\"caption\":\"Pol\u00edcia Militar da Para\u00edba\"},\"image\":{\"@id\":\"https:\/\/www.pm.pb.gov.br\/portal\/#\/schema\/logo\/image\/\"}},{\"@type\":\"Person\",\"@id\":\"https:\/\/www.pm.pb.gov.br\/portal\/#\/schema\/person\/f84f56dcc78ce4357054da888b8247fd\",\"name\":\"Tarcisio Oliveira\",\"image\":{\"@type\":\"ImageObject\",\"inLanguage\":\"pt-BR\",\"@id\":\"https:\/\/www.pm.pb.gov.br\/portal\/#\/schema\/person\/image\/\",\"url\":\"https:\/\/secure.gravatar.com\/avatar\/72917b630b69d31cd0297507f34bac97?s=96&d=mm&r=g\",\"contentUrl\":\"https:\/\/secure.gravatar.com\/avatar\/72917b630b69d31cd0297507f34bac97?s=96&d=mm&r=g\",\"caption\":\"Tarcisio Oliveira\"},\"url\":\"https:\/\/www.pm.pb.gov.br\/portal\/author\/tarcisio\/\"}]}<\/script>\n<!-- \/ Yoast SEO plugin. -->","yoast_head_json":{"title":"RESULTADO: Final de semana tem 120 presos e 21 armas de fogo apreendidas pela PM - Pol\u00edcia Militar da Para\u00edba","description":"Entre os presos est\u00e1 uma dupla que utilizava uma motocicleta para cometer assaltos, e um homem que j\u00e1 havia sido apreendido nove vezes quando era menor.","robots":{"index":"index","follow":"follow","max-snippet":"max-snippet:-1","max-image-preview":"max-image-preview:large","max-video-preview":"max-video-preview:-1"},"canonical":"https:\/\/www.pm.pb.gov.br\/portal\/2024\/07\/22\/final-de-semana-tem-120-presos-e-21-armas-de-fogo-apreendidas-pela-pm\/","og_locale":"pt_BR","og_type":"article","og_title":"RESULTADO: Final de semana tem 120 presos e 21 armas de fogo apreendidas pela PM - Pol\u00edcia Militar da Para\u00edba","og_description":"Entre os presos est\u00e1 uma dupla que utilizava uma motocicleta para cometer assaltos, e um homem que j\u00e1 havia sido apreendido nove vezes quando era menor.","og_url":"https:\/\/www.pm.pb.gov.br\/portal\/2024\/07\/22\/final-de-semana-tem-120-presos-e-21-armas-de-fogo-apreendidas-pela-pm\/","og_site_name":"Pol\u00edcia Militar da Para\u00edba","article_published_time":"2024-07-22T14:39:07+00:00","article_modified_time":"2024-07-22T14:49:12+00:00","og_image":[{"width":1600,"height":720,"url":"http:\/\/www.pm.pb.gov.br\/portal\/wp-content\/uploads\/2024\/07\/WhatsApp-Image-2024-07-22-at-11.14.32-1.jpeg","type":"image\/jpeg"}],"author":"Tarcisio Oliveira","twitter_card":"summary_large_image","twitter_misc":{"Escrito por":"Tarcisio Oliveira","Est. tempo de leitura":"3 minutos"},"schema":{"@context":"https:\/\/schema.org","@graph":[{"@type":"Article","@id":"https:\/\/www.pm.pb.gov.br\/portal\/2024\/07\/22\/final-de-semana-tem-120-presos-e-21-armas-de-fogo-apreendidas-pela-pm\/#article","isPartOf":{"@id":"https:\/\/www.pm.pb.gov.br\/portal\/2024\/07\/22\/final-de-semana-tem-120-presos-e-21-armas-de-fogo-apreendidas-pela-pm\/"},"author":{"name":"Tarcisio Oliveira","@id":"https:\/\/www.pm.pb.gov.br\/portal\/#\/schema\/person\/f84f56dcc78ce4357054da888b8247fd"},"headline":"RESULTADO: Final de semana tem 120 presos e 21 armas de fogo apreendidas pela PM","datePublished":"2024-07-22T14:39:07+00:00","dateModified":"2024-07-22T14:49:12+00:00","mainEntityOfPage":{"@id":"https:\/\/www.pm.pb.gov.br\/portal\/2024\/07\/22\/final-de-semana-tem-120-presos-e-21-armas-de-fogo-apreendidas-pela-pm\/"},"wordCount":344,"publisher":{"@id":"https:\/\/www.pm.pb.gov.br\/portal\/#organization"},"articleSection":["A\u00e7\u00f5es Policiais"],"inLanguage":"pt-BR"},{"@type":"WebPage","@id":"https:\/\/www.pm.pb.gov.br\/portal\/2024\/07\/22\/final-de-semana-tem-120-presos-e-21-armas-de-fogo-apreendidas-pela-pm\/","url":"https:\/\/www.pm.pb.gov.br\/portal\/2024\/07\/22\/final-de-semana-tem-120-presos-e-21-armas-de-fogo-apreendidas-pela-pm\/","name":"RESULTADO: Final de semana tem 120 presos e 21 armas de fogo apreendidas pela PM - Pol\u00edcia Militar da Para\u00edba","isPartOf":{"@id":"https:\/\/www.pm.pb.gov.br\/portal\/#website"},"datePublished":"2024-07-22T14:39:07+00:00","dateModified":"2024-07-22T14:49:12+00:00","description":"Entre os presos est\u00e1 uma dupla que utilizava uma motocicleta para cometer assaltos, e um homem que j\u00e1 havia sido apreendido nove vezes quando era menor.","breadcrumb":{"@id":"https:\/\/www.pm.pb.gov.br\/portal\/2024\/07\/22\/final-de-semana-tem-120-presos-e-21-armas-de-fogo-apreendidas-pela-pm\/#breadcrumb"},"inLanguage":"pt-BR","potentialAction":[{"@type":"ReadAction","target":["https:\/\/www.pm.pb.gov.br\/portal\/2024\/07\/22\/final-de-semana-tem-120-presos-e-21-armas-de-fogo-apreendidas-pela-pm\/"]}]},{"@type":"BreadcrumbList","@id":"https:\/\/www.pm.pb.gov.br\/portal\/2024\/07\/22\/final-de-semana-tem-120-presos-e-21-armas-de-fogo-apreendidas-pela-pm\/#breadcrumb","itemListElement":[{"@type":"ListItem","position":1,"name":"In\u00edcio","item":"https:\/\/www.pm.pb.gov.br\/portal\/"},{"@type":"ListItem","position":2,"name":"RESULTADO: Final de semana tem 120 presos e 21 armas de fogo apreendidas pela PM"}]},{"@type":"WebSite","@id":"https:\/\/www.pm.pb.gov.br\/portal\/#website","url":"https:\/\/www.pm.pb.gov.br\/portal\/","name":"Pol\u00edcia Militar da Para\u00edba","description":"","publisher":{"@id":"https:\/\/www.pm.pb.gov.br\/portal\/#organization"},"potentialAction":[{"@type":"SearchAction","target":{"@type":"EntryPoint","urlTemplate":"https:\/\/www.pm.pb.gov.br\/portal\/?s={search_term_string}"},"query-input":"required name=search_term_string"}],"inLanguage":"pt-BR"},{"@type":"Organization","@id":"https:\/\/www.pm.pb.gov.br\/portal\/#organization","name":"Pol\u00edcia Militar da Para\u00edba","url":"https:\/\/www.pm.pb.gov.br\/portal\/","logo":{"@type":"ImageObject","inLanguage":"pt-BR","@id":"https:\/\/www.pm.pb.gov.br\/portal\/#\/schema\/logo\/image\/","url":"https:\/\/www.pm.pb.gov.br\/portal\/wp-content\/uploads\/2025\/03\/cropped-logo-site-mag2-1.png","contentUrl":"https:\/\/www.pm.pb.gov.br\/portal\/wp-content\/uploads\/2025\/03\/cropped-logo-site-mag2-1.png","width":320,"height":90,"caption":"Pol\u00edcia Militar da Para\u00edba"},"image":{"@id":"https:\/\/www.pm.pb.gov.br\/portal\/#\/schema\/logo\/image\/"}},{"@type":"Person","@id":"https:\/\/www.pm.pb.gov.br\/portal\/#\/schema\/person\/f84f56dcc78ce4357054da888b8247fd","name":"Tarcisio Oliveira","image":{"@type":"ImageObject","inLanguage":"pt-BR","@id":"https:\/\/www.pm.pb.gov.br\/portal\/#\/schema\/person\/image\/","url":"https:\/\/secure.gravatar.com\/avatar\/72917b630b69d31cd0297507f34bac97?s=96&d=mm&r=g","contentUrl":"https:\/\/secure.gravatar.com\/avatar\/72917b630b69d31cd0297507f34bac97?s=96&d=mm&r=g","caption":"Tarcisio Oliveira"},"url":"https:\/\/www.pm.pb.gov.br\/portal\/author\/tarcisio\/"}]}},"_links":{"self":[{"href":"https:\/\/www.pm.pb.gov.br\/portal\/wp-json\/wp\/v2\/posts\/923213"}],"collection":[{"href":"https:\/\/www.pm.pb.gov.br\/portal\/wp-json\/wp\/v2\/posts"}],"about":[{"href":"https:\/\/www.pm.pb.gov.br\/portal\/wp-json\/wp\/v2\/types\/post"}],"author":[{"embeddable":true,"href":"https:\/\/www.pm.pb.gov.br\/portal\/wp-json\/wp\/v2\/users\/12"}],"replies":[{"embeddable":true,"href":"https:\/\/www.pm.pb.gov.br\/portal\/wp-json\/wp\/v2\/comments?post=923213"}],"version-history":[{"count":2,"href":"https:\/\/www.pm.pb.gov.br\/portal\/wp-json\/wp\/v2\/posts\/923213\/revisions"}],"predecessor-version":[{"id":923217,"href":"https:\/\/www.pm.pb.gov.br\/portal\/wp-json\/wp\/v2\/posts\/923213\/revisions\/923217"}],"wp:featuredmedia":[{"embeddable":true,"href":"https:\/\/www.pm.pb.gov.br\/portal\/wp-json\/wp\/v2\/media\/923214"}],"wp:attachment":[{"href":"https:\/\/www.pm.pb.gov.br\/portal\/wp-json\/wp\/v2\/media?parent=923213"}],"wp:term":[{"taxonomy":"category","embeddable":true,"href":"https:\/\/www.pm.pb.gov.br\/portal\/wp-json\/wp\/v2\/categories?post=923213"},{"taxonomy":"post_tag","embeddable":true,"href":"https:\/\/www.pm.pb.gov.br\/portal\/wp-json\/wp\/v2\/tags?post=923213"}],"curies":[{"name":"wp","href":"https:\/\/api.w.org\/{rel}","templated":true}]}}