{"id":923178,"date":"2024-07-19T18:04:00","date_gmt":"2024-07-19T21:04:00","guid":{"rendered":"https:\/\/www.pm.pb.gov.br\/portal\/?p=923178"},"modified":"2024-07-20T12:11:28","modified_gmt":"2024-07-20T15:11:28","slug":"policiais-militares-capacitados-com-aph-tatico-socorrem-mulher-vitima-de-criminosos-que-agiam-em-motocicleta-na-grande-jp","status":"publish","type":"post","link":"https:\/\/www.pm.pb.gov.br\/portal\/2024\/07\/19\/policiais-militares-capacitados-com-aph-tatico-socorrem-mulher-vitima-de-criminosos-que-agiam-em-motocicleta-na-grande-jp\/","title":{"rendered":"Policiais Militares capacitados com APH T\u00e1tico socorrem mulher v\u00edtima de criminosos que agiam em motocicleta, na grande JP"},"content":{"rendered":"\n<p>Os treinamentos e as capacita\u00e7\u00f5es que passam os policiais militares paraibanos t\u00eam colaborado cada vez mais com a preserva\u00e7\u00e3o da vida. Na noite da \u00faltima quarta-feira (17), policiais da For\u00e7a Regional e 6\u00aa Companhia Independente foram os primeiros a prestarem socorro a uma mulher que foi v\u00edtima de disparos de arma de fogo, efetuados por criminosos que estavam em uma motocicleta, durante fuga de uma abordagem da PM.<\/p>\n<p>Os policiais foram capacitados pela corpora\u00e7\u00e3o com curso de Atendimento Pr\u00e9-Hospitalar T\u00e1tico (APH T\u00e1tico), o que permitiu a aplica\u00e7\u00e3o de t\u00e9cnicas como torniquete, impedindo perda volumosa de sangue. A mulher foi encaminhada logo em seguida para o Hospital de Emerg\u00eancia e Trauma Senador Humberto Lucena, em Jo\u00e3o Pessoa.<\/p>\n<p>Na manh\u00e3 desta \u00faltima sexta-feira (19), os policiais da For\u00e7a Regional e 6\u00aa CIPM foram homenageados pelo diretor do Centro de Educa\u00e7\u00e3o, coronel Pablo, e em forma de reconhecimento receberam novos kits para o APH T\u00e1tico.<\/p>\n<p><strong>Reincid\u00eancia \u2013<\/strong> Os dois criminosos foram presos ainda na noite de quarta-feira (17), e com eles a PM apreendeu a arma de fogo usada para cometer os crimes. De acordo com a 6\u00aa CIPM, um dos acusados j\u00e1 tinha passagem pela pol\u00edcia pelo crime de tr\u00e1fico de drogas.<\/p>\n<p><img loading=\"lazy\" decoding=\"async\" class=\" wp-image-923150 aligncenter\" src=\"http:\/\/www.pm.pb.gov.br\/portal\/wp-content\/uploads\/2024\/07\/WhatsApp-Image-2024-07-18-at-10.44.08-725x445.jpeg\" alt=\"\" width=\"609\" height=\"374\" srcset=\"https:\/\/www.pm.pb.gov.br\/portal\/wp-content\/uploads\/2024\/07\/WhatsApp-Image-2024-07-18-at-10.44.08-725x445.jpeg 725w, https:\/\/www.pm.pb.gov.br\/portal\/wp-content\/uploads\/2024\/07\/WhatsApp-Image-2024-07-18-at-10.44.08-929x570.jpeg 929w, https:\/\/www.pm.pb.gov.br\/portal\/wp-content\/uploads\/2024\/07\/WhatsApp-Image-2024-07-18-at-10.44.08-768x471.jpeg 768w, https:\/\/www.pm.pb.gov.br\/portal\/wp-content\/uploads\/2024\/07\/WhatsApp-Image-2024-07-18-at-10.44.08-1536x943.jpeg 1536w, https:\/\/www.pm.pb.gov.br\/portal\/wp-content\/uploads\/2024\/07\/WhatsApp-Image-2024-07-18-at-10.44.08-2048x1257.jpeg 2048w\" sizes=\"(max-width: 609px) 100vw, 609px\" \/><\/p>\n\n\n","protected":false},"excerpt":{"rendered":"<p>Os treinamentos e as capacita\u00e7\u00f5es que passam os policiais militares paraibanos t\u00eam colaborado cada vez mais com a preserva\u00e7\u00e3o da<\/p>\n","protected":false},"author":12,"featured_media":923179,"comment_status":"closed","ping_status":"closed","sticky":false,"template":"","format":"standard","meta":{"_exactmetrics_skip_tracking":false,"_exactmetrics_sitenote_active":false,"_exactmetrics_sitenote_note":"","_exactmetrics_sitenote_category":0,"footnotes":""},"categories":[4],"tags":[],"yoast_head":"<!-- This site is optimized with the Yoast SEO plugin v22.0 - https:\/\/yoast.com\/wordpress\/plugins\/seo\/ -->\n<title>Policiais Militares capacitados com APH T\u00e1tico socorrem mulher v\u00edtima de criminosos que agiam em motocicleta, na grande JP - Pol\u00edcia Militar da Para\u00edba<\/title>\n<meta name=\"description\" content=\"Os treinamentos e as capacita\u00e7\u00f5es que passam os policiais militares paraibanos t\u00eam colaborado cada vez mais com a preserva\u00e7\u00e3o da vida.\" \/>\n<meta name=\"robots\" content=\"index, follow, max-snippet:-1, max-image-preview:large, max-video-preview:-1\" \/>\n<link rel=\"canonical\" href=\"https:\/\/www.pm.pb.gov.br\/portal\/2024\/07\/19\/policiais-militares-capacitados-com-aph-tatico-socorrem-mulher-vitima-de-criminosos-que-agiam-em-motocicleta-na-grande-jp\/\" \/>\n<meta property=\"og:locale\" content=\"pt_BR\" \/>\n<meta property=\"og:type\" content=\"article\" \/>\n<meta property=\"og:title\" content=\"Policiais Militares capacitados com APH T\u00e1tico socorrem mulher v\u00edtima de criminosos que agiam em motocicleta, na grande JP - Pol\u00edcia Militar da Para\u00edba\" \/>\n<meta property=\"og:description\" content=\"Os treinamentos e as capacita\u00e7\u00f5es que passam os policiais militares paraibanos t\u00eam colaborado cada vez mais com a preserva\u00e7\u00e3o da vida.\" \/>\n<meta property=\"og:url\" content=\"https:\/\/www.pm.pb.gov.br\/portal\/2024\/07\/19\/policiais-militares-capacitados-com-aph-tatico-socorrem-mulher-vitima-de-criminosos-que-agiam-em-motocicleta-na-grande-jp\/\" \/>\n<meta property=\"og:site_name\" content=\"Pol\u00edcia Militar da Para\u00edba\" \/>\n<meta property=\"article:published_time\" content=\"2024-07-19T21:04:00+00:00\" \/>\n<meta property=\"article:modified_time\" content=\"2024-07-20T15:11:28+00:00\" \/>\n<meta property=\"og:image\" content=\"http:\/\/www.pm.pb.gov.br\/portal\/wp-content\/uploads\/2024\/07\/WhatsApp-Image-2024-07-20-at-12.31.03.jpeg\" \/>\n\t<meta property=\"og:image:width\" content=\"1600\" \/>\n\t<meta property=\"og:image:height\" content=\"1200\" \/>\n\t<meta property=\"og:image:type\" content=\"image\/jpeg\" \/>\n<meta name=\"author\" content=\"Tarcisio Oliveira\" \/>\n<meta name=\"twitter:card\" content=\"summary_large_image\" \/>\n<meta name=\"twitter:label1\" content=\"Escrito por\" \/>\n\t<meta name=\"twitter:data1\" content=\"Tarcisio Oliveira\" \/>\n\t<meta name=\"twitter:label2\" content=\"Est. tempo de leitura\" \/>\n\t<meta name=\"twitter:data2\" content=\"2 minutos\" \/>\n<script type=\"application\/ld+json\" class=\"yoast-schema-graph\">{\"@context\":\"https:\/\/schema.org\",\"@graph\":[{\"@type\":\"Article\",\"@id\":\"https:\/\/www.pm.pb.gov.br\/portal\/2024\/07\/19\/policiais-militares-capacitados-com-aph-tatico-socorrem-mulher-vitima-de-criminosos-que-agiam-em-motocicleta-na-grande-jp\/#article\",\"isPartOf\":{\"@id\":\"https:\/\/www.pm.pb.gov.br\/portal\/2024\/07\/19\/policiais-militares-capacitados-com-aph-tatico-socorrem-mulher-vitima-de-criminosos-que-agiam-em-motocicleta-na-grande-jp\/\"},\"author\":{\"name\":\"Tarcisio Oliveira\",\"@id\":\"https:\/\/www.pm.pb.gov.br\/portal\/#\/schema\/person\/f84f56dcc78ce4357054da888b8247fd\"},\"headline\":\"Policiais Militares capacitados com APH T\u00e1tico socorrem mulher v\u00edtima de criminosos que agiam em motocicleta, na grande JP\",\"datePublished\":\"2024-07-19T21:04:00+00:00\",\"dateModified\":\"2024-07-20T15:11:28+00:00\",\"mainEntityOfPage\":{\"@id\":\"https:\/\/www.pm.pb.gov.br\/portal\/2024\/07\/19\/policiais-militares-capacitados-com-aph-tatico-socorrem-mulher-vitima-de-criminosos-que-agiam-em-motocicleta-na-grande-jp\/\"},\"wordCount\":232,\"publisher\":{\"@id\":\"https:\/\/www.pm.pb.gov.br\/portal\/#organization\"},\"articleSection\":[\"A\u00e7\u00f5es Policiais\"],\"inLanguage\":\"pt-BR\"},{\"@type\":\"WebPage\",\"@id\":\"https:\/\/www.pm.pb.gov.br\/portal\/2024\/07\/19\/policiais-militares-capacitados-com-aph-tatico-socorrem-mulher-vitima-de-criminosos-que-agiam-em-motocicleta-na-grande-jp\/\",\"url\":\"https:\/\/www.pm.pb.gov.br\/portal\/2024\/07\/19\/policiais-militares-capacitados-com-aph-tatico-socorrem-mulher-vitima-de-criminosos-que-agiam-em-motocicleta-na-grande-jp\/\",\"name\":\"Policiais Militares capacitados com APH T\u00e1tico socorrem mulher v\u00edtima de criminosos que agiam em motocicleta, na grande JP - Pol\u00edcia Militar da Para\u00edba\",\"isPartOf\":{\"@id\":\"https:\/\/www.pm.pb.gov.br\/portal\/#website\"},\"datePublished\":\"2024-07-19T21:04:00+00:00\",\"dateModified\":\"2024-07-20T15:11:28+00:00\",\"description\":\"Os treinamentos e as capacita\u00e7\u00f5es que passam os policiais militares paraibanos t\u00eam colaborado cada vez mais com a preserva\u00e7\u00e3o da vida.\",\"breadcrumb\":{\"@id\":\"https:\/\/www.pm.pb.gov.br\/portal\/2024\/07\/19\/policiais-militares-capacitados-com-aph-tatico-socorrem-mulher-vitima-de-criminosos-que-agiam-em-motocicleta-na-grande-jp\/#breadcrumb\"},\"inLanguage\":\"pt-BR\",\"potentialAction\":[{\"@type\":\"ReadAction\",\"target\":[\"https:\/\/www.pm.pb.gov.br\/portal\/2024\/07\/19\/policiais-militares-capacitados-com-aph-tatico-socorrem-mulher-vitima-de-criminosos-que-agiam-em-motocicleta-na-grande-jp\/\"]}]},{\"@type\":\"BreadcrumbList\",\"@id\":\"https:\/\/www.pm.pb.gov.br\/portal\/2024\/07\/19\/policiais-militares-capacitados-com-aph-tatico-socorrem-mulher-vitima-de-criminosos-que-agiam-em-motocicleta-na-grande-jp\/#breadcrumb\",\"itemListElement\":[{\"@type\":\"ListItem\",\"position\":1,\"name\":\"In\u00edcio\",\"item\":\"https:\/\/www.pm.pb.gov.br\/portal\/\"},{\"@type\":\"ListItem\",\"position\":2,\"name\":\"Policiais Militares capacitados com APH T\u00e1tico socorrem mulher v\u00edtima de criminosos que agiam em motocicleta, na grande JP\"}]},{\"@type\":\"WebSite\",\"@id\":\"https:\/\/www.pm.pb.gov.br\/portal\/#website\",\"url\":\"https:\/\/www.pm.pb.gov.br\/portal\/\",\"name\":\"Pol\u00edcia Militar da Para\u00edba\",\"description\":\"\",\"publisher\":{\"@id\":\"https:\/\/www.pm.pb.gov.br\/portal\/#organization\"},\"potentialAction\":[{\"@type\":\"SearchAction\",\"target\":{\"@type\":\"EntryPoint\",\"urlTemplate\":\"https:\/\/www.pm.pb.gov.br\/portal\/?s={search_term_string}\"},\"query-input\":\"required name=search_term_string\"}],\"inLanguage\":\"pt-BR\"},{\"@type\":\"Organization\",\"@id\":\"https:\/\/www.pm.pb.gov.br\/portal\/#organization\",\"name\":\"Pol\u00edcia Militar da Para\u00edba\",\"url\":\"https:\/\/www.pm.pb.gov.br\/portal\/\",\"logo\":{\"@type\":\"ImageObject\",\"inLanguage\":\"pt-BR\",\"@id\":\"https:\/\/www.pm.pb.gov.br\/portal\/#\/schema\/logo\/image\/\",\"url\":\"https:\/\/www.pm.pb.gov.br\/portal\/wp-content\/uploads\/2025\/03\/cropped-logo-site-mag2-1.png\",\"contentUrl\":\"https:\/\/www.pm.pb.gov.br\/portal\/wp-content\/uploads\/2025\/03\/cropped-logo-site-mag2-1.png\",\"width\":320,\"height\":90,\"caption\":\"Pol\u00edcia Militar da Para\u00edba\"},\"image\":{\"@id\":\"https:\/\/www.pm.pb.gov.br\/portal\/#\/schema\/logo\/image\/\"}},{\"@type\":\"Person\",\"@id\":\"https:\/\/www.pm.pb.gov.br\/portal\/#\/schema\/person\/f84f56dcc78ce4357054da888b8247fd\",\"name\":\"Tarcisio Oliveira\",\"image\":{\"@type\":\"ImageObject\",\"inLanguage\":\"pt-BR\",\"@id\":\"https:\/\/www.pm.pb.gov.br\/portal\/#\/schema\/person\/image\/\",\"url\":\"https:\/\/secure.gravatar.com\/avatar\/72917b630b69d31cd0297507f34bac97?s=96&d=mm&r=g\",\"contentUrl\":\"https:\/\/secure.gravatar.com\/avatar\/72917b630b69d31cd0297507f34bac97?s=96&d=mm&r=g\",\"caption\":\"Tarcisio Oliveira\"},\"url\":\"https:\/\/www.pm.pb.gov.br\/portal\/author\/tarcisio\/\"}]}<\/script>\n<!-- \/ Yoast SEO plugin. -->","yoast_head_json":{"title":"Policiais Militares capacitados com APH T\u00e1tico socorrem mulher v\u00edtima de criminosos que agiam em motocicleta, na grande JP - Pol\u00edcia Militar da Para\u00edba","description":"Os treinamentos e as capacita\u00e7\u00f5es que passam os policiais militares paraibanos t\u00eam colaborado cada vez mais com a preserva\u00e7\u00e3o da vida.","robots":{"index":"index","follow":"follow","max-snippet":"max-snippet:-1","max-image-preview":"max-image-preview:large","max-video-preview":"max-video-preview:-1"},"canonical":"https:\/\/www.pm.pb.gov.br\/portal\/2024\/07\/19\/policiais-militares-capacitados-com-aph-tatico-socorrem-mulher-vitima-de-criminosos-que-agiam-em-motocicleta-na-grande-jp\/","og_locale":"pt_BR","og_type":"article","og_title":"Policiais Militares capacitados com APH T\u00e1tico socorrem mulher v\u00edtima de criminosos que agiam em motocicleta, na grande JP - Pol\u00edcia Militar da Para\u00edba","og_description":"Os treinamentos e as capacita\u00e7\u00f5es que passam os policiais militares paraibanos t\u00eam colaborado cada vez mais com a preserva\u00e7\u00e3o da vida.","og_url":"https:\/\/www.pm.pb.gov.br\/portal\/2024\/07\/19\/policiais-militares-capacitados-com-aph-tatico-socorrem-mulher-vitima-de-criminosos-que-agiam-em-motocicleta-na-grande-jp\/","og_site_name":"Pol\u00edcia Militar da Para\u00edba","article_published_time":"2024-07-19T21:04:00+00:00","article_modified_time":"2024-07-20T15:11:28+00:00","og_image":[{"width":1600,"height":1200,"url":"http:\/\/www.pm.pb.gov.br\/portal\/wp-content\/uploads\/2024\/07\/WhatsApp-Image-2024-07-20-at-12.31.03.jpeg","type":"image\/jpeg"}],"author":"Tarcisio Oliveira","twitter_card":"summary_large_image","twitter_misc":{"Escrito por":"Tarcisio Oliveira","Est. tempo de leitura":"2 minutos"},"schema":{"@context":"https:\/\/schema.org","@graph":[{"@type":"Article","@id":"https:\/\/www.pm.pb.gov.br\/portal\/2024\/07\/19\/policiais-militares-capacitados-com-aph-tatico-socorrem-mulher-vitima-de-criminosos-que-agiam-em-motocicleta-na-grande-jp\/#article","isPartOf":{"@id":"https:\/\/www.pm.pb.gov.br\/portal\/2024\/07\/19\/policiais-militares-capacitados-com-aph-tatico-socorrem-mulher-vitima-de-criminosos-que-agiam-em-motocicleta-na-grande-jp\/"},"author":{"name":"Tarcisio Oliveira","@id":"https:\/\/www.pm.pb.gov.br\/portal\/#\/schema\/person\/f84f56dcc78ce4357054da888b8247fd"},"headline":"Policiais Militares capacitados com APH T\u00e1tico socorrem mulher v\u00edtima de criminosos que agiam em motocicleta, na grande JP","datePublished":"2024-07-19T21:04:00+00:00","dateModified":"2024-07-20T15:11:28+00:00","mainEntityOfPage":{"@id":"https:\/\/www.pm.pb.gov.br\/portal\/2024\/07\/19\/policiais-militares-capacitados-com-aph-tatico-socorrem-mulher-vitima-de-criminosos-que-agiam-em-motocicleta-na-grande-jp\/"},"wordCount":232,"publisher":{"@id":"https:\/\/www.pm.pb.gov.br\/portal\/#organization"},"articleSection":["A\u00e7\u00f5es Policiais"],"inLanguage":"pt-BR"},{"@type":"WebPage","@id":"https:\/\/www.pm.pb.gov.br\/portal\/2024\/07\/19\/policiais-militares-capacitados-com-aph-tatico-socorrem-mulher-vitima-de-criminosos-que-agiam-em-motocicleta-na-grande-jp\/","url":"https:\/\/www.pm.pb.gov.br\/portal\/2024\/07\/19\/policiais-militares-capacitados-com-aph-tatico-socorrem-mulher-vitima-de-criminosos-que-agiam-em-motocicleta-na-grande-jp\/","name":"Policiais Militares capacitados com APH T\u00e1tico socorrem mulher v\u00edtima de criminosos que agiam em motocicleta, na grande JP - Pol\u00edcia Militar da Para\u00edba","isPartOf":{"@id":"https:\/\/www.pm.pb.gov.br\/portal\/#website"},"datePublished":"2024-07-19T21:04:00+00:00","dateModified":"2024-07-20T15:11:28+00:00","description":"Os treinamentos e as capacita\u00e7\u00f5es que passam os policiais militares paraibanos t\u00eam colaborado cada vez mais com a preserva\u00e7\u00e3o da vida.","breadcrumb":{"@id":"https:\/\/www.pm.pb.gov.br\/portal\/2024\/07\/19\/policiais-militares-capacitados-com-aph-tatico-socorrem-mulher-vitima-de-criminosos-que-agiam-em-motocicleta-na-grande-jp\/#breadcrumb"},"inLanguage":"pt-BR","potentialAction":[{"@type":"ReadAction","target":["https:\/\/www.pm.pb.gov.br\/portal\/2024\/07\/19\/policiais-militares-capacitados-com-aph-tatico-socorrem-mulher-vitima-de-criminosos-que-agiam-em-motocicleta-na-grande-jp\/"]}]},{"@type":"BreadcrumbList","@id":"https:\/\/www.pm.pb.gov.br\/portal\/2024\/07\/19\/policiais-militares-capacitados-com-aph-tatico-socorrem-mulher-vitima-de-criminosos-que-agiam-em-motocicleta-na-grande-jp\/#breadcrumb","itemListElement":[{"@type":"ListItem","position":1,"name":"In\u00edcio","item":"https:\/\/www.pm.pb.gov.br\/portal\/"},{"@type":"ListItem","position":2,"name":"Policiais Militares capacitados com APH T\u00e1tico socorrem mulher v\u00edtima de criminosos que agiam em motocicleta, na grande JP"}]},{"@type":"WebSite","@id":"https:\/\/www.pm.pb.gov.br\/portal\/#website","url":"https:\/\/www.pm.pb.gov.br\/portal\/","name":"Pol\u00edcia Militar da Para\u00edba","description":"","publisher":{"@id":"https:\/\/www.pm.pb.gov.br\/portal\/#organization"},"potentialAction":[{"@type":"SearchAction","target":{"@type":"EntryPoint","urlTemplate":"https:\/\/www.pm.pb.gov.br\/portal\/?s={search_term_string}"},"query-input":"required name=search_term_string"}],"inLanguage":"pt-BR"},{"@type":"Organization","@id":"https:\/\/www.pm.pb.gov.br\/portal\/#organization","name":"Pol\u00edcia Militar da Para\u00edba","url":"https:\/\/www.pm.pb.gov.br\/portal\/","logo":{"@type":"ImageObject","inLanguage":"pt-BR","@id":"https:\/\/www.pm.pb.gov.br\/portal\/#\/schema\/logo\/image\/","url":"https:\/\/www.pm.pb.gov.br\/portal\/wp-content\/uploads\/2025\/03\/cropped-logo-site-mag2-1.png","contentUrl":"https:\/\/www.pm.pb.gov.br\/portal\/wp-content\/uploads\/2025\/03\/cropped-logo-site-mag2-1.png","width":320,"height":90,"caption":"Pol\u00edcia Militar da Para\u00edba"},"image":{"@id":"https:\/\/www.pm.pb.gov.br\/portal\/#\/schema\/logo\/image\/"}},{"@type":"Person","@id":"https:\/\/www.pm.pb.gov.br\/portal\/#\/schema\/person\/f84f56dcc78ce4357054da888b8247fd","name":"Tarcisio Oliveira","image":{"@type":"ImageObject","inLanguage":"pt-BR","@id":"https:\/\/www.pm.pb.gov.br\/portal\/#\/schema\/person\/image\/","url":"https:\/\/secure.gravatar.com\/avatar\/72917b630b69d31cd0297507f34bac97?s=96&d=mm&r=g","contentUrl":"https:\/\/secure.gravatar.com\/avatar\/72917b630b69d31cd0297507f34bac97?s=96&d=mm&r=g","caption":"Tarcisio Oliveira"},"url":"https:\/\/www.pm.pb.gov.br\/portal\/author\/tarcisio\/"}]}},"_links":{"self":[{"href":"https:\/\/www.pm.pb.gov.br\/portal\/wp-json\/wp\/v2\/posts\/923178"}],"collection":[{"href":"https:\/\/www.pm.pb.gov.br\/portal\/wp-json\/wp\/v2\/posts"}],"about":[{"href":"https:\/\/www.pm.pb.gov.br\/portal\/wp-json\/wp\/v2\/types\/post"}],"author":[{"embeddable":true,"href":"https:\/\/www.pm.pb.gov.br\/portal\/wp-json\/wp\/v2\/users\/12"}],"replies":[{"embeddable":true,"href":"https:\/\/www.pm.pb.gov.br\/portal\/wp-json\/wp\/v2\/comments?post=923178"}],"version-history":[{"count":1,"href":"https:\/\/www.pm.pb.gov.br\/portal\/wp-json\/wp\/v2\/posts\/923178\/revisions"}],"predecessor-version":[{"id":923180,"href":"https:\/\/www.pm.pb.gov.br\/portal\/wp-json\/wp\/v2\/posts\/923178\/revisions\/923180"}],"wp:featuredmedia":[{"embeddable":true,"href":"https:\/\/www.pm.pb.gov.br\/portal\/wp-json\/wp\/v2\/media\/923179"}],"wp:attachment":[{"href":"https:\/\/www.pm.pb.gov.br\/portal\/wp-json\/wp\/v2\/media?parent=923178"}],"wp:term":[{"taxonomy":"category","embeddable":true,"href":"https:\/\/www.pm.pb.gov.br\/portal\/wp-json\/wp\/v2\/categories?post=923178"},{"taxonomy":"post_tag","embeddable":true,"href":"https:\/\/www.pm.pb.gov.br\/portal\/wp-json\/wp\/v2\/tags?post=923178"}],"curies":[{"name":"wp","href":"https:\/\/api.w.org\/{rel}","templated":true}]}}