{"id":923172,"date":"2024-07-20T08:49:00","date_gmt":"2024-07-20T11:49:00","guid":{"rendered":"https:\/\/www.pm.pb.gov.br\/portal\/?p=923172"},"modified":"2024-07-20T09:54:18","modified_gmt":"2024-07-20T12:54:18","slug":"policia-militar-abre-acoes-do-final-de-semana-apreendendo-1-quilo-de-drogas-em-campina-grande","status":"publish","type":"post","link":"https:\/\/www.pm.pb.gov.br\/portal\/2024\/07\/20\/policia-militar-abre-acoes-do-final-de-semana-apreendendo-1-quilo-de-drogas-em-campina-grande\/","title":{"rendered":"Pol\u00edcia Militar abre a\u00e7\u00f5es do final de semana apreendendo 1 quilo de drogas em Campina Grande"},"content":{"rendered":"\n<p>O final de semana come\u00e7ou com apreens\u00e3o de drogas em Campina Grande. Na madrugada deste s\u00e1bado (20), cerca de 1 quilo de entorpecentes, como maconha, coca\u00edna e crack, foram apreendidos pela Pol\u00edcia Militar.<\/p>\n<p>A a\u00e7\u00e3o aconteceu em uma vila no bairro de Bodocong\u00f3. Policiais do 2\u00ba Batalh\u00e3o intensificavam as a\u00e7\u00f5es de combate ao tr\u00e1fico quando flagraram um grupo suspeito fugindo da presen\u00e7a na PM. Na abordagem ao local, foram apreendidas diversas por\u00e7\u00f5es de subst\u00e2ncia an\u00e1loga a maconha, crack e coca\u00edna, bem como materiais usados no fracionamento e transporte dos entorpecentes. Cerca de 1 quilo de entorpecentes foi apreendido. O material ainda ser\u00e1 pesado oficialmente na delegacia (fotos acima e abaixo).<\/p>\n<p>Os acusados conseguiram fugir mas seguem sendo procurados.<\/p>\n<p><img loading=\"lazy\" decoding=\"async\" class=\" wp-image-923174 aligncenter\" src=\"http:\/\/www.pm.pb.gov.br\/portal\/wp-content\/uploads\/2024\/07\/WhatsApp-Image-2024-07-20-at-06.23.10-1-593x445.jpeg\" alt=\"\" width=\"526\" height=\"395\" srcset=\"https:\/\/www.pm.pb.gov.br\/portal\/wp-content\/uploads\/2024\/07\/WhatsApp-Image-2024-07-20-at-06.23.10-1-593x445.jpeg 593w, https:\/\/www.pm.pb.gov.br\/portal\/wp-content\/uploads\/2024\/07\/WhatsApp-Image-2024-07-20-at-06.23.10-1-760x570.jpeg 760w, https:\/\/www.pm.pb.gov.br\/portal\/wp-content\/uploads\/2024\/07\/WhatsApp-Image-2024-07-20-at-06.23.10-1-768x576.jpeg 768w, https:\/\/www.pm.pb.gov.br\/portal\/wp-content\/uploads\/2024\/07\/WhatsApp-Image-2024-07-20-at-06.23.10-1-1536x1152.jpeg 1536w, https:\/\/www.pm.pb.gov.br\/portal\/wp-content\/uploads\/2024\/07\/WhatsApp-Image-2024-07-20-at-06.23.10-1.jpeg 1600w\" sizes=\"(max-width: 526px) 100vw, 526px\" \/><\/p>\n\n\n","protected":false},"excerpt":{"rendered":"<p>O final de semana come\u00e7ou com apreens\u00e3o de drogas em Campina Grande. Na madrugada deste s\u00e1bado (20), cerca de 1<\/p>\n","protected":false},"author":12,"featured_media":923173,"comment_status":"closed","ping_status":"closed","sticky":false,"template":"","format":"standard","meta":{"_exactmetrics_skip_tracking":false,"_exactmetrics_sitenote_active":false,"_exactmetrics_sitenote_note":"","_exactmetrics_sitenote_category":0,"footnotes":""},"categories":[4],"tags":[],"yoast_head":"<!-- This site is optimized with the Yoast SEO plugin v22.0 - https:\/\/yoast.com\/wordpress\/plugins\/seo\/ -->\n<title>Pol\u00edcia Militar abre a\u00e7\u00f5es do final de semana apreendendo 1 quilo de drogas em Campina Grande - Pol\u00edcia Militar da Para\u00edba<\/title>\n<meta name=\"description\" content=\"Maconha, crack e coca\u00edna apreendidos no bairro de Bodocong\u00f3 nas primeiras horas deste s\u00e1bado (20)\" \/>\n<meta name=\"robots\" content=\"index, follow, max-snippet:-1, max-image-preview:large, max-video-preview:-1\" \/>\n<link rel=\"canonical\" href=\"https:\/\/www.pm.pb.gov.br\/portal\/2024\/07\/20\/policia-militar-abre-acoes-do-final-de-semana-apreendendo-1-quilo-de-drogas-em-campina-grande\/\" \/>\n<meta property=\"og:locale\" content=\"pt_BR\" \/>\n<meta property=\"og:type\" content=\"article\" \/>\n<meta property=\"og:title\" content=\"Pol\u00edcia Militar abre a\u00e7\u00f5es do final de semana apreendendo 1 quilo de drogas em Campina Grande - Pol\u00edcia Militar da Para\u00edba\" \/>\n<meta property=\"og:description\" content=\"Maconha, crack e coca\u00edna apreendidos no bairro de Bodocong\u00f3 nas primeiras horas deste s\u00e1bado (20)\" \/>\n<meta property=\"og:url\" content=\"https:\/\/www.pm.pb.gov.br\/portal\/2024\/07\/20\/policia-militar-abre-acoes-do-final-de-semana-apreendendo-1-quilo-de-drogas-em-campina-grande\/\" \/>\n<meta property=\"og:site_name\" content=\"Pol\u00edcia Militar da Para\u00edba\" \/>\n<meta property=\"article:published_time\" content=\"2024-07-20T11:49:00+00:00\" \/>\n<meta property=\"article:modified_time\" content=\"2024-07-20T12:54:18+00:00\" \/>\n<meta property=\"og:image\" content=\"http:\/\/www.pm.pb.gov.br\/portal\/wp-content\/uploads\/2024\/07\/WhatsApp-Image-2024-07-20-at-06.23.10.jpeg\" \/>\n\t<meta property=\"og:image:width\" content=\"800\" \/>\n\t<meta property=\"og:image:height\" content=\"445\" \/>\n\t<meta property=\"og:image:type\" content=\"image\/jpeg\" \/>\n<meta name=\"author\" content=\"Tarcisio Oliveira\" \/>\n<meta name=\"twitter:card\" content=\"summary_large_image\" \/>\n<meta name=\"twitter:label1\" content=\"Escrito por\" \/>\n\t<meta name=\"twitter:data1\" content=\"Tarcisio Oliveira\" \/>\n\t<meta name=\"twitter:label2\" content=\"Est. tempo de leitura\" \/>\n\t<meta name=\"twitter:data2\" content=\"2 minutos\" \/>\n<script type=\"application\/ld+json\" class=\"yoast-schema-graph\">{\"@context\":\"https:\/\/schema.org\",\"@graph\":[{\"@type\":\"Article\",\"@id\":\"https:\/\/www.pm.pb.gov.br\/portal\/2024\/07\/20\/policia-militar-abre-acoes-do-final-de-semana-apreendendo-1-quilo-de-drogas-em-campina-grande\/#article\",\"isPartOf\":{\"@id\":\"https:\/\/www.pm.pb.gov.br\/portal\/2024\/07\/20\/policia-militar-abre-acoes-do-final-de-semana-apreendendo-1-quilo-de-drogas-em-campina-grande\/\"},\"author\":{\"name\":\"Tarcisio Oliveira\",\"@id\":\"https:\/\/www.pm.pb.gov.br\/portal\/#\/schema\/person\/f84f56dcc78ce4357054da888b8247fd\"},\"headline\":\"Pol\u00edcia Militar abre a\u00e7\u00f5es do final de semana apreendendo 1 quilo de drogas em Campina Grande\",\"datePublished\":\"2024-07-20T11:49:00+00:00\",\"dateModified\":\"2024-07-20T12:54:18+00:00\",\"mainEntityOfPage\":{\"@id\":\"https:\/\/www.pm.pb.gov.br\/portal\/2024\/07\/20\/policia-militar-abre-acoes-do-final-de-semana-apreendendo-1-quilo-de-drogas-em-campina-grande\/\"},\"wordCount\":145,\"publisher\":{\"@id\":\"https:\/\/www.pm.pb.gov.br\/portal\/#organization\"},\"articleSection\":[\"A\u00e7\u00f5es Policiais\"],\"inLanguage\":\"pt-BR\"},{\"@type\":\"WebPage\",\"@id\":\"https:\/\/www.pm.pb.gov.br\/portal\/2024\/07\/20\/policia-militar-abre-acoes-do-final-de-semana-apreendendo-1-quilo-de-drogas-em-campina-grande\/\",\"url\":\"https:\/\/www.pm.pb.gov.br\/portal\/2024\/07\/20\/policia-militar-abre-acoes-do-final-de-semana-apreendendo-1-quilo-de-drogas-em-campina-grande\/\",\"name\":\"Pol\u00edcia Militar abre a\u00e7\u00f5es do final de semana apreendendo 1 quilo de drogas em Campina Grande - Pol\u00edcia Militar da Para\u00edba\",\"isPartOf\":{\"@id\":\"https:\/\/www.pm.pb.gov.br\/portal\/#website\"},\"datePublished\":\"2024-07-20T11:49:00+00:00\",\"dateModified\":\"2024-07-20T12:54:18+00:00\",\"description\":\"Maconha, crack e coca\u00edna apreendidos no bairro de Bodocong\u00f3 nas primeiras horas deste s\u00e1bado (20)\",\"breadcrumb\":{\"@id\":\"https:\/\/www.pm.pb.gov.br\/portal\/2024\/07\/20\/policia-militar-abre-acoes-do-final-de-semana-apreendendo-1-quilo-de-drogas-em-campina-grande\/#breadcrumb\"},\"inLanguage\":\"pt-BR\",\"potentialAction\":[{\"@type\":\"ReadAction\",\"target\":[\"https:\/\/www.pm.pb.gov.br\/portal\/2024\/07\/20\/policia-militar-abre-acoes-do-final-de-semana-apreendendo-1-quilo-de-drogas-em-campina-grande\/\"]}]},{\"@type\":\"BreadcrumbList\",\"@id\":\"https:\/\/www.pm.pb.gov.br\/portal\/2024\/07\/20\/policia-militar-abre-acoes-do-final-de-semana-apreendendo-1-quilo-de-drogas-em-campina-grande\/#breadcrumb\",\"itemListElement\":[{\"@type\":\"ListItem\",\"position\":1,\"name\":\"In\u00edcio\",\"item\":\"https:\/\/www.pm.pb.gov.br\/portal\/\"},{\"@type\":\"ListItem\",\"position\":2,\"name\":\"Pol\u00edcia Militar abre a\u00e7\u00f5es do final de semana apreendendo 1 quilo de drogas em Campina Grande\"}]},{\"@type\":\"WebSite\",\"@id\":\"https:\/\/www.pm.pb.gov.br\/portal\/#website\",\"url\":\"https:\/\/www.pm.pb.gov.br\/portal\/\",\"name\":\"Pol\u00edcia Militar da Para\u00edba\",\"description\":\"\",\"publisher\":{\"@id\":\"https:\/\/www.pm.pb.gov.br\/portal\/#organization\"},\"potentialAction\":[{\"@type\":\"SearchAction\",\"target\":{\"@type\":\"EntryPoint\",\"urlTemplate\":\"https:\/\/www.pm.pb.gov.br\/portal\/?s={search_term_string}\"},\"query-input\":\"required name=search_term_string\"}],\"inLanguage\":\"pt-BR\"},{\"@type\":\"Organization\",\"@id\":\"https:\/\/www.pm.pb.gov.br\/portal\/#organization\",\"name\":\"Pol\u00edcia Militar da Para\u00edba\",\"url\":\"https:\/\/www.pm.pb.gov.br\/portal\/\",\"logo\":{\"@type\":\"ImageObject\",\"inLanguage\":\"pt-BR\",\"@id\":\"https:\/\/www.pm.pb.gov.br\/portal\/#\/schema\/logo\/image\/\",\"url\":\"https:\/\/www.pm.pb.gov.br\/portal\/wp-content\/uploads\/2025\/03\/cropped-logo-site-mag2-1.png\",\"contentUrl\":\"https:\/\/www.pm.pb.gov.br\/portal\/wp-content\/uploads\/2025\/03\/cropped-logo-site-mag2-1.png\",\"width\":320,\"height\":90,\"caption\":\"Pol\u00edcia Militar da Para\u00edba\"},\"image\":{\"@id\":\"https:\/\/www.pm.pb.gov.br\/portal\/#\/schema\/logo\/image\/\"}},{\"@type\":\"Person\",\"@id\":\"https:\/\/www.pm.pb.gov.br\/portal\/#\/schema\/person\/f84f56dcc78ce4357054da888b8247fd\",\"name\":\"Tarcisio Oliveira\",\"image\":{\"@type\":\"ImageObject\",\"inLanguage\":\"pt-BR\",\"@id\":\"https:\/\/www.pm.pb.gov.br\/portal\/#\/schema\/person\/image\/\",\"url\":\"https:\/\/secure.gravatar.com\/avatar\/72917b630b69d31cd0297507f34bac97?s=96&d=mm&r=g\",\"contentUrl\":\"https:\/\/secure.gravatar.com\/avatar\/72917b630b69d31cd0297507f34bac97?s=96&d=mm&r=g\",\"caption\":\"Tarcisio Oliveira\"},\"url\":\"https:\/\/www.pm.pb.gov.br\/portal\/author\/tarcisio\/\"}]}<\/script>\n<!-- \/ Yoast SEO plugin. -->","yoast_head_json":{"title":"Pol\u00edcia Militar abre a\u00e7\u00f5es do final de semana apreendendo 1 quilo de drogas em Campina Grande - Pol\u00edcia Militar da Para\u00edba","description":"Maconha, crack e coca\u00edna apreendidos no bairro de Bodocong\u00f3 nas primeiras horas deste s\u00e1bado (20)","robots":{"index":"index","follow":"follow","max-snippet":"max-snippet:-1","max-image-preview":"max-image-preview:large","max-video-preview":"max-video-preview:-1"},"canonical":"https:\/\/www.pm.pb.gov.br\/portal\/2024\/07\/20\/policia-militar-abre-acoes-do-final-de-semana-apreendendo-1-quilo-de-drogas-em-campina-grande\/","og_locale":"pt_BR","og_type":"article","og_title":"Pol\u00edcia Militar abre a\u00e7\u00f5es do final de semana apreendendo 1 quilo de drogas em Campina Grande - Pol\u00edcia Militar da Para\u00edba","og_description":"Maconha, crack e coca\u00edna apreendidos no bairro de Bodocong\u00f3 nas primeiras horas deste s\u00e1bado (20)","og_url":"https:\/\/www.pm.pb.gov.br\/portal\/2024\/07\/20\/policia-militar-abre-acoes-do-final-de-semana-apreendendo-1-quilo-de-drogas-em-campina-grande\/","og_site_name":"Pol\u00edcia Militar da Para\u00edba","article_published_time":"2024-07-20T11:49:00+00:00","article_modified_time":"2024-07-20T12:54:18+00:00","og_image":[{"width":800,"height":445,"url":"http:\/\/www.pm.pb.gov.br\/portal\/wp-content\/uploads\/2024\/07\/WhatsApp-Image-2024-07-20-at-06.23.10.jpeg","type":"image\/jpeg"}],"author":"Tarcisio Oliveira","twitter_card":"summary_large_image","twitter_misc":{"Escrito por":"Tarcisio Oliveira","Est. tempo de leitura":"2 minutos"},"schema":{"@context":"https:\/\/schema.org","@graph":[{"@type":"Article","@id":"https:\/\/www.pm.pb.gov.br\/portal\/2024\/07\/20\/policia-militar-abre-acoes-do-final-de-semana-apreendendo-1-quilo-de-drogas-em-campina-grande\/#article","isPartOf":{"@id":"https:\/\/www.pm.pb.gov.br\/portal\/2024\/07\/20\/policia-militar-abre-acoes-do-final-de-semana-apreendendo-1-quilo-de-drogas-em-campina-grande\/"},"author":{"name":"Tarcisio Oliveira","@id":"https:\/\/www.pm.pb.gov.br\/portal\/#\/schema\/person\/f84f56dcc78ce4357054da888b8247fd"},"headline":"Pol\u00edcia Militar abre a\u00e7\u00f5es do final de semana apreendendo 1 quilo de drogas em Campina Grande","datePublished":"2024-07-20T11:49:00+00:00","dateModified":"2024-07-20T12:54:18+00:00","mainEntityOfPage":{"@id":"https:\/\/www.pm.pb.gov.br\/portal\/2024\/07\/20\/policia-militar-abre-acoes-do-final-de-semana-apreendendo-1-quilo-de-drogas-em-campina-grande\/"},"wordCount":145,"publisher":{"@id":"https:\/\/www.pm.pb.gov.br\/portal\/#organization"},"articleSection":["A\u00e7\u00f5es Policiais"],"inLanguage":"pt-BR"},{"@type":"WebPage","@id":"https:\/\/www.pm.pb.gov.br\/portal\/2024\/07\/20\/policia-militar-abre-acoes-do-final-de-semana-apreendendo-1-quilo-de-drogas-em-campina-grande\/","url":"https:\/\/www.pm.pb.gov.br\/portal\/2024\/07\/20\/policia-militar-abre-acoes-do-final-de-semana-apreendendo-1-quilo-de-drogas-em-campina-grande\/","name":"Pol\u00edcia Militar abre a\u00e7\u00f5es do final de semana apreendendo 1 quilo de drogas em Campina Grande - Pol\u00edcia Militar da Para\u00edba","isPartOf":{"@id":"https:\/\/www.pm.pb.gov.br\/portal\/#website"},"datePublished":"2024-07-20T11:49:00+00:00","dateModified":"2024-07-20T12:54:18+00:00","description":"Maconha, crack e coca\u00edna apreendidos no bairro de Bodocong\u00f3 nas primeiras horas deste s\u00e1bado (20)","breadcrumb":{"@id":"https:\/\/www.pm.pb.gov.br\/portal\/2024\/07\/20\/policia-militar-abre-acoes-do-final-de-semana-apreendendo-1-quilo-de-drogas-em-campina-grande\/#breadcrumb"},"inLanguage":"pt-BR","potentialAction":[{"@type":"ReadAction","target":["https:\/\/www.pm.pb.gov.br\/portal\/2024\/07\/20\/policia-militar-abre-acoes-do-final-de-semana-apreendendo-1-quilo-de-drogas-em-campina-grande\/"]}]},{"@type":"BreadcrumbList","@id":"https:\/\/www.pm.pb.gov.br\/portal\/2024\/07\/20\/policia-militar-abre-acoes-do-final-de-semana-apreendendo-1-quilo-de-drogas-em-campina-grande\/#breadcrumb","itemListElement":[{"@type":"ListItem","position":1,"name":"In\u00edcio","item":"https:\/\/www.pm.pb.gov.br\/portal\/"},{"@type":"ListItem","position":2,"name":"Pol\u00edcia Militar abre a\u00e7\u00f5es do final de semana apreendendo 1 quilo de drogas em Campina Grande"}]},{"@type":"WebSite","@id":"https:\/\/www.pm.pb.gov.br\/portal\/#website","url":"https:\/\/www.pm.pb.gov.br\/portal\/","name":"Pol\u00edcia Militar da Para\u00edba","description":"","publisher":{"@id":"https:\/\/www.pm.pb.gov.br\/portal\/#organization"},"potentialAction":[{"@type":"SearchAction","target":{"@type":"EntryPoint","urlTemplate":"https:\/\/www.pm.pb.gov.br\/portal\/?s={search_term_string}"},"query-input":"required name=search_term_string"}],"inLanguage":"pt-BR"},{"@type":"Organization","@id":"https:\/\/www.pm.pb.gov.br\/portal\/#organization","name":"Pol\u00edcia Militar da Para\u00edba","url":"https:\/\/www.pm.pb.gov.br\/portal\/","logo":{"@type":"ImageObject","inLanguage":"pt-BR","@id":"https:\/\/www.pm.pb.gov.br\/portal\/#\/schema\/logo\/image\/","url":"https:\/\/www.pm.pb.gov.br\/portal\/wp-content\/uploads\/2025\/03\/cropped-logo-site-mag2-1.png","contentUrl":"https:\/\/www.pm.pb.gov.br\/portal\/wp-content\/uploads\/2025\/03\/cropped-logo-site-mag2-1.png","width":320,"height":90,"caption":"Pol\u00edcia Militar da Para\u00edba"},"image":{"@id":"https:\/\/www.pm.pb.gov.br\/portal\/#\/schema\/logo\/image\/"}},{"@type":"Person","@id":"https:\/\/www.pm.pb.gov.br\/portal\/#\/schema\/person\/f84f56dcc78ce4357054da888b8247fd","name":"Tarcisio Oliveira","image":{"@type":"ImageObject","inLanguage":"pt-BR","@id":"https:\/\/www.pm.pb.gov.br\/portal\/#\/schema\/person\/image\/","url":"https:\/\/secure.gravatar.com\/avatar\/72917b630b69d31cd0297507f34bac97?s=96&d=mm&r=g","contentUrl":"https:\/\/secure.gravatar.com\/avatar\/72917b630b69d31cd0297507f34bac97?s=96&d=mm&r=g","caption":"Tarcisio Oliveira"},"url":"https:\/\/www.pm.pb.gov.br\/portal\/author\/tarcisio\/"}]}},"_links":{"self":[{"href":"https:\/\/www.pm.pb.gov.br\/portal\/wp-json\/wp\/v2\/posts\/923172"}],"collection":[{"href":"https:\/\/www.pm.pb.gov.br\/portal\/wp-json\/wp\/v2\/posts"}],"about":[{"href":"https:\/\/www.pm.pb.gov.br\/portal\/wp-json\/wp\/v2\/types\/post"}],"author":[{"embeddable":true,"href":"https:\/\/www.pm.pb.gov.br\/portal\/wp-json\/wp\/v2\/users\/12"}],"replies":[{"embeddable":true,"href":"https:\/\/www.pm.pb.gov.br\/portal\/wp-json\/wp\/v2\/comments?post=923172"}],"version-history":[{"count":1,"href":"https:\/\/www.pm.pb.gov.br\/portal\/wp-json\/wp\/v2\/posts\/923172\/revisions"}],"predecessor-version":[{"id":923175,"href":"https:\/\/www.pm.pb.gov.br\/portal\/wp-json\/wp\/v2\/posts\/923172\/revisions\/923175"}],"wp:featuredmedia":[{"embeddable":true,"href":"https:\/\/www.pm.pb.gov.br\/portal\/wp-json\/wp\/v2\/media\/923173"}],"wp:attachment":[{"href":"https:\/\/www.pm.pb.gov.br\/portal\/wp-json\/wp\/v2\/media?parent=923172"}],"wp:term":[{"taxonomy":"category","embeddable":true,"href":"https:\/\/www.pm.pb.gov.br\/portal\/wp-json\/wp\/v2\/categories?post=923172"},{"taxonomy":"post_tag","embeddable":true,"href":"https:\/\/www.pm.pb.gov.br\/portal\/wp-json\/wp\/v2\/tags?post=923172"}],"curies":[{"name":"wp","href":"https:\/\/api.w.org\/{rel}","templated":true}]}}