{"id":923122,"date":"2024-07-17T09:15:57","date_gmt":"2024-07-17T12:15:57","guid":{"rendered":"https:\/\/www.pm.pb.gov.br\/portal\/?p=923122"},"modified":"2024-07-17T09:16:01","modified_gmt":"2024-07-17T12:16:01","slug":"policia-militar-prende-quadrilha-suspeita-de-assalto-e-trafico-em-cruz-do-espirito-santo","status":"publish","type":"post","link":"https:\/\/www.pm.pb.gov.br\/portal\/2024\/07\/17\/policia-militar-prende-quadrilha-suspeita-de-assalto-e-trafico-em-cruz-do-espirito-santo\/","title":{"rendered":"Pol\u00edcia Militar prende quadrilha suspeita de assalto e tr\u00e1fico em Cruz do Esp\u00edrito Santo"},"content":{"rendered":"\n<p>A Pol\u00edcia Militar desarticulou, nessa ter\u00e7a-feira (16), uma quadrilha suspeita de tr\u00e1fico de drogas e de ter envolvimento no assalto a uma casa, na cidade de Cruz do Esp\u00edrito Santo. Cinco suspeitos foram presos na a\u00e7\u00e3o, que resultou na apreens\u00e3o de uma arma, por\u00e7\u00f5es de coca\u00edna, balan\u00e7a de precis\u00e3o, dinheiro, embalagens para entorpecentes e materiais que teriam sido roubados.<\/p>\n<p>A pris\u00e3o foi realizada por policiais militares da For\u00e7a T\u00e1tica do 7\u00b0 Batalh\u00e3o, ap\u00f3s receberam informa\u00e7\u00f5es da presen\u00e7a dos suspeitos no conjunto Jo\u00e3o \u00darsulo, conhecido como \u201cbairro 13\u201d. No cerco, os acusados foram localizados e presos. Eles foram apresentados na 6\u00aa Delegacia Distrital, em Santa Rita.<\/p>\n\n\n","protected":false},"excerpt":{"rendered":"<p>A Pol\u00edcia Militar desarticulou, nessa ter\u00e7a-feira (16), uma quadrilha suspeita de tr\u00e1fico de drogas e de ter envolvimento no assalto<\/p>\n","protected":false},"author":12,"featured_media":923123,"comment_status":"closed","ping_status":"closed","sticky":false,"template":"","format":"standard","meta":{"_exactmetrics_skip_tracking":false,"_exactmetrics_sitenote_active":false,"_exactmetrics_sitenote_note":"","_exactmetrics_sitenote_category":0,"footnotes":""},"categories":[4],"tags":[],"yoast_head":"<!-- This site is optimized with the Yoast SEO plugin v22.0 - https:\/\/yoast.com\/wordpress\/plugins\/seo\/ -->\n<title>Pol\u00edcia Militar prende quadrilha suspeita de assalto e tr\u00e1fico em Cruz do Esp\u00edrito Santo - Pol\u00edcia Militar da Para\u00edba<\/title>\n<meta name=\"description\" content=\"Cinco suspeitos foram presos na a\u00e7\u00e3o, que resultou na apreens\u00e3o de uma arma, por\u00e7\u00f5es de coca\u00edna, balan\u00e7a de precis\u00e3o, entre outros objetos.\" \/>\n<meta name=\"robots\" content=\"index, follow, max-snippet:-1, max-image-preview:large, max-video-preview:-1\" \/>\n<link rel=\"canonical\" href=\"https:\/\/www.pm.pb.gov.br\/portal\/2024\/07\/17\/policia-militar-prende-quadrilha-suspeita-de-assalto-e-trafico-em-cruz-do-espirito-santo\/\" \/>\n<meta property=\"og:locale\" content=\"pt_BR\" \/>\n<meta property=\"og:type\" content=\"article\" \/>\n<meta property=\"og:title\" content=\"Pol\u00edcia Militar prende quadrilha suspeita de assalto e tr\u00e1fico em Cruz do Esp\u00edrito Santo - Pol\u00edcia Militar da Para\u00edba\" \/>\n<meta property=\"og:description\" content=\"Cinco suspeitos foram presos na a\u00e7\u00e3o, que resultou na apreens\u00e3o de uma arma, por\u00e7\u00f5es de coca\u00edna, balan\u00e7a de precis\u00e3o, entre outros objetos.\" \/>\n<meta property=\"og:url\" content=\"https:\/\/www.pm.pb.gov.br\/portal\/2024\/07\/17\/policia-militar-prende-quadrilha-suspeita-de-assalto-e-trafico-em-cruz-do-espirito-santo\/\" \/>\n<meta property=\"og:site_name\" content=\"Pol\u00edcia Militar da Para\u00edba\" \/>\n<meta property=\"article:published_time\" content=\"2024-07-17T12:15:57+00:00\" \/>\n<meta property=\"article:modified_time\" content=\"2024-07-17T12:16:01+00:00\" \/>\n<meta property=\"og:image\" content=\"http:\/\/www.pm.pb.gov.br\/portal\/wp-content\/uploads\/2024\/07\/WhatsApp-Image-2024-07-17-at-09.34.17.jpeg\" \/>\n\t<meta property=\"og:image:width\" content=\"1600\" \/>\n\t<meta property=\"og:image:height\" content=\"1200\" \/>\n\t<meta property=\"og:image:type\" content=\"image\/jpeg\" \/>\n<meta name=\"author\" content=\"Tarcisio Oliveira\" \/>\n<meta name=\"twitter:card\" content=\"summary_large_image\" \/>\n<meta name=\"twitter:label1\" content=\"Escrito por\" \/>\n\t<meta name=\"twitter:data1\" content=\"Tarcisio Oliveira\" \/>\n\t<meta name=\"twitter:label2\" content=\"Est. tempo de leitura\" \/>\n\t<meta name=\"twitter:data2\" content=\"1 minuto\" \/>\n<script type=\"application\/ld+json\" class=\"yoast-schema-graph\">{\"@context\":\"https:\/\/schema.org\",\"@graph\":[{\"@type\":\"Article\",\"@id\":\"https:\/\/www.pm.pb.gov.br\/portal\/2024\/07\/17\/policia-militar-prende-quadrilha-suspeita-de-assalto-e-trafico-em-cruz-do-espirito-santo\/#article\",\"isPartOf\":{\"@id\":\"https:\/\/www.pm.pb.gov.br\/portal\/2024\/07\/17\/policia-militar-prende-quadrilha-suspeita-de-assalto-e-trafico-em-cruz-do-espirito-santo\/\"},\"author\":{\"name\":\"Tarcisio Oliveira\",\"@id\":\"https:\/\/www.pm.pb.gov.br\/portal\/#\/schema\/person\/f84f56dcc78ce4357054da888b8247fd\"},\"headline\":\"Pol\u00edcia Militar prende quadrilha suspeita de assalto e tr\u00e1fico em Cruz do Esp\u00edrito Santo\",\"datePublished\":\"2024-07-17T12:15:57+00:00\",\"dateModified\":\"2024-07-17T12:16:01+00:00\",\"mainEntityOfPage\":{\"@id\":\"https:\/\/www.pm.pb.gov.br\/portal\/2024\/07\/17\/policia-militar-prende-quadrilha-suspeita-de-assalto-e-trafico-em-cruz-do-espirito-santo\/\"},\"wordCount\":136,\"publisher\":{\"@id\":\"https:\/\/www.pm.pb.gov.br\/portal\/#organization\"},\"articleSection\":[\"A\u00e7\u00f5es Policiais\"],\"inLanguage\":\"pt-BR\"},{\"@type\":\"WebPage\",\"@id\":\"https:\/\/www.pm.pb.gov.br\/portal\/2024\/07\/17\/policia-militar-prende-quadrilha-suspeita-de-assalto-e-trafico-em-cruz-do-espirito-santo\/\",\"url\":\"https:\/\/www.pm.pb.gov.br\/portal\/2024\/07\/17\/policia-militar-prende-quadrilha-suspeita-de-assalto-e-trafico-em-cruz-do-espirito-santo\/\",\"name\":\"Pol\u00edcia Militar prende quadrilha suspeita de assalto e tr\u00e1fico em Cruz do Esp\u00edrito Santo - Pol\u00edcia Militar da Para\u00edba\",\"isPartOf\":{\"@id\":\"https:\/\/www.pm.pb.gov.br\/portal\/#website\"},\"datePublished\":\"2024-07-17T12:15:57+00:00\",\"dateModified\":\"2024-07-17T12:16:01+00:00\",\"description\":\"Cinco suspeitos foram presos na a\u00e7\u00e3o, que resultou na apreens\u00e3o de uma arma, por\u00e7\u00f5es de coca\u00edna, balan\u00e7a de precis\u00e3o, entre outros objetos.\",\"breadcrumb\":{\"@id\":\"https:\/\/www.pm.pb.gov.br\/portal\/2024\/07\/17\/policia-militar-prende-quadrilha-suspeita-de-assalto-e-trafico-em-cruz-do-espirito-santo\/#breadcrumb\"},\"inLanguage\":\"pt-BR\",\"potentialAction\":[{\"@type\":\"ReadAction\",\"target\":[\"https:\/\/www.pm.pb.gov.br\/portal\/2024\/07\/17\/policia-militar-prende-quadrilha-suspeita-de-assalto-e-trafico-em-cruz-do-espirito-santo\/\"]}]},{\"@type\":\"BreadcrumbList\",\"@id\":\"https:\/\/www.pm.pb.gov.br\/portal\/2024\/07\/17\/policia-militar-prende-quadrilha-suspeita-de-assalto-e-trafico-em-cruz-do-espirito-santo\/#breadcrumb\",\"itemListElement\":[{\"@type\":\"ListItem\",\"position\":1,\"name\":\"In\u00edcio\",\"item\":\"https:\/\/www.pm.pb.gov.br\/portal\/\"},{\"@type\":\"ListItem\",\"position\":2,\"name\":\"Pol\u00edcia Militar prende quadrilha suspeita de assalto e tr\u00e1fico em Cruz do Esp\u00edrito Santo\"}]},{\"@type\":\"WebSite\",\"@id\":\"https:\/\/www.pm.pb.gov.br\/portal\/#website\",\"url\":\"https:\/\/www.pm.pb.gov.br\/portal\/\",\"name\":\"Pol\u00edcia Militar da Para\u00edba\",\"description\":\"\",\"publisher\":{\"@id\":\"https:\/\/www.pm.pb.gov.br\/portal\/#organization\"},\"potentialAction\":[{\"@type\":\"SearchAction\",\"target\":{\"@type\":\"EntryPoint\",\"urlTemplate\":\"https:\/\/www.pm.pb.gov.br\/portal\/?s={search_term_string}\"},\"query-input\":\"required name=search_term_string\"}],\"inLanguage\":\"pt-BR\"},{\"@type\":\"Organization\",\"@id\":\"https:\/\/www.pm.pb.gov.br\/portal\/#organization\",\"name\":\"Pol\u00edcia Militar da Para\u00edba\",\"url\":\"https:\/\/www.pm.pb.gov.br\/portal\/\",\"logo\":{\"@type\":\"ImageObject\",\"inLanguage\":\"pt-BR\",\"@id\":\"https:\/\/www.pm.pb.gov.br\/portal\/#\/schema\/logo\/image\/\",\"url\":\"https:\/\/www.pm.pb.gov.br\/portal\/wp-content\/uploads\/2025\/03\/cropped-logo-site-mag2-1.png\",\"contentUrl\":\"https:\/\/www.pm.pb.gov.br\/portal\/wp-content\/uploads\/2025\/03\/cropped-logo-site-mag2-1.png\",\"width\":320,\"height\":90,\"caption\":\"Pol\u00edcia Militar da Para\u00edba\"},\"image\":{\"@id\":\"https:\/\/www.pm.pb.gov.br\/portal\/#\/schema\/logo\/image\/\"}},{\"@type\":\"Person\",\"@id\":\"https:\/\/www.pm.pb.gov.br\/portal\/#\/schema\/person\/f84f56dcc78ce4357054da888b8247fd\",\"name\":\"Tarcisio Oliveira\",\"image\":{\"@type\":\"ImageObject\",\"inLanguage\":\"pt-BR\",\"@id\":\"https:\/\/www.pm.pb.gov.br\/portal\/#\/schema\/person\/image\/\",\"url\":\"https:\/\/secure.gravatar.com\/avatar\/72917b630b69d31cd0297507f34bac97?s=96&d=mm&r=g\",\"contentUrl\":\"https:\/\/secure.gravatar.com\/avatar\/72917b630b69d31cd0297507f34bac97?s=96&d=mm&r=g\",\"caption\":\"Tarcisio Oliveira\"},\"url\":\"https:\/\/www.pm.pb.gov.br\/portal\/author\/tarcisio\/\"}]}<\/script>\n<!-- \/ Yoast SEO plugin. -->","yoast_head_json":{"title":"Pol\u00edcia Militar prende quadrilha suspeita de assalto e tr\u00e1fico em Cruz do Esp\u00edrito Santo - Pol\u00edcia Militar da Para\u00edba","description":"Cinco suspeitos foram presos na a\u00e7\u00e3o, que resultou na apreens\u00e3o de uma arma, por\u00e7\u00f5es de coca\u00edna, balan\u00e7a de precis\u00e3o, entre outros objetos.","robots":{"index":"index","follow":"follow","max-snippet":"max-snippet:-1","max-image-preview":"max-image-preview:large","max-video-preview":"max-video-preview:-1"},"canonical":"https:\/\/www.pm.pb.gov.br\/portal\/2024\/07\/17\/policia-militar-prende-quadrilha-suspeita-de-assalto-e-trafico-em-cruz-do-espirito-santo\/","og_locale":"pt_BR","og_type":"article","og_title":"Pol\u00edcia Militar prende quadrilha suspeita de assalto e tr\u00e1fico em Cruz do Esp\u00edrito Santo - Pol\u00edcia Militar da Para\u00edba","og_description":"Cinco suspeitos foram presos na a\u00e7\u00e3o, que resultou na apreens\u00e3o de uma arma, por\u00e7\u00f5es de coca\u00edna, balan\u00e7a de precis\u00e3o, entre outros objetos.","og_url":"https:\/\/www.pm.pb.gov.br\/portal\/2024\/07\/17\/policia-militar-prende-quadrilha-suspeita-de-assalto-e-trafico-em-cruz-do-espirito-santo\/","og_site_name":"Pol\u00edcia Militar da Para\u00edba","article_published_time":"2024-07-17T12:15:57+00:00","article_modified_time":"2024-07-17T12:16:01+00:00","og_image":[{"width":1600,"height":1200,"url":"http:\/\/www.pm.pb.gov.br\/portal\/wp-content\/uploads\/2024\/07\/WhatsApp-Image-2024-07-17-at-09.34.17.jpeg","type":"image\/jpeg"}],"author":"Tarcisio Oliveira","twitter_card":"summary_large_image","twitter_misc":{"Escrito por":"Tarcisio Oliveira","Est. tempo de leitura":"1 minuto"},"schema":{"@context":"https:\/\/schema.org","@graph":[{"@type":"Article","@id":"https:\/\/www.pm.pb.gov.br\/portal\/2024\/07\/17\/policia-militar-prende-quadrilha-suspeita-de-assalto-e-trafico-em-cruz-do-espirito-santo\/#article","isPartOf":{"@id":"https:\/\/www.pm.pb.gov.br\/portal\/2024\/07\/17\/policia-militar-prende-quadrilha-suspeita-de-assalto-e-trafico-em-cruz-do-espirito-santo\/"},"author":{"name":"Tarcisio Oliveira","@id":"https:\/\/www.pm.pb.gov.br\/portal\/#\/schema\/person\/f84f56dcc78ce4357054da888b8247fd"},"headline":"Pol\u00edcia Militar prende quadrilha suspeita de assalto e tr\u00e1fico em Cruz do Esp\u00edrito Santo","datePublished":"2024-07-17T12:15:57+00:00","dateModified":"2024-07-17T12:16:01+00:00","mainEntityOfPage":{"@id":"https:\/\/www.pm.pb.gov.br\/portal\/2024\/07\/17\/policia-militar-prende-quadrilha-suspeita-de-assalto-e-trafico-em-cruz-do-espirito-santo\/"},"wordCount":136,"publisher":{"@id":"https:\/\/www.pm.pb.gov.br\/portal\/#organization"},"articleSection":["A\u00e7\u00f5es Policiais"],"inLanguage":"pt-BR"},{"@type":"WebPage","@id":"https:\/\/www.pm.pb.gov.br\/portal\/2024\/07\/17\/policia-militar-prende-quadrilha-suspeita-de-assalto-e-trafico-em-cruz-do-espirito-santo\/","url":"https:\/\/www.pm.pb.gov.br\/portal\/2024\/07\/17\/policia-militar-prende-quadrilha-suspeita-de-assalto-e-trafico-em-cruz-do-espirito-santo\/","name":"Pol\u00edcia Militar prende quadrilha suspeita de assalto e tr\u00e1fico em Cruz do Esp\u00edrito Santo - Pol\u00edcia Militar da Para\u00edba","isPartOf":{"@id":"https:\/\/www.pm.pb.gov.br\/portal\/#website"},"datePublished":"2024-07-17T12:15:57+00:00","dateModified":"2024-07-17T12:16:01+00:00","description":"Cinco suspeitos foram presos na a\u00e7\u00e3o, que resultou na apreens\u00e3o de uma arma, por\u00e7\u00f5es de coca\u00edna, balan\u00e7a de precis\u00e3o, entre outros objetos.","breadcrumb":{"@id":"https:\/\/www.pm.pb.gov.br\/portal\/2024\/07\/17\/policia-militar-prende-quadrilha-suspeita-de-assalto-e-trafico-em-cruz-do-espirito-santo\/#breadcrumb"},"inLanguage":"pt-BR","potentialAction":[{"@type":"ReadAction","target":["https:\/\/www.pm.pb.gov.br\/portal\/2024\/07\/17\/policia-militar-prende-quadrilha-suspeita-de-assalto-e-trafico-em-cruz-do-espirito-santo\/"]}]},{"@type":"BreadcrumbList","@id":"https:\/\/www.pm.pb.gov.br\/portal\/2024\/07\/17\/policia-militar-prende-quadrilha-suspeita-de-assalto-e-trafico-em-cruz-do-espirito-santo\/#breadcrumb","itemListElement":[{"@type":"ListItem","position":1,"name":"In\u00edcio","item":"https:\/\/www.pm.pb.gov.br\/portal\/"},{"@type":"ListItem","position":2,"name":"Pol\u00edcia Militar prende quadrilha suspeita de assalto e tr\u00e1fico em Cruz do Esp\u00edrito Santo"}]},{"@type":"WebSite","@id":"https:\/\/www.pm.pb.gov.br\/portal\/#website","url":"https:\/\/www.pm.pb.gov.br\/portal\/","name":"Pol\u00edcia Militar da Para\u00edba","description":"","publisher":{"@id":"https:\/\/www.pm.pb.gov.br\/portal\/#organization"},"potentialAction":[{"@type":"SearchAction","target":{"@type":"EntryPoint","urlTemplate":"https:\/\/www.pm.pb.gov.br\/portal\/?s={search_term_string}"},"query-input":"required name=search_term_string"}],"inLanguage":"pt-BR"},{"@type":"Organization","@id":"https:\/\/www.pm.pb.gov.br\/portal\/#organization","name":"Pol\u00edcia Militar da Para\u00edba","url":"https:\/\/www.pm.pb.gov.br\/portal\/","logo":{"@type":"ImageObject","inLanguage":"pt-BR","@id":"https:\/\/www.pm.pb.gov.br\/portal\/#\/schema\/logo\/image\/","url":"https:\/\/www.pm.pb.gov.br\/portal\/wp-content\/uploads\/2025\/03\/cropped-logo-site-mag2-1.png","contentUrl":"https:\/\/www.pm.pb.gov.br\/portal\/wp-content\/uploads\/2025\/03\/cropped-logo-site-mag2-1.png","width":320,"height":90,"caption":"Pol\u00edcia Militar da Para\u00edba"},"image":{"@id":"https:\/\/www.pm.pb.gov.br\/portal\/#\/schema\/logo\/image\/"}},{"@type":"Person","@id":"https:\/\/www.pm.pb.gov.br\/portal\/#\/schema\/person\/f84f56dcc78ce4357054da888b8247fd","name":"Tarcisio Oliveira","image":{"@type":"ImageObject","inLanguage":"pt-BR","@id":"https:\/\/www.pm.pb.gov.br\/portal\/#\/schema\/person\/image\/","url":"https:\/\/secure.gravatar.com\/avatar\/72917b630b69d31cd0297507f34bac97?s=96&d=mm&r=g","contentUrl":"https:\/\/secure.gravatar.com\/avatar\/72917b630b69d31cd0297507f34bac97?s=96&d=mm&r=g","caption":"Tarcisio Oliveira"},"url":"https:\/\/www.pm.pb.gov.br\/portal\/author\/tarcisio\/"}]}},"_links":{"self":[{"href":"https:\/\/www.pm.pb.gov.br\/portal\/wp-json\/wp\/v2\/posts\/923122"}],"collection":[{"href":"https:\/\/www.pm.pb.gov.br\/portal\/wp-json\/wp\/v2\/posts"}],"about":[{"href":"https:\/\/www.pm.pb.gov.br\/portal\/wp-json\/wp\/v2\/types\/post"}],"author":[{"embeddable":true,"href":"https:\/\/www.pm.pb.gov.br\/portal\/wp-json\/wp\/v2\/users\/12"}],"replies":[{"embeddable":true,"href":"https:\/\/www.pm.pb.gov.br\/portal\/wp-json\/wp\/v2\/comments?post=923122"}],"version-history":[{"count":1,"href":"https:\/\/www.pm.pb.gov.br\/portal\/wp-json\/wp\/v2\/posts\/923122\/revisions"}],"predecessor-version":[{"id":923124,"href":"https:\/\/www.pm.pb.gov.br\/portal\/wp-json\/wp\/v2\/posts\/923122\/revisions\/923124"}],"wp:featuredmedia":[{"embeddable":true,"href":"https:\/\/www.pm.pb.gov.br\/portal\/wp-json\/wp\/v2\/media\/923123"}],"wp:attachment":[{"href":"https:\/\/www.pm.pb.gov.br\/portal\/wp-json\/wp\/v2\/media?parent=923122"}],"wp:term":[{"taxonomy":"category","embeddable":true,"href":"https:\/\/www.pm.pb.gov.br\/portal\/wp-json\/wp\/v2\/categories?post=923122"},{"taxonomy":"post_tag","embeddable":true,"href":"https:\/\/www.pm.pb.gov.br\/portal\/wp-json\/wp\/v2\/tags?post=923122"}],"curies":[{"name":"wp","href":"https:\/\/api.w.org\/{rel}","templated":true}]}}