{"id":923074,"date":"2024-07-14T11:07:09","date_gmt":"2024-07-14T14:07:09","guid":{"rendered":"https:\/\/www.pm.pb.gov.br\/portal\/?p=923074"},"modified":"2024-07-14T11:07:11","modified_gmt":"2024-07-14T14:07:11","slug":"policia-militar-prende-tres-suspeitos-por-trafico-de-drogas-em-guarabira","status":"publish","type":"post","link":"https:\/\/www.pm.pb.gov.br\/portal\/2024\/07\/14\/policia-militar-prende-tres-suspeitos-por-trafico-de-drogas-em-guarabira\/","title":{"rendered":"Pol\u00edcia Militar prende tr\u00eas suspeitos por tr\u00e1fico de drogas em Guarabira"},"content":{"rendered":"\n\n\n<p>Na noite desse s\u00e1bado (13), policiais militares do 4\u00ba Batalh\u00e3o de Pol\u00edcia Militar prenderam tr\u00eas homens por tr\u00e1fico de drogas, em Guarabira-PB. Com os suspeitos foram apreendidas drogas prontas para o com\u00e9rcio.<\/p>\n<p>Uma equipe da For\u00e7a T\u00e1tica estava em rondas, quando visualizou os tr\u00eas suspeitos pr\u00f3ximos ao Conjunto Alda Pimentel, onde um deles foi visto lan\u00e7ando um recipiente contendo drogas para dentro de um im\u00f3vel. Ap\u00f3s verifica\u00e7\u00e3o, constatou-se que o recipiente continha drogas j\u00e1 embaladas e prontas para venda. No local, tamb\u00e9m foram encontradas uma balan\u00e7a de precis\u00e3o, mais entorpecentes e dinheiro em esp\u00e9cie.<\/p>\n<p>Os tr\u00eas suspeitos foram presos e todo o material apreendido foi encaminhado \u00e0 Delegacia de Pol\u00edcia Civil, para os demais procedimentos.<\/p>\n","protected":false},"excerpt":{"rendered":"<p>Na noite desse s\u00e1bado (13), policiais militares do 4\u00ba Batalh\u00e3o de Pol\u00edcia Militar prenderam tr\u00eas homens por tr\u00e1fico de drogas,<\/p>\n","protected":false},"author":5,"featured_media":923075,"comment_status":"closed","ping_status":"closed","sticky":false,"template":"","format":"standard","meta":{"_exactmetrics_skip_tracking":false,"_exactmetrics_sitenote_active":false,"_exactmetrics_sitenote_note":"","_exactmetrics_sitenote_category":0,"footnotes":""},"categories":[4],"tags":[],"yoast_head":"<!-- This site is optimized with the Yoast SEO plugin v22.0 - https:\/\/yoast.com\/wordpress\/plugins\/seo\/ -->\n<title>Pol\u00edcia Militar prende tr\u00eas suspeitos por tr\u00e1fico de drogas em Guarabira - Pol\u00edcia Militar da Para\u00edba<\/title>\n<meta name=\"robots\" content=\"index, follow, max-snippet:-1, max-image-preview:large, max-video-preview:-1\" \/>\n<link rel=\"canonical\" href=\"https:\/\/www.pm.pb.gov.br\/portal\/2024\/07\/14\/policia-militar-prende-tres-suspeitos-por-trafico-de-drogas-em-guarabira\/\" \/>\n<meta property=\"og:locale\" content=\"pt_BR\" \/>\n<meta property=\"og:type\" content=\"article\" \/>\n<meta property=\"og:title\" content=\"Pol\u00edcia Militar prende tr\u00eas suspeitos por tr\u00e1fico de drogas em Guarabira - Pol\u00edcia Militar da Para\u00edba\" \/>\n<meta property=\"og:description\" content=\"Na noite desse s\u00e1bado (13), policiais militares do 4\u00ba Batalh\u00e3o de Pol\u00edcia Militar prenderam tr\u00eas homens por tr\u00e1fico de drogas,\" \/>\n<meta property=\"og:url\" content=\"https:\/\/www.pm.pb.gov.br\/portal\/2024\/07\/14\/policia-militar-prende-tres-suspeitos-por-trafico-de-drogas-em-guarabira\/\" \/>\n<meta property=\"og:site_name\" content=\"Pol\u00edcia Militar da Para\u00edba\" \/>\n<meta property=\"article:published_time\" content=\"2024-07-14T14:07:09+00:00\" \/>\n<meta property=\"article:modified_time\" content=\"2024-07-14T14:07:11+00:00\" \/>\n<meta property=\"og:image\" content=\"http:\/\/www.pm.pb.gov.br\/portal\/wp-content\/uploads\/2024\/07\/material-apreendido.png\" \/>\n\t<meta property=\"og:image:width\" content=\"1441\" \/>\n\t<meta property=\"og:image:height\" content=\"802\" \/>\n\t<meta property=\"og:image:type\" content=\"image\/png\" \/>\n<meta name=\"author\" content=\"Assessoria de Imprensa da PMPB\" \/>\n<meta name=\"twitter:card\" content=\"summary_large_image\" \/>\n<meta name=\"twitter:label1\" content=\"Escrito por\" \/>\n\t<meta name=\"twitter:data1\" content=\"Assessoria de Imprensa da PMPB\" \/>\n\t<meta name=\"twitter:label2\" content=\"Est. tempo de leitura\" \/>\n\t<meta name=\"twitter:data2\" content=\"1 minuto\" \/>\n<script type=\"application\/ld+json\" class=\"yoast-schema-graph\">{\"@context\":\"https:\/\/schema.org\",\"@graph\":[{\"@type\":\"Article\",\"@id\":\"https:\/\/www.pm.pb.gov.br\/portal\/2024\/07\/14\/policia-militar-prende-tres-suspeitos-por-trafico-de-drogas-em-guarabira\/#article\",\"isPartOf\":{\"@id\":\"https:\/\/www.pm.pb.gov.br\/portal\/2024\/07\/14\/policia-militar-prende-tres-suspeitos-por-trafico-de-drogas-em-guarabira\/\"},\"author\":{\"name\":\"Assessoria de Imprensa da PMPB\",\"@id\":\"https:\/\/www.pm.pb.gov.br\/portal\/#\/schema\/person\/e8454f46651c3ecf0e1ba3c1666d9947\"},\"headline\":\"Pol\u00edcia Militar prende tr\u00eas suspeitos por tr\u00e1fico de drogas em Guarabira\",\"datePublished\":\"2024-07-14T14:07:09+00:00\",\"dateModified\":\"2024-07-14T14:07:11+00:00\",\"mainEntityOfPage\":{\"@id\":\"https:\/\/www.pm.pb.gov.br\/portal\/2024\/07\/14\/policia-militar-prende-tres-suspeitos-por-trafico-de-drogas-em-guarabira\/\"},\"wordCount\":146,\"publisher\":{\"@id\":\"https:\/\/www.pm.pb.gov.br\/portal\/#organization\"},\"articleSection\":[\"A\u00e7\u00f5es Policiais\"],\"inLanguage\":\"pt-BR\"},{\"@type\":\"WebPage\",\"@id\":\"https:\/\/www.pm.pb.gov.br\/portal\/2024\/07\/14\/policia-militar-prende-tres-suspeitos-por-trafico-de-drogas-em-guarabira\/\",\"url\":\"https:\/\/www.pm.pb.gov.br\/portal\/2024\/07\/14\/policia-militar-prende-tres-suspeitos-por-trafico-de-drogas-em-guarabira\/\",\"name\":\"Pol\u00edcia Militar prende tr\u00eas suspeitos por tr\u00e1fico de drogas em Guarabira - Pol\u00edcia Militar da Para\u00edba\",\"isPartOf\":{\"@id\":\"https:\/\/www.pm.pb.gov.br\/portal\/#website\"},\"datePublished\":\"2024-07-14T14:07:09+00:00\",\"dateModified\":\"2024-07-14T14:07:11+00:00\",\"breadcrumb\":{\"@id\":\"https:\/\/www.pm.pb.gov.br\/portal\/2024\/07\/14\/policia-militar-prende-tres-suspeitos-por-trafico-de-drogas-em-guarabira\/#breadcrumb\"},\"inLanguage\":\"pt-BR\",\"potentialAction\":[{\"@type\":\"ReadAction\",\"target\":[\"https:\/\/www.pm.pb.gov.br\/portal\/2024\/07\/14\/policia-militar-prende-tres-suspeitos-por-trafico-de-drogas-em-guarabira\/\"]}]},{\"@type\":\"BreadcrumbList\",\"@id\":\"https:\/\/www.pm.pb.gov.br\/portal\/2024\/07\/14\/policia-militar-prende-tres-suspeitos-por-trafico-de-drogas-em-guarabira\/#breadcrumb\",\"itemListElement\":[{\"@type\":\"ListItem\",\"position\":1,\"name\":\"In\u00edcio\",\"item\":\"https:\/\/www.pm.pb.gov.br\/portal\/\"},{\"@type\":\"ListItem\",\"position\":2,\"name\":\"Pol\u00edcia Militar prende tr\u00eas suspeitos por tr\u00e1fico de drogas em Guarabira\"}]},{\"@type\":\"WebSite\",\"@id\":\"https:\/\/www.pm.pb.gov.br\/portal\/#website\",\"url\":\"https:\/\/www.pm.pb.gov.br\/portal\/\",\"name\":\"Pol\u00edcia Militar da Para\u00edba\",\"description\":\"\",\"publisher\":{\"@id\":\"https:\/\/www.pm.pb.gov.br\/portal\/#organization\"},\"potentialAction\":[{\"@type\":\"SearchAction\",\"target\":{\"@type\":\"EntryPoint\",\"urlTemplate\":\"https:\/\/www.pm.pb.gov.br\/portal\/?s={search_term_string}\"},\"query-input\":\"required name=search_term_string\"}],\"inLanguage\":\"pt-BR\"},{\"@type\":\"Organization\",\"@id\":\"https:\/\/www.pm.pb.gov.br\/portal\/#organization\",\"name\":\"Pol\u00edcia Militar da Para\u00edba\",\"url\":\"https:\/\/www.pm.pb.gov.br\/portal\/\",\"logo\":{\"@type\":\"ImageObject\",\"inLanguage\":\"pt-BR\",\"@id\":\"https:\/\/www.pm.pb.gov.br\/portal\/#\/schema\/logo\/image\/\",\"url\":\"https:\/\/www.pm.pb.gov.br\/portal\/wp-content\/uploads\/2025\/03\/cropped-logo-site-mag2-1.png\",\"contentUrl\":\"https:\/\/www.pm.pb.gov.br\/portal\/wp-content\/uploads\/2025\/03\/cropped-logo-site-mag2-1.png\",\"width\":320,\"height\":90,\"caption\":\"Pol\u00edcia Militar da Para\u00edba\"},\"image\":{\"@id\":\"https:\/\/www.pm.pb.gov.br\/portal\/#\/schema\/logo\/image\/\"}},{\"@type\":\"Person\",\"@id\":\"https:\/\/www.pm.pb.gov.br\/portal\/#\/schema\/person\/e8454f46651c3ecf0e1ba3c1666d9947\",\"name\":\"Assessoria de Imprensa da PMPB\",\"image\":{\"@type\":\"ImageObject\",\"inLanguage\":\"pt-BR\",\"@id\":\"https:\/\/www.pm.pb.gov.br\/portal\/#\/schema\/person\/image\/\",\"url\":\"https:\/\/secure.gravatar.com\/avatar\/2efe197438265d1e90bd98c4c8e1acf8?s=96&d=mm&r=g\",\"contentUrl\":\"https:\/\/secure.gravatar.com\/avatar\/2efe197438265d1e90bd98c4c8e1acf8?s=96&d=mm&r=g\",\"caption\":\"Assessoria de Imprensa da PMPB\"},\"url\":\"https:\/\/www.pm.pb.gov.br\/portal\/author\/assessoria\/\"}]}<\/script>\n<!-- \/ Yoast SEO plugin. -->","yoast_head_json":{"title":"Pol\u00edcia Militar prende tr\u00eas suspeitos por tr\u00e1fico de drogas em Guarabira - Pol\u00edcia Militar da Para\u00edba","robots":{"index":"index","follow":"follow","max-snippet":"max-snippet:-1","max-image-preview":"max-image-preview:large","max-video-preview":"max-video-preview:-1"},"canonical":"https:\/\/www.pm.pb.gov.br\/portal\/2024\/07\/14\/policia-militar-prende-tres-suspeitos-por-trafico-de-drogas-em-guarabira\/","og_locale":"pt_BR","og_type":"article","og_title":"Pol\u00edcia Militar prende tr\u00eas suspeitos por tr\u00e1fico de drogas em Guarabira - Pol\u00edcia Militar da Para\u00edba","og_description":"Na noite desse s\u00e1bado (13), policiais militares do 4\u00ba Batalh\u00e3o de Pol\u00edcia Militar prenderam tr\u00eas homens por tr\u00e1fico de drogas,","og_url":"https:\/\/www.pm.pb.gov.br\/portal\/2024\/07\/14\/policia-militar-prende-tres-suspeitos-por-trafico-de-drogas-em-guarabira\/","og_site_name":"Pol\u00edcia Militar da Para\u00edba","article_published_time":"2024-07-14T14:07:09+00:00","article_modified_time":"2024-07-14T14:07:11+00:00","og_image":[{"width":1441,"height":802,"url":"http:\/\/www.pm.pb.gov.br\/portal\/wp-content\/uploads\/2024\/07\/material-apreendido.png","type":"image\/png"}],"author":"Assessoria de Imprensa da PMPB","twitter_card":"summary_large_image","twitter_misc":{"Escrito por":"Assessoria de Imprensa da PMPB","Est. tempo de leitura":"1 minuto"},"schema":{"@context":"https:\/\/schema.org","@graph":[{"@type":"Article","@id":"https:\/\/www.pm.pb.gov.br\/portal\/2024\/07\/14\/policia-militar-prende-tres-suspeitos-por-trafico-de-drogas-em-guarabira\/#article","isPartOf":{"@id":"https:\/\/www.pm.pb.gov.br\/portal\/2024\/07\/14\/policia-militar-prende-tres-suspeitos-por-trafico-de-drogas-em-guarabira\/"},"author":{"name":"Assessoria de Imprensa da PMPB","@id":"https:\/\/www.pm.pb.gov.br\/portal\/#\/schema\/person\/e8454f46651c3ecf0e1ba3c1666d9947"},"headline":"Pol\u00edcia Militar prende tr\u00eas suspeitos por tr\u00e1fico de drogas em Guarabira","datePublished":"2024-07-14T14:07:09+00:00","dateModified":"2024-07-14T14:07:11+00:00","mainEntityOfPage":{"@id":"https:\/\/www.pm.pb.gov.br\/portal\/2024\/07\/14\/policia-militar-prende-tres-suspeitos-por-trafico-de-drogas-em-guarabira\/"},"wordCount":146,"publisher":{"@id":"https:\/\/www.pm.pb.gov.br\/portal\/#organization"},"articleSection":["A\u00e7\u00f5es Policiais"],"inLanguage":"pt-BR"},{"@type":"WebPage","@id":"https:\/\/www.pm.pb.gov.br\/portal\/2024\/07\/14\/policia-militar-prende-tres-suspeitos-por-trafico-de-drogas-em-guarabira\/","url":"https:\/\/www.pm.pb.gov.br\/portal\/2024\/07\/14\/policia-militar-prende-tres-suspeitos-por-trafico-de-drogas-em-guarabira\/","name":"Pol\u00edcia Militar prende tr\u00eas suspeitos por tr\u00e1fico de drogas em Guarabira - Pol\u00edcia Militar da Para\u00edba","isPartOf":{"@id":"https:\/\/www.pm.pb.gov.br\/portal\/#website"},"datePublished":"2024-07-14T14:07:09+00:00","dateModified":"2024-07-14T14:07:11+00:00","breadcrumb":{"@id":"https:\/\/www.pm.pb.gov.br\/portal\/2024\/07\/14\/policia-militar-prende-tres-suspeitos-por-trafico-de-drogas-em-guarabira\/#breadcrumb"},"inLanguage":"pt-BR","potentialAction":[{"@type":"ReadAction","target":["https:\/\/www.pm.pb.gov.br\/portal\/2024\/07\/14\/policia-militar-prende-tres-suspeitos-por-trafico-de-drogas-em-guarabira\/"]}]},{"@type":"BreadcrumbList","@id":"https:\/\/www.pm.pb.gov.br\/portal\/2024\/07\/14\/policia-militar-prende-tres-suspeitos-por-trafico-de-drogas-em-guarabira\/#breadcrumb","itemListElement":[{"@type":"ListItem","position":1,"name":"In\u00edcio","item":"https:\/\/www.pm.pb.gov.br\/portal\/"},{"@type":"ListItem","position":2,"name":"Pol\u00edcia Militar prende tr\u00eas suspeitos por tr\u00e1fico de drogas em Guarabira"}]},{"@type":"WebSite","@id":"https:\/\/www.pm.pb.gov.br\/portal\/#website","url":"https:\/\/www.pm.pb.gov.br\/portal\/","name":"Pol\u00edcia Militar da Para\u00edba","description":"","publisher":{"@id":"https:\/\/www.pm.pb.gov.br\/portal\/#organization"},"potentialAction":[{"@type":"SearchAction","target":{"@type":"EntryPoint","urlTemplate":"https:\/\/www.pm.pb.gov.br\/portal\/?s={search_term_string}"},"query-input":"required name=search_term_string"}],"inLanguage":"pt-BR"},{"@type":"Organization","@id":"https:\/\/www.pm.pb.gov.br\/portal\/#organization","name":"Pol\u00edcia Militar da Para\u00edba","url":"https:\/\/www.pm.pb.gov.br\/portal\/","logo":{"@type":"ImageObject","inLanguage":"pt-BR","@id":"https:\/\/www.pm.pb.gov.br\/portal\/#\/schema\/logo\/image\/","url":"https:\/\/www.pm.pb.gov.br\/portal\/wp-content\/uploads\/2025\/03\/cropped-logo-site-mag2-1.png","contentUrl":"https:\/\/www.pm.pb.gov.br\/portal\/wp-content\/uploads\/2025\/03\/cropped-logo-site-mag2-1.png","width":320,"height":90,"caption":"Pol\u00edcia Militar da Para\u00edba"},"image":{"@id":"https:\/\/www.pm.pb.gov.br\/portal\/#\/schema\/logo\/image\/"}},{"@type":"Person","@id":"https:\/\/www.pm.pb.gov.br\/portal\/#\/schema\/person\/e8454f46651c3ecf0e1ba3c1666d9947","name":"Assessoria de Imprensa da PMPB","image":{"@type":"ImageObject","inLanguage":"pt-BR","@id":"https:\/\/www.pm.pb.gov.br\/portal\/#\/schema\/person\/image\/","url":"https:\/\/secure.gravatar.com\/avatar\/2efe197438265d1e90bd98c4c8e1acf8?s=96&d=mm&r=g","contentUrl":"https:\/\/secure.gravatar.com\/avatar\/2efe197438265d1e90bd98c4c8e1acf8?s=96&d=mm&r=g","caption":"Assessoria de Imprensa da PMPB"},"url":"https:\/\/www.pm.pb.gov.br\/portal\/author\/assessoria\/"}]}},"_links":{"self":[{"href":"https:\/\/www.pm.pb.gov.br\/portal\/wp-json\/wp\/v2\/posts\/923074"}],"collection":[{"href":"https:\/\/www.pm.pb.gov.br\/portal\/wp-json\/wp\/v2\/posts"}],"about":[{"href":"https:\/\/www.pm.pb.gov.br\/portal\/wp-json\/wp\/v2\/types\/post"}],"author":[{"embeddable":true,"href":"https:\/\/www.pm.pb.gov.br\/portal\/wp-json\/wp\/v2\/users\/5"}],"replies":[{"embeddable":true,"href":"https:\/\/www.pm.pb.gov.br\/portal\/wp-json\/wp\/v2\/comments?post=923074"}],"version-history":[{"count":1,"href":"https:\/\/www.pm.pb.gov.br\/portal\/wp-json\/wp\/v2\/posts\/923074\/revisions"}],"predecessor-version":[{"id":923076,"href":"https:\/\/www.pm.pb.gov.br\/portal\/wp-json\/wp\/v2\/posts\/923074\/revisions\/923076"}],"wp:featuredmedia":[{"embeddable":true,"href":"https:\/\/www.pm.pb.gov.br\/portal\/wp-json\/wp\/v2\/media\/923075"}],"wp:attachment":[{"href":"https:\/\/www.pm.pb.gov.br\/portal\/wp-json\/wp\/v2\/media?parent=923074"}],"wp:term":[{"taxonomy":"category","embeddable":true,"href":"https:\/\/www.pm.pb.gov.br\/portal\/wp-json\/wp\/v2\/categories?post=923074"},{"taxonomy":"post_tag","embeddable":true,"href":"https:\/\/www.pm.pb.gov.br\/portal\/wp-json\/wp\/v2\/tags?post=923074"}],"curies":[{"name":"wp","href":"https:\/\/api.w.org\/{rel}","templated":true}]}}