{"id":923054,"date":"2024-07-12T10:14:00","date_gmt":"2024-07-12T13:14:00","guid":{"rendered":"https:\/\/www.pm.pb.gov.br\/portal\/?p=923054"},"modified":"2024-07-12T18:20:10","modified_gmt":"2024-07-12T21:20:10","slug":"governador-joao-azevedo-promove-mais-21-policiais-militares-por-ato-de-bravura","status":"publish","type":"post","link":"https:\/\/www.pm.pb.gov.br\/portal\/2024\/07\/12\/governador-joao-azevedo-promove-mais-21-policiais-militares-por-ato-de-bravura\/","title":{"rendered":"Governador Jo\u00e3o Azev\u00eado promove mais 21 policiais militares por ato de bravura"},"content":{"rendered":"\n\n\n<p>O governador Jo\u00e3o Azev\u00eado promoveu mais 21 policiais militares por atos de bravura, que s\u00e3o a\u00e7\u00f5es que tiveram destaque e que se diferenciam por ultrapassar os limites normais do cumprimento do dever (foto acima ilustrativa). Os atos foram publicados na edi\u00e7\u00e3o desta sexta-feira (12) do Di\u00e1rio Oficial do Estado (DOE).<\/p>\n<p>Entre os policiais que passaram \u00e0 nova gradua\u00e7\u00e3o, tr\u00eas foram promovidos a subtenente, cinco foram promovidos a 2\u00ba sargento, e 13 a 3\u00ba sargento. As promo\u00e7\u00f5es seguem crit\u00e9rios estabelecidos em lei e foram propostas ao governador pelo pr\u00f3prio comandante-geral da PM, coronel S\u00e9rgio Fonseca.<\/p>\n<p>\u201cDestacamos a bravura, a t\u00e9cnica e a proatividade desses policiais que n\u00e3o mediram esfor\u00e7os e se destacaram em atos que engrandecem a Pol\u00edcia Militar. Fazemos ainda esse registro que a Para\u00edba, atrav\u00e9s do governador Jo\u00e3o Azev\u00eado, reconheceu os feitos, trazendo uma justa promo\u00e7\u00e3o e ascens\u00e3o profissional em suas carreiras\u201d, disse o coronel S\u00e9rgio.<\/p>\n","protected":false},"excerpt":{"rendered":"<p>O governador Jo\u00e3o Azev\u00eado promoveu mais 21 policiais militares por atos de bravura, que s\u00e3o a\u00e7\u00f5es que tiveram destaque e<\/p>\n","protected":false},"author":12,"featured_media":922330,"comment_status":"closed","ping_status":"closed","sticky":false,"template":"","format":"standard","meta":{"_exactmetrics_skip_tracking":false,"_exactmetrics_sitenote_active":false,"_exactmetrics_sitenote_note":"","_exactmetrics_sitenote_category":0,"footnotes":""},"categories":[29],"tags":[],"yoast_head":"<!-- This site is optimized with the Yoast SEO plugin v22.0 - https:\/\/yoast.com\/wordpress\/plugins\/seo\/ -->\n<title>Governador Jo\u00e3o Azev\u00eado promove mais 21 policiais militares por ato de bravura - Pol\u00edcia Militar da Para\u00edba<\/title>\n<meta name=\"description\" content=\"Atos foram publicados na edi\u00e7\u00e3o desta sexta-feira (12) do Di\u00e1rio Oficial do Estado (DOE).\" \/>\n<meta name=\"robots\" content=\"index, follow, max-snippet:-1, max-image-preview:large, max-video-preview:-1\" \/>\n<link rel=\"canonical\" href=\"https:\/\/www.pm.pb.gov.br\/portal\/2024\/07\/12\/governador-joao-azevedo-promove-mais-21-policiais-militares-por-ato-de-bravura\/\" \/>\n<meta property=\"og:locale\" content=\"pt_BR\" \/>\n<meta property=\"og:type\" content=\"article\" \/>\n<meta property=\"og:title\" content=\"Governador Jo\u00e3o Azev\u00eado promove mais 21 policiais militares por ato de bravura - Pol\u00edcia Militar da Para\u00edba\" \/>\n<meta property=\"og:description\" content=\"Atos foram publicados na edi\u00e7\u00e3o desta sexta-feira (12) do Di\u00e1rio Oficial do Estado (DOE).\" \/>\n<meta property=\"og:url\" content=\"https:\/\/www.pm.pb.gov.br\/portal\/2024\/07\/12\/governador-joao-azevedo-promove-mais-21-policiais-militares-por-ato-de-bravura\/\" \/>\n<meta property=\"og:site_name\" content=\"Pol\u00edcia Militar da Para\u00edba\" \/>\n<meta property=\"article:published_time\" content=\"2024-07-12T13:14:00+00:00\" \/>\n<meta property=\"article:modified_time\" content=\"2024-07-12T21:20:10+00:00\" \/>\n<meta property=\"og:image\" content=\"http:\/\/www.pm.pb.gov.br\/portal\/wp-content\/uploads\/2024\/06\/WhatsApp-Image-2024-06-07-at-12.57.03.jpeg\" \/>\n\t<meta property=\"og:image:width\" content=\"1600\" \/>\n\t<meta property=\"og:image:height\" content=\"1066\" \/>\n\t<meta property=\"og:image:type\" content=\"image\/jpeg\" \/>\n<meta name=\"author\" content=\"Tarcisio Oliveira\" \/>\n<meta name=\"twitter:card\" content=\"summary_large_image\" \/>\n<meta name=\"twitter:label1\" content=\"Escrito por\" \/>\n\t<meta name=\"twitter:data1\" content=\"Tarcisio Oliveira\" \/>\n\t<meta name=\"twitter:label2\" content=\"Est. tempo de leitura\" \/>\n\t<meta name=\"twitter:data2\" content=\"2 minutos\" \/>\n<script type=\"application\/ld+json\" class=\"yoast-schema-graph\">{\"@context\":\"https:\/\/schema.org\",\"@graph\":[{\"@type\":\"Article\",\"@id\":\"https:\/\/www.pm.pb.gov.br\/portal\/2024\/07\/12\/governador-joao-azevedo-promove-mais-21-policiais-militares-por-ato-de-bravura\/#article\",\"isPartOf\":{\"@id\":\"https:\/\/www.pm.pb.gov.br\/portal\/2024\/07\/12\/governador-joao-azevedo-promove-mais-21-policiais-militares-por-ato-de-bravura\/\"},\"author\":{\"name\":\"Tarcisio Oliveira\",\"@id\":\"https:\/\/www.pm.pb.gov.br\/portal\/#\/schema\/person\/f84f56dcc78ce4357054da888b8247fd\"},\"headline\":\"Governador Jo\u00e3o Azev\u00eado promove mais 21 policiais militares por ato de bravura\",\"datePublished\":\"2024-07-12T13:14:00+00:00\",\"dateModified\":\"2024-07-12T21:20:10+00:00\",\"mainEntityOfPage\":{\"@id\":\"https:\/\/www.pm.pb.gov.br\/portal\/2024\/07\/12\/governador-joao-azevedo-promove-mais-21-policiais-militares-por-ato-de-bravura\/\"},\"wordCount\":177,\"publisher\":{\"@id\":\"https:\/\/www.pm.pb.gov.br\/portal\/#organization\"},\"articleSection\":[\"Gest\u00e3o e planejamento\"],\"inLanguage\":\"pt-BR\"},{\"@type\":\"WebPage\",\"@id\":\"https:\/\/www.pm.pb.gov.br\/portal\/2024\/07\/12\/governador-joao-azevedo-promove-mais-21-policiais-militares-por-ato-de-bravura\/\",\"url\":\"https:\/\/www.pm.pb.gov.br\/portal\/2024\/07\/12\/governador-joao-azevedo-promove-mais-21-policiais-militares-por-ato-de-bravura\/\",\"name\":\"Governador Jo\u00e3o Azev\u00eado promove mais 21 policiais militares por ato de bravura - Pol\u00edcia Militar da Para\u00edba\",\"isPartOf\":{\"@id\":\"https:\/\/www.pm.pb.gov.br\/portal\/#website\"},\"datePublished\":\"2024-07-12T13:14:00+00:00\",\"dateModified\":\"2024-07-12T21:20:10+00:00\",\"description\":\"Atos foram publicados na edi\u00e7\u00e3o desta sexta-feira (12) do Di\u00e1rio Oficial do Estado (DOE).\",\"breadcrumb\":{\"@id\":\"https:\/\/www.pm.pb.gov.br\/portal\/2024\/07\/12\/governador-joao-azevedo-promove-mais-21-policiais-militares-por-ato-de-bravura\/#breadcrumb\"},\"inLanguage\":\"pt-BR\",\"potentialAction\":[{\"@type\":\"ReadAction\",\"target\":[\"https:\/\/www.pm.pb.gov.br\/portal\/2024\/07\/12\/governador-joao-azevedo-promove-mais-21-policiais-militares-por-ato-de-bravura\/\"]}]},{\"@type\":\"BreadcrumbList\",\"@id\":\"https:\/\/www.pm.pb.gov.br\/portal\/2024\/07\/12\/governador-joao-azevedo-promove-mais-21-policiais-militares-por-ato-de-bravura\/#breadcrumb\",\"itemListElement\":[{\"@type\":\"ListItem\",\"position\":1,\"name\":\"In\u00edcio\",\"item\":\"https:\/\/www.pm.pb.gov.br\/portal\/\"},{\"@type\":\"ListItem\",\"position\":2,\"name\":\"Governador Jo\u00e3o Azev\u00eado promove mais 21 policiais militares por ato de bravura\"}]},{\"@type\":\"WebSite\",\"@id\":\"https:\/\/www.pm.pb.gov.br\/portal\/#website\",\"url\":\"https:\/\/www.pm.pb.gov.br\/portal\/\",\"name\":\"Pol\u00edcia Militar da Para\u00edba\",\"description\":\"\",\"publisher\":{\"@id\":\"https:\/\/www.pm.pb.gov.br\/portal\/#organization\"},\"potentialAction\":[{\"@type\":\"SearchAction\",\"target\":{\"@type\":\"EntryPoint\",\"urlTemplate\":\"https:\/\/www.pm.pb.gov.br\/portal\/?s={search_term_string}\"},\"query-input\":\"required name=search_term_string\"}],\"inLanguage\":\"pt-BR\"},{\"@type\":\"Organization\",\"@id\":\"https:\/\/www.pm.pb.gov.br\/portal\/#organization\",\"name\":\"Pol\u00edcia Militar da Para\u00edba\",\"url\":\"https:\/\/www.pm.pb.gov.br\/portal\/\",\"logo\":{\"@type\":\"ImageObject\",\"inLanguage\":\"pt-BR\",\"@id\":\"https:\/\/www.pm.pb.gov.br\/portal\/#\/schema\/logo\/image\/\",\"url\":\"https:\/\/www.pm.pb.gov.br\/portal\/wp-content\/uploads\/2025\/03\/cropped-logo-site-mag2-1.png\",\"contentUrl\":\"https:\/\/www.pm.pb.gov.br\/portal\/wp-content\/uploads\/2025\/03\/cropped-logo-site-mag2-1.png\",\"width\":320,\"height\":90,\"caption\":\"Pol\u00edcia Militar da Para\u00edba\"},\"image\":{\"@id\":\"https:\/\/www.pm.pb.gov.br\/portal\/#\/schema\/logo\/image\/\"}},{\"@type\":\"Person\",\"@id\":\"https:\/\/www.pm.pb.gov.br\/portal\/#\/schema\/person\/f84f56dcc78ce4357054da888b8247fd\",\"name\":\"Tarcisio Oliveira\",\"image\":{\"@type\":\"ImageObject\",\"inLanguage\":\"pt-BR\",\"@id\":\"https:\/\/www.pm.pb.gov.br\/portal\/#\/schema\/person\/image\/\",\"url\":\"https:\/\/secure.gravatar.com\/avatar\/72917b630b69d31cd0297507f34bac97?s=96&d=mm&r=g\",\"contentUrl\":\"https:\/\/secure.gravatar.com\/avatar\/72917b630b69d31cd0297507f34bac97?s=96&d=mm&r=g\",\"caption\":\"Tarcisio Oliveira\"},\"url\":\"https:\/\/www.pm.pb.gov.br\/portal\/author\/tarcisio\/\"}]}<\/script>\n<!-- \/ Yoast SEO plugin. -->","yoast_head_json":{"title":"Governador Jo\u00e3o Azev\u00eado promove mais 21 policiais militares por ato de bravura - Pol\u00edcia Militar da Para\u00edba","description":"Atos foram publicados na edi\u00e7\u00e3o desta sexta-feira (12) do Di\u00e1rio Oficial do Estado (DOE).","robots":{"index":"index","follow":"follow","max-snippet":"max-snippet:-1","max-image-preview":"max-image-preview:large","max-video-preview":"max-video-preview:-1"},"canonical":"https:\/\/www.pm.pb.gov.br\/portal\/2024\/07\/12\/governador-joao-azevedo-promove-mais-21-policiais-militares-por-ato-de-bravura\/","og_locale":"pt_BR","og_type":"article","og_title":"Governador Jo\u00e3o Azev\u00eado promove mais 21 policiais militares por ato de bravura - Pol\u00edcia Militar da Para\u00edba","og_description":"Atos foram publicados na edi\u00e7\u00e3o desta sexta-feira (12) do Di\u00e1rio Oficial do Estado (DOE).","og_url":"https:\/\/www.pm.pb.gov.br\/portal\/2024\/07\/12\/governador-joao-azevedo-promove-mais-21-policiais-militares-por-ato-de-bravura\/","og_site_name":"Pol\u00edcia Militar da Para\u00edba","article_published_time":"2024-07-12T13:14:00+00:00","article_modified_time":"2024-07-12T21:20:10+00:00","og_image":[{"width":1600,"height":1066,"url":"http:\/\/www.pm.pb.gov.br\/portal\/wp-content\/uploads\/2024\/06\/WhatsApp-Image-2024-06-07-at-12.57.03.jpeg","type":"image\/jpeg"}],"author":"Tarcisio Oliveira","twitter_card":"summary_large_image","twitter_misc":{"Escrito por":"Tarcisio Oliveira","Est. tempo de leitura":"2 minutos"},"schema":{"@context":"https:\/\/schema.org","@graph":[{"@type":"Article","@id":"https:\/\/www.pm.pb.gov.br\/portal\/2024\/07\/12\/governador-joao-azevedo-promove-mais-21-policiais-militares-por-ato-de-bravura\/#article","isPartOf":{"@id":"https:\/\/www.pm.pb.gov.br\/portal\/2024\/07\/12\/governador-joao-azevedo-promove-mais-21-policiais-militares-por-ato-de-bravura\/"},"author":{"name":"Tarcisio Oliveira","@id":"https:\/\/www.pm.pb.gov.br\/portal\/#\/schema\/person\/f84f56dcc78ce4357054da888b8247fd"},"headline":"Governador Jo\u00e3o Azev\u00eado promove mais 21 policiais militares por ato de bravura","datePublished":"2024-07-12T13:14:00+00:00","dateModified":"2024-07-12T21:20:10+00:00","mainEntityOfPage":{"@id":"https:\/\/www.pm.pb.gov.br\/portal\/2024\/07\/12\/governador-joao-azevedo-promove-mais-21-policiais-militares-por-ato-de-bravura\/"},"wordCount":177,"publisher":{"@id":"https:\/\/www.pm.pb.gov.br\/portal\/#organization"},"articleSection":["Gest\u00e3o e planejamento"],"inLanguage":"pt-BR"},{"@type":"WebPage","@id":"https:\/\/www.pm.pb.gov.br\/portal\/2024\/07\/12\/governador-joao-azevedo-promove-mais-21-policiais-militares-por-ato-de-bravura\/","url":"https:\/\/www.pm.pb.gov.br\/portal\/2024\/07\/12\/governador-joao-azevedo-promove-mais-21-policiais-militares-por-ato-de-bravura\/","name":"Governador Jo\u00e3o Azev\u00eado promove mais 21 policiais militares por ato de bravura - Pol\u00edcia Militar da Para\u00edba","isPartOf":{"@id":"https:\/\/www.pm.pb.gov.br\/portal\/#website"},"datePublished":"2024-07-12T13:14:00+00:00","dateModified":"2024-07-12T21:20:10+00:00","description":"Atos foram publicados na edi\u00e7\u00e3o desta sexta-feira (12) do Di\u00e1rio Oficial do Estado (DOE).","breadcrumb":{"@id":"https:\/\/www.pm.pb.gov.br\/portal\/2024\/07\/12\/governador-joao-azevedo-promove-mais-21-policiais-militares-por-ato-de-bravura\/#breadcrumb"},"inLanguage":"pt-BR","potentialAction":[{"@type":"ReadAction","target":["https:\/\/www.pm.pb.gov.br\/portal\/2024\/07\/12\/governador-joao-azevedo-promove-mais-21-policiais-militares-por-ato-de-bravura\/"]}]},{"@type":"BreadcrumbList","@id":"https:\/\/www.pm.pb.gov.br\/portal\/2024\/07\/12\/governador-joao-azevedo-promove-mais-21-policiais-militares-por-ato-de-bravura\/#breadcrumb","itemListElement":[{"@type":"ListItem","position":1,"name":"In\u00edcio","item":"https:\/\/www.pm.pb.gov.br\/portal\/"},{"@type":"ListItem","position":2,"name":"Governador Jo\u00e3o Azev\u00eado promove mais 21 policiais militares por ato de bravura"}]},{"@type":"WebSite","@id":"https:\/\/www.pm.pb.gov.br\/portal\/#website","url":"https:\/\/www.pm.pb.gov.br\/portal\/","name":"Pol\u00edcia Militar da Para\u00edba","description":"","publisher":{"@id":"https:\/\/www.pm.pb.gov.br\/portal\/#organization"},"potentialAction":[{"@type":"SearchAction","target":{"@type":"EntryPoint","urlTemplate":"https:\/\/www.pm.pb.gov.br\/portal\/?s={search_term_string}"},"query-input":"required name=search_term_string"}],"inLanguage":"pt-BR"},{"@type":"Organization","@id":"https:\/\/www.pm.pb.gov.br\/portal\/#organization","name":"Pol\u00edcia Militar da Para\u00edba","url":"https:\/\/www.pm.pb.gov.br\/portal\/","logo":{"@type":"ImageObject","inLanguage":"pt-BR","@id":"https:\/\/www.pm.pb.gov.br\/portal\/#\/schema\/logo\/image\/","url":"https:\/\/www.pm.pb.gov.br\/portal\/wp-content\/uploads\/2025\/03\/cropped-logo-site-mag2-1.png","contentUrl":"https:\/\/www.pm.pb.gov.br\/portal\/wp-content\/uploads\/2025\/03\/cropped-logo-site-mag2-1.png","width":320,"height":90,"caption":"Pol\u00edcia Militar da Para\u00edba"},"image":{"@id":"https:\/\/www.pm.pb.gov.br\/portal\/#\/schema\/logo\/image\/"}},{"@type":"Person","@id":"https:\/\/www.pm.pb.gov.br\/portal\/#\/schema\/person\/f84f56dcc78ce4357054da888b8247fd","name":"Tarcisio Oliveira","image":{"@type":"ImageObject","inLanguage":"pt-BR","@id":"https:\/\/www.pm.pb.gov.br\/portal\/#\/schema\/person\/image\/","url":"https:\/\/secure.gravatar.com\/avatar\/72917b630b69d31cd0297507f34bac97?s=96&d=mm&r=g","contentUrl":"https:\/\/secure.gravatar.com\/avatar\/72917b630b69d31cd0297507f34bac97?s=96&d=mm&r=g","caption":"Tarcisio Oliveira"},"url":"https:\/\/www.pm.pb.gov.br\/portal\/author\/tarcisio\/"}]}},"_links":{"self":[{"href":"https:\/\/www.pm.pb.gov.br\/portal\/wp-json\/wp\/v2\/posts\/923054"}],"collection":[{"href":"https:\/\/www.pm.pb.gov.br\/portal\/wp-json\/wp\/v2\/posts"}],"about":[{"href":"https:\/\/www.pm.pb.gov.br\/portal\/wp-json\/wp\/v2\/types\/post"}],"author":[{"embeddable":true,"href":"https:\/\/www.pm.pb.gov.br\/portal\/wp-json\/wp\/v2\/users\/12"}],"replies":[{"embeddable":true,"href":"https:\/\/www.pm.pb.gov.br\/portal\/wp-json\/wp\/v2\/comments?post=923054"}],"version-history":[{"count":1,"href":"https:\/\/www.pm.pb.gov.br\/portal\/wp-json\/wp\/v2\/posts\/923054\/revisions"}],"predecessor-version":[{"id":923055,"href":"https:\/\/www.pm.pb.gov.br\/portal\/wp-json\/wp\/v2\/posts\/923054\/revisions\/923055"}],"wp:featuredmedia":[{"embeddable":true,"href":"https:\/\/www.pm.pb.gov.br\/portal\/wp-json\/wp\/v2\/media\/922330"}],"wp:attachment":[{"href":"https:\/\/www.pm.pb.gov.br\/portal\/wp-json\/wp\/v2\/media?parent=923054"}],"wp:term":[{"taxonomy":"category","embeddable":true,"href":"https:\/\/www.pm.pb.gov.br\/portal\/wp-json\/wp\/v2\/categories?post=923054"},{"taxonomy":"post_tag","embeddable":true,"href":"https:\/\/www.pm.pb.gov.br\/portal\/wp-json\/wp\/v2\/tags?post=923054"}],"curies":[{"name":"wp","href":"https:\/\/api.w.org\/{rel}","templated":true}]}}