{"id":923032,"date":"2024-07-12T10:23:36","date_gmt":"2024-07-12T13:23:36","guid":{"rendered":"https:\/\/www.pm.pb.gov.br\/portal\/?p=923032"},"modified":"2024-07-12T10:59:28","modified_gmt":"2024-07-12T13:59:28","slug":"operacao-interestadual-prende-lider-criminoso-na-paraiba","status":"publish","type":"post","link":"https:\/\/www.pm.pb.gov.br\/portal\/2024\/07\/12\/operacao-interestadual-prende-lider-criminoso-na-paraiba\/","title":{"rendered":"Opera\u00e7\u00e3o interestadual prende l\u00edder criminoso na Para\u00edba"},"content":{"rendered":"\n<p>Uma a\u00e7\u00e3o conjunta da Pol\u00edcia Militar da Para\u00edba com policiais civis do Piau\u00ed capturou um l\u00edder criminoso acusado de tr\u00e1fico e associa\u00e7\u00e3o criminosa (foto acima ilustrativa). A pris\u00e3o ocorreu dentro de uma opera\u00e7\u00e3o interestadual na manh\u00e3 desta sexta-feira (12), com foco em uma organiza\u00e7\u00e3o criminosa que atua no litoral do Piau\u00ed, mas que tamb\u00e9m age no Cear\u00e1, Maranh\u00e3o, S\u00e3o Paulo e Para\u00edba.<\/p>\n<p>O acusado foi preso no bairro de Mu\u00e7umagro, em Jo\u00e3o Pessoa, pelo Grupamento de A\u00e7\u00f5es T\u00e1ticas Especiais (Gate). A esposa do acusado, tamb\u00e9m apontada com participa\u00e7\u00e3o nos crimes, j\u00e1 havia sido presa anteriormente e os policiais cumpriram hoje um novo mandado contra ela. A mulher j\u00e1 estava em um dos pres\u00eddios da Capital.<\/p>\n<p>A ocorr\u00eancia desta sexta foi encaminhada para a Cidade da Pol\u00edcia Civil.\u00a0<\/p>\n<p><em>Atualizado \u00e0s 11h22.<\/em><\/p>\n\n\n","protected":false},"excerpt":{"rendered":"<p>Uma a\u00e7\u00e3o conjunta da Pol\u00edcia Militar da Para\u00edba com policiais civis do Piau\u00ed capturou um l\u00edder criminoso acusado de tr\u00e1fico<\/p>\n","protected":false},"author":12,"featured_media":923035,"comment_status":"closed","ping_status":"closed","sticky":false,"template":"","format":"standard","meta":{"_exactmetrics_skip_tracking":false,"_exactmetrics_sitenote_active":false,"_exactmetrics_sitenote_note":"","_exactmetrics_sitenote_category":0,"footnotes":""},"categories":[4],"tags":[],"yoast_head":"<!-- This site is optimized with the Yoast SEO plugin v22.0 - https:\/\/yoast.com\/wordpress\/plugins\/seo\/ -->\n<title>Opera\u00e7\u00e3o interestadual prende l\u00edder criminoso na Para\u00edba - Pol\u00edcia Militar da Para\u00edba<\/title>\n<meta name=\"description\" content=\"O foco das Pol\u00edcias \u00e9 uma organiza\u00e7\u00e3o criminosa que atua no litoral do Piau\u00ed, mas que tamb\u00e9m age no Cear\u00e1, Maranh\u00e3o, S\u00e3o Paulo e Para\u00edba.\" \/>\n<meta name=\"robots\" content=\"index, follow, max-snippet:-1, max-image-preview:large, max-video-preview:-1\" \/>\n<link rel=\"canonical\" href=\"https:\/\/www.pm.pb.gov.br\/portal\/2024\/07\/12\/operacao-interestadual-prende-lider-criminoso-na-paraiba\/\" \/>\n<meta property=\"og:locale\" content=\"pt_BR\" \/>\n<meta property=\"og:type\" content=\"article\" \/>\n<meta property=\"og:title\" content=\"Opera\u00e7\u00e3o interestadual prende l\u00edder criminoso na Para\u00edba - Pol\u00edcia Militar da Para\u00edba\" \/>\n<meta property=\"og:description\" content=\"O foco das Pol\u00edcias \u00e9 uma organiza\u00e7\u00e3o criminosa que atua no litoral do Piau\u00ed, mas que tamb\u00e9m age no Cear\u00e1, Maranh\u00e3o, S\u00e3o Paulo e Para\u00edba.\" \/>\n<meta property=\"og:url\" content=\"https:\/\/www.pm.pb.gov.br\/portal\/2024\/07\/12\/operacao-interestadual-prende-lider-criminoso-na-paraiba\/\" \/>\n<meta property=\"og:site_name\" content=\"Pol\u00edcia Militar da Para\u00edba\" \/>\n<meta property=\"article:published_time\" content=\"2024-07-12T13:23:36+00:00\" \/>\n<meta property=\"article:modified_time\" content=\"2024-07-12T13:59:28+00:00\" \/>\n<meta property=\"og:image\" content=\"http:\/\/www.pm.pb.gov.br\/portal\/wp-content\/uploads\/2024\/07\/gate-scaled.jpeg\" \/>\n\t<meta property=\"og:image:width\" content=\"2560\" \/>\n\t<meta property=\"og:image:height\" content=\"1576\" \/>\n\t<meta property=\"og:image:type\" content=\"image\/jpeg\" \/>\n<meta name=\"author\" content=\"Tarcisio Oliveira\" \/>\n<meta name=\"twitter:card\" content=\"summary_large_image\" \/>\n<meta name=\"twitter:label1\" content=\"Escrito por\" \/>\n\t<meta name=\"twitter:data1\" content=\"Tarcisio Oliveira\" \/>\n\t<meta name=\"twitter:label2\" content=\"Est. tempo de leitura\" \/>\n\t<meta name=\"twitter:data2\" content=\"1 minuto\" \/>\n<script type=\"application\/ld+json\" class=\"yoast-schema-graph\">{\"@context\":\"https:\/\/schema.org\",\"@graph\":[{\"@type\":\"Article\",\"@id\":\"https:\/\/www.pm.pb.gov.br\/portal\/2024\/07\/12\/operacao-interestadual-prende-lider-criminoso-na-paraiba\/#article\",\"isPartOf\":{\"@id\":\"https:\/\/www.pm.pb.gov.br\/portal\/2024\/07\/12\/operacao-interestadual-prende-lider-criminoso-na-paraiba\/\"},\"author\":{\"name\":\"Tarcisio Oliveira\",\"@id\":\"https:\/\/www.pm.pb.gov.br\/portal\/#\/schema\/person\/f84f56dcc78ce4357054da888b8247fd\"},\"headline\":\"Opera\u00e7\u00e3o interestadual prende l\u00edder criminoso na Para\u00edba\",\"datePublished\":\"2024-07-12T13:23:36+00:00\",\"dateModified\":\"2024-07-12T13:59:28+00:00\",\"mainEntityOfPage\":{\"@id\":\"https:\/\/www.pm.pb.gov.br\/portal\/2024\/07\/12\/operacao-interestadual-prende-lider-criminoso-na-paraiba\/\"},\"wordCount\":161,\"publisher\":{\"@id\":\"https:\/\/www.pm.pb.gov.br\/portal\/#organization\"},\"articleSection\":[\"A\u00e7\u00f5es Policiais\"],\"inLanguage\":\"pt-BR\"},{\"@type\":\"WebPage\",\"@id\":\"https:\/\/www.pm.pb.gov.br\/portal\/2024\/07\/12\/operacao-interestadual-prende-lider-criminoso-na-paraiba\/\",\"url\":\"https:\/\/www.pm.pb.gov.br\/portal\/2024\/07\/12\/operacao-interestadual-prende-lider-criminoso-na-paraiba\/\",\"name\":\"Opera\u00e7\u00e3o interestadual prende l\u00edder criminoso na Para\u00edba - Pol\u00edcia Militar da Para\u00edba\",\"isPartOf\":{\"@id\":\"https:\/\/www.pm.pb.gov.br\/portal\/#website\"},\"datePublished\":\"2024-07-12T13:23:36+00:00\",\"dateModified\":\"2024-07-12T13:59:28+00:00\",\"description\":\"O foco das Pol\u00edcias \u00e9 uma organiza\u00e7\u00e3o criminosa que atua no litoral do Piau\u00ed, mas que tamb\u00e9m age no Cear\u00e1, Maranh\u00e3o, S\u00e3o Paulo e Para\u00edba.\",\"breadcrumb\":{\"@id\":\"https:\/\/www.pm.pb.gov.br\/portal\/2024\/07\/12\/operacao-interestadual-prende-lider-criminoso-na-paraiba\/#breadcrumb\"},\"inLanguage\":\"pt-BR\",\"potentialAction\":[{\"@type\":\"ReadAction\",\"target\":[\"https:\/\/www.pm.pb.gov.br\/portal\/2024\/07\/12\/operacao-interestadual-prende-lider-criminoso-na-paraiba\/\"]}]},{\"@type\":\"BreadcrumbList\",\"@id\":\"https:\/\/www.pm.pb.gov.br\/portal\/2024\/07\/12\/operacao-interestadual-prende-lider-criminoso-na-paraiba\/#breadcrumb\",\"itemListElement\":[{\"@type\":\"ListItem\",\"position\":1,\"name\":\"In\u00edcio\",\"item\":\"https:\/\/www.pm.pb.gov.br\/portal\/\"},{\"@type\":\"ListItem\",\"position\":2,\"name\":\"Opera\u00e7\u00e3o interestadual prende l\u00edder criminoso na Para\u00edba\"}]},{\"@type\":\"WebSite\",\"@id\":\"https:\/\/www.pm.pb.gov.br\/portal\/#website\",\"url\":\"https:\/\/www.pm.pb.gov.br\/portal\/\",\"name\":\"Pol\u00edcia Militar da Para\u00edba\",\"description\":\"\",\"publisher\":{\"@id\":\"https:\/\/www.pm.pb.gov.br\/portal\/#organization\"},\"potentialAction\":[{\"@type\":\"SearchAction\",\"target\":{\"@type\":\"EntryPoint\",\"urlTemplate\":\"https:\/\/www.pm.pb.gov.br\/portal\/?s={search_term_string}\"},\"query-input\":\"required name=search_term_string\"}],\"inLanguage\":\"pt-BR\"},{\"@type\":\"Organization\",\"@id\":\"https:\/\/www.pm.pb.gov.br\/portal\/#organization\",\"name\":\"Pol\u00edcia Militar da Para\u00edba\",\"url\":\"https:\/\/www.pm.pb.gov.br\/portal\/\",\"logo\":{\"@type\":\"ImageObject\",\"inLanguage\":\"pt-BR\",\"@id\":\"https:\/\/www.pm.pb.gov.br\/portal\/#\/schema\/logo\/image\/\",\"url\":\"https:\/\/www.pm.pb.gov.br\/portal\/wp-content\/uploads\/2025\/03\/cropped-logo-site-mag2-1.png\",\"contentUrl\":\"https:\/\/www.pm.pb.gov.br\/portal\/wp-content\/uploads\/2025\/03\/cropped-logo-site-mag2-1.png\",\"width\":320,\"height\":90,\"caption\":\"Pol\u00edcia Militar da Para\u00edba\"},\"image\":{\"@id\":\"https:\/\/www.pm.pb.gov.br\/portal\/#\/schema\/logo\/image\/\"}},{\"@type\":\"Person\",\"@id\":\"https:\/\/www.pm.pb.gov.br\/portal\/#\/schema\/person\/f84f56dcc78ce4357054da888b8247fd\",\"name\":\"Tarcisio Oliveira\",\"image\":{\"@type\":\"ImageObject\",\"inLanguage\":\"pt-BR\",\"@id\":\"https:\/\/www.pm.pb.gov.br\/portal\/#\/schema\/person\/image\/\",\"url\":\"https:\/\/secure.gravatar.com\/avatar\/72917b630b69d31cd0297507f34bac97?s=96&d=mm&r=g\",\"contentUrl\":\"https:\/\/secure.gravatar.com\/avatar\/72917b630b69d31cd0297507f34bac97?s=96&d=mm&r=g\",\"caption\":\"Tarcisio Oliveira\"},\"url\":\"https:\/\/www.pm.pb.gov.br\/portal\/author\/tarcisio\/\"}]}<\/script>\n<!-- \/ Yoast SEO plugin. -->","yoast_head_json":{"title":"Opera\u00e7\u00e3o interestadual prende l\u00edder criminoso na Para\u00edba - Pol\u00edcia Militar da Para\u00edba","description":"O foco das Pol\u00edcias \u00e9 uma organiza\u00e7\u00e3o criminosa que atua no litoral do Piau\u00ed, mas que tamb\u00e9m age no Cear\u00e1, Maranh\u00e3o, S\u00e3o Paulo e Para\u00edba.","robots":{"index":"index","follow":"follow","max-snippet":"max-snippet:-1","max-image-preview":"max-image-preview:large","max-video-preview":"max-video-preview:-1"},"canonical":"https:\/\/www.pm.pb.gov.br\/portal\/2024\/07\/12\/operacao-interestadual-prende-lider-criminoso-na-paraiba\/","og_locale":"pt_BR","og_type":"article","og_title":"Opera\u00e7\u00e3o interestadual prende l\u00edder criminoso na Para\u00edba - Pol\u00edcia Militar da Para\u00edba","og_description":"O foco das Pol\u00edcias \u00e9 uma organiza\u00e7\u00e3o criminosa que atua no litoral do Piau\u00ed, mas que tamb\u00e9m age no Cear\u00e1, Maranh\u00e3o, S\u00e3o Paulo e Para\u00edba.","og_url":"https:\/\/www.pm.pb.gov.br\/portal\/2024\/07\/12\/operacao-interestadual-prende-lider-criminoso-na-paraiba\/","og_site_name":"Pol\u00edcia Militar da Para\u00edba","article_published_time":"2024-07-12T13:23:36+00:00","article_modified_time":"2024-07-12T13:59:28+00:00","og_image":[{"width":2560,"height":1576,"url":"http:\/\/www.pm.pb.gov.br\/portal\/wp-content\/uploads\/2024\/07\/gate-scaled.jpeg","type":"image\/jpeg"}],"author":"Tarcisio Oliveira","twitter_card":"summary_large_image","twitter_misc":{"Escrito por":"Tarcisio Oliveira","Est. tempo de leitura":"1 minuto"},"schema":{"@context":"https:\/\/schema.org","@graph":[{"@type":"Article","@id":"https:\/\/www.pm.pb.gov.br\/portal\/2024\/07\/12\/operacao-interestadual-prende-lider-criminoso-na-paraiba\/#article","isPartOf":{"@id":"https:\/\/www.pm.pb.gov.br\/portal\/2024\/07\/12\/operacao-interestadual-prende-lider-criminoso-na-paraiba\/"},"author":{"name":"Tarcisio Oliveira","@id":"https:\/\/www.pm.pb.gov.br\/portal\/#\/schema\/person\/f84f56dcc78ce4357054da888b8247fd"},"headline":"Opera\u00e7\u00e3o interestadual prende l\u00edder criminoso na Para\u00edba","datePublished":"2024-07-12T13:23:36+00:00","dateModified":"2024-07-12T13:59:28+00:00","mainEntityOfPage":{"@id":"https:\/\/www.pm.pb.gov.br\/portal\/2024\/07\/12\/operacao-interestadual-prende-lider-criminoso-na-paraiba\/"},"wordCount":161,"publisher":{"@id":"https:\/\/www.pm.pb.gov.br\/portal\/#organization"},"articleSection":["A\u00e7\u00f5es Policiais"],"inLanguage":"pt-BR"},{"@type":"WebPage","@id":"https:\/\/www.pm.pb.gov.br\/portal\/2024\/07\/12\/operacao-interestadual-prende-lider-criminoso-na-paraiba\/","url":"https:\/\/www.pm.pb.gov.br\/portal\/2024\/07\/12\/operacao-interestadual-prende-lider-criminoso-na-paraiba\/","name":"Opera\u00e7\u00e3o interestadual prende l\u00edder criminoso na Para\u00edba - Pol\u00edcia Militar da Para\u00edba","isPartOf":{"@id":"https:\/\/www.pm.pb.gov.br\/portal\/#website"},"datePublished":"2024-07-12T13:23:36+00:00","dateModified":"2024-07-12T13:59:28+00:00","description":"O foco das Pol\u00edcias \u00e9 uma organiza\u00e7\u00e3o criminosa que atua no litoral do Piau\u00ed, mas que tamb\u00e9m age no Cear\u00e1, Maranh\u00e3o, S\u00e3o Paulo e Para\u00edba.","breadcrumb":{"@id":"https:\/\/www.pm.pb.gov.br\/portal\/2024\/07\/12\/operacao-interestadual-prende-lider-criminoso-na-paraiba\/#breadcrumb"},"inLanguage":"pt-BR","potentialAction":[{"@type":"ReadAction","target":["https:\/\/www.pm.pb.gov.br\/portal\/2024\/07\/12\/operacao-interestadual-prende-lider-criminoso-na-paraiba\/"]}]},{"@type":"BreadcrumbList","@id":"https:\/\/www.pm.pb.gov.br\/portal\/2024\/07\/12\/operacao-interestadual-prende-lider-criminoso-na-paraiba\/#breadcrumb","itemListElement":[{"@type":"ListItem","position":1,"name":"In\u00edcio","item":"https:\/\/www.pm.pb.gov.br\/portal\/"},{"@type":"ListItem","position":2,"name":"Opera\u00e7\u00e3o interestadual prende l\u00edder criminoso na Para\u00edba"}]},{"@type":"WebSite","@id":"https:\/\/www.pm.pb.gov.br\/portal\/#website","url":"https:\/\/www.pm.pb.gov.br\/portal\/","name":"Pol\u00edcia Militar da Para\u00edba","description":"","publisher":{"@id":"https:\/\/www.pm.pb.gov.br\/portal\/#organization"},"potentialAction":[{"@type":"SearchAction","target":{"@type":"EntryPoint","urlTemplate":"https:\/\/www.pm.pb.gov.br\/portal\/?s={search_term_string}"},"query-input":"required name=search_term_string"}],"inLanguage":"pt-BR"},{"@type":"Organization","@id":"https:\/\/www.pm.pb.gov.br\/portal\/#organization","name":"Pol\u00edcia Militar da Para\u00edba","url":"https:\/\/www.pm.pb.gov.br\/portal\/","logo":{"@type":"ImageObject","inLanguage":"pt-BR","@id":"https:\/\/www.pm.pb.gov.br\/portal\/#\/schema\/logo\/image\/","url":"https:\/\/www.pm.pb.gov.br\/portal\/wp-content\/uploads\/2025\/03\/cropped-logo-site-mag2-1.png","contentUrl":"https:\/\/www.pm.pb.gov.br\/portal\/wp-content\/uploads\/2025\/03\/cropped-logo-site-mag2-1.png","width":320,"height":90,"caption":"Pol\u00edcia Militar da Para\u00edba"},"image":{"@id":"https:\/\/www.pm.pb.gov.br\/portal\/#\/schema\/logo\/image\/"}},{"@type":"Person","@id":"https:\/\/www.pm.pb.gov.br\/portal\/#\/schema\/person\/f84f56dcc78ce4357054da888b8247fd","name":"Tarcisio Oliveira","image":{"@type":"ImageObject","inLanguage":"pt-BR","@id":"https:\/\/www.pm.pb.gov.br\/portal\/#\/schema\/person\/image\/","url":"https:\/\/secure.gravatar.com\/avatar\/72917b630b69d31cd0297507f34bac97?s=96&d=mm&r=g","contentUrl":"https:\/\/secure.gravatar.com\/avatar\/72917b630b69d31cd0297507f34bac97?s=96&d=mm&r=g","caption":"Tarcisio Oliveira"},"url":"https:\/\/www.pm.pb.gov.br\/portal\/author\/tarcisio\/"}]}},"_links":{"self":[{"href":"https:\/\/www.pm.pb.gov.br\/portal\/wp-json\/wp\/v2\/posts\/923032"}],"collection":[{"href":"https:\/\/www.pm.pb.gov.br\/portal\/wp-json\/wp\/v2\/posts"}],"about":[{"href":"https:\/\/www.pm.pb.gov.br\/portal\/wp-json\/wp\/v2\/types\/post"}],"author":[{"embeddable":true,"href":"https:\/\/www.pm.pb.gov.br\/portal\/wp-json\/wp\/v2\/users\/12"}],"replies":[{"embeddable":true,"href":"https:\/\/www.pm.pb.gov.br\/portal\/wp-json\/wp\/v2\/comments?post=923032"}],"version-history":[{"count":3,"href":"https:\/\/www.pm.pb.gov.br\/portal\/wp-json\/wp\/v2\/posts\/923032\/revisions"}],"predecessor-version":[{"id":923037,"href":"https:\/\/www.pm.pb.gov.br\/portal\/wp-json\/wp\/v2\/posts\/923032\/revisions\/923037"}],"wp:featuredmedia":[{"embeddable":true,"href":"https:\/\/www.pm.pb.gov.br\/portal\/wp-json\/wp\/v2\/media\/923035"}],"wp:attachment":[{"href":"https:\/\/www.pm.pb.gov.br\/portal\/wp-json\/wp\/v2\/media?parent=923032"}],"wp:term":[{"taxonomy":"category","embeddable":true,"href":"https:\/\/www.pm.pb.gov.br\/portal\/wp-json\/wp\/v2\/categories?post=923032"},{"taxonomy":"post_tag","embeddable":true,"href":"https:\/\/www.pm.pb.gov.br\/portal\/wp-json\/wp\/v2\/tags?post=923032"}],"curies":[{"name":"wp","href":"https:\/\/api.w.org\/{rel}","templated":true}]}}