{"id":923030,"date":"2024-07-12T05:30:00","date_gmt":"2024-07-12T08:30:00","guid":{"rendered":"https:\/\/www.pm.pb.gov.br\/portal\/?p=923030"},"modified":"2024-07-12T12:45:14","modified_gmt":"2024-07-12T15:45:14","slug":"governador-joao-azevedo-inaugura-novo-centro-de-equoterapia-da-pmpb-e-destaca-fortalecimento-das-politicas-publicas-de-inclusao","status":"publish","type":"post","link":"https:\/\/www.pm.pb.gov.br\/portal\/2024\/07\/12\/governador-joao-azevedo-inaugura-novo-centro-de-equoterapia-da-pmpb-e-destaca-fortalecimento-das-politicas-publicas-de-inclusao\/","title":{"rendered":"Governador Jo\u00e3o Azev\u00eado inaugura novo Centro de Equoterapia da PMPB e destaca fortalecimento das pol\u00edticas p\u00fablicas de inclus\u00e3o"},"content":{"rendered":"\n<p>O governador Jo\u00e3o Azev\u00eado entregou, nesta quinta-feira (11), no Parque de Exposi\u00e7\u00f5es Henrique Vieira de Melo, em Jo\u00e3o Pessoa, o novo Centro de Equoterapia da Pol\u00edcia Militar da Para\u00edba, obra na qual foram investidos mais de R$ 2 milh\u00f5es (foto principal acima: registro Jos\u00e9 Marques). A unidade fortalecer\u00e1 o atendimento que j\u00e1 existe a pessoas com defici\u00eancia, utilizando o cavalo nas atividades de desenvolvimento biopsicossocial.<br \/><br \/>A solenidade tamb\u00e9m foi marcada pela entrega de honrarias e medalhas a autoridades que contribu\u00edram com o engrandecimento das institui\u00e7\u00f5es policiais do estado e com a constru\u00e7\u00e3o do novo Centro de Equoterapia de Jo\u00e3o Pessoa.<\/p>\n<p><img loading=\"lazy\" decoding=\"async\" class=\" wp-image-923046 aligncenter\" src=\"http:\/\/www.pm.pb.gov.br\/portal\/wp-content\/uploads\/2024\/07\/unnamed-52-668x445.jpg\" alt=\"\" width=\"548\" height=\"365\" srcset=\"https:\/\/www.pm.pb.gov.br\/portal\/wp-content\/uploads\/2024\/07\/unnamed-52-668x445.jpg 668w, https:\/\/www.pm.pb.gov.br\/portal\/wp-content\/uploads\/2024\/07\/unnamed-52-855x570.jpg 855w, https:\/\/www.pm.pb.gov.br\/portal\/wp-content\/uploads\/2024\/07\/unnamed-52-768x512.jpg 768w, https:\/\/www.pm.pb.gov.br\/portal\/wp-content\/uploads\/2024\/07\/unnamed-52-1536x1024.jpg 1536w, https:\/\/www.pm.pb.gov.br\/portal\/wp-content\/uploads\/2024\/07\/unnamed-52-272x182.jpg 272w, https:\/\/www.pm.pb.gov.br\/portal\/wp-content\/uploads\/2024\/07\/unnamed-52.jpg 1620w\" sizes=\"(max-width: 548px) 100vw, 548px\" \/><\/p>\n<p><img loading=\"lazy\" decoding=\"async\" class=\"size-medium wp-image-923049 aligncenter\" src=\"http:\/\/www.pm.pb.gov.br\/portal\/wp-content\/uploads\/2024\/07\/WhatsApp-Image-2024-07-11-at-19.47.18-334x445.jpeg\" alt=\"\" width=\"334\" height=\"445\" srcset=\"https:\/\/www.pm.pb.gov.br\/portal\/wp-content\/uploads\/2024\/07\/WhatsApp-Image-2024-07-11-at-19.47.18-334x445.jpeg 334w, https:\/\/www.pm.pb.gov.br\/portal\/wp-content\/uploads\/2024\/07\/WhatsApp-Image-2024-07-11-at-19.47.18-428x570.jpeg 428w, https:\/\/www.pm.pb.gov.br\/portal\/wp-content\/uploads\/2024\/07\/WhatsApp-Image-2024-07-11-at-19.47.18-768x1024.jpeg 768w, https:\/\/www.pm.pb.gov.br\/portal\/wp-content\/uploads\/2024\/07\/WhatsApp-Image-2024-07-11-at-19.47.18-1152x1536.jpeg 1152w, https:\/\/www.pm.pb.gov.br\/portal\/wp-content\/uploads\/2024\/07\/WhatsApp-Image-2024-07-11-at-19.47.18-1536x2048.jpeg 1536w, https:\/\/www.pm.pb.gov.br\/portal\/wp-content\/uploads\/2024\/07\/WhatsApp-Image-2024-07-11-at-19.47.18-scaled.jpeg 1920w\" sizes=\"(max-width: 334px) 100vw, 334px\" \/><\/p>\n<p>Na ocasi\u00e3o, o chefe do Executivo estadual ressaltou o compromisso da gest\u00e3o com o fortalecimento das pol\u00edticas p\u00fablicas de inclus\u00e3o social. \u201cFazer gest\u00e3o \u00e9 cuidar das pessoas e n\u00f3s identificamos, atrav\u00e9s de uma visita da primeira-dama Ana Maria Lins, a demanda de um trabalho que j\u00e1 era realizado pela Pol\u00edcia Militar e, assim, montamos uma estrutura com todas as condi\u00e7\u00f5es para que as crian\u00e7as pudessem ter um tratamento adequado e que vai fazer a diferen\u00e7a na vida de muitas fam\u00edlias que t\u00eam acesso a um atendimento especializado e de qualidade\u201d, frisou.\u00a0<br \/><br \/>A primeira-dama Ana Maria Lins destacou que o novo espa\u00e7o ir\u00e1 permitir a amplia\u00e7\u00e3o dos atendimentos, possibilitando que mais pessoas\u00a0 se beneficiem dos servi\u00e7os de equoterapia, assegurando bem-estar e o desenvolvimento das crian\u00e7as. \u201cN\u00f3s tivemos a oportunidade de conhecer o trabalho desenvolvido pela equipe multidisciplinar, de ouvir relatos de m\u00e3es sobre como as terapias aqui desenvolvidas melhoraram a vida de seus filhos e, a partir desses depoimentos, levamos ao governador Jo\u00e3o Azev\u00eado a necessidade de ampliar e melhorar essa a\u00e7\u00e3o e ele de pronto acolheu o pleito porque temos um governo estadual comprometido com a melhoria da qualidade de vida das pessoas, que olha para todos os segmentos, e hoje estamos aqui para celebrar junto com as fam\u00edlias essa grande conquista\u201d, declarou.<\/p>\n<p><img loading=\"lazy\" decoding=\"async\" class=\" wp-image-923045 aligncenter\" src=\"http:\/\/www.pm.pb.gov.br\/portal\/wp-content\/uploads\/2024\/07\/unnamed-55-641x445.jpg\" alt=\"\" width=\"601\" height=\"417\" srcset=\"https:\/\/www.pm.pb.gov.br\/portal\/wp-content\/uploads\/2024\/07\/unnamed-55-641x445.jpg 641w, https:\/\/www.pm.pb.gov.br\/portal\/wp-content\/uploads\/2024\/07\/unnamed-55-821x570.jpg 821w, https:\/\/www.pm.pb.gov.br\/portal\/wp-content\/uploads\/2024\/07\/unnamed-55-768x533.jpg 768w, https:\/\/www.pm.pb.gov.br\/portal\/wp-content\/uploads\/2024\/07\/unnamed-55-392x272.jpg 392w, https:\/\/www.pm.pb.gov.br\/portal\/wp-content\/uploads\/2024\/07\/unnamed-55-130x90.jpg 130w, https:\/\/www.pm.pb.gov.br\/portal\/wp-content\/uploads\/2024\/07\/unnamed-55.jpg 1205w\" sizes=\"(max-width: 601px) 100vw, 601px\" \/><br \/>O secret\u00e1rio da Seguran\u00e7a e da Defesa Social, Jean Francisco Nunes, afirmou que o Centro de Equoterapia representa mais uma conquista para a Pol\u00edcia Militar e para a sociedade. \u201cEssa \u00e9 a entrega importante de um equipamento e de um servi\u00e7o especializado, agora, com um ambiente adequado e sabemos do alcance desse atendimento que interage diretamente com a popula\u00e7\u00e3o e nos traz muita alegria\u201d, disse.<br \/><br \/>O comandante-geral da Pol\u00edcia Militar, coronel S\u00e9rgio Fonseca, pontuou que o novo equipamento garante mais inclus\u00e3o e melhoria do servi\u00e7o p\u00fablico. \u201cEsse \u00e9 um momento hist\u00f3rico e de grande import\u00e2ncia para a nossa corpora\u00e7\u00e3o e para a popula\u00e7\u00e3o paraibana, resultado da vis\u00e3o estrat\u00e9gica do governador. Esse Centro representa um avan\u00e7o significativo na miss\u00e3o de servir e proteger, oferecendo mais um equipamento de reabilita\u00e7\u00e3o, garantindo um futuro melhor e mais inclusivo\u201d, comentou.<\/p>\n<p><img loading=\"lazy\" decoding=\"async\" class=\" wp-image-923044 aligncenter\" src=\"http:\/\/www.pm.pb.gov.br\/portal\/wp-content\/uploads\/2024\/07\/unnamed-53-668x445.jpg\" alt=\"\" width=\"534\" height=\"356\" srcset=\"https:\/\/www.pm.pb.gov.br\/portal\/wp-content\/uploads\/2024\/07\/unnamed-53-668x445.jpg 668w, https:\/\/www.pm.pb.gov.br\/portal\/wp-content\/uploads\/2024\/07\/unnamed-53-855x570.jpg 855w, https:\/\/www.pm.pb.gov.br\/portal\/wp-content\/uploads\/2024\/07\/unnamed-53-768x512.jpg 768w, https:\/\/www.pm.pb.gov.br\/portal\/wp-content\/uploads\/2024\/07\/unnamed-53-1536x1024.jpg 1536w, https:\/\/www.pm.pb.gov.br\/portal\/wp-content\/uploads\/2024\/07\/unnamed-53-272x182.jpg 272w, https:\/\/www.pm.pb.gov.br\/portal\/wp-content\/uploads\/2024\/07\/unnamed-53.jpg 1620w\" sizes=\"(max-width: 534px) 100vw, 534px\" \/><br \/>O coordenador do Centro de Equoterapia e comandante do Regimento de Pol\u00edcia Montada, tenente-coronel Gleidistone Cavalcanti (na foto acima \u00e0 esq. do gov), comemorou a entrega de um equipamento moderno e acess\u00edvel para a realiza\u00e7\u00e3o da equoterapia, que ser\u00e1 ampliada com a nova estrutura. \u201cHoje o nosso p\u00fablico atual s\u00e3o policiais militares e seus dependentes, mas com a parceria que estamos firmando com as Secretarias de Sa\u00fade e de Desenvolvimento Humano e a Funad, vamos ampliar os nossos atendimentos para a popula\u00e7\u00e3o em geral, com a contrata\u00e7\u00e3o de novos profissionais. Esse novo equipamento demonstra o cuidado do governo com as pessoas com defici\u00eancia, pois em dias de chuvas, por exemplo, liber\u00e1vamos todos os praticantes e hoje isso n\u00e3o acontece mais\u201d, comentou.<br \/><br \/>A presidente da Funda\u00e7\u00e3o Centro Integrado de Apoio \u00e0 Pessoa com Defici\u00eancia (Funad), Simone Jord\u00e3o, evidenciou que o novo equipamento mostra, mais uma vez, o compromisso do Governo do Estado para ampliar os pontos de aten\u00e7\u00e3o para a pessoa com defici\u00eancia. \u201cA inten\u00e7\u00e3o \u00e9 de que esse servi\u00e7o seja ampliado e que a gente possa fazer uma regula\u00e7\u00e3o de acesso para esse atendimento. As crian\u00e7as t\u00eam um atendimento multiprofissional nas \u00e1reas de fisioterapia, fonoaudiologia e com os equitadores, melhorando a qualidade de vida e complementando o processo de reabilita\u00e7\u00e3o\u201d, disse.<\/p>\n<p><img loading=\"lazy\" decoding=\"async\" class=\" wp-image-923048 aligncenter\" src=\"http:\/\/www.pm.pb.gov.br\/portal\/wp-content\/uploads\/2024\/07\/WhatsApp-Image-2024-07-11-at-19.38.56-593x445.jpeg\" alt=\"\" width=\"542\" height=\"407\" srcset=\"https:\/\/www.pm.pb.gov.br\/portal\/wp-content\/uploads\/2024\/07\/WhatsApp-Image-2024-07-11-at-19.38.56-593x445.jpeg 593w, https:\/\/www.pm.pb.gov.br\/portal\/wp-content\/uploads\/2024\/07\/WhatsApp-Image-2024-07-11-at-19.38.56-760x570.jpeg 760w, https:\/\/www.pm.pb.gov.br\/portal\/wp-content\/uploads\/2024\/07\/WhatsApp-Image-2024-07-11-at-19.38.56-768x576.jpeg 768w, https:\/\/www.pm.pb.gov.br\/portal\/wp-content\/uploads\/2024\/07\/WhatsApp-Image-2024-07-11-at-19.38.56-1536x1152.jpeg 1536w, https:\/\/www.pm.pb.gov.br\/portal\/wp-content\/uploads\/2024\/07\/WhatsApp-Image-2024-07-11-at-19.38.56-2048x1536.jpeg 2048w\" sizes=\"(max-width: 542px) 100vw, 542px\" \/><br \/>O Centro de Equoterapia promove atividades com cavalos para pessoas com defici\u00eancia, em\u00a0uma abordagem interdisciplinar nas \u00e1reas de sa\u00fade, educa\u00e7\u00e3o e equita\u00e7\u00e3o e conta com profissionais de diversas \u00e1reas da sa\u00fade, incluindo fisioterapeutas, fonoaudi\u00f3logos, psic\u00f3logos, assistentes sociais e equitadores.<br \/>Dentre os ambientes que integram o novo Centro de Equoterapia est\u00e3o salas multiprofissionais, sala de avalia\u00e7\u00e3o, diretoria, sala de estar, espa\u00e7o de montagem, audit\u00f3rio e alojamento.<\/p>\n<p><img loading=\"lazy\" decoding=\"async\" class=\" wp-image-923051 aligncenter\" src=\"http:\/\/www.pm.pb.gov.br\/portal\/wp-content\/uploads\/2024\/07\/WhatsApp-Image-2024-07-11-at-19.38.51-593x445.jpeg\" alt=\"\" width=\"514\" height=\"386\" srcset=\"https:\/\/www.pm.pb.gov.br\/portal\/wp-content\/uploads\/2024\/07\/WhatsApp-Image-2024-07-11-at-19.38.51-593x445.jpeg 593w, https:\/\/www.pm.pb.gov.br\/portal\/wp-content\/uploads\/2024\/07\/WhatsApp-Image-2024-07-11-at-19.38.51-760x570.jpeg 760w, https:\/\/www.pm.pb.gov.br\/portal\/wp-content\/uploads\/2024\/07\/WhatsApp-Image-2024-07-11-at-19.38.51-768x576.jpeg 768w, https:\/\/www.pm.pb.gov.br\/portal\/wp-content\/uploads\/2024\/07\/WhatsApp-Image-2024-07-11-at-19.38.51-1536x1152.jpeg 1536w, https:\/\/www.pm.pb.gov.br\/portal\/wp-content\/uploads\/2024\/07\/WhatsApp-Image-2024-07-11-at-19.38.51-2048x1536.jpeg 2048w\" sizes=\"(max-width: 514px) 100vw, 514px\" \/><br \/>Ana Paula Ferreira, m\u00e3e de Arthur de 11 anos, celebrou a entrega da nova estrutura e destacou a import\u00e2ncia do equipamento para a melhoria da qualidade de vida de seu filho. \u201cDepois que meu filho come\u00e7ou a fazer equoterapia passou a ter mais paci\u00eancia, a melhorar a postura e como m\u00e3e me sinto realizada com o progresso dele. Frequentamos o antigo centro e ficamos felizes de ver essa nova estrutura. Antes, aulas eram canceladas em dias de chuva e agora n\u00e3o vamos ter mais esse problema porque temos uma \u00e1rea coberta, com acessibilidade\u201d, relatou.<br \/><br \/>Kyvia Falc\u00e3o, m\u00e3e de Samuel, de 4 anos, falou da expectativa de iniciar as terapias do filho no novo Centro de Equoterapia. \u201cMeu filho tem s\u00edndrome de Down e a expectativa \u00e9 grande para que ele consiga amar os animais e desenvolver a parte de equil\u00edbrio, cognitiva, de relacionamento e estou muito feliz de poder iniciar mais essa nova etapa\u201d, comentou.<\/p>\n<p><img loading=\"lazy\" decoding=\"async\" class=\" wp-image-923052 aligncenter\" src=\"http:\/\/www.pm.pb.gov.br\/portal\/wp-content\/uploads\/2024\/07\/WhatsApp-Image-2024-07-11-at-19.43.33-593x445.jpeg\" alt=\"\" width=\"525\" height=\"394\" srcset=\"https:\/\/www.pm.pb.gov.br\/portal\/wp-content\/uploads\/2024\/07\/WhatsApp-Image-2024-07-11-at-19.43.33-593x445.jpeg 593w, https:\/\/www.pm.pb.gov.br\/portal\/wp-content\/uploads\/2024\/07\/WhatsApp-Image-2024-07-11-at-19.43.33-760x570.jpeg 760w, https:\/\/www.pm.pb.gov.br\/portal\/wp-content\/uploads\/2024\/07\/WhatsApp-Image-2024-07-11-at-19.43.33-768x576.jpeg 768w, https:\/\/www.pm.pb.gov.br\/portal\/wp-content\/uploads\/2024\/07\/WhatsApp-Image-2024-07-11-at-19.43.33-1536x1152.jpeg 1536w, https:\/\/www.pm.pb.gov.br\/portal\/wp-content\/uploads\/2024\/07\/WhatsApp-Image-2024-07-11-at-19.43.33-2048x1536.jpeg 2048w\" sizes=\"(max-width: 525px) 100vw, 525px\" \/><br \/>Prestigiaram a solenidade o vice-governador Lucas Ribeiro; a segunda-dama Camila Mariz; o presidente da Assembleia Legislativa, Adriano Galdino; os deputados estaduais Jo\u00e3o Gon\u00e7alves e Jutay Menezes; o secret\u00e1rio da Infraestrutura e dos Recursos H\u00eddricos, Deusdete Queiroga; o secret\u00e1rio de Estado do Desenvolvimento da Agropecu\u00e1ria e da Pesca, Joaquim Hugo Vieira; o comandante-geral do Corpo de Bombeiros, coronel Marcelo Ara\u00fajo; a superintendente da Suplan, Simone Guimar\u00e3es; a secret\u00e1ria do Desenvolvimento Humano, Pollyanna Dutra; o secret\u00e1rio da Sa\u00fade, Arymatheus Reis; o secret\u00e1rio da Fazenda, Marialvo Laureano; o secret\u00e1rio da Administra\u00e7\u00e3o, Tib\u00e9rio Limeira; o chefe de Gabinete do Governador, Ronaldo Guerra; o secret\u00e1rio executivo da Administra\u00e7\u00e3o Penitenci\u00e1ria, Jo\u00e3o Paulo Barros; o secret\u00e1rio executivo da Comunica\u00e7\u00e3o Institucional, F\u00e1bio Barros, dentre outros auxiliares da gest\u00e3o estadual.<\/p>\n\n\n","protected":false},"excerpt":{"rendered":"<p>O governador Jo\u00e3o Azev\u00eado entregou, nesta quinta-feira (11), no Parque de Exposi\u00e7\u00f5es Henrique Vieira de Melo, em Jo\u00e3o Pessoa, o<\/p>\n","protected":false},"author":5,"featured_media":923042,"comment_status":"closed","ping_status":"closed","sticky":false,"template":"","format":"standard","meta":{"_exactmetrics_skip_tracking":false,"_exactmetrics_sitenote_active":false,"_exactmetrics_sitenote_note":"","_exactmetrics_sitenote_category":0,"footnotes":""},"categories":[5],"tags":[],"yoast_head":"<!-- This site is optimized with the Yoast SEO plugin v22.0 - https:\/\/yoast.com\/wordpress\/plugins\/seo\/ -->\n<title>Governador Jo\u00e3o Azev\u00eado inaugura novo Centro de Equoterapia da PMPB e destaca fortalecimento das pol\u00edticas p\u00fablicas de inclus\u00e3o - Pol\u00edcia Militar da Para\u00edba<\/title>\n<meta name=\"robots\" content=\"index, follow, max-snippet:-1, max-image-preview:large, max-video-preview:-1\" \/>\n<link rel=\"canonical\" href=\"https:\/\/www.pm.pb.gov.br\/portal\/2024\/07\/12\/governador-joao-azevedo-inaugura-novo-centro-de-equoterapia-da-pmpb-e-destaca-fortalecimento-das-politicas-publicas-de-inclusao\/\" \/>\n<meta property=\"og:locale\" content=\"pt_BR\" \/>\n<meta property=\"og:type\" content=\"article\" \/>\n<meta property=\"og:title\" content=\"Governador Jo\u00e3o Azev\u00eado inaugura novo Centro de Equoterapia da PMPB e destaca fortalecimento das pol\u00edticas p\u00fablicas de inclus\u00e3o - Pol\u00edcia Militar da Para\u00edba\" \/>\n<meta property=\"og:description\" content=\"O governador Jo\u00e3o Azev\u00eado entregou, nesta quinta-feira (11), no Parque de Exposi\u00e7\u00f5es Henrique Vieira de Melo, em Jo\u00e3o Pessoa, o\" \/>\n<meta property=\"og:url\" content=\"https:\/\/www.pm.pb.gov.br\/portal\/2024\/07\/12\/governador-joao-azevedo-inaugura-novo-centro-de-equoterapia-da-pmpb-e-destaca-fortalecimento-das-politicas-publicas-de-inclusao\/\" \/>\n<meta property=\"og:site_name\" content=\"Pol\u00edcia Militar da Para\u00edba\" \/>\n<meta property=\"article:published_time\" content=\"2024-07-12T08:30:00+00:00\" \/>\n<meta property=\"article:modified_time\" content=\"2024-07-12T15:45:14+00:00\" \/>\n<meta property=\"og:image\" content=\"http:\/\/www.pm.pb.gov.br\/portal\/wp-content\/uploads\/2024\/07\/unnamed-54.jpg\" \/>\n\t<meta property=\"og:image:width\" content=\"1620\" \/>\n\t<meta property=\"og:image:height\" content=\"1080\" \/>\n\t<meta property=\"og:image:type\" content=\"image\/jpeg\" \/>\n<meta name=\"author\" content=\"Assessoria de Imprensa da PMPB\" \/>\n<meta name=\"twitter:card\" content=\"summary_large_image\" \/>\n<meta name=\"twitter:label1\" content=\"Escrito por\" \/>\n\t<meta name=\"twitter:data1\" content=\"Assessoria de Imprensa da PMPB\" \/>\n\t<meta name=\"twitter:label2\" content=\"Est. tempo de leitura\" \/>\n\t<meta name=\"twitter:data2\" content=\"8 minutos\" \/>\n<script type=\"application\/ld+json\" class=\"yoast-schema-graph\">{\"@context\":\"https:\/\/schema.org\",\"@graph\":[{\"@type\":\"Article\",\"@id\":\"https:\/\/www.pm.pb.gov.br\/portal\/2024\/07\/12\/governador-joao-azevedo-inaugura-novo-centro-de-equoterapia-da-pmpb-e-destaca-fortalecimento-das-politicas-publicas-de-inclusao\/#article\",\"isPartOf\":{\"@id\":\"https:\/\/www.pm.pb.gov.br\/portal\/2024\/07\/12\/governador-joao-azevedo-inaugura-novo-centro-de-equoterapia-da-pmpb-e-destaca-fortalecimento-das-politicas-publicas-de-inclusao\/\"},\"author\":{\"name\":\"Assessoria de Imprensa da PMPB\",\"@id\":\"https:\/\/www.pm.pb.gov.br\/portal\/#\/schema\/person\/e8454f46651c3ecf0e1ba3c1666d9947\"},\"headline\":\"Governador Jo\u00e3o Azev\u00eado inaugura novo Centro de Equoterapia da PMPB e destaca fortalecimento das pol\u00edticas p\u00fablicas de inclus\u00e3o\",\"datePublished\":\"2024-07-12T08:30:00+00:00\",\"dateModified\":\"2024-07-12T15:45:14+00:00\",\"mainEntityOfPage\":{\"@id\":\"https:\/\/www.pm.pb.gov.br\/portal\/2024\/07\/12\/governador-joao-azevedo-inaugura-novo-centro-de-equoterapia-da-pmpb-e-destaca-fortalecimento-das-politicas-publicas-de-inclusao\/\"},\"wordCount\":1136,\"publisher\":{\"@id\":\"https:\/\/www.pm.pb.gov.br\/portal\/#organization\"},\"articleSection\":[\"Homenagens\"],\"inLanguage\":\"pt-BR\"},{\"@type\":\"WebPage\",\"@id\":\"https:\/\/www.pm.pb.gov.br\/portal\/2024\/07\/12\/governador-joao-azevedo-inaugura-novo-centro-de-equoterapia-da-pmpb-e-destaca-fortalecimento-das-politicas-publicas-de-inclusao\/\",\"url\":\"https:\/\/www.pm.pb.gov.br\/portal\/2024\/07\/12\/governador-joao-azevedo-inaugura-novo-centro-de-equoterapia-da-pmpb-e-destaca-fortalecimento-das-politicas-publicas-de-inclusao\/\",\"name\":\"Governador Jo\u00e3o Azev\u00eado inaugura novo Centro de Equoterapia da PMPB e destaca fortalecimento das pol\u00edticas p\u00fablicas de inclus\u00e3o - Pol\u00edcia Militar da Para\u00edba\",\"isPartOf\":{\"@id\":\"https:\/\/www.pm.pb.gov.br\/portal\/#website\"},\"datePublished\":\"2024-07-12T08:30:00+00:00\",\"dateModified\":\"2024-07-12T15:45:14+00:00\",\"breadcrumb\":{\"@id\":\"https:\/\/www.pm.pb.gov.br\/portal\/2024\/07\/12\/governador-joao-azevedo-inaugura-novo-centro-de-equoterapia-da-pmpb-e-destaca-fortalecimento-das-politicas-publicas-de-inclusao\/#breadcrumb\"},\"inLanguage\":\"pt-BR\",\"potentialAction\":[{\"@type\":\"ReadAction\",\"target\":[\"https:\/\/www.pm.pb.gov.br\/portal\/2024\/07\/12\/governador-joao-azevedo-inaugura-novo-centro-de-equoterapia-da-pmpb-e-destaca-fortalecimento-das-politicas-publicas-de-inclusao\/\"]}]},{\"@type\":\"BreadcrumbList\",\"@id\":\"https:\/\/www.pm.pb.gov.br\/portal\/2024\/07\/12\/governador-joao-azevedo-inaugura-novo-centro-de-equoterapia-da-pmpb-e-destaca-fortalecimento-das-politicas-publicas-de-inclusao\/#breadcrumb\",\"itemListElement\":[{\"@type\":\"ListItem\",\"position\":1,\"name\":\"In\u00edcio\",\"item\":\"https:\/\/www.pm.pb.gov.br\/portal\/\"},{\"@type\":\"ListItem\",\"position\":2,\"name\":\"Governador Jo\u00e3o Azev\u00eado inaugura novo Centro de Equoterapia da PMPB e destaca fortalecimento das pol\u00edticas p\u00fablicas de inclus\u00e3o\"}]},{\"@type\":\"WebSite\",\"@id\":\"https:\/\/www.pm.pb.gov.br\/portal\/#website\",\"url\":\"https:\/\/www.pm.pb.gov.br\/portal\/\",\"name\":\"Pol\u00edcia Militar da Para\u00edba\",\"description\":\"\",\"publisher\":{\"@id\":\"https:\/\/www.pm.pb.gov.br\/portal\/#organization\"},\"potentialAction\":[{\"@type\":\"SearchAction\",\"target\":{\"@type\":\"EntryPoint\",\"urlTemplate\":\"https:\/\/www.pm.pb.gov.br\/portal\/?s={search_term_string}\"},\"query-input\":\"required name=search_term_string\"}],\"inLanguage\":\"pt-BR\"},{\"@type\":\"Organization\",\"@id\":\"https:\/\/www.pm.pb.gov.br\/portal\/#organization\",\"name\":\"Pol\u00edcia Militar da Para\u00edba\",\"url\":\"https:\/\/www.pm.pb.gov.br\/portal\/\",\"logo\":{\"@type\":\"ImageObject\",\"inLanguage\":\"pt-BR\",\"@id\":\"https:\/\/www.pm.pb.gov.br\/portal\/#\/schema\/logo\/image\/\",\"url\":\"https:\/\/www.pm.pb.gov.br\/portal\/wp-content\/uploads\/2025\/03\/cropped-logo-site-mag2-1.png\",\"contentUrl\":\"https:\/\/www.pm.pb.gov.br\/portal\/wp-content\/uploads\/2025\/03\/cropped-logo-site-mag2-1.png\",\"width\":320,\"height\":90,\"caption\":\"Pol\u00edcia Militar da Para\u00edba\"},\"image\":{\"@id\":\"https:\/\/www.pm.pb.gov.br\/portal\/#\/schema\/logo\/image\/\"}},{\"@type\":\"Person\",\"@id\":\"https:\/\/www.pm.pb.gov.br\/portal\/#\/schema\/person\/e8454f46651c3ecf0e1ba3c1666d9947\",\"name\":\"Assessoria de Imprensa da PMPB\",\"image\":{\"@type\":\"ImageObject\",\"inLanguage\":\"pt-BR\",\"@id\":\"https:\/\/www.pm.pb.gov.br\/portal\/#\/schema\/person\/image\/\",\"url\":\"https:\/\/secure.gravatar.com\/avatar\/2efe197438265d1e90bd98c4c8e1acf8?s=96&d=mm&r=g\",\"contentUrl\":\"https:\/\/secure.gravatar.com\/avatar\/2efe197438265d1e90bd98c4c8e1acf8?s=96&d=mm&r=g\",\"caption\":\"Assessoria de Imprensa da PMPB\"},\"url\":\"https:\/\/www.pm.pb.gov.br\/portal\/author\/assessoria\/\"}]}<\/script>\n<!-- \/ Yoast SEO plugin. -->","yoast_head_json":{"title":"Governador Jo\u00e3o Azev\u00eado inaugura novo Centro de Equoterapia da PMPB e destaca fortalecimento das pol\u00edticas p\u00fablicas de inclus\u00e3o - Pol\u00edcia Militar da Para\u00edba","robots":{"index":"index","follow":"follow","max-snippet":"max-snippet:-1","max-image-preview":"max-image-preview:large","max-video-preview":"max-video-preview:-1"},"canonical":"https:\/\/www.pm.pb.gov.br\/portal\/2024\/07\/12\/governador-joao-azevedo-inaugura-novo-centro-de-equoterapia-da-pmpb-e-destaca-fortalecimento-das-politicas-publicas-de-inclusao\/","og_locale":"pt_BR","og_type":"article","og_title":"Governador Jo\u00e3o Azev\u00eado inaugura novo Centro de Equoterapia da PMPB e destaca fortalecimento das pol\u00edticas p\u00fablicas de inclus\u00e3o - Pol\u00edcia Militar da Para\u00edba","og_description":"O governador Jo\u00e3o Azev\u00eado entregou, nesta quinta-feira (11), no Parque de Exposi\u00e7\u00f5es Henrique Vieira de Melo, em Jo\u00e3o Pessoa, o","og_url":"https:\/\/www.pm.pb.gov.br\/portal\/2024\/07\/12\/governador-joao-azevedo-inaugura-novo-centro-de-equoterapia-da-pmpb-e-destaca-fortalecimento-das-politicas-publicas-de-inclusao\/","og_site_name":"Pol\u00edcia Militar da Para\u00edba","article_published_time":"2024-07-12T08:30:00+00:00","article_modified_time":"2024-07-12T15:45:14+00:00","og_image":[{"width":1620,"height":1080,"url":"http:\/\/www.pm.pb.gov.br\/portal\/wp-content\/uploads\/2024\/07\/unnamed-54.jpg","type":"image\/jpeg"}],"author":"Assessoria de Imprensa da PMPB","twitter_card":"summary_large_image","twitter_misc":{"Escrito por":"Assessoria de Imprensa da PMPB","Est. tempo de leitura":"8 minutos"},"schema":{"@context":"https:\/\/schema.org","@graph":[{"@type":"Article","@id":"https:\/\/www.pm.pb.gov.br\/portal\/2024\/07\/12\/governador-joao-azevedo-inaugura-novo-centro-de-equoterapia-da-pmpb-e-destaca-fortalecimento-das-politicas-publicas-de-inclusao\/#article","isPartOf":{"@id":"https:\/\/www.pm.pb.gov.br\/portal\/2024\/07\/12\/governador-joao-azevedo-inaugura-novo-centro-de-equoterapia-da-pmpb-e-destaca-fortalecimento-das-politicas-publicas-de-inclusao\/"},"author":{"name":"Assessoria de Imprensa da PMPB","@id":"https:\/\/www.pm.pb.gov.br\/portal\/#\/schema\/person\/e8454f46651c3ecf0e1ba3c1666d9947"},"headline":"Governador Jo\u00e3o Azev\u00eado inaugura novo Centro de Equoterapia da PMPB e destaca fortalecimento das pol\u00edticas p\u00fablicas de inclus\u00e3o","datePublished":"2024-07-12T08:30:00+00:00","dateModified":"2024-07-12T15:45:14+00:00","mainEntityOfPage":{"@id":"https:\/\/www.pm.pb.gov.br\/portal\/2024\/07\/12\/governador-joao-azevedo-inaugura-novo-centro-de-equoterapia-da-pmpb-e-destaca-fortalecimento-das-politicas-publicas-de-inclusao\/"},"wordCount":1136,"publisher":{"@id":"https:\/\/www.pm.pb.gov.br\/portal\/#organization"},"articleSection":["Homenagens"],"inLanguage":"pt-BR"},{"@type":"WebPage","@id":"https:\/\/www.pm.pb.gov.br\/portal\/2024\/07\/12\/governador-joao-azevedo-inaugura-novo-centro-de-equoterapia-da-pmpb-e-destaca-fortalecimento-das-politicas-publicas-de-inclusao\/","url":"https:\/\/www.pm.pb.gov.br\/portal\/2024\/07\/12\/governador-joao-azevedo-inaugura-novo-centro-de-equoterapia-da-pmpb-e-destaca-fortalecimento-das-politicas-publicas-de-inclusao\/","name":"Governador Jo\u00e3o Azev\u00eado inaugura novo Centro de Equoterapia da PMPB e destaca fortalecimento das pol\u00edticas p\u00fablicas de inclus\u00e3o - Pol\u00edcia Militar da Para\u00edba","isPartOf":{"@id":"https:\/\/www.pm.pb.gov.br\/portal\/#website"},"datePublished":"2024-07-12T08:30:00+00:00","dateModified":"2024-07-12T15:45:14+00:00","breadcrumb":{"@id":"https:\/\/www.pm.pb.gov.br\/portal\/2024\/07\/12\/governador-joao-azevedo-inaugura-novo-centro-de-equoterapia-da-pmpb-e-destaca-fortalecimento-das-politicas-publicas-de-inclusao\/#breadcrumb"},"inLanguage":"pt-BR","potentialAction":[{"@type":"ReadAction","target":["https:\/\/www.pm.pb.gov.br\/portal\/2024\/07\/12\/governador-joao-azevedo-inaugura-novo-centro-de-equoterapia-da-pmpb-e-destaca-fortalecimento-das-politicas-publicas-de-inclusao\/"]}]},{"@type":"BreadcrumbList","@id":"https:\/\/www.pm.pb.gov.br\/portal\/2024\/07\/12\/governador-joao-azevedo-inaugura-novo-centro-de-equoterapia-da-pmpb-e-destaca-fortalecimento-das-politicas-publicas-de-inclusao\/#breadcrumb","itemListElement":[{"@type":"ListItem","position":1,"name":"In\u00edcio","item":"https:\/\/www.pm.pb.gov.br\/portal\/"},{"@type":"ListItem","position":2,"name":"Governador Jo\u00e3o Azev\u00eado inaugura novo Centro de Equoterapia da PMPB e destaca fortalecimento das pol\u00edticas p\u00fablicas de inclus\u00e3o"}]},{"@type":"WebSite","@id":"https:\/\/www.pm.pb.gov.br\/portal\/#website","url":"https:\/\/www.pm.pb.gov.br\/portal\/","name":"Pol\u00edcia Militar da Para\u00edba","description":"","publisher":{"@id":"https:\/\/www.pm.pb.gov.br\/portal\/#organization"},"potentialAction":[{"@type":"SearchAction","target":{"@type":"EntryPoint","urlTemplate":"https:\/\/www.pm.pb.gov.br\/portal\/?s={search_term_string}"},"query-input":"required name=search_term_string"}],"inLanguage":"pt-BR"},{"@type":"Organization","@id":"https:\/\/www.pm.pb.gov.br\/portal\/#organization","name":"Pol\u00edcia Militar da Para\u00edba","url":"https:\/\/www.pm.pb.gov.br\/portal\/","logo":{"@type":"ImageObject","inLanguage":"pt-BR","@id":"https:\/\/www.pm.pb.gov.br\/portal\/#\/schema\/logo\/image\/","url":"https:\/\/www.pm.pb.gov.br\/portal\/wp-content\/uploads\/2025\/03\/cropped-logo-site-mag2-1.png","contentUrl":"https:\/\/www.pm.pb.gov.br\/portal\/wp-content\/uploads\/2025\/03\/cropped-logo-site-mag2-1.png","width":320,"height":90,"caption":"Pol\u00edcia Militar da Para\u00edba"},"image":{"@id":"https:\/\/www.pm.pb.gov.br\/portal\/#\/schema\/logo\/image\/"}},{"@type":"Person","@id":"https:\/\/www.pm.pb.gov.br\/portal\/#\/schema\/person\/e8454f46651c3ecf0e1ba3c1666d9947","name":"Assessoria de Imprensa da PMPB","image":{"@type":"ImageObject","inLanguage":"pt-BR","@id":"https:\/\/www.pm.pb.gov.br\/portal\/#\/schema\/person\/image\/","url":"https:\/\/secure.gravatar.com\/avatar\/2efe197438265d1e90bd98c4c8e1acf8?s=96&d=mm&r=g","contentUrl":"https:\/\/secure.gravatar.com\/avatar\/2efe197438265d1e90bd98c4c8e1acf8?s=96&d=mm&r=g","caption":"Assessoria de Imprensa da PMPB"},"url":"https:\/\/www.pm.pb.gov.br\/portal\/author\/assessoria\/"}]}},"_links":{"self":[{"href":"https:\/\/www.pm.pb.gov.br\/portal\/wp-json\/wp\/v2\/posts\/923030"}],"collection":[{"href":"https:\/\/www.pm.pb.gov.br\/portal\/wp-json\/wp\/v2\/posts"}],"about":[{"href":"https:\/\/www.pm.pb.gov.br\/portal\/wp-json\/wp\/v2\/types\/post"}],"author":[{"embeddable":true,"href":"https:\/\/www.pm.pb.gov.br\/portal\/wp-json\/wp\/v2\/users\/5"}],"replies":[{"embeddable":true,"href":"https:\/\/www.pm.pb.gov.br\/portal\/wp-json\/wp\/v2\/comments?post=923030"}],"version-history":[{"count":2,"href":"https:\/\/www.pm.pb.gov.br\/portal\/wp-json\/wp\/v2\/posts\/923030\/revisions"}],"predecessor-version":[{"id":923053,"href":"https:\/\/www.pm.pb.gov.br\/portal\/wp-json\/wp\/v2\/posts\/923030\/revisions\/923053"}],"wp:featuredmedia":[{"embeddable":true,"href":"https:\/\/www.pm.pb.gov.br\/portal\/wp-json\/wp\/v2\/media\/923042"}],"wp:attachment":[{"href":"https:\/\/www.pm.pb.gov.br\/portal\/wp-json\/wp\/v2\/media?parent=923030"}],"wp:term":[{"taxonomy":"category","embeddable":true,"href":"https:\/\/www.pm.pb.gov.br\/portal\/wp-json\/wp\/v2\/categories?post=923030"},{"taxonomy":"post_tag","embeddable":true,"href":"https:\/\/www.pm.pb.gov.br\/portal\/wp-json\/wp\/v2\/tags?post=923030"}],"curies":[{"name":"wp","href":"https:\/\/api.w.org\/{rel}","templated":true}]}}