{"id":923026,"date":"2024-07-12T08:30:56","date_gmt":"2024-07-12T11:30:56","guid":{"rendered":"https:\/\/www.pm.pb.gov.br\/portal\/?p=923026"},"modified":"2024-07-12T08:35:34","modified_gmt":"2024-07-12T11:35:34","slug":"reforco-policial-em-bayeux-frustra-novos-crimes-e-prende-dupla-de-assaltantes-em-posto-de-combustivel","status":"publish","type":"post","link":"https:\/\/www.pm.pb.gov.br\/portal\/2024\/07\/12\/reforco-policial-em-bayeux-frustra-novos-crimes-e-prende-dupla-de-assaltantes-em-posto-de-combustivel\/","title":{"rendered":"Refor\u00e7o policial em Bayeux frustra novos crimes e prende dupla de assaltantes em posto de combust\u00edvel"},"content":{"rendered":"\n<p>O refor\u00e7o policial em Bayeux frustrou novos crimes e prendeu, em flagrante, uma dupla de criminosos que estava assaltando um posto de combust\u00edvel (foto acima ilustrativa). A a\u00e7\u00e3o ocorreu entre a noite da \u00faltima quinta-feira (11) e madrugada desta sexta. Com estas pris\u00f5es, sobe para sete o n\u00famero total de presos desde a quarta-feira.<\/p>\n<p>Os criminosos foram flagrados pelos policiais da For\u00e7a Regional e unidades da regi\u00e3o metropolitana. De acordo com os policiais, os acusados estavam com um rev\u00f3lver calibre 38, amea\u00e7ando a vida de um trabalhador no posto de combust\u00edvel. Com o cerco r\u00e1pido da PM, a dupla foi presa, a arma apreendida e o dinheiro que seria levado foi recuperado. Os dois acusados estavam com uma motocicleta que havia sido roubada na mesma noite no munic\u00edpio de Santa Rita. O ve\u00edculo foi recuperado tamb\u00e9m.<\/p>\n<p>As a\u00e7\u00f5es de refor\u00e7o contam com tropas especializadas da PM, al\u00e9m da 4\u00aa Companhia Independente, e s\u00e3o coordenadas pelo pr\u00f3prio comandante-geral da PM, o coronel S\u00e9rgio Fonseca.<\/p>\n<p><strong>Outras pris\u00f5es \u2013<\/strong> Desde a \u00faltima quarta, sete pessoas j\u00e1 foram presas pela PM em Bayeux, acusadas de porte ilegal de arma de fogo, tr\u00e1fico, roubos e outros crimes.<\/p>\n<p><em>Atualizado \u00e0s 08h59.<\/em><\/p>\n","protected":false},"excerpt":{"rendered":"<p>O refor\u00e7o policial em Bayeux frustrou novos crimes e prendeu, em flagrante, uma dupla de criminosos que estava assaltando um<\/p>\n","protected":false},"author":12,"featured_media":922720,"comment_status":"closed","ping_status":"closed","sticky":false,"template":"","format":"standard","meta":{"_exactmetrics_skip_tracking":false,"_exactmetrics_sitenote_active":false,"_exactmetrics_sitenote_note":"","_exactmetrics_sitenote_category":0,"footnotes":""},"categories":[4],"tags":[],"yoast_head":"<!-- This site is optimized with the Yoast SEO plugin v22.0 - https:\/\/yoast.com\/wordpress\/plugins\/seo\/ -->\n<title>Refor\u00e7o policial em Bayeux frustra novos crimes e prende dupla de assaltantes em posto de combust\u00edvel - Pol\u00edcia Militar da Para\u00edba<\/title>\n<meta name=\"description\" content=\"Desde a \u00faltima quarta, sete pessoas j\u00e1 foram presas pela PM em Bayeux, acusadas de porte ilegal de arma de fogo, tr\u00e1fico, roubos e outros crimes.\" \/>\n<meta name=\"robots\" content=\"index, follow, max-snippet:-1, max-image-preview:large, max-video-preview:-1\" \/>\n<link rel=\"canonical\" href=\"https:\/\/www.pm.pb.gov.br\/portal\/2024\/07\/12\/reforco-policial-em-bayeux-frustra-novos-crimes-e-prende-dupla-de-assaltantes-em-posto-de-combustivel\/\" \/>\n<meta property=\"og:locale\" content=\"pt_BR\" \/>\n<meta property=\"og:type\" content=\"article\" \/>\n<meta property=\"og:title\" content=\"Refor\u00e7o policial em Bayeux frustra novos crimes e prende dupla de assaltantes em posto de combust\u00edvel - Pol\u00edcia Militar da Para\u00edba\" \/>\n<meta property=\"og:description\" content=\"Desde a \u00faltima quarta, sete pessoas j\u00e1 foram presas pela PM em Bayeux, acusadas de porte ilegal de arma de fogo, tr\u00e1fico, roubos e outros crimes.\" \/>\n<meta property=\"og:url\" content=\"https:\/\/www.pm.pb.gov.br\/portal\/2024\/07\/12\/reforco-policial-em-bayeux-frustra-novos-crimes-e-prende-dupla-de-assaltantes-em-posto-de-combustivel\/\" \/>\n<meta property=\"og:site_name\" content=\"Pol\u00edcia Militar da Para\u00edba\" \/>\n<meta property=\"article:published_time\" content=\"2024-07-12T11:30:56+00:00\" \/>\n<meta property=\"article:modified_time\" content=\"2024-07-12T11:35:34+00:00\" \/>\n<meta property=\"og:image\" content=\"http:\/\/www.pm.pb.gov.br\/portal\/wp-content\/uploads\/2024\/06\/WhatsApp-Image-2024-06-27-at-14.06.46.jpeg\" \/>\n\t<meta property=\"og:image:width\" content=\"800\" \/>\n\t<meta property=\"og:image:height\" content=\"445\" \/>\n\t<meta property=\"og:image:type\" content=\"image\/jpeg\" \/>\n<meta name=\"author\" content=\"Tarcisio Oliveira\" \/>\n<meta name=\"twitter:card\" content=\"summary_large_image\" \/>\n<meta name=\"twitter:label1\" content=\"Escrito por\" \/>\n\t<meta name=\"twitter:data1\" content=\"Tarcisio Oliveira\" \/>\n\t<meta name=\"twitter:label2\" content=\"Est. tempo de leitura\" \/>\n\t<meta name=\"twitter:data2\" content=\"2 minutos\" \/>\n<script type=\"application\/ld+json\" class=\"yoast-schema-graph\">{\"@context\":\"https:\/\/schema.org\",\"@graph\":[{\"@type\":\"Article\",\"@id\":\"https:\/\/www.pm.pb.gov.br\/portal\/2024\/07\/12\/reforco-policial-em-bayeux-frustra-novos-crimes-e-prende-dupla-de-assaltantes-em-posto-de-combustivel\/#article\",\"isPartOf\":{\"@id\":\"https:\/\/www.pm.pb.gov.br\/portal\/2024\/07\/12\/reforco-policial-em-bayeux-frustra-novos-crimes-e-prende-dupla-de-assaltantes-em-posto-de-combustivel\/\"},\"author\":{\"name\":\"Tarcisio Oliveira\",\"@id\":\"https:\/\/www.pm.pb.gov.br\/portal\/#\/schema\/person\/f84f56dcc78ce4357054da888b8247fd\"},\"headline\":\"Refor\u00e7o policial em Bayeux frustra novos crimes e prende dupla de assaltantes em posto de combust\u00edvel\",\"datePublished\":\"2024-07-12T11:30:56+00:00\",\"dateModified\":\"2024-07-12T11:35:34+00:00\",\"mainEntityOfPage\":{\"@id\":\"https:\/\/www.pm.pb.gov.br\/portal\/2024\/07\/12\/reforco-policial-em-bayeux-frustra-novos-crimes-e-prende-dupla-de-assaltantes-em-posto-de-combustivel\/\"},\"wordCount\":231,\"publisher\":{\"@id\":\"https:\/\/www.pm.pb.gov.br\/portal\/#organization\"},\"articleSection\":[\"A\u00e7\u00f5es Policiais\"],\"inLanguage\":\"pt-BR\"},{\"@type\":\"WebPage\",\"@id\":\"https:\/\/www.pm.pb.gov.br\/portal\/2024\/07\/12\/reforco-policial-em-bayeux-frustra-novos-crimes-e-prende-dupla-de-assaltantes-em-posto-de-combustivel\/\",\"url\":\"https:\/\/www.pm.pb.gov.br\/portal\/2024\/07\/12\/reforco-policial-em-bayeux-frustra-novos-crimes-e-prende-dupla-de-assaltantes-em-posto-de-combustivel\/\",\"name\":\"Refor\u00e7o policial em Bayeux frustra novos crimes e prende dupla de assaltantes em posto de combust\u00edvel - Pol\u00edcia Militar da Para\u00edba\",\"isPartOf\":{\"@id\":\"https:\/\/www.pm.pb.gov.br\/portal\/#website\"},\"datePublished\":\"2024-07-12T11:30:56+00:00\",\"dateModified\":\"2024-07-12T11:35:34+00:00\",\"description\":\"Desde a \u00faltima quarta, sete pessoas j\u00e1 foram presas pela PM em Bayeux, acusadas de porte ilegal de arma de fogo, tr\u00e1fico, roubos e outros crimes.\",\"breadcrumb\":{\"@id\":\"https:\/\/www.pm.pb.gov.br\/portal\/2024\/07\/12\/reforco-policial-em-bayeux-frustra-novos-crimes-e-prende-dupla-de-assaltantes-em-posto-de-combustivel\/#breadcrumb\"},\"inLanguage\":\"pt-BR\",\"potentialAction\":[{\"@type\":\"ReadAction\",\"target\":[\"https:\/\/www.pm.pb.gov.br\/portal\/2024\/07\/12\/reforco-policial-em-bayeux-frustra-novos-crimes-e-prende-dupla-de-assaltantes-em-posto-de-combustivel\/\"]}]},{\"@type\":\"BreadcrumbList\",\"@id\":\"https:\/\/www.pm.pb.gov.br\/portal\/2024\/07\/12\/reforco-policial-em-bayeux-frustra-novos-crimes-e-prende-dupla-de-assaltantes-em-posto-de-combustivel\/#breadcrumb\",\"itemListElement\":[{\"@type\":\"ListItem\",\"position\":1,\"name\":\"In\u00edcio\",\"item\":\"https:\/\/www.pm.pb.gov.br\/portal\/\"},{\"@type\":\"ListItem\",\"position\":2,\"name\":\"Refor\u00e7o policial em Bayeux frustra novos crimes e prende dupla de assaltantes em posto de combust\u00edvel\"}]},{\"@type\":\"WebSite\",\"@id\":\"https:\/\/www.pm.pb.gov.br\/portal\/#website\",\"url\":\"https:\/\/www.pm.pb.gov.br\/portal\/\",\"name\":\"Pol\u00edcia Militar da Para\u00edba\",\"description\":\"\",\"publisher\":{\"@id\":\"https:\/\/www.pm.pb.gov.br\/portal\/#organization\"},\"potentialAction\":[{\"@type\":\"SearchAction\",\"target\":{\"@type\":\"EntryPoint\",\"urlTemplate\":\"https:\/\/www.pm.pb.gov.br\/portal\/?s={search_term_string}\"},\"query-input\":\"required name=search_term_string\"}],\"inLanguage\":\"pt-BR\"},{\"@type\":\"Organization\",\"@id\":\"https:\/\/www.pm.pb.gov.br\/portal\/#organization\",\"name\":\"Pol\u00edcia Militar da Para\u00edba\",\"url\":\"https:\/\/www.pm.pb.gov.br\/portal\/\",\"logo\":{\"@type\":\"ImageObject\",\"inLanguage\":\"pt-BR\",\"@id\":\"https:\/\/www.pm.pb.gov.br\/portal\/#\/schema\/logo\/image\/\",\"url\":\"https:\/\/www.pm.pb.gov.br\/portal\/wp-content\/uploads\/2025\/03\/cropped-logo-site-mag2-1.png\",\"contentUrl\":\"https:\/\/www.pm.pb.gov.br\/portal\/wp-content\/uploads\/2025\/03\/cropped-logo-site-mag2-1.png\",\"width\":320,\"height\":90,\"caption\":\"Pol\u00edcia Militar da Para\u00edba\"},\"image\":{\"@id\":\"https:\/\/www.pm.pb.gov.br\/portal\/#\/schema\/logo\/image\/\"}},{\"@type\":\"Person\",\"@id\":\"https:\/\/www.pm.pb.gov.br\/portal\/#\/schema\/person\/f84f56dcc78ce4357054da888b8247fd\",\"name\":\"Tarcisio Oliveira\",\"image\":{\"@type\":\"ImageObject\",\"inLanguage\":\"pt-BR\",\"@id\":\"https:\/\/www.pm.pb.gov.br\/portal\/#\/schema\/person\/image\/\",\"url\":\"https:\/\/secure.gravatar.com\/avatar\/72917b630b69d31cd0297507f34bac97?s=96&d=mm&r=g\",\"contentUrl\":\"https:\/\/secure.gravatar.com\/avatar\/72917b630b69d31cd0297507f34bac97?s=96&d=mm&r=g\",\"caption\":\"Tarcisio Oliveira\"},\"url\":\"https:\/\/www.pm.pb.gov.br\/portal\/author\/tarcisio\/\"}]}<\/script>\n<!-- \/ Yoast SEO plugin. -->","yoast_head_json":{"title":"Refor\u00e7o policial em Bayeux frustra novos crimes e prende dupla de assaltantes em posto de combust\u00edvel - Pol\u00edcia Militar da Para\u00edba","description":"Desde a \u00faltima quarta, sete pessoas j\u00e1 foram presas pela PM em Bayeux, acusadas de porte ilegal de arma de fogo, tr\u00e1fico, roubos e outros crimes.","robots":{"index":"index","follow":"follow","max-snippet":"max-snippet:-1","max-image-preview":"max-image-preview:large","max-video-preview":"max-video-preview:-1"},"canonical":"https:\/\/www.pm.pb.gov.br\/portal\/2024\/07\/12\/reforco-policial-em-bayeux-frustra-novos-crimes-e-prende-dupla-de-assaltantes-em-posto-de-combustivel\/","og_locale":"pt_BR","og_type":"article","og_title":"Refor\u00e7o policial em Bayeux frustra novos crimes e prende dupla de assaltantes em posto de combust\u00edvel - Pol\u00edcia Militar da Para\u00edba","og_description":"Desde a \u00faltima quarta, sete pessoas j\u00e1 foram presas pela PM em Bayeux, acusadas de porte ilegal de arma de fogo, tr\u00e1fico, roubos e outros crimes.","og_url":"https:\/\/www.pm.pb.gov.br\/portal\/2024\/07\/12\/reforco-policial-em-bayeux-frustra-novos-crimes-e-prende-dupla-de-assaltantes-em-posto-de-combustivel\/","og_site_name":"Pol\u00edcia Militar da Para\u00edba","article_published_time":"2024-07-12T11:30:56+00:00","article_modified_time":"2024-07-12T11:35:34+00:00","og_image":[{"width":800,"height":445,"url":"http:\/\/www.pm.pb.gov.br\/portal\/wp-content\/uploads\/2024\/06\/WhatsApp-Image-2024-06-27-at-14.06.46.jpeg","type":"image\/jpeg"}],"author":"Tarcisio Oliveira","twitter_card":"summary_large_image","twitter_misc":{"Escrito por":"Tarcisio Oliveira","Est. tempo de leitura":"2 minutos"},"schema":{"@context":"https:\/\/schema.org","@graph":[{"@type":"Article","@id":"https:\/\/www.pm.pb.gov.br\/portal\/2024\/07\/12\/reforco-policial-em-bayeux-frustra-novos-crimes-e-prende-dupla-de-assaltantes-em-posto-de-combustivel\/#article","isPartOf":{"@id":"https:\/\/www.pm.pb.gov.br\/portal\/2024\/07\/12\/reforco-policial-em-bayeux-frustra-novos-crimes-e-prende-dupla-de-assaltantes-em-posto-de-combustivel\/"},"author":{"name":"Tarcisio Oliveira","@id":"https:\/\/www.pm.pb.gov.br\/portal\/#\/schema\/person\/f84f56dcc78ce4357054da888b8247fd"},"headline":"Refor\u00e7o policial em Bayeux frustra novos crimes e prende dupla de assaltantes em posto de combust\u00edvel","datePublished":"2024-07-12T11:30:56+00:00","dateModified":"2024-07-12T11:35:34+00:00","mainEntityOfPage":{"@id":"https:\/\/www.pm.pb.gov.br\/portal\/2024\/07\/12\/reforco-policial-em-bayeux-frustra-novos-crimes-e-prende-dupla-de-assaltantes-em-posto-de-combustivel\/"},"wordCount":231,"publisher":{"@id":"https:\/\/www.pm.pb.gov.br\/portal\/#organization"},"articleSection":["A\u00e7\u00f5es Policiais"],"inLanguage":"pt-BR"},{"@type":"WebPage","@id":"https:\/\/www.pm.pb.gov.br\/portal\/2024\/07\/12\/reforco-policial-em-bayeux-frustra-novos-crimes-e-prende-dupla-de-assaltantes-em-posto-de-combustivel\/","url":"https:\/\/www.pm.pb.gov.br\/portal\/2024\/07\/12\/reforco-policial-em-bayeux-frustra-novos-crimes-e-prende-dupla-de-assaltantes-em-posto-de-combustivel\/","name":"Refor\u00e7o policial em Bayeux frustra novos crimes e prende dupla de assaltantes em posto de combust\u00edvel - Pol\u00edcia Militar da Para\u00edba","isPartOf":{"@id":"https:\/\/www.pm.pb.gov.br\/portal\/#website"},"datePublished":"2024-07-12T11:30:56+00:00","dateModified":"2024-07-12T11:35:34+00:00","description":"Desde a \u00faltima quarta, sete pessoas j\u00e1 foram presas pela PM em Bayeux, acusadas de porte ilegal de arma de fogo, tr\u00e1fico, roubos e outros crimes.","breadcrumb":{"@id":"https:\/\/www.pm.pb.gov.br\/portal\/2024\/07\/12\/reforco-policial-em-bayeux-frustra-novos-crimes-e-prende-dupla-de-assaltantes-em-posto-de-combustivel\/#breadcrumb"},"inLanguage":"pt-BR","potentialAction":[{"@type":"ReadAction","target":["https:\/\/www.pm.pb.gov.br\/portal\/2024\/07\/12\/reforco-policial-em-bayeux-frustra-novos-crimes-e-prende-dupla-de-assaltantes-em-posto-de-combustivel\/"]}]},{"@type":"BreadcrumbList","@id":"https:\/\/www.pm.pb.gov.br\/portal\/2024\/07\/12\/reforco-policial-em-bayeux-frustra-novos-crimes-e-prende-dupla-de-assaltantes-em-posto-de-combustivel\/#breadcrumb","itemListElement":[{"@type":"ListItem","position":1,"name":"In\u00edcio","item":"https:\/\/www.pm.pb.gov.br\/portal\/"},{"@type":"ListItem","position":2,"name":"Refor\u00e7o policial em Bayeux frustra novos crimes e prende dupla de assaltantes em posto de combust\u00edvel"}]},{"@type":"WebSite","@id":"https:\/\/www.pm.pb.gov.br\/portal\/#website","url":"https:\/\/www.pm.pb.gov.br\/portal\/","name":"Pol\u00edcia Militar da Para\u00edba","description":"","publisher":{"@id":"https:\/\/www.pm.pb.gov.br\/portal\/#organization"},"potentialAction":[{"@type":"SearchAction","target":{"@type":"EntryPoint","urlTemplate":"https:\/\/www.pm.pb.gov.br\/portal\/?s={search_term_string}"},"query-input":"required name=search_term_string"}],"inLanguage":"pt-BR"},{"@type":"Organization","@id":"https:\/\/www.pm.pb.gov.br\/portal\/#organization","name":"Pol\u00edcia Militar da Para\u00edba","url":"https:\/\/www.pm.pb.gov.br\/portal\/","logo":{"@type":"ImageObject","inLanguage":"pt-BR","@id":"https:\/\/www.pm.pb.gov.br\/portal\/#\/schema\/logo\/image\/","url":"https:\/\/www.pm.pb.gov.br\/portal\/wp-content\/uploads\/2025\/03\/cropped-logo-site-mag2-1.png","contentUrl":"https:\/\/www.pm.pb.gov.br\/portal\/wp-content\/uploads\/2025\/03\/cropped-logo-site-mag2-1.png","width":320,"height":90,"caption":"Pol\u00edcia Militar da Para\u00edba"},"image":{"@id":"https:\/\/www.pm.pb.gov.br\/portal\/#\/schema\/logo\/image\/"}},{"@type":"Person","@id":"https:\/\/www.pm.pb.gov.br\/portal\/#\/schema\/person\/f84f56dcc78ce4357054da888b8247fd","name":"Tarcisio Oliveira","image":{"@type":"ImageObject","inLanguage":"pt-BR","@id":"https:\/\/www.pm.pb.gov.br\/portal\/#\/schema\/person\/image\/","url":"https:\/\/secure.gravatar.com\/avatar\/72917b630b69d31cd0297507f34bac97?s=96&d=mm&r=g","contentUrl":"https:\/\/secure.gravatar.com\/avatar\/72917b630b69d31cd0297507f34bac97?s=96&d=mm&r=g","caption":"Tarcisio Oliveira"},"url":"https:\/\/www.pm.pb.gov.br\/portal\/author\/tarcisio\/"}]}},"_links":{"self":[{"href":"https:\/\/www.pm.pb.gov.br\/portal\/wp-json\/wp\/v2\/posts\/923026"}],"collection":[{"href":"https:\/\/www.pm.pb.gov.br\/portal\/wp-json\/wp\/v2\/posts"}],"about":[{"href":"https:\/\/www.pm.pb.gov.br\/portal\/wp-json\/wp\/v2\/types\/post"}],"author":[{"embeddable":true,"href":"https:\/\/www.pm.pb.gov.br\/portal\/wp-json\/wp\/v2\/users\/12"}],"replies":[{"embeddable":true,"href":"https:\/\/www.pm.pb.gov.br\/portal\/wp-json\/wp\/v2\/comments?post=923026"}],"version-history":[{"count":2,"href":"https:\/\/www.pm.pb.gov.br\/portal\/wp-json\/wp\/v2\/posts\/923026\/revisions"}],"predecessor-version":[{"id":923029,"href":"https:\/\/www.pm.pb.gov.br\/portal\/wp-json\/wp\/v2\/posts\/923026\/revisions\/923029"}],"wp:featuredmedia":[{"embeddable":true,"href":"https:\/\/www.pm.pb.gov.br\/portal\/wp-json\/wp\/v2\/media\/922720"}],"wp:attachment":[{"href":"https:\/\/www.pm.pb.gov.br\/portal\/wp-json\/wp\/v2\/media?parent=923026"}],"wp:term":[{"taxonomy":"category","embeddable":true,"href":"https:\/\/www.pm.pb.gov.br\/portal\/wp-json\/wp\/v2\/categories?post=923026"},{"taxonomy":"post_tag","embeddable":true,"href":"https:\/\/www.pm.pb.gov.br\/portal\/wp-json\/wp\/v2\/tags?post=923026"}],"curies":[{"name":"wp","href":"https:\/\/api.w.org\/{rel}","templated":true}]}}