{"id":923020,"date":"2024-07-11T19:53:13","date_gmt":"2024-07-11T22:53:13","guid":{"rendered":"https:\/\/www.pm.pb.gov.br\/portal\/?p=923020"},"modified":"2024-07-11T20:12:41","modified_gmt":"2024-07-11T23:12:41","slug":"reforco-policial-em-bayeux-ja-prendeu-cinco-criminosos-em-24-horas","status":"publish","type":"post","link":"https:\/\/www.pm.pb.gov.br\/portal\/2024\/07\/11\/reforco-policial-em-bayeux-ja-prendeu-cinco-criminosos-em-24-horas\/","title":{"rendered":"Refor\u00e7o policial em Bayeux j\u00e1 prendeu cinco criminosos em 24 horas"},"content":{"rendered":"\n<p>O refor\u00e7o policial em Bayeux j\u00e1 prendeu cinco criminosos nas \u00faltimas 24 horas, entre a noite da \u00faltima quarta-feira e come\u00e7o da noite desta quinta (11). As a\u00e7\u00f5es foram realizadas pela Policia Militar.<\/p>\n<p>As \u00faltimas pris\u00f5es resultaram em duas pessoas detidas, que estavam com uma arma de fogo, um simulacro e duas motocicletas roubadas, no bairro M\u00e1rio Andreazza. Ainda pela tarde, outro criminoso foi preso na regi\u00e3o da Rio do Meio com uma espingarda (fotos abaixo). As a\u00e7\u00f5es de refor\u00e7o devem continuar com a 4\u00aa Companhia Independente e tropas especializadas na regi\u00e3o metropolitana, mirando a atua\u00e7\u00e3o de grupos criminosos ligados ao tr\u00e1fico de drogas.<\/p>\n<p><img loading=\"lazy\" decoding=\"async\" class=\"size-medium wp-image-923022 aligncenter\" src=\"http:\/\/www.pm.pb.gov.br\/portal\/wp-content\/uploads\/2024\/07\/WhatsApp-Image-2024-07-11-at-19.34.51-334x445.jpeg\" alt=\"\" width=\"334\" height=\"445\" srcset=\"https:\/\/www.pm.pb.gov.br\/portal\/wp-content\/uploads\/2024\/07\/WhatsApp-Image-2024-07-11-at-19.34.51-334x445.jpeg 334w, https:\/\/www.pm.pb.gov.br\/portal\/wp-content\/uploads\/2024\/07\/WhatsApp-Image-2024-07-11-at-19.34.51-428x570.jpeg 428w, https:\/\/www.pm.pb.gov.br\/portal\/wp-content\/uploads\/2024\/07\/WhatsApp-Image-2024-07-11-at-19.34.51-768x1024.jpeg 768w, https:\/\/www.pm.pb.gov.br\/portal\/wp-content\/uploads\/2024\/07\/WhatsApp-Image-2024-07-11-at-19.34.51-1152x1536.jpeg 1152w, https:\/\/www.pm.pb.gov.br\/portal\/wp-content\/uploads\/2024\/07\/WhatsApp-Image-2024-07-11-at-19.34.51-1536x2048.jpeg 1536w, https:\/\/www.pm.pb.gov.br\/portal\/wp-content\/uploads\/2024\/07\/WhatsApp-Image-2024-07-11-at-19.34.51-scaled.jpeg 1920w\" sizes=\"(max-width: 334px) 100vw, 334px\" \/><\/p>\n<p><img loading=\"lazy\" decoding=\"async\" class=\" wp-image-923021 aligncenter\" src=\"http:\/\/www.pm.pb.gov.br\/portal\/wp-content\/uploads\/2024\/07\/WhatsApp-Image-2024-07-11-at-18.41.52-1-791x445.jpeg\" alt=\"\" width=\"619\" height=\"348\" srcset=\"https:\/\/www.pm.pb.gov.br\/portal\/wp-content\/uploads\/2024\/07\/WhatsApp-Image-2024-07-11-at-18.41.52-1-791x445.jpeg 791w, https:\/\/www.pm.pb.gov.br\/portal\/wp-content\/uploads\/2024\/07\/WhatsApp-Image-2024-07-11-at-18.41.52-1-1013x570.jpeg 1013w, https:\/\/www.pm.pb.gov.br\/portal\/wp-content\/uploads\/2024\/07\/WhatsApp-Image-2024-07-11-at-18.41.52-1-768x432.jpeg 768w, https:\/\/www.pm.pb.gov.br\/portal\/wp-content\/uploads\/2024\/07\/WhatsApp-Image-2024-07-11-at-18.41.52-1-1536x864.jpeg 1536w, https:\/\/www.pm.pb.gov.br\/portal\/wp-content\/uploads\/2024\/07\/WhatsApp-Image-2024-07-11-at-18.41.52-1-2048x1152.jpeg 2048w\" sizes=\"(max-width: 619px) 100vw, 619px\" \/><\/p>\n<p><strong>Outras pris\u00f5es &#8211;<\/strong> Um apenado que estava cumprindo servi\u00e7o comunit\u00e1rio e foi localizado com um rev\u00f3lver com mira a laser e por\u00e7\u00f5es de drogas ontem (10). Al\u00e9m dele, um foragido da Justi\u00e7a com mandado de pris\u00e3o em aberto tamb\u00e9m foi localizado e preso pela PM na quarta-feira.<\/p>\n\n\n","protected":false},"excerpt":{"rendered":"<p>O refor\u00e7o policial em Bayeux j\u00e1 prendeu cinco criminosos nas \u00faltimas 24 horas, entre a noite da \u00faltima quarta-feira e<\/p>\n","protected":false},"author":12,"featured_media":918919,"comment_status":"closed","ping_status":"closed","sticky":false,"template":"","format":"standard","meta":{"_exactmetrics_skip_tracking":false,"_exactmetrics_sitenote_active":false,"_exactmetrics_sitenote_note":"","_exactmetrics_sitenote_category":0,"footnotes":""},"categories":[4],"tags":[],"yoast_head":"<!-- This site is optimized with the Yoast SEO plugin v22.0 - https:\/\/yoast.com\/wordpress\/plugins\/seo\/ -->\n<title>Refor\u00e7o policial em Bayeux j\u00e1 prendeu cinco criminosos em 24 horas - Pol\u00edcia Militar da Para\u00edba<\/title>\n<meta name=\"description\" content=\"A\u00e7\u00f5es acontecem desde a noite da \u00faltima quarta-feira resultando em armas e drogas apreendidas.\" \/>\n<meta name=\"robots\" content=\"index, follow, max-snippet:-1, max-image-preview:large, max-video-preview:-1\" \/>\n<link rel=\"canonical\" href=\"https:\/\/www.pm.pb.gov.br\/portal\/2024\/07\/11\/reforco-policial-em-bayeux-ja-prendeu-cinco-criminosos-em-24-horas\/\" \/>\n<meta property=\"og:locale\" content=\"pt_BR\" \/>\n<meta property=\"og:type\" content=\"article\" \/>\n<meta property=\"og:title\" content=\"Refor\u00e7o policial em Bayeux j\u00e1 prendeu cinco criminosos em 24 horas - Pol\u00edcia Militar da Para\u00edba\" \/>\n<meta property=\"og:description\" content=\"A\u00e7\u00f5es acontecem desde a noite da \u00faltima quarta-feira resultando em armas e drogas apreendidas.\" \/>\n<meta property=\"og:url\" content=\"https:\/\/www.pm.pb.gov.br\/portal\/2024\/07\/11\/reforco-policial-em-bayeux-ja-prendeu-cinco-criminosos-em-24-horas\/\" \/>\n<meta property=\"og:site_name\" content=\"Pol\u00edcia Militar da Para\u00edba\" \/>\n<meta property=\"article:published_time\" content=\"2024-07-11T22:53:13+00:00\" \/>\n<meta property=\"article:modified_time\" content=\"2024-07-11T23:12:41+00:00\" \/>\n<meta property=\"og:image\" content=\"http:\/\/www.pm.pb.gov.br\/portal\/wp-content\/uploads\/2023\/11\/4cipm.jpeg\" \/>\n\t<meta property=\"og:image:width\" content=\"800\" \/>\n\t<meta property=\"og:image:height\" content=\"445\" \/>\n\t<meta property=\"og:image:type\" content=\"image\/jpeg\" \/>\n<meta name=\"author\" content=\"Tarcisio Oliveira\" \/>\n<meta name=\"twitter:card\" content=\"summary_large_image\" \/>\n<meta name=\"twitter:label1\" content=\"Escrito por\" \/>\n\t<meta name=\"twitter:data1\" content=\"Tarcisio Oliveira\" \/>\n\t<meta name=\"twitter:label2\" content=\"Est. tempo de leitura\" \/>\n\t<meta name=\"twitter:data2\" content=\"2 minutos\" \/>\n<script type=\"application\/ld+json\" class=\"yoast-schema-graph\">{\"@context\":\"https:\/\/schema.org\",\"@graph\":[{\"@type\":\"Article\",\"@id\":\"https:\/\/www.pm.pb.gov.br\/portal\/2024\/07\/11\/reforco-policial-em-bayeux-ja-prendeu-cinco-criminosos-em-24-horas\/#article\",\"isPartOf\":{\"@id\":\"https:\/\/www.pm.pb.gov.br\/portal\/2024\/07\/11\/reforco-policial-em-bayeux-ja-prendeu-cinco-criminosos-em-24-horas\/\"},\"author\":{\"name\":\"Tarcisio Oliveira\",\"@id\":\"https:\/\/www.pm.pb.gov.br\/portal\/#\/schema\/person\/f84f56dcc78ce4357054da888b8247fd\"},\"headline\":\"Refor\u00e7o policial em Bayeux j\u00e1 prendeu cinco criminosos em 24 horas\",\"datePublished\":\"2024-07-11T22:53:13+00:00\",\"dateModified\":\"2024-07-11T23:12:41+00:00\",\"mainEntityOfPage\":{\"@id\":\"https:\/\/www.pm.pb.gov.br\/portal\/2024\/07\/11\/reforco-policial-em-bayeux-ja-prendeu-cinco-criminosos-em-24-horas\/\"},\"wordCount\":178,\"publisher\":{\"@id\":\"https:\/\/www.pm.pb.gov.br\/portal\/#organization\"},\"articleSection\":[\"A\u00e7\u00f5es Policiais\"],\"inLanguage\":\"pt-BR\"},{\"@type\":\"WebPage\",\"@id\":\"https:\/\/www.pm.pb.gov.br\/portal\/2024\/07\/11\/reforco-policial-em-bayeux-ja-prendeu-cinco-criminosos-em-24-horas\/\",\"url\":\"https:\/\/www.pm.pb.gov.br\/portal\/2024\/07\/11\/reforco-policial-em-bayeux-ja-prendeu-cinco-criminosos-em-24-horas\/\",\"name\":\"Refor\u00e7o policial em Bayeux j\u00e1 prendeu cinco criminosos em 24 horas - Pol\u00edcia Militar da Para\u00edba\",\"isPartOf\":{\"@id\":\"https:\/\/www.pm.pb.gov.br\/portal\/#website\"},\"datePublished\":\"2024-07-11T22:53:13+00:00\",\"dateModified\":\"2024-07-11T23:12:41+00:00\",\"description\":\"A\u00e7\u00f5es acontecem desde a noite da \u00faltima quarta-feira resultando em armas e drogas apreendidas.\",\"breadcrumb\":{\"@id\":\"https:\/\/www.pm.pb.gov.br\/portal\/2024\/07\/11\/reforco-policial-em-bayeux-ja-prendeu-cinco-criminosos-em-24-horas\/#breadcrumb\"},\"inLanguage\":\"pt-BR\",\"potentialAction\":[{\"@type\":\"ReadAction\",\"target\":[\"https:\/\/www.pm.pb.gov.br\/portal\/2024\/07\/11\/reforco-policial-em-bayeux-ja-prendeu-cinco-criminosos-em-24-horas\/\"]}]},{\"@type\":\"BreadcrumbList\",\"@id\":\"https:\/\/www.pm.pb.gov.br\/portal\/2024\/07\/11\/reforco-policial-em-bayeux-ja-prendeu-cinco-criminosos-em-24-horas\/#breadcrumb\",\"itemListElement\":[{\"@type\":\"ListItem\",\"position\":1,\"name\":\"In\u00edcio\",\"item\":\"https:\/\/www.pm.pb.gov.br\/portal\/\"},{\"@type\":\"ListItem\",\"position\":2,\"name\":\"Refor\u00e7o policial em Bayeux j\u00e1 prendeu cinco criminosos em 24 horas\"}]},{\"@type\":\"WebSite\",\"@id\":\"https:\/\/www.pm.pb.gov.br\/portal\/#website\",\"url\":\"https:\/\/www.pm.pb.gov.br\/portal\/\",\"name\":\"Pol\u00edcia Militar da Para\u00edba\",\"description\":\"\",\"publisher\":{\"@id\":\"https:\/\/www.pm.pb.gov.br\/portal\/#organization\"},\"potentialAction\":[{\"@type\":\"SearchAction\",\"target\":{\"@type\":\"EntryPoint\",\"urlTemplate\":\"https:\/\/www.pm.pb.gov.br\/portal\/?s={search_term_string}\"},\"query-input\":\"required name=search_term_string\"}],\"inLanguage\":\"pt-BR\"},{\"@type\":\"Organization\",\"@id\":\"https:\/\/www.pm.pb.gov.br\/portal\/#organization\",\"name\":\"Pol\u00edcia Militar da Para\u00edba\",\"url\":\"https:\/\/www.pm.pb.gov.br\/portal\/\",\"logo\":{\"@type\":\"ImageObject\",\"inLanguage\":\"pt-BR\",\"@id\":\"https:\/\/www.pm.pb.gov.br\/portal\/#\/schema\/logo\/image\/\",\"url\":\"https:\/\/www.pm.pb.gov.br\/portal\/wp-content\/uploads\/2025\/03\/cropped-logo-site-mag2-1.png\",\"contentUrl\":\"https:\/\/www.pm.pb.gov.br\/portal\/wp-content\/uploads\/2025\/03\/cropped-logo-site-mag2-1.png\",\"width\":320,\"height\":90,\"caption\":\"Pol\u00edcia Militar da Para\u00edba\"},\"image\":{\"@id\":\"https:\/\/www.pm.pb.gov.br\/portal\/#\/schema\/logo\/image\/\"}},{\"@type\":\"Person\",\"@id\":\"https:\/\/www.pm.pb.gov.br\/portal\/#\/schema\/person\/f84f56dcc78ce4357054da888b8247fd\",\"name\":\"Tarcisio Oliveira\",\"image\":{\"@type\":\"ImageObject\",\"inLanguage\":\"pt-BR\",\"@id\":\"https:\/\/www.pm.pb.gov.br\/portal\/#\/schema\/person\/image\/\",\"url\":\"https:\/\/secure.gravatar.com\/avatar\/72917b630b69d31cd0297507f34bac97?s=96&d=mm&r=g\",\"contentUrl\":\"https:\/\/secure.gravatar.com\/avatar\/72917b630b69d31cd0297507f34bac97?s=96&d=mm&r=g\",\"caption\":\"Tarcisio Oliveira\"},\"url\":\"https:\/\/www.pm.pb.gov.br\/portal\/author\/tarcisio\/\"}]}<\/script>\n<!-- \/ Yoast SEO plugin. -->","yoast_head_json":{"title":"Refor\u00e7o policial em Bayeux j\u00e1 prendeu cinco criminosos em 24 horas - Pol\u00edcia Militar da Para\u00edba","description":"A\u00e7\u00f5es acontecem desde a noite da \u00faltima quarta-feira resultando em armas e drogas apreendidas.","robots":{"index":"index","follow":"follow","max-snippet":"max-snippet:-1","max-image-preview":"max-image-preview:large","max-video-preview":"max-video-preview:-1"},"canonical":"https:\/\/www.pm.pb.gov.br\/portal\/2024\/07\/11\/reforco-policial-em-bayeux-ja-prendeu-cinco-criminosos-em-24-horas\/","og_locale":"pt_BR","og_type":"article","og_title":"Refor\u00e7o policial em Bayeux j\u00e1 prendeu cinco criminosos em 24 horas - Pol\u00edcia Militar da Para\u00edba","og_description":"A\u00e7\u00f5es acontecem desde a noite da \u00faltima quarta-feira resultando em armas e drogas apreendidas.","og_url":"https:\/\/www.pm.pb.gov.br\/portal\/2024\/07\/11\/reforco-policial-em-bayeux-ja-prendeu-cinco-criminosos-em-24-horas\/","og_site_name":"Pol\u00edcia Militar da Para\u00edba","article_published_time":"2024-07-11T22:53:13+00:00","article_modified_time":"2024-07-11T23:12:41+00:00","og_image":[{"width":800,"height":445,"url":"http:\/\/www.pm.pb.gov.br\/portal\/wp-content\/uploads\/2023\/11\/4cipm.jpeg","type":"image\/jpeg"}],"author":"Tarcisio Oliveira","twitter_card":"summary_large_image","twitter_misc":{"Escrito por":"Tarcisio Oliveira","Est. tempo de leitura":"2 minutos"},"schema":{"@context":"https:\/\/schema.org","@graph":[{"@type":"Article","@id":"https:\/\/www.pm.pb.gov.br\/portal\/2024\/07\/11\/reforco-policial-em-bayeux-ja-prendeu-cinco-criminosos-em-24-horas\/#article","isPartOf":{"@id":"https:\/\/www.pm.pb.gov.br\/portal\/2024\/07\/11\/reforco-policial-em-bayeux-ja-prendeu-cinco-criminosos-em-24-horas\/"},"author":{"name":"Tarcisio Oliveira","@id":"https:\/\/www.pm.pb.gov.br\/portal\/#\/schema\/person\/f84f56dcc78ce4357054da888b8247fd"},"headline":"Refor\u00e7o policial em Bayeux j\u00e1 prendeu cinco criminosos em 24 horas","datePublished":"2024-07-11T22:53:13+00:00","dateModified":"2024-07-11T23:12:41+00:00","mainEntityOfPage":{"@id":"https:\/\/www.pm.pb.gov.br\/portal\/2024\/07\/11\/reforco-policial-em-bayeux-ja-prendeu-cinco-criminosos-em-24-horas\/"},"wordCount":178,"publisher":{"@id":"https:\/\/www.pm.pb.gov.br\/portal\/#organization"},"articleSection":["A\u00e7\u00f5es Policiais"],"inLanguage":"pt-BR"},{"@type":"WebPage","@id":"https:\/\/www.pm.pb.gov.br\/portal\/2024\/07\/11\/reforco-policial-em-bayeux-ja-prendeu-cinco-criminosos-em-24-horas\/","url":"https:\/\/www.pm.pb.gov.br\/portal\/2024\/07\/11\/reforco-policial-em-bayeux-ja-prendeu-cinco-criminosos-em-24-horas\/","name":"Refor\u00e7o policial em Bayeux j\u00e1 prendeu cinco criminosos em 24 horas - Pol\u00edcia Militar da Para\u00edba","isPartOf":{"@id":"https:\/\/www.pm.pb.gov.br\/portal\/#website"},"datePublished":"2024-07-11T22:53:13+00:00","dateModified":"2024-07-11T23:12:41+00:00","description":"A\u00e7\u00f5es acontecem desde a noite da \u00faltima quarta-feira resultando em armas e drogas apreendidas.","breadcrumb":{"@id":"https:\/\/www.pm.pb.gov.br\/portal\/2024\/07\/11\/reforco-policial-em-bayeux-ja-prendeu-cinco-criminosos-em-24-horas\/#breadcrumb"},"inLanguage":"pt-BR","potentialAction":[{"@type":"ReadAction","target":["https:\/\/www.pm.pb.gov.br\/portal\/2024\/07\/11\/reforco-policial-em-bayeux-ja-prendeu-cinco-criminosos-em-24-horas\/"]}]},{"@type":"BreadcrumbList","@id":"https:\/\/www.pm.pb.gov.br\/portal\/2024\/07\/11\/reforco-policial-em-bayeux-ja-prendeu-cinco-criminosos-em-24-horas\/#breadcrumb","itemListElement":[{"@type":"ListItem","position":1,"name":"In\u00edcio","item":"https:\/\/www.pm.pb.gov.br\/portal\/"},{"@type":"ListItem","position":2,"name":"Refor\u00e7o policial em Bayeux j\u00e1 prendeu cinco criminosos em 24 horas"}]},{"@type":"WebSite","@id":"https:\/\/www.pm.pb.gov.br\/portal\/#website","url":"https:\/\/www.pm.pb.gov.br\/portal\/","name":"Pol\u00edcia Militar da Para\u00edba","description":"","publisher":{"@id":"https:\/\/www.pm.pb.gov.br\/portal\/#organization"},"potentialAction":[{"@type":"SearchAction","target":{"@type":"EntryPoint","urlTemplate":"https:\/\/www.pm.pb.gov.br\/portal\/?s={search_term_string}"},"query-input":"required name=search_term_string"}],"inLanguage":"pt-BR"},{"@type":"Organization","@id":"https:\/\/www.pm.pb.gov.br\/portal\/#organization","name":"Pol\u00edcia Militar da Para\u00edba","url":"https:\/\/www.pm.pb.gov.br\/portal\/","logo":{"@type":"ImageObject","inLanguage":"pt-BR","@id":"https:\/\/www.pm.pb.gov.br\/portal\/#\/schema\/logo\/image\/","url":"https:\/\/www.pm.pb.gov.br\/portal\/wp-content\/uploads\/2025\/03\/cropped-logo-site-mag2-1.png","contentUrl":"https:\/\/www.pm.pb.gov.br\/portal\/wp-content\/uploads\/2025\/03\/cropped-logo-site-mag2-1.png","width":320,"height":90,"caption":"Pol\u00edcia Militar da Para\u00edba"},"image":{"@id":"https:\/\/www.pm.pb.gov.br\/portal\/#\/schema\/logo\/image\/"}},{"@type":"Person","@id":"https:\/\/www.pm.pb.gov.br\/portal\/#\/schema\/person\/f84f56dcc78ce4357054da888b8247fd","name":"Tarcisio Oliveira","image":{"@type":"ImageObject","inLanguage":"pt-BR","@id":"https:\/\/www.pm.pb.gov.br\/portal\/#\/schema\/person\/image\/","url":"https:\/\/secure.gravatar.com\/avatar\/72917b630b69d31cd0297507f34bac97?s=96&d=mm&r=g","contentUrl":"https:\/\/secure.gravatar.com\/avatar\/72917b630b69d31cd0297507f34bac97?s=96&d=mm&r=g","caption":"Tarcisio Oliveira"},"url":"https:\/\/www.pm.pb.gov.br\/portal\/author\/tarcisio\/"}]}},"_links":{"self":[{"href":"https:\/\/www.pm.pb.gov.br\/portal\/wp-json\/wp\/v2\/posts\/923020"}],"collection":[{"href":"https:\/\/www.pm.pb.gov.br\/portal\/wp-json\/wp\/v2\/posts"}],"about":[{"href":"https:\/\/www.pm.pb.gov.br\/portal\/wp-json\/wp\/v2\/types\/post"}],"author":[{"embeddable":true,"href":"https:\/\/www.pm.pb.gov.br\/portal\/wp-json\/wp\/v2\/users\/12"}],"replies":[{"embeddable":true,"href":"https:\/\/www.pm.pb.gov.br\/portal\/wp-json\/wp\/v2\/comments?post=923020"}],"version-history":[{"count":2,"href":"https:\/\/www.pm.pb.gov.br\/portal\/wp-json\/wp\/v2\/posts\/923020\/revisions"}],"predecessor-version":[{"id":923025,"href":"https:\/\/www.pm.pb.gov.br\/portal\/wp-json\/wp\/v2\/posts\/923020\/revisions\/923025"}],"wp:featuredmedia":[{"embeddable":true,"href":"https:\/\/www.pm.pb.gov.br\/portal\/wp-json\/wp\/v2\/media\/918919"}],"wp:attachment":[{"href":"https:\/\/www.pm.pb.gov.br\/portal\/wp-json\/wp\/v2\/media?parent=923020"}],"wp:term":[{"taxonomy":"category","embeddable":true,"href":"https:\/\/www.pm.pb.gov.br\/portal\/wp-json\/wp\/v2\/categories?post=923020"},{"taxonomy":"post_tag","embeddable":true,"href":"https:\/\/www.pm.pb.gov.br\/portal\/wp-json\/wp\/v2\/tags?post=923020"}],"curies":[{"name":"wp","href":"https:\/\/api.w.org\/{rel}","templated":true}]}}