{"id":922933,"date":"2024-07-07T14:27:00","date_gmt":"2024-07-07T17:27:00","guid":{"rendered":"https:\/\/www.pm.pb.gov.br\/portal\/?p=922933"},"modified":"2024-07-07T21:30:31","modified_gmt":"2024-07-08T00:30:31","slug":"policia-militar-desarticula-ponto-de-trafico-e-prende-tres-acusados-em-guarabira","status":"publish","type":"post","link":"https:\/\/www.pm.pb.gov.br\/portal\/2024\/07\/07\/policia-militar-desarticula-ponto-de-trafico-e-prende-tres-acusados-em-guarabira\/","title":{"rendered":"Pol\u00edcia Militar desarticula ponto de tr\u00e1fico e prende tr\u00eas acusados em Guarabira"},"content":{"rendered":"\n<p>A Pol\u00edcia Militar desarticulou mais um ponto de tr\u00e1fico na Para\u00edba, dessa vez no munic\u00edpio de Guarabira. Tr\u00eas pessoas foram presas (foto acima ilustrativa). A a\u00e7\u00e3o ocorreu na noite do \u00faltimo s\u00e1bado (06).<\/p>\n<p>De acordo com o 4\u00ba Batalh\u00e3o, policiais da For\u00e7a T\u00e1tica da unidade frustraram os tr\u00eas acusados em flagrante, durante atividade de tr\u00e1fico em uma casa. Com os acusados a PM apreendeu subst\u00e2ncia an\u00e1loga a maconha, coca\u00edna, e vasto material para o tr\u00e1fico, como sacos pl\u00e1sticos, balan\u00e7a de precis\u00e3o, entre outros.<\/p>\n<p><img loading=\"lazy\" decoding=\"async\" class=\" wp-image-922934 aligncenter\" src=\"http:\/\/www.pm.pb.gov.br\/portal\/wp-content\/uploads\/2024\/07\/WhatsApp-Image-2024-07-07-at-18.52.40-455x445.jpeg\" alt=\"\" width=\"415\" height=\"406\" srcset=\"https:\/\/www.pm.pb.gov.br\/portal\/wp-content\/uploads\/2024\/07\/WhatsApp-Image-2024-07-07-at-18.52.40-455x445.jpeg 455w, https:\/\/www.pm.pb.gov.br\/portal\/wp-content\/uploads\/2024\/07\/WhatsApp-Image-2024-07-07-at-18.52.40-583x570.jpeg 583w, https:\/\/www.pm.pb.gov.br\/portal\/wp-content\/uploads\/2024\/07\/WhatsApp-Image-2024-07-07-at-18.52.40-768x751.jpeg 768w, https:\/\/www.pm.pb.gov.br\/portal\/wp-content\/uploads\/2024\/07\/WhatsApp-Image-2024-07-07-at-18.52.40.jpeg 1200w\" sizes=\"(max-width: 415px) 100vw, 415px\" \/><\/p>\n<p>Toda a ocorr\u00eancia foi encaminhada para a delegacia para os procedimentos cab\u00edveis, e onde os acusados ficaram \u00e0 disposi\u00e7\u00e3o da Justi\u00e7a.<\/p>\n\n\n","protected":false},"excerpt":{"rendered":"<p>A Pol\u00edcia Militar desarticulou mais um ponto de tr\u00e1fico na Para\u00edba, dessa vez no munic\u00edpio de Guarabira. Tr\u00eas pessoas foram<\/p>\n","protected":false},"author":12,"featured_media":919227,"comment_status":"closed","ping_status":"closed","sticky":false,"template":"","format":"standard","meta":{"_exactmetrics_skip_tracking":false,"_exactmetrics_sitenote_active":false,"_exactmetrics_sitenote_note":"","_exactmetrics_sitenote_category":0,"footnotes":""},"categories":[4],"tags":[],"yoast_head":"<!-- This site is optimized with the Yoast SEO plugin v22.0 - https:\/\/yoast.com\/wordpress\/plugins\/seo\/ -->\n<title>Pol\u00edcia Militar desarticula ponto de tr\u00e1fico e prende tr\u00eas acusados em Guarabira - Pol\u00edcia Militar da Para\u00edba<\/title>\n<meta name=\"description\" content=\"Na a\u00e7\u00e3o, PM apreendeu maconha, coca\u00edna e materiais usados no tr\u00e1fico, como sacolas, balan\u00e7a de precis\u00e3o, entre outros.\" \/>\n<meta name=\"robots\" content=\"index, follow, max-snippet:-1, max-image-preview:large, max-video-preview:-1\" \/>\n<link rel=\"canonical\" href=\"https:\/\/www.pm.pb.gov.br\/portal\/2024\/07\/07\/policia-militar-desarticula-ponto-de-trafico-e-prende-tres-acusados-em-guarabira\/\" \/>\n<meta property=\"og:locale\" content=\"pt_BR\" \/>\n<meta property=\"og:type\" content=\"article\" \/>\n<meta property=\"og:title\" content=\"Pol\u00edcia Militar desarticula ponto de tr\u00e1fico e prende tr\u00eas acusados em Guarabira - Pol\u00edcia Militar da Para\u00edba\" \/>\n<meta property=\"og:description\" content=\"Na a\u00e7\u00e3o, PM apreendeu maconha, coca\u00edna e materiais usados no tr\u00e1fico, como sacolas, balan\u00e7a de precis\u00e3o, entre outros.\" \/>\n<meta property=\"og:url\" content=\"https:\/\/www.pm.pb.gov.br\/portal\/2024\/07\/07\/policia-militar-desarticula-ponto-de-trafico-e-prende-tres-acusados-em-guarabira\/\" \/>\n<meta property=\"og:site_name\" content=\"Pol\u00edcia Militar da Para\u00edba\" \/>\n<meta property=\"article:published_time\" content=\"2024-07-07T17:27:00+00:00\" \/>\n<meta property=\"article:modified_time\" content=\"2024-07-08T00:30:31+00:00\" \/>\n<meta property=\"og:image\" content=\"http:\/\/www.pm.pb.gov.br\/portal\/wp-content\/uploads\/2023\/11\/4bpm.jpeg\" \/>\n\t<meta property=\"og:image:width\" content=\"800\" \/>\n\t<meta property=\"og:image:height\" content=\"445\" \/>\n\t<meta property=\"og:image:type\" content=\"image\/jpeg\" \/>\n<meta name=\"author\" content=\"Tarcisio Oliveira\" \/>\n<meta name=\"twitter:card\" content=\"summary_large_image\" \/>\n<meta name=\"twitter:label1\" content=\"Escrito por\" \/>\n\t<meta name=\"twitter:data1\" content=\"Tarcisio Oliveira\" \/>\n\t<meta name=\"twitter:label2\" content=\"Est. tempo de leitura\" \/>\n\t<meta name=\"twitter:data2\" content=\"1 minuto\" \/>\n<script type=\"application\/ld+json\" class=\"yoast-schema-graph\">{\"@context\":\"https:\/\/schema.org\",\"@graph\":[{\"@type\":\"Article\",\"@id\":\"https:\/\/www.pm.pb.gov.br\/portal\/2024\/07\/07\/policia-militar-desarticula-ponto-de-trafico-e-prende-tres-acusados-em-guarabira\/#article\",\"isPartOf\":{\"@id\":\"https:\/\/www.pm.pb.gov.br\/portal\/2024\/07\/07\/policia-militar-desarticula-ponto-de-trafico-e-prende-tres-acusados-em-guarabira\/\"},\"author\":{\"name\":\"Tarcisio Oliveira\",\"@id\":\"https:\/\/www.pm.pb.gov.br\/portal\/#\/schema\/person\/f84f56dcc78ce4357054da888b8247fd\"},\"headline\":\"Pol\u00edcia Militar desarticula ponto de tr\u00e1fico e prende tr\u00eas acusados em Guarabira\",\"datePublished\":\"2024-07-07T17:27:00+00:00\",\"dateModified\":\"2024-07-08T00:30:31+00:00\",\"mainEntityOfPage\":{\"@id\":\"https:\/\/www.pm.pb.gov.br\/portal\/2024\/07\/07\/policia-militar-desarticula-ponto-de-trafico-e-prende-tres-acusados-em-guarabira\/\"},\"wordCount\":139,\"publisher\":{\"@id\":\"https:\/\/www.pm.pb.gov.br\/portal\/#organization\"},\"articleSection\":[\"A\u00e7\u00f5es Policiais\"],\"inLanguage\":\"pt-BR\"},{\"@type\":\"WebPage\",\"@id\":\"https:\/\/www.pm.pb.gov.br\/portal\/2024\/07\/07\/policia-militar-desarticula-ponto-de-trafico-e-prende-tres-acusados-em-guarabira\/\",\"url\":\"https:\/\/www.pm.pb.gov.br\/portal\/2024\/07\/07\/policia-militar-desarticula-ponto-de-trafico-e-prende-tres-acusados-em-guarabira\/\",\"name\":\"Pol\u00edcia Militar desarticula ponto de tr\u00e1fico e prende tr\u00eas acusados em Guarabira - Pol\u00edcia Militar da Para\u00edba\",\"isPartOf\":{\"@id\":\"https:\/\/www.pm.pb.gov.br\/portal\/#website\"},\"datePublished\":\"2024-07-07T17:27:00+00:00\",\"dateModified\":\"2024-07-08T00:30:31+00:00\",\"description\":\"Na a\u00e7\u00e3o, PM apreendeu maconha, coca\u00edna e materiais usados no tr\u00e1fico, como sacolas, balan\u00e7a de precis\u00e3o, entre outros.\",\"breadcrumb\":{\"@id\":\"https:\/\/www.pm.pb.gov.br\/portal\/2024\/07\/07\/policia-militar-desarticula-ponto-de-trafico-e-prende-tres-acusados-em-guarabira\/#breadcrumb\"},\"inLanguage\":\"pt-BR\",\"potentialAction\":[{\"@type\":\"ReadAction\",\"target\":[\"https:\/\/www.pm.pb.gov.br\/portal\/2024\/07\/07\/policia-militar-desarticula-ponto-de-trafico-e-prende-tres-acusados-em-guarabira\/\"]}]},{\"@type\":\"BreadcrumbList\",\"@id\":\"https:\/\/www.pm.pb.gov.br\/portal\/2024\/07\/07\/policia-militar-desarticula-ponto-de-trafico-e-prende-tres-acusados-em-guarabira\/#breadcrumb\",\"itemListElement\":[{\"@type\":\"ListItem\",\"position\":1,\"name\":\"In\u00edcio\",\"item\":\"https:\/\/www.pm.pb.gov.br\/portal\/\"},{\"@type\":\"ListItem\",\"position\":2,\"name\":\"Pol\u00edcia Militar desarticula ponto de tr\u00e1fico e prende tr\u00eas acusados em Guarabira\"}]},{\"@type\":\"WebSite\",\"@id\":\"https:\/\/www.pm.pb.gov.br\/portal\/#website\",\"url\":\"https:\/\/www.pm.pb.gov.br\/portal\/\",\"name\":\"Pol\u00edcia Militar da Para\u00edba\",\"description\":\"\",\"publisher\":{\"@id\":\"https:\/\/www.pm.pb.gov.br\/portal\/#organization\"},\"potentialAction\":[{\"@type\":\"SearchAction\",\"target\":{\"@type\":\"EntryPoint\",\"urlTemplate\":\"https:\/\/www.pm.pb.gov.br\/portal\/?s={search_term_string}\"},\"query-input\":\"required name=search_term_string\"}],\"inLanguage\":\"pt-BR\"},{\"@type\":\"Organization\",\"@id\":\"https:\/\/www.pm.pb.gov.br\/portal\/#organization\",\"name\":\"Pol\u00edcia Militar da Para\u00edba\",\"url\":\"https:\/\/www.pm.pb.gov.br\/portal\/\",\"logo\":{\"@type\":\"ImageObject\",\"inLanguage\":\"pt-BR\",\"@id\":\"https:\/\/www.pm.pb.gov.br\/portal\/#\/schema\/logo\/image\/\",\"url\":\"https:\/\/www.pm.pb.gov.br\/portal\/wp-content\/uploads\/2025\/03\/cropped-logo-site-mag2-1.png\",\"contentUrl\":\"https:\/\/www.pm.pb.gov.br\/portal\/wp-content\/uploads\/2025\/03\/cropped-logo-site-mag2-1.png\",\"width\":320,\"height\":90,\"caption\":\"Pol\u00edcia Militar da Para\u00edba\"},\"image\":{\"@id\":\"https:\/\/www.pm.pb.gov.br\/portal\/#\/schema\/logo\/image\/\"}},{\"@type\":\"Person\",\"@id\":\"https:\/\/www.pm.pb.gov.br\/portal\/#\/schema\/person\/f84f56dcc78ce4357054da888b8247fd\",\"name\":\"Tarcisio Oliveira\",\"image\":{\"@type\":\"ImageObject\",\"inLanguage\":\"pt-BR\",\"@id\":\"https:\/\/www.pm.pb.gov.br\/portal\/#\/schema\/person\/image\/\",\"url\":\"https:\/\/secure.gravatar.com\/avatar\/72917b630b69d31cd0297507f34bac97?s=96&d=mm&r=g\",\"contentUrl\":\"https:\/\/secure.gravatar.com\/avatar\/72917b630b69d31cd0297507f34bac97?s=96&d=mm&r=g\",\"caption\":\"Tarcisio Oliveira\"},\"url\":\"https:\/\/www.pm.pb.gov.br\/portal\/author\/tarcisio\/\"}]}<\/script>\n<!-- \/ Yoast SEO plugin. -->","yoast_head_json":{"title":"Pol\u00edcia Militar desarticula ponto de tr\u00e1fico e prende tr\u00eas acusados em Guarabira - Pol\u00edcia Militar da Para\u00edba","description":"Na a\u00e7\u00e3o, PM apreendeu maconha, coca\u00edna e materiais usados no tr\u00e1fico, como sacolas, balan\u00e7a de precis\u00e3o, entre outros.","robots":{"index":"index","follow":"follow","max-snippet":"max-snippet:-1","max-image-preview":"max-image-preview:large","max-video-preview":"max-video-preview:-1"},"canonical":"https:\/\/www.pm.pb.gov.br\/portal\/2024\/07\/07\/policia-militar-desarticula-ponto-de-trafico-e-prende-tres-acusados-em-guarabira\/","og_locale":"pt_BR","og_type":"article","og_title":"Pol\u00edcia Militar desarticula ponto de tr\u00e1fico e prende tr\u00eas acusados em Guarabira - Pol\u00edcia Militar da Para\u00edba","og_description":"Na a\u00e7\u00e3o, PM apreendeu maconha, coca\u00edna e materiais usados no tr\u00e1fico, como sacolas, balan\u00e7a de precis\u00e3o, entre outros.","og_url":"https:\/\/www.pm.pb.gov.br\/portal\/2024\/07\/07\/policia-militar-desarticula-ponto-de-trafico-e-prende-tres-acusados-em-guarabira\/","og_site_name":"Pol\u00edcia Militar da Para\u00edba","article_published_time":"2024-07-07T17:27:00+00:00","article_modified_time":"2024-07-08T00:30:31+00:00","og_image":[{"width":800,"height":445,"url":"http:\/\/www.pm.pb.gov.br\/portal\/wp-content\/uploads\/2023\/11\/4bpm.jpeg","type":"image\/jpeg"}],"author":"Tarcisio Oliveira","twitter_card":"summary_large_image","twitter_misc":{"Escrito por":"Tarcisio Oliveira","Est. tempo de leitura":"1 minuto"},"schema":{"@context":"https:\/\/schema.org","@graph":[{"@type":"Article","@id":"https:\/\/www.pm.pb.gov.br\/portal\/2024\/07\/07\/policia-militar-desarticula-ponto-de-trafico-e-prende-tres-acusados-em-guarabira\/#article","isPartOf":{"@id":"https:\/\/www.pm.pb.gov.br\/portal\/2024\/07\/07\/policia-militar-desarticula-ponto-de-trafico-e-prende-tres-acusados-em-guarabira\/"},"author":{"name":"Tarcisio Oliveira","@id":"https:\/\/www.pm.pb.gov.br\/portal\/#\/schema\/person\/f84f56dcc78ce4357054da888b8247fd"},"headline":"Pol\u00edcia Militar desarticula ponto de tr\u00e1fico e prende tr\u00eas acusados em Guarabira","datePublished":"2024-07-07T17:27:00+00:00","dateModified":"2024-07-08T00:30:31+00:00","mainEntityOfPage":{"@id":"https:\/\/www.pm.pb.gov.br\/portal\/2024\/07\/07\/policia-militar-desarticula-ponto-de-trafico-e-prende-tres-acusados-em-guarabira\/"},"wordCount":139,"publisher":{"@id":"https:\/\/www.pm.pb.gov.br\/portal\/#organization"},"articleSection":["A\u00e7\u00f5es Policiais"],"inLanguage":"pt-BR"},{"@type":"WebPage","@id":"https:\/\/www.pm.pb.gov.br\/portal\/2024\/07\/07\/policia-militar-desarticula-ponto-de-trafico-e-prende-tres-acusados-em-guarabira\/","url":"https:\/\/www.pm.pb.gov.br\/portal\/2024\/07\/07\/policia-militar-desarticula-ponto-de-trafico-e-prende-tres-acusados-em-guarabira\/","name":"Pol\u00edcia Militar desarticula ponto de tr\u00e1fico e prende tr\u00eas acusados em Guarabira - Pol\u00edcia Militar da Para\u00edba","isPartOf":{"@id":"https:\/\/www.pm.pb.gov.br\/portal\/#website"},"datePublished":"2024-07-07T17:27:00+00:00","dateModified":"2024-07-08T00:30:31+00:00","description":"Na a\u00e7\u00e3o, PM apreendeu maconha, coca\u00edna e materiais usados no tr\u00e1fico, como sacolas, balan\u00e7a de precis\u00e3o, entre outros.","breadcrumb":{"@id":"https:\/\/www.pm.pb.gov.br\/portal\/2024\/07\/07\/policia-militar-desarticula-ponto-de-trafico-e-prende-tres-acusados-em-guarabira\/#breadcrumb"},"inLanguage":"pt-BR","potentialAction":[{"@type":"ReadAction","target":["https:\/\/www.pm.pb.gov.br\/portal\/2024\/07\/07\/policia-militar-desarticula-ponto-de-trafico-e-prende-tres-acusados-em-guarabira\/"]}]},{"@type":"BreadcrumbList","@id":"https:\/\/www.pm.pb.gov.br\/portal\/2024\/07\/07\/policia-militar-desarticula-ponto-de-trafico-e-prende-tres-acusados-em-guarabira\/#breadcrumb","itemListElement":[{"@type":"ListItem","position":1,"name":"In\u00edcio","item":"https:\/\/www.pm.pb.gov.br\/portal\/"},{"@type":"ListItem","position":2,"name":"Pol\u00edcia Militar desarticula ponto de tr\u00e1fico e prende tr\u00eas acusados em Guarabira"}]},{"@type":"WebSite","@id":"https:\/\/www.pm.pb.gov.br\/portal\/#website","url":"https:\/\/www.pm.pb.gov.br\/portal\/","name":"Pol\u00edcia Militar da Para\u00edba","description":"","publisher":{"@id":"https:\/\/www.pm.pb.gov.br\/portal\/#organization"},"potentialAction":[{"@type":"SearchAction","target":{"@type":"EntryPoint","urlTemplate":"https:\/\/www.pm.pb.gov.br\/portal\/?s={search_term_string}"},"query-input":"required name=search_term_string"}],"inLanguage":"pt-BR"},{"@type":"Organization","@id":"https:\/\/www.pm.pb.gov.br\/portal\/#organization","name":"Pol\u00edcia Militar da Para\u00edba","url":"https:\/\/www.pm.pb.gov.br\/portal\/","logo":{"@type":"ImageObject","inLanguage":"pt-BR","@id":"https:\/\/www.pm.pb.gov.br\/portal\/#\/schema\/logo\/image\/","url":"https:\/\/www.pm.pb.gov.br\/portal\/wp-content\/uploads\/2025\/03\/cropped-logo-site-mag2-1.png","contentUrl":"https:\/\/www.pm.pb.gov.br\/portal\/wp-content\/uploads\/2025\/03\/cropped-logo-site-mag2-1.png","width":320,"height":90,"caption":"Pol\u00edcia Militar da Para\u00edba"},"image":{"@id":"https:\/\/www.pm.pb.gov.br\/portal\/#\/schema\/logo\/image\/"}},{"@type":"Person","@id":"https:\/\/www.pm.pb.gov.br\/portal\/#\/schema\/person\/f84f56dcc78ce4357054da888b8247fd","name":"Tarcisio Oliveira","image":{"@type":"ImageObject","inLanguage":"pt-BR","@id":"https:\/\/www.pm.pb.gov.br\/portal\/#\/schema\/person\/image\/","url":"https:\/\/secure.gravatar.com\/avatar\/72917b630b69d31cd0297507f34bac97?s=96&d=mm&r=g","contentUrl":"https:\/\/secure.gravatar.com\/avatar\/72917b630b69d31cd0297507f34bac97?s=96&d=mm&r=g","caption":"Tarcisio Oliveira"},"url":"https:\/\/www.pm.pb.gov.br\/portal\/author\/tarcisio\/"}]}},"_links":{"self":[{"href":"https:\/\/www.pm.pb.gov.br\/portal\/wp-json\/wp\/v2\/posts\/922933"}],"collection":[{"href":"https:\/\/www.pm.pb.gov.br\/portal\/wp-json\/wp\/v2\/posts"}],"about":[{"href":"https:\/\/www.pm.pb.gov.br\/portal\/wp-json\/wp\/v2\/types\/post"}],"author":[{"embeddable":true,"href":"https:\/\/www.pm.pb.gov.br\/portal\/wp-json\/wp\/v2\/users\/12"}],"replies":[{"embeddable":true,"href":"https:\/\/www.pm.pb.gov.br\/portal\/wp-json\/wp\/v2\/comments?post=922933"}],"version-history":[{"count":1,"href":"https:\/\/www.pm.pb.gov.br\/portal\/wp-json\/wp\/v2\/posts\/922933\/revisions"}],"predecessor-version":[{"id":922935,"href":"https:\/\/www.pm.pb.gov.br\/portal\/wp-json\/wp\/v2\/posts\/922933\/revisions\/922935"}],"wp:featuredmedia":[{"embeddable":true,"href":"https:\/\/www.pm.pb.gov.br\/portal\/wp-json\/wp\/v2\/media\/919227"}],"wp:attachment":[{"href":"https:\/\/www.pm.pb.gov.br\/portal\/wp-json\/wp\/v2\/media?parent=922933"}],"wp:term":[{"taxonomy":"category","embeddable":true,"href":"https:\/\/www.pm.pb.gov.br\/portal\/wp-json\/wp\/v2\/categories?post=922933"},{"taxonomy":"post_tag","embeddable":true,"href":"https:\/\/www.pm.pb.gov.br\/portal\/wp-json\/wp\/v2\/tags?post=922933"}],"curies":[{"name":"wp","href":"https:\/\/api.w.org\/{rel}","templated":true}]}}