{"id":922800,"date":"2024-07-01T09:14:34","date_gmt":"2024-07-01T12:14:34","guid":{"rendered":"https:\/\/www.pm.pb.gov.br\/portal\/?p=922800"},"modified":"2024-07-01T09:14:36","modified_gmt":"2024-07-01T12:14:36","slug":"presos-novamente-policia-militar-captura-oito-tornozelados-que-quebraram-regime-penal-em-joao-pessoa","status":"publish","type":"post","link":"https:\/\/www.pm.pb.gov.br\/portal\/2024\/07\/01\/presos-novamente-policia-militar-captura-oito-tornozelados-que-quebraram-regime-penal-em-joao-pessoa\/","title":{"rendered":"PRESOS NOVAMENTE: Pol\u00edcia Militar captura oito \u2018tornozelados\u2019 que quebraram regime penal em Jo\u00e3o Pessoa"},"content":{"rendered":"\n<p>Oito apenados que usavam tornozeleira eletr\u00f4nica e que descumpriam regras do regime penal foram capturados pela Pol\u00edcia Militar no \u00faltimo domingo (30) em Jo\u00e3o Pessoa (foto acima ilustrativa). A maioria dos acusados respondiam pelo crime de tr\u00e1fico de drogas.<\/p>\n<p>De acordo com a For\u00e7a Regional, unidade respons\u00e1vel pela captura, as pris\u00f5es ocorreram nos bairros do Centro, Cruz das Armas, Ilha do Bispo, Mandacaru, Tambauzinho, Mangabeira 4 e Ernesto Geisel. Os apenados foram localizados em vias p\u00fablicas. Um deles ainda tentou fugir para casa para se desfazer de por\u00e7\u00f5es de drogas que traficava, mas o ato foi frustrado.<\/p>\n<p>Todos os presos foram encaminhados para a penitenci\u00e1ria de seguran\u00e7a m\u00e9dia, no bairro de Mangabeira.<\/p>\n\n\n","protected":false},"excerpt":{"rendered":"<p>Oito apenados que usavam tornozeleira eletr\u00f4nica e que descumpriam regras do regime penal foram capturados pela Pol\u00edcia Militar no \u00faltimo<\/p>\n","protected":false},"author":12,"featured_media":922720,"comment_status":"closed","ping_status":"closed","sticky":false,"template":"","format":"standard","meta":{"_exactmetrics_skip_tracking":false,"_exactmetrics_sitenote_active":false,"_exactmetrics_sitenote_note":"","_exactmetrics_sitenote_category":0,"footnotes":""},"categories":[4],"tags":[],"yoast_head":"<!-- This site is optimized with the Yoast SEO plugin v22.0 - https:\/\/yoast.com\/wordpress\/plugins\/seo\/ -->\n<title>PRESOS NOVAMENTE: Pol\u00edcia Militar captura oito \u2018tornozelados\u2019 que quebraram regime penal em Jo\u00e3o Pessoa - Pol\u00edcia Militar da Para\u00edba<\/title>\n<meta name=\"description\" content=\"A maioria dos acusados respondiam pelo crime de tr\u00e1fico de drogas. Todos os presos foram encaminhados para a penitenci\u00e1ria de seguran\u00e7a m\u00e9dia.\" \/>\n<meta name=\"robots\" content=\"index, follow, max-snippet:-1, max-image-preview:large, max-video-preview:-1\" \/>\n<link rel=\"canonical\" href=\"https:\/\/www.pm.pb.gov.br\/portal\/2024\/07\/01\/presos-novamente-policia-militar-captura-oito-tornozelados-que-quebraram-regime-penal-em-joao-pessoa\/\" \/>\n<meta property=\"og:locale\" content=\"pt_BR\" \/>\n<meta property=\"og:type\" content=\"article\" \/>\n<meta property=\"og:title\" content=\"PRESOS NOVAMENTE: Pol\u00edcia Militar captura oito \u2018tornozelados\u2019 que quebraram regime penal em Jo\u00e3o Pessoa - Pol\u00edcia Militar da Para\u00edba\" \/>\n<meta property=\"og:description\" content=\"A maioria dos acusados respondiam pelo crime de tr\u00e1fico de drogas. Todos os presos foram encaminhados para a penitenci\u00e1ria de seguran\u00e7a m\u00e9dia.\" \/>\n<meta property=\"og:url\" content=\"https:\/\/www.pm.pb.gov.br\/portal\/2024\/07\/01\/presos-novamente-policia-militar-captura-oito-tornozelados-que-quebraram-regime-penal-em-joao-pessoa\/\" \/>\n<meta property=\"og:site_name\" content=\"Pol\u00edcia Militar da Para\u00edba\" \/>\n<meta property=\"article:published_time\" content=\"2024-07-01T12:14:34+00:00\" \/>\n<meta property=\"article:modified_time\" content=\"2024-07-01T12:14:36+00:00\" \/>\n<meta property=\"og:image\" content=\"http:\/\/www.pm.pb.gov.br\/portal\/wp-content\/uploads\/2024\/06\/WhatsApp-Image-2024-06-27-at-14.06.46.jpeg\" \/>\n\t<meta property=\"og:image:width\" content=\"800\" \/>\n\t<meta property=\"og:image:height\" content=\"445\" \/>\n\t<meta property=\"og:image:type\" content=\"image\/jpeg\" \/>\n<meta name=\"author\" content=\"Tarcisio Oliveira\" \/>\n<meta name=\"twitter:card\" content=\"summary_large_image\" \/>\n<meta name=\"twitter:label1\" content=\"Escrito por\" \/>\n\t<meta name=\"twitter:data1\" content=\"Tarcisio Oliveira\" \/>\n\t<meta name=\"twitter:label2\" content=\"Est. tempo de leitura\" \/>\n\t<meta name=\"twitter:data2\" content=\"1 minuto\" \/>\n<script type=\"application\/ld+json\" class=\"yoast-schema-graph\">{\"@context\":\"https:\/\/schema.org\",\"@graph\":[{\"@type\":\"Article\",\"@id\":\"https:\/\/www.pm.pb.gov.br\/portal\/2024\/07\/01\/presos-novamente-policia-militar-captura-oito-tornozelados-que-quebraram-regime-penal-em-joao-pessoa\/#article\",\"isPartOf\":{\"@id\":\"https:\/\/www.pm.pb.gov.br\/portal\/2024\/07\/01\/presos-novamente-policia-militar-captura-oito-tornozelados-que-quebraram-regime-penal-em-joao-pessoa\/\"},\"author\":{\"name\":\"Tarcisio Oliveira\",\"@id\":\"https:\/\/www.pm.pb.gov.br\/portal\/#\/schema\/person\/f84f56dcc78ce4357054da888b8247fd\"},\"headline\":\"PRESOS NOVAMENTE: Pol\u00edcia Militar captura oito \u2018tornozelados\u2019 que quebraram regime penal em Jo\u00e3o Pessoa\",\"datePublished\":\"2024-07-01T12:14:34+00:00\",\"dateModified\":\"2024-07-01T12:14:36+00:00\",\"mainEntityOfPage\":{\"@id\":\"https:\/\/www.pm.pb.gov.br\/portal\/2024\/07\/01\/presos-novamente-policia-militar-captura-oito-tornozelados-que-quebraram-regime-penal-em-joao-pessoa\/\"},\"wordCount\":138,\"publisher\":{\"@id\":\"https:\/\/www.pm.pb.gov.br\/portal\/#organization\"},\"articleSection\":[\"A\u00e7\u00f5es Policiais\"],\"inLanguage\":\"pt-BR\"},{\"@type\":\"WebPage\",\"@id\":\"https:\/\/www.pm.pb.gov.br\/portal\/2024\/07\/01\/presos-novamente-policia-militar-captura-oito-tornozelados-que-quebraram-regime-penal-em-joao-pessoa\/\",\"url\":\"https:\/\/www.pm.pb.gov.br\/portal\/2024\/07\/01\/presos-novamente-policia-militar-captura-oito-tornozelados-que-quebraram-regime-penal-em-joao-pessoa\/\",\"name\":\"PRESOS NOVAMENTE: Pol\u00edcia Militar captura oito \u2018tornozelados\u2019 que quebraram regime penal em Jo\u00e3o Pessoa - Pol\u00edcia Militar da Para\u00edba\",\"isPartOf\":{\"@id\":\"https:\/\/www.pm.pb.gov.br\/portal\/#website\"},\"datePublished\":\"2024-07-01T12:14:34+00:00\",\"dateModified\":\"2024-07-01T12:14:36+00:00\",\"description\":\"A maioria dos acusados respondiam pelo crime de tr\u00e1fico de drogas. Todos os presos foram encaminhados para a penitenci\u00e1ria de seguran\u00e7a m\u00e9dia.\",\"breadcrumb\":{\"@id\":\"https:\/\/www.pm.pb.gov.br\/portal\/2024\/07\/01\/presos-novamente-policia-militar-captura-oito-tornozelados-que-quebraram-regime-penal-em-joao-pessoa\/#breadcrumb\"},\"inLanguage\":\"pt-BR\",\"potentialAction\":[{\"@type\":\"ReadAction\",\"target\":[\"https:\/\/www.pm.pb.gov.br\/portal\/2024\/07\/01\/presos-novamente-policia-militar-captura-oito-tornozelados-que-quebraram-regime-penal-em-joao-pessoa\/\"]}]},{\"@type\":\"BreadcrumbList\",\"@id\":\"https:\/\/www.pm.pb.gov.br\/portal\/2024\/07\/01\/presos-novamente-policia-militar-captura-oito-tornozelados-que-quebraram-regime-penal-em-joao-pessoa\/#breadcrumb\",\"itemListElement\":[{\"@type\":\"ListItem\",\"position\":1,\"name\":\"In\u00edcio\",\"item\":\"https:\/\/www.pm.pb.gov.br\/portal\/\"},{\"@type\":\"ListItem\",\"position\":2,\"name\":\"PRESOS NOVAMENTE: Pol\u00edcia Militar captura oito \u2018tornozelados\u2019 que quebraram regime penal em Jo\u00e3o Pessoa\"}]},{\"@type\":\"WebSite\",\"@id\":\"https:\/\/www.pm.pb.gov.br\/portal\/#website\",\"url\":\"https:\/\/www.pm.pb.gov.br\/portal\/\",\"name\":\"Pol\u00edcia Militar da Para\u00edba\",\"description\":\"\",\"publisher\":{\"@id\":\"https:\/\/www.pm.pb.gov.br\/portal\/#organization\"},\"potentialAction\":[{\"@type\":\"SearchAction\",\"target\":{\"@type\":\"EntryPoint\",\"urlTemplate\":\"https:\/\/www.pm.pb.gov.br\/portal\/?s={search_term_string}\"},\"query-input\":\"required name=search_term_string\"}],\"inLanguage\":\"pt-BR\"},{\"@type\":\"Organization\",\"@id\":\"https:\/\/www.pm.pb.gov.br\/portal\/#organization\",\"name\":\"Pol\u00edcia Militar da Para\u00edba\",\"url\":\"https:\/\/www.pm.pb.gov.br\/portal\/\",\"logo\":{\"@type\":\"ImageObject\",\"inLanguage\":\"pt-BR\",\"@id\":\"https:\/\/www.pm.pb.gov.br\/portal\/#\/schema\/logo\/image\/\",\"url\":\"https:\/\/www.pm.pb.gov.br\/portal\/wp-content\/uploads\/2025\/03\/cropped-logo-site-mag2-1.png\",\"contentUrl\":\"https:\/\/www.pm.pb.gov.br\/portal\/wp-content\/uploads\/2025\/03\/cropped-logo-site-mag2-1.png\",\"width\":320,\"height\":90,\"caption\":\"Pol\u00edcia Militar da Para\u00edba\"},\"image\":{\"@id\":\"https:\/\/www.pm.pb.gov.br\/portal\/#\/schema\/logo\/image\/\"}},{\"@type\":\"Person\",\"@id\":\"https:\/\/www.pm.pb.gov.br\/portal\/#\/schema\/person\/f84f56dcc78ce4357054da888b8247fd\",\"name\":\"Tarcisio Oliveira\",\"image\":{\"@type\":\"ImageObject\",\"inLanguage\":\"pt-BR\",\"@id\":\"https:\/\/www.pm.pb.gov.br\/portal\/#\/schema\/person\/image\/\",\"url\":\"https:\/\/secure.gravatar.com\/avatar\/72917b630b69d31cd0297507f34bac97?s=96&d=mm&r=g\",\"contentUrl\":\"https:\/\/secure.gravatar.com\/avatar\/72917b630b69d31cd0297507f34bac97?s=96&d=mm&r=g\",\"caption\":\"Tarcisio Oliveira\"},\"url\":\"https:\/\/www.pm.pb.gov.br\/portal\/author\/tarcisio\/\"}]}<\/script>\n<!-- \/ Yoast SEO plugin. -->","yoast_head_json":{"title":"PRESOS NOVAMENTE: Pol\u00edcia Militar captura oito \u2018tornozelados\u2019 que quebraram regime penal em Jo\u00e3o Pessoa - Pol\u00edcia Militar da Para\u00edba","description":"A maioria dos acusados respondiam pelo crime de tr\u00e1fico de drogas. Todos os presos foram encaminhados para a penitenci\u00e1ria de seguran\u00e7a m\u00e9dia.","robots":{"index":"index","follow":"follow","max-snippet":"max-snippet:-1","max-image-preview":"max-image-preview:large","max-video-preview":"max-video-preview:-1"},"canonical":"https:\/\/www.pm.pb.gov.br\/portal\/2024\/07\/01\/presos-novamente-policia-militar-captura-oito-tornozelados-que-quebraram-regime-penal-em-joao-pessoa\/","og_locale":"pt_BR","og_type":"article","og_title":"PRESOS NOVAMENTE: Pol\u00edcia Militar captura oito \u2018tornozelados\u2019 que quebraram regime penal em Jo\u00e3o Pessoa - Pol\u00edcia Militar da Para\u00edba","og_description":"A maioria dos acusados respondiam pelo crime de tr\u00e1fico de drogas. Todos os presos foram encaminhados para a penitenci\u00e1ria de seguran\u00e7a m\u00e9dia.","og_url":"https:\/\/www.pm.pb.gov.br\/portal\/2024\/07\/01\/presos-novamente-policia-militar-captura-oito-tornozelados-que-quebraram-regime-penal-em-joao-pessoa\/","og_site_name":"Pol\u00edcia Militar da Para\u00edba","article_published_time":"2024-07-01T12:14:34+00:00","article_modified_time":"2024-07-01T12:14:36+00:00","og_image":[{"width":800,"height":445,"url":"http:\/\/www.pm.pb.gov.br\/portal\/wp-content\/uploads\/2024\/06\/WhatsApp-Image-2024-06-27-at-14.06.46.jpeg","type":"image\/jpeg"}],"author":"Tarcisio Oliveira","twitter_card":"summary_large_image","twitter_misc":{"Escrito por":"Tarcisio Oliveira","Est. tempo de leitura":"1 minuto"},"schema":{"@context":"https:\/\/schema.org","@graph":[{"@type":"Article","@id":"https:\/\/www.pm.pb.gov.br\/portal\/2024\/07\/01\/presos-novamente-policia-militar-captura-oito-tornozelados-que-quebraram-regime-penal-em-joao-pessoa\/#article","isPartOf":{"@id":"https:\/\/www.pm.pb.gov.br\/portal\/2024\/07\/01\/presos-novamente-policia-militar-captura-oito-tornozelados-que-quebraram-regime-penal-em-joao-pessoa\/"},"author":{"name":"Tarcisio Oliveira","@id":"https:\/\/www.pm.pb.gov.br\/portal\/#\/schema\/person\/f84f56dcc78ce4357054da888b8247fd"},"headline":"PRESOS NOVAMENTE: Pol\u00edcia Militar captura oito \u2018tornozelados\u2019 que quebraram regime penal em Jo\u00e3o Pessoa","datePublished":"2024-07-01T12:14:34+00:00","dateModified":"2024-07-01T12:14:36+00:00","mainEntityOfPage":{"@id":"https:\/\/www.pm.pb.gov.br\/portal\/2024\/07\/01\/presos-novamente-policia-militar-captura-oito-tornozelados-que-quebraram-regime-penal-em-joao-pessoa\/"},"wordCount":138,"publisher":{"@id":"https:\/\/www.pm.pb.gov.br\/portal\/#organization"},"articleSection":["A\u00e7\u00f5es Policiais"],"inLanguage":"pt-BR"},{"@type":"WebPage","@id":"https:\/\/www.pm.pb.gov.br\/portal\/2024\/07\/01\/presos-novamente-policia-militar-captura-oito-tornozelados-que-quebraram-regime-penal-em-joao-pessoa\/","url":"https:\/\/www.pm.pb.gov.br\/portal\/2024\/07\/01\/presos-novamente-policia-militar-captura-oito-tornozelados-que-quebraram-regime-penal-em-joao-pessoa\/","name":"PRESOS NOVAMENTE: Pol\u00edcia Militar captura oito \u2018tornozelados\u2019 que quebraram regime penal em Jo\u00e3o Pessoa - Pol\u00edcia Militar da Para\u00edba","isPartOf":{"@id":"https:\/\/www.pm.pb.gov.br\/portal\/#website"},"datePublished":"2024-07-01T12:14:34+00:00","dateModified":"2024-07-01T12:14:36+00:00","description":"A maioria dos acusados respondiam pelo crime de tr\u00e1fico de drogas. Todos os presos foram encaminhados para a penitenci\u00e1ria de seguran\u00e7a m\u00e9dia.","breadcrumb":{"@id":"https:\/\/www.pm.pb.gov.br\/portal\/2024\/07\/01\/presos-novamente-policia-militar-captura-oito-tornozelados-que-quebraram-regime-penal-em-joao-pessoa\/#breadcrumb"},"inLanguage":"pt-BR","potentialAction":[{"@type":"ReadAction","target":["https:\/\/www.pm.pb.gov.br\/portal\/2024\/07\/01\/presos-novamente-policia-militar-captura-oito-tornozelados-que-quebraram-regime-penal-em-joao-pessoa\/"]}]},{"@type":"BreadcrumbList","@id":"https:\/\/www.pm.pb.gov.br\/portal\/2024\/07\/01\/presos-novamente-policia-militar-captura-oito-tornozelados-que-quebraram-regime-penal-em-joao-pessoa\/#breadcrumb","itemListElement":[{"@type":"ListItem","position":1,"name":"In\u00edcio","item":"https:\/\/www.pm.pb.gov.br\/portal\/"},{"@type":"ListItem","position":2,"name":"PRESOS NOVAMENTE: Pol\u00edcia Militar captura oito \u2018tornozelados\u2019 que quebraram regime penal em Jo\u00e3o Pessoa"}]},{"@type":"WebSite","@id":"https:\/\/www.pm.pb.gov.br\/portal\/#website","url":"https:\/\/www.pm.pb.gov.br\/portal\/","name":"Pol\u00edcia Militar da Para\u00edba","description":"","publisher":{"@id":"https:\/\/www.pm.pb.gov.br\/portal\/#organization"},"potentialAction":[{"@type":"SearchAction","target":{"@type":"EntryPoint","urlTemplate":"https:\/\/www.pm.pb.gov.br\/portal\/?s={search_term_string}"},"query-input":"required name=search_term_string"}],"inLanguage":"pt-BR"},{"@type":"Organization","@id":"https:\/\/www.pm.pb.gov.br\/portal\/#organization","name":"Pol\u00edcia Militar da Para\u00edba","url":"https:\/\/www.pm.pb.gov.br\/portal\/","logo":{"@type":"ImageObject","inLanguage":"pt-BR","@id":"https:\/\/www.pm.pb.gov.br\/portal\/#\/schema\/logo\/image\/","url":"https:\/\/www.pm.pb.gov.br\/portal\/wp-content\/uploads\/2025\/03\/cropped-logo-site-mag2-1.png","contentUrl":"https:\/\/www.pm.pb.gov.br\/portal\/wp-content\/uploads\/2025\/03\/cropped-logo-site-mag2-1.png","width":320,"height":90,"caption":"Pol\u00edcia Militar da Para\u00edba"},"image":{"@id":"https:\/\/www.pm.pb.gov.br\/portal\/#\/schema\/logo\/image\/"}},{"@type":"Person","@id":"https:\/\/www.pm.pb.gov.br\/portal\/#\/schema\/person\/f84f56dcc78ce4357054da888b8247fd","name":"Tarcisio Oliveira","image":{"@type":"ImageObject","inLanguage":"pt-BR","@id":"https:\/\/www.pm.pb.gov.br\/portal\/#\/schema\/person\/image\/","url":"https:\/\/secure.gravatar.com\/avatar\/72917b630b69d31cd0297507f34bac97?s=96&d=mm&r=g","contentUrl":"https:\/\/secure.gravatar.com\/avatar\/72917b630b69d31cd0297507f34bac97?s=96&d=mm&r=g","caption":"Tarcisio Oliveira"},"url":"https:\/\/www.pm.pb.gov.br\/portal\/author\/tarcisio\/"}]}},"_links":{"self":[{"href":"https:\/\/www.pm.pb.gov.br\/portal\/wp-json\/wp\/v2\/posts\/922800"}],"collection":[{"href":"https:\/\/www.pm.pb.gov.br\/portal\/wp-json\/wp\/v2\/posts"}],"about":[{"href":"https:\/\/www.pm.pb.gov.br\/portal\/wp-json\/wp\/v2\/types\/post"}],"author":[{"embeddable":true,"href":"https:\/\/www.pm.pb.gov.br\/portal\/wp-json\/wp\/v2\/users\/12"}],"replies":[{"embeddable":true,"href":"https:\/\/www.pm.pb.gov.br\/portal\/wp-json\/wp\/v2\/comments?post=922800"}],"version-history":[{"count":1,"href":"https:\/\/www.pm.pb.gov.br\/portal\/wp-json\/wp\/v2\/posts\/922800\/revisions"}],"predecessor-version":[{"id":922801,"href":"https:\/\/www.pm.pb.gov.br\/portal\/wp-json\/wp\/v2\/posts\/922800\/revisions\/922801"}],"wp:featuredmedia":[{"embeddable":true,"href":"https:\/\/www.pm.pb.gov.br\/portal\/wp-json\/wp\/v2\/media\/922720"}],"wp:attachment":[{"href":"https:\/\/www.pm.pb.gov.br\/portal\/wp-json\/wp\/v2\/media?parent=922800"}],"wp:term":[{"taxonomy":"category","embeddable":true,"href":"https:\/\/www.pm.pb.gov.br\/portal\/wp-json\/wp\/v2\/categories?post=922800"},{"taxonomy":"post_tag","embeddable":true,"href":"https:\/\/www.pm.pb.gov.br\/portal\/wp-json\/wp\/v2\/tags?post=922800"}],"curies":[{"name":"wp","href":"https:\/\/api.w.org\/{rel}","templated":true}]}}