{"id":922787,"date":"2024-06-30T12:29:31","date_gmt":"2024-06-30T15:29:31","guid":{"rendered":"https:\/\/www.pm.pb.gov.br\/portal\/?p=922787"},"modified":"2024-06-30T12:29:33","modified_gmt":"2024-06-30T15:29:33","slug":"combate-ao-trafico-policia-militar-prende-suspeito-com-mais-de-480-porcoes-de-drogas-em-bayeux","status":"publish","type":"post","link":"https:\/\/www.pm.pb.gov.br\/portal\/2024\/06\/30\/combate-ao-trafico-policia-militar-prende-suspeito-com-mais-de-480-porcoes-de-drogas-em-bayeux\/","title":{"rendered":"COMBATE AO TR\u00c1FICO: Pol\u00edcia Militar prende suspeito com mais de 480 por\u00e7\u00f5es de drogas em Bayeux"},"content":{"rendered":"\n<p>A Pol\u00edcia Militar desarticulou um esquema de tr\u00e1fico e apreendeu uma grande quantidade de entorpecentes neste s\u00e1bado (29), em Bayeux.<br><br>Os policiais militares do 7\u00b0 BPM e 4\u00b0 Batalh\u00e3o receberam informa\u00e7\u00f5es sobre um ponto de tr\u00e1fico de drogas na Rua S\u00e3o Domingos, no bairro de Bras\u00edlia, em Bayeux. Ao chegarem na referida rua, os policiais visualizaram um indiv\u00edduo que, ao notar a presen\u00e7a das guarni\u00e7\u00f5es, tentou fugir para o interior de uma resid\u00eancia. Os policiais realizaram o acompanhamento e conseguiram alcan\u00e7\u00e1-lo dentro da casa.<br><br>Durante as buscas no local, foram encontradas 485 por\u00e7\u00f5es de drogas, dinheiro em esp\u00e9cie, um carregador de pistola, 11 muni\u00e7\u00f5es calibre .380, 2 drones e v\u00e1rias embalagens utilizadas para armazenar drogas. O suspeito foi detido, e todo o material apreendido foi levado \u00e0 delegacia para as medidas cab\u00edveis.<br><\/p>\n","protected":false},"excerpt":{"rendered":"<p>A Pol\u00edcia Militar desarticulou um esquema de tr\u00e1fico e apreendeu uma grande quantidade de entorpecentes neste s\u00e1bado (29), em Bayeux.<\/p>\n","protected":false},"author":5,"featured_media":922793,"comment_status":"closed","ping_status":"closed","sticky":false,"template":"","format":"standard","meta":{"_exactmetrics_skip_tracking":false,"_exactmetrics_sitenote_active":false,"_exactmetrics_sitenote_note":"","_exactmetrics_sitenote_category":0,"footnotes":""},"categories":[4],"tags":[],"yoast_head":"<!-- This site is optimized with the Yoast SEO plugin v22.0 - https:\/\/yoast.com\/wordpress\/plugins\/seo\/ -->\n<title>COMBATE AO TR\u00c1FICO: Pol\u00edcia Militar prende suspeito com mais de 480 por\u00e7\u00f5es de drogas em Bayeux - Pol\u00edcia Militar da Para\u00edba<\/title>\n<meta name=\"robots\" content=\"index, follow, max-snippet:-1, max-image-preview:large, max-video-preview:-1\" \/>\n<link rel=\"canonical\" href=\"https:\/\/www.pm.pb.gov.br\/portal\/2024\/06\/30\/combate-ao-trafico-policia-militar-prende-suspeito-com-mais-de-480-porcoes-de-drogas-em-bayeux\/\" \/>\n<meta property=\"og:locale\" content=\"pt_BR\" \/>\n<meta property=\"og:type\" content=\"article\" \/>\n<meta property=\"og:title\" content=\"COMBATE AO TR\u00c1FICO: Pol\u00edcia Militar prende suspeito com mais de 480 por\u00e7\u00f5es de drogas em Bayeux - Pol\u00edcia Militar da Para\u00edba\" \/>\n<meta property=\"og:description\" content=\"A Pol\u00edcia Militar desarticulou um esquema de tr\u00e1fico e apreendeu uma grande quantidade de entorpecentes neste s\u00e1bado (29), em Bayeux.\" \/>\n<meta property=\"og:url\" content=\"https:\/\/www.pm.pb.gov.br\/portal\/2024\/06\/30\/combate-ao-trafico-policia-militar-prende-suspeito-com-mais-de-480-porcoes-de-drogas-em-bayeux\/\" \/>\n<meta property=\"og:site_name\" content=\"Pol\u00edcia Militar da Para\u00edba\" \/>\n<meta property=\"article:published_time\" content=\"2024-06-30T15:29:31+00:00\" \/>\n<meta property=\"article:modified_time\" content=\"2024-06-30T15:29:33+00:00\" \/>\n<meta property=\"og:image\" content=\"http:\/\/www.pm.pb.gov.br\/portal\/wp-content\/uploads\/2024\/06\/foto-drogas-bayeux.jpg\" \/>\n\t<meta property=\"og:image:width\" content=\"1280\" \/>\n\t<meta property=\"og:image:height\" content=\"960\" \/>\n\t<meta property=\"og:image:type\" content=\"image\/jpeg\" \/>\n<meta name=\"author\" content=\"Assessoria de Imprensa da PMPB\" \/>\n<meta name=\"twitter:card\" content=\"summary_large_image\" \/>\n<meta name=\"twitter:label1\" content=\"Escrito por\" \/>\n\t<meta name=\"twitter:data1\" content=\"Assessoria de Imprensa da PMPB\" \/>\n\t<meta name=\"twitter:label2\" content=\"Est. tempo de leitura\" \/>\n\t<meta name=\"twitter:data2\" content=\"1 minuto\" \/>\n<script type=\"application\/ld+json\" class=\"yoast-schema-graph\">{\"@context\":\"https:\/\/schema.org\",\"@graph\":[{\"@type\":\"Article\",\"@id\":\"https:\/\/www.pm.pb.gov.br\/portal\/2024\/06\/30\/combate-ao-trafico-policia-militar-prende-suspeito-com-mais-de-480-porcoes-de-drogas-em-bayeux\/#article\",\"isPartOf\":{\"@id\":\"https:\/\/www.pm.pb.gov.br\/portal\/2024\/06\/30\/combate-ao-trafico-policia-militar-prende-suspeito-com-mais-de-480-porcoes-de-drogas-em-bayeux\/\"},\"author\":{\"name\":\"Assessoria de Imprensa da PMPB\",\"@id\":\"https:\/\/www.pm.pb.gov.br\/portal\/#\/schema\/person\/e8454f46651c3ecf0e1ba3c1666d9947\"},\"headline\":\"COMBATE AO TR\u00c1FICO: Pol\u00edcia Militar prende suspeito com mais de 480 por\u00e7\u00f5es de drogas em Bayeux\",\"datePublished\":\"2024-06-30T15:29:31+00:00\",\"dateModified\":\"2024-06-30T15:29:33+00:00\",\"mainEntityOfPage\":{\"@id\":\"https:\/\/www.pm.pb.gov.br\/portal\/2024\/06\/30\/combate-ao-trafico-policia-militar-prende-suspeito-com-mais-de-480-porcoes-de-drogas-em-bayeux\/\"},\"wordCount\":160,\"publisher\":{\"@id\":\"https:\/\/www.pm.pb.gov.br\/portal\/#organization\"},\"articleSection\":[\"A\u00e7\u00f5es Policiais\"],\"inLanguage\":\"pt-BR\"},{\"@type\":\"WebPage\",\"@id\":\"https:\/\/www.pm.pb.gov.br\/portal\/2024\/06\/30\/combate-ao-trafico-policia-militar-prende-suspeito-com-mais-de-480-porcoes-de-drogas-em-bayeux\/\",\"url\":\"https:\/\/www.pm.pb.gov.br\/portal\/2024\/06\/30\/combate-ao-trafico-policia-militar-prende-suspeito-com-mais-de-480-porcoes-de-drogas-em-bayeux\/\",\"name\":\"COMBATE AO TR\u00c1FICO: Pol\u00edcia Militar prende suspeito com mais de 480 por\u00e7\u00f5es de drogas em Bayeux - Pol\u00edcia Militar da Para\u00edba\",\"isPartOf\":{\"@id\":\"https:\/\/www.pm.pb.gov.br\/portal\/#website\"},\"datePublished\":\"2024-06-30T15:29:31+00:00\",\"dateModified\":\"2024-06-30T15:29:33+00:00\",\"breadcrumb\":{\"@id\":\"https:\/\/www.pm.pb.gov.br\/portal\/2024\/06\/30\/combate-ao-trafico-policia-militar-prende-suspeito-com-mais-de-480-porcoes-de-drogas-em-bayeux\/#breadcrumb\"},\"inLanguage\":\"pt-BR\",\"potentialAction\":[{\"@type\":\"ReadAction\",\"target\":[\"https:\/\/www.pm.pb.gov.br\/portal\/2024\/06\/30\/combate-ao-trafico-policia-militar-prende-suspeito-com-mais-de-480-porcoes-de-drogas-em-bayeux\/\"]}]},{\"@type\":\"BreadcrumbList\",\"@id\":\"https:\/\/www.pm.pb.gov.br\/portal\/2024\/06\/30\/combate-ao-trafico-policia-militar-prende-suspeito-com-mais-de-480-porcoes-de-drogas-em-bayeux\/#breadcrumb\",\"itemListElement\":[{\"@type\":\"ListItem\",\"position\":1,\"name\":\"In\u00edcio\",\"item\":\"https:\/\/www.pm.pb.gov.br\/portal\/\"},{\"@type\":\"ListItem\",\"position\":2,\"name\":\"COMBATE AO TR\u00c1FICO: Pol\u00edcia Militar prende suspeito com mais de 480 por\u00e7\u00f5es de drogas em Bayeux\"}]},{\"@type\":\"WebSite\",\"@id\":\"https:\/\/www.pm.pb.gov.br\/portal\/#website\",\"url\":\"https:\/\/www.pm.pb.gov.br\/portal\/\",\"name\":\"Pol\u00edcia Militar da Para\u00edba\",\"description\":\"\",\"publisher\":{\"@id\":\"https:\/\/www.pm.pb.gov.br\/portal\/#organization\"},\"potentialAction\":[{\"@type\":\"SearchAction\",\"target\":{\"@type\":\"EntryPoint\",\"urlTemplate\":\"https:\/\/www.pm.pb.gov.br\/portal\/?s={search_term_string}\"},\"query-input\":\"required name=search_term_string\"}],\"inLanguage\":\"pt-BR\"},{\"@type\":\"Organization\",\"@id\":\"https:\/\/www.pm.pb.gov.br\/portal\/#organization\",\"name\":\"Pol\u00edcia Militar da Para\u00edba\",\"url\":\"https:\/\/www.pm.pb.gov.br\/portal\/\",\"logo\":{\"@type\":\"ImageObject\",\"inLanguage\":\"pt-BR\",\"@id\":\"https:\/\/www.pm.pb.gov.br\/portal\/#\/schema\/logo\/image\/\",\"url\":\"https:\/\/www.pm.pb.gov.br\/portal\/wp-content\/uploads\/2025\/03\/cropped-logo-site-mag2-1.png\",\"contentUrl\":\"https:\/\/www.pm.pb.gov.br\/portal\/wp-content\/uploads\/2025\/03\/cropped-logo-site-mag2-1.png\",\"width\":320,\"height\":90,\"caption\":\"Pol\u00edcia Militar da Para\u00edba\"},\"image\":{\"@id\":\"https:\/\/www.pm.pb.gov.br\/portal\/#\/schema\/logo\/image\/\"}},{\"@type\":\"Person\",\"@id\":\"https:\/\/www.pm.pb.gov.br\/portal\/#\/schema\/person\/e8454f46651c3ecf0e1ba3c1666d9947\",\"name\":\"Assessoria de Imprensa da PMPB\",\"image\":{\"@type\":\"ImageObject\",\"inLanguage\":\"pt-BR\",\"@id\":\"https:\/\/www.pm.pb.gov.br\/portal\/#\/schema\/person\/image\/\",\"url\":\"https:\/\/secure.gravatar.com\/avatar\/2efe197438265d1e90bd98c4c8e1acf8?s=96&d=mm&r=g\",\"contentUrl\":\"https:\/\/secure.gravatar.com\/avatar\/2efe197438265d1e90bd98c4c8e1acf8?s=96&d=mm&r=g\",\"caption\":\"Assessoria de Imprensa da PMPB\"},\"url\":\"https:\/\/www.pm.pb.gov.br\/portal\/author\/assessoria\/\"}]}<\/script>\n<!-- \/ Yoast SEO plugin. -->","yoast_head_json":{"title":"COMBATE AO TR\u00c1FICO: Pol\u00edcia Militar prende suspeito com mais de 480 por\u00e7\u00f5es de drogas em Bayeux - Pol\u00edcia Militar da Para\u00edba","robots":{"index":"index","follow":"follow","max-snippet":"max-snippet:-1","max-image-preview":"max-image-preview:large","max-video-preview":"max-video-preview:-1"},"canonical":"https:\/\/www.pm.pb.gov.br\/portal\/2024\/06\/30\/combate-ao-trafico-policia-militar-prende-suspeito-com-mais-de-480-porcoes-de-drogas-em-bayeux\/","og_locale":"pt_BR","og_type":"article","og_title":"COMBATE AO TR\u00c1FICO: Pol\u00edcia Militar prende suspeito com mais de 480 por\u00e7\u00f5es de drogas em Bayeux - Pol\u00edcia Militar da Para\u00edba","og_description":"A Pol\u00edcia Militar desarticulou um esquema de tr\u00e1fico e apreendeu uma grande quantidade de entorpecentes neste s\u00e1bado (29), em Bayeux.","og_url":"https:\/\/www.pm.pb.gov.br\/portal\/2024\/06\/30\/combate-ao-trafico-policia-militar-prende-suspeito-com-mais-de-480-porcoes-de-drogas-em-bayeux\/","og_site_name":"Pol\u00edcia Militar da Para\u00edba","article_published_time":"2024-06-30T15:29:31+00:00","article_modified_time":"2024-06-30T15:29:33+00:00","og_image":[{"width":1280,"height":960,"url":"http:\/\/www.pm.pb.gov.br\/portal\/wp-content\/uploads\/2024\/06\/foto-drogas-bayeux.jpg","type":"image\/jpeg"}],"author":"Assessoria de Imprensa da PMPB","twitter_card":"summary_large_image","twitter_misc":{"Escrito por":"Assessoria de Imprensa da PMPB","Est. tempo de leitura":"1 minuto"},"schema":{"@context":"https:\/\/schema.org","@graph":[{"@type":"Article","@id":"https:\/\/www.pm.pb.gov.br\/portal\/2024\/06\/30\/combate-ao-trafico-policia-militar-prende-suspeito-com-mais-de-480-porcoes-de-drogas-em-bayeux\/#article","isPartOf":{"@id":"https:\/\/www.pm.pb.gov.br\/portal\/2024\/06\/30\/combate-ao-trafico-policia-militar-prende-suspeito-com-mais-de-480-porcoes-de-drogas-em-bayeux\/"},"author":{"name":"Assessoria de Imprensa da PMPB","@id":"https:\/\/www.pm.pb.gov.br\/portal\/#\/schema\/person\/e8454f46651c3ecf0e1ba3c1666d9947"},"headline":"COMBATE AO TR\u00c1FICO: Pol\u00edcia Militar prende suspeito com mais de 480 por\u00e7\u00f5es de drogas em Bayeux","datePublished":"2024-06-30T15:29:31+00:00","dateModified":"2024-06-30T15:29:33+00:00","mainEntityOfPage":{"@id":"https:\/\/www.pm.pb.gov.br\/portal\/2024\/06\/30\/combate-ao-trafico-policia-militar-prende-suspeito-com-mais-de-480-porcoes-de-drogas-em-bayeux\/"},"wordCount":160,"publisher":{"@id":"https:\/\/www.pm.pb.gov.br\/portal\/#organization"},"articleSection":["A\u00e7\u00f5es Policiais"],"inLanguage":"pt-BR"},{"@type":"WebPage","@id":"https:\/\/www.pm.pb.gov.br\/portal\/2024\/06\/30\/combate-ao-trafico-policia-militar-prende-suspeito-com-mais-de-480-porcoes-de-drogas-em-bayeux\/","url":"https:\/\/www.pm.pb.gov.br\/portal\/2024\/06\/30\/combate-ao-trafico-policia-militar-prende-suspeito-com-mais-de-480-porcoes-de-drogas-em-bayeux\/","name":"COMBATE AO TR\u00c1FICO: Pol\u00edcia Militar prende suspeito com mais de 480 por\u00e7\u00f5es de drogas em Bayeux - Pol\u00edcia Militar da Para\u00edba","isPartOf":{"@id":"https:\/\/www.pm.pb.gov.br\/portal\/#website"},"datePublished":"2024-06-30T15:29:31+00:00","dateModified":"2024-06-30T15:29:33+00:00","breadcrumb":{"@id":"https:\/\/www.pm.pb.gov.br\/portal\/2024\/06\/30\/combate-ao-trafico-policia-militar-prende-suspeito-com-mais-de-480-porcoes-de-drogas-em-bayeux\/#breadcrumb"},"inLanguage":"pt-BR","potentialAction":[{"@type":"ReadAction","target":["https:\/\/www.pm.pb.gov.br\/portal\/2024\/06\/30\/combate-ao-trafico-policia-militar-prende-suspeito-com-mais-de-480-porcoes-de-drogas-em-bayeux\/"]}]},{"@type":"BreadcrumbList","@id":"https:\/\/www.pm.pb.gov.br\/portal\/2024\/06\/30\/combate-ao-trafico-policia-militar-prende-suspeito-com-mais-de-480-porcoes-de-drogas-em-bayeux\/#breadcrumb","itemListElement":[{"@type":"ListItem","position":1,"name":"In\u00edcio","item":"https:\/\/www.pm.pb.gov.br\/portal\/"},{"@type":"ListItem","position":2,"name":"COMBATE AO TR\u00c1FICO: Pol\u00edcia Militar prende suspeito com mais de 480 por\u00e7\u00f5es de drogas em Bayeux"}]},{"@type":"WebSite","@id":"https:\/\/www.pm.pb.gov.br\/portal\/#website","url":"https:\/\/www.pm.pb.gov.br\/portal\/","name":"Pol\u00edcia Militar da Para\u00edba","description":"","publisher":{"@id":"https:\/\/www.pm.pb.gov.br\/portal\/#organization"},"potentialAction":[{"@type":"SearchAction","target":{"@type":"EntryPoint","urlTemplate":"https:\/\/www.pm.pb.gov.br\/portal\/?s={search_term_string}"},"query-input":"required name=search_term_string"}],"inLanguage":"pt-BR"},{"@type":"Organization","@id":"https:\/\/www.pm.pb.gov.br\/portal\/#organization","name":"Pol\u00edcia Militar da Para\u00edba","url":"https:\/\/www.pm.pb.gov.br\/portal\/","logo":{"@type":"ImageObject","inLanguage":"pt-BR","@id":"https:\/\/www.pm.pb.gov.br\/portal\/#\/schema\/logo\/image\/","url":"https:\/\/www.pm.pb.gov.br\/portal\/wp-content\/uploads\/2025\/03\/cropped-logo-site-mag2-1.png","contentUrl":"https:\/\/www.pm.pb.gov.br\/portal\/wp-content\/uploads\/2025\/03\/cropped-logo-site-mag2-1.png","width":320,"height":90,"caption":"Pol\u00edcia Militar da Para\u00edba"},"image":{"@id":"https:\/\/www.pm.pb.gov.br\/portal\/#\/schema\/logo\/image\/"}},{"@type":"Person","@id":"https:\/\/www.pm.pb.gov.br\/portal\/#\/schema\/person\/e8454f46651c3ecf0e1ba3c1666d9947","name":"Assessoria de Imprensa da PMPB","image":{"@type":"ImageObject","inLanguage":"pt-BR","@id":"https:\/\/www.pm.pb.gov.br\/portal\/#\/schema\/person\/image\/","url":"https:\/\/secure.gravatar.com\/avatar\/2efe197438265d1e90bd98c4c8e1acf8?s=96&d=mm&r=g","contentUrl":"https:\/\/secure.gravatar.com\/avatar\/2efe197438265d1e90bd98c4c8e1acf8?s=96&d=mm&r=g","caption":"Assessoria de Imprensa da PMPB"},"url":"https:\/\/www.pm.pb.gov.br\/portal\/author\/assessoria\/"}]}},"_links":{"self":[{"href":"https:\/\/www.pm.pb.gov.br\/portal\/wp-json\/wp\/v2\/posts\/922787"}],"collection":[{"href":"https:\/\/www.pm.pb.gov.br\/portal\/wp-json\/wp\/v2\/posts"}],"about":[{"href":"https:\/\/www.pm.pb.gov.br\/portal\/wp-json\/wp\/v2\/types\/post"}],"author":[{"embeddable":true,"href":"https:\/\/www.pm.pb.gov.br\/portal\/wp-json\/wp\/v2\/users\/5"}],"replies":[{"embeddable":true,"href":"https:\/\/www.pm.pb.gov.br\/portal\/wp-json\/wp\/v2\/comments?post=922787"}],"version-history":[{"count":2,"href":"https:\/\/www.pm.pb.gov.br\/portal\/wp-json\/wp\/v2\/posts\/922787\/revisions"}],"predecessor-version":[{"id":922794,"href":"https:\/\/www.pm.pb.gov.br\/portal\/wp-json\/wp\/v2\/posts\/922787\/revisions\/922794"}],"wp:featuredmedia":[{"embeddable":true,"href":"https:\/\/www.pm.pb.gov.br\/portal\/wp-json\/wp\/v2\/media\/922793"}],"wp:attachment":[{"href":"https:\/\/www.pm.pb.gov.br\/portal\/wp-json\/wp\/v2\/media?parent=922787"}],"wp:term":[{"taxonomy":"category","embeddable":true,"href":"https:\/\/www.pm.pb.gov.br\/portal\/wp-json\/wp\/v2\/categories?post=922787"},{"taxonomy":"post_tag","embeddable":true,"href":"https:\/\/www.pm.pb.gov.br\/portal\/wp-json\/wp\/v2\/tags?post=922787"}],"curies":[{"name":"wp","href":"https:\/\/api.w.org\/{rel}","templated":true}]}}