{"id":922712,"date":"2024-06-27T09:30:30","date_gmt":"2024-06-27T12:30:30","guid":{"rendered":"https:\/\/www.pm.pb.gov.br\/portal\/?p=922712"},"modified":"2024-06-27T09:30:32","modified_gmt":"2024-06-27T12:30:32","slug":"reincidencia-pela-segunda-vez-no-ano-acusado-de-furto-e-preso-pela-pm-em-catole-do-rocha","status":"publish","type":"post","link":"https:\/\/www.pm.pb.gov.br\/portal\/2024\/06\/27\/reincidencia-pela-segunda-vez-no-ano-acusado-de-furto-e-preso-pela-pm-em-catole-do-rocha\/","title":{"rendered":"REINCID\u00caNCIA: Pela segunda vez no ano, acusado de furto \u00e9 preso pela PM em Catol\u00e9 do Rocha"},"content":{"rendered":"\n<p>Um homem que j\u00e1 havia sido preso pelo crime de furto foi preso novamente, pelo mesmo delito, nesta \u00faltima quarta-feira (26) na cidade de Catol\u00e9 do Rocha, no sert\u00e3o paraibano. Dessa vez, o acusado havia furtado um pneu de reboque de um ve\u00edculo, crime que foi frustrado pela Pol\u00edcia Militar.<\/p>\n<p>De acordo com o 12\u00ba Batalh\u00e3o, unidade respons\u00e1vel pela pris\u00e3o, o acusado foi localizado pela For\u00e7a T\u00e1tica logo ap\u00f3s o delito, na regi\u00e3o do bairro S\u00e3o Paulo. Ainda segundo a unidade, o homem tem 27 anos de idade e j\u00e1 havia sido preso pela PM este ano ap\u00f3s furtar uma televis\u00e3o.<\/p>\n<p>A ocorr\u00eancia foi encaminhada para a delegacia para os procedimentos cab\u00edveis e devida aplica\u00e7\u00e3o da pena.<\/p>\n\n\n","protected":false},"excerpt":{"rendered":"<p>Um homem que j\u00e1 havia sido preso pelo crime de furto foi preso novamente, pelo mesmo delito, nesta \u00faltima quarta-feira<\/p>\n","protected":false},"author":12,"featured_media":922713,"comment_status":"closed","ping_status":"closed","sticky":false,"template":"","format":"standard","meta":{"_exactmetrics_skip_tracking":false,"_exactmetrics_sitenote_active":false,"_exactmetrics_sitenote_note":"","_exactmetrics_sitenote_category":0,"footnotes":""},"categories":[4],"tags":[],"yoast_head":"<!-- This site is optimized with the Yoast SEO plugin v22.0 - https:\/\/yoast.com\/wordpress\/plugins\/seo\/ -->\n<title>REINCID\u00caNCIA: Pela segunda vez no ano, acusado de furto \u00e9 preso pela PM em Catol\u00e9 do Rocha - Pol\u00edcia Militar da Para\u00edba<\/title>\n<meta name=\"description\" content=\"Infrator j\u00e1 havia sido preso ap\u00f3s furtar uma TV neste ano de 2024; novo crime tamb\u00e9m foi frustrado pela PMPB.\" \/>\n<meta name=\"robots\" content=\"index, follow, max-snippet:-1, max-image-preview:large, max-video-preview:-1\" \/>\n<link rel=\"canonical\" href=\"https:\/\/www.pm.pb.gov.br\/portal\/2024\/06\/27\/reincidencia-pela-segunda-vez-no-ano-acusado-de-furto-e-preso-pela-pm-em-catole-do-rocha\/\" \/>\n<meta property=\"og:locale\" content=\"pt_BR\" \/>\n<meta property=\"og:type\" content=\"article\" \/>\n<meta property=\"og:title\" content=\"REINCID\u00caNCIA: Pela segunda vez no ano, acusado de furto \u00e9 preso pela PM em Catol\u00e9 do Rocha - Pol\u00edcia Militar da Para\u00edba\" \/>\n<meta property=\"og:description\" content=\"Infrator j\u00e1 havia sido preso ap\u00f3s furtar uma TV neste ano de 2024; novo crime tamb\u00e9m foi frustrado pela PMPB.\" \/>\n<meta property=\"og:url\" content=\"https:\/\/www.pm.pb.gov.br\/portal\/2024\/06\/27\/reincidencia-pela-segunda-vez-no-ano-acusado-de-furto-e-preso-pela-pm-em-catole-do-rocha\/\" \/>\n<meta property=\"og:site_name\" content=\"Pol\u00edcia Militar da Para\u00edba\" \/>\n<meta property=\"article:published_time\" content=\"2024-06-27T12:30:30+00:00\" \/>\n<meta property=\"article:modified_time\" content=\"2024-06-27T12:30:32+00:00\" \/>\n<meta property=\"og:image\" content=\"http:\/\/www.pm.pb.gov.br\/portal\/wp-content\/uploads\/2024\/06\/WhatsApp-Image-2024-06-27-at-08.26.59.jpeg\" \/>\n\t<meta property=\"og:image:width\" content=\"1600\" \/>\n\t<meta property=\"og:image:height\" content=\"1200\" \/>\n\t<meta property=\"og:image:type\" content=\"image\/jpeg\" \/>\n<meta name=\"author\" content=\"Tarcisio Oliveira\" \/>\n<meta name=\"twitter:card\" content=\"summary_large_image\" \/>\n<meta name=\"twitter:label1\" content=\"Escrito por\" \/>\n\t<meta name=\"twitter:data1\" content=\"Tarcisio Oliveira\" \/>\n\t<meta name=\"twitter:label2\" content=\"Est. tempo de leitura\" \/>\n\t<meta name=\"twitter:data2\" content=\"1 minuto\" \/>\n<script type=\"application\/ld+json\" class=\"yoast-schema-graph\">{\"@context\":\"https:\/\/schema.org\",\"@graph\":[{\"@type\":\"Article\",\"@id\":\"https:\/\/www.pm.pb.gov.br\/portal\/2024\/06\/27\/reincidencia-pela-segunda-vez-no-ano-acusado-de-furto-e-preso-pela-pm-em-catole-do-rocha\/#article\",\"isPartOf\":{\"@id\":\"https:\/\/www.pm.pb.gov.br\/portal\/2024\/06\/27\/reincidencia-pela-segunda-vez-no-ano-acusado-de-furto-e-preso-pela-pm-em-catole-do-rocha\/\"},\"author\":{\"name\":\"Tarcisio Oliveira\",\"@id\":\"https:\/\/www.pm.pb.gov.br\/portal\/#\/schema\/person\/f84f56dcc78ce4357054da888b8247fd\"},\"headline\":\"REINCID\u00caNCIA: Pela segunda vez no ano, acusado de furto \u00e9 preso pela PM em Catol\u00e9 do Rocha\",\"datePublished\":\"2024-06-27T12:30:30+00:00\",\"dateModified\":\"2024-06-27T12:30:32+00:00\",\"mainEntityOfPage\":{\"@id\":\"https:\/\/www.pm.pb.gov.br\/portal\/2024\/06\/27\/reincidencia-pela-segunda-vez-no-ano-acusado-de-furto-e-preso-pela-pm-em-catole-do-rocha\/\"},\"wordCount\":147,\"publisher\":{\"@id\":\"https:\/\/www.pm.pb.gov.br\/portal\/#organization\"},\"articleSection\":[\"A\u00e7\u00f5es Policiais\"],\"inLanguage\":\"pt-BR\"},{\"@type\":\"WebPage\",\"@id\":\"https:\/\/www.pm.pb.gov.br\/portal\/2024\/06\/27\/reincidencia-pela-segunda-vez-no-ano-acusado-de-furto-e-preso-pela-pm-em-catole-do-rocha\/\",\"url\":\"https:\/\/www.pm.pb.gov.br\/portal\/2024\/06\/27\/reincidencia-pela-segunda-vez-no-ano-acusado-de-furto-e-preso-pela-pm-em-catole-do-rocha\/\",\"name\":\"REINCID\u00caNCIA: Pela segunda vez no ano, acusado de furto \u00e9 preso pela PM em Catol\u00e9 do Rocha - Pol\u00edcia Militar da Para\u00edba\",\"isPartOf\":{\"@id\":\"https:\/\/www.pm.pb.gov.br\/portal\/#website\"},\"datePublished\":\"2024-06-27T12:30:30+00:00\",\"dateModified\":\"2024-06-27T12:30:32+00:00\",\"description\":\"Infrator j\u00e1 havia sido preso ap\u00f3s furtar uma TV neste ano de 2024; novo crime tamb\u00e9m foi frustrado pela PMPB.\",\"breadcrumb\":{\"@id\":\"https:\/\/www.pm.pb.gov.br\/portal\/2024\/06\/27\/reincidencia-pela-segunda-vez-no-ano-acusado-de-furto-e-preso-pela-pm-em-catole-do-rocha\/#breadcrumb\"},\"inLanguage\":\"pt-BR\",\"potentialAction\":[{\"@type\":\"ReadAction\",\"target\":[\"https:\/\/www.pm.pb.gov.br\/portal\/2024\/06\/27\/reincidencia-pela-segunda-vez-no-ano-acusado-de-furto-e-preso-pela-pm-em-catole-do-rocha\/\"]}]},{\"@type\":\"BreadcrumbList\",\"@id\":\"https:\/\/www.pm.pb.gov.br\/portal\/2024\/06\/27\/reincidencia-pela-segunda-vez-no-ano-acusado-de-furto-e-preso-pela-pm-em-catole-do-rocha\/#breadcrumb\",\"itemListElement\":[{\"@type\":\"ListItem\",\"position\":1,\"name\":\"In\u00edcio\",\"item\":\"https:\/\/www.pm.pb.gov.br\/portal\/\"},{\"@type\":\"ListItem\",\"position\":2,\"name\":\"REINCID\u00caNCIA: Pela segunda vez no ano, acusado de furto \u00e9 preso pela PM em Catol\u00e9 do Rocha\"}]},{\"@type\":\"WebSite\",\"@id\":\"https:\/\/www.pm.pb.gov.br\/portal\/#website\",\"url\":\"https:\/\/www.pm.pb.gov.br\/portal\/\",\"name\":\"Pol\u00edcia Militar da Para\u00edba\",\"description\":\"\",\"publisher\":{\"@id\":\"https:\/\/www.pm.pb.gov.br\/portal\/#organization\"},\"potentialAction\":[{\"@type\":\"SearchAction\",\"target\":{\"@type\":\"EntryPoint\",\"urlTemplate\":\"https:\/\/www.pm.pb.gov.br\/portal\/?s={search_term_string}\"},\"query-input\":\"required name=search_term_string\"}],\"inLanguage\":\"pt-BR\"},{\"@type\":\"Organization\",\"@id\":\"https:\/\/www.pm.pb.gov.br\/portal\/#organization\",\"name\":\"Pol\u00edcia Militar da Para\u00edba\",\"url\":\"https:\/\/www.pm.pb.gov.br\/portal\/\",\"logo\":{\"@type\":\"ImageObject\",\"inLanguage\":\"pt-BR\",\"@id\":\"https:\/\/www.pm.pb.gov.br\/portal\/#\/schema\/logo\/image\/\",\"url\":\"https:\/\/www.pm.pb.gov.br\/portal\/wp-content\/uploads\/2025\/03\/cropped-logo-site-mag2-1.png\",\"contentUrl\":\"https:\/\/www.pm.pb.gov.br\/portal\/wp-content\/uploads\/2025\/03\/cropped-logo-site-mag2-1.png\",\"width\":320,\"height\":90,\"caption\":\"Pol\u00edcia Militar da Para\u00edba\"},\"image\":{\"@id\":\"https:\/\/www.pm.pb.gov.br\/portal\/#\/schema\/logo\/image\/\"}},{\"@type\":\"Person\",\"@id\":\"https:\/\/www.pm.pb.gov.br\/portal\/#\/schema\/person\/f84f56dcc78ce4357054da888b8247fd\",\"name\":\"Tarcisio Oliveira\",\"image\":{\"@type\":\"ImageObject\",\"inLanguage\":\"pt-BR\",\"@id\":\"https:\/\/www.pm.pb.gov.br\/portal\/#\/schema\/person\/image\/\",\"url\":\"https:\/\/secure.gravatar.com\/avatar\/72917b630b69d31cd0297507f34bac97?s=96&d=mm&r=g\",\"contentUrl\":\"https:\/\/secure.gravatar.com\/avatar\/72917b630b69d31cd0297507f34bac97?s=96&d=mm&r=g\",\"caption\":\"Tarcisio Oliveira\"},\"url\":\"https:\/\/www.pm.pb.gov.br\/portal\/author\/tarcisio\/\"}]}<\/script>\n<!-- \/ Yoast SEO plugin. -->","yoast_head_json":{"title":"REINCID\u00caNCIA: Pela segunda vez no ano, acusado de furto \u00e9 preso pela PM em Catol\u00e9 do Rocha - Pol\u00edcia Militar da Para\u00edba","description":"Infrator j\u00e1 havia sido preso ap\u00f3s furtar uma TV neste ano de 2024; novo crime tamb\u00e9m foi frustrado pela PMPB.","robots":{"index":"index","follow":"follow","max-snippet":"max-snippet:-1","max-image-preview":"max-image-preview:large","max-video-preview":"max-video-preview:-1"},"canonical":"https:\/\/www.pm.pb.gov.br\/portal\/2024\/06\/27\/reincidencia-pela-segunda-vez-no-ano-acusado-de-furto-e-preso-pela-pm-em-catole-do-rocha\/","og_locale":"pt_BR","og_type":"article","og_title":"REINCID\u00caNCIA: Pela segunda vez no ano, acusado de furto \u00e9 preso pela PM em Catol\u00e9 do Rocha - Pol\u00edcia Militar da Para\u00edba","og_description":"Infrator j\u00e1 havia sido preso ap\u00f3s furtar uma TV neste ano de 2024; novo crime tamb\u00e9m foi frustrado pela PMPB.","og_url":"https:\/\/www.pm.pb.gov.br\/portal\/2024\/06\/27\/reincidencia-pela-segunda-vez-no-ano-acusado-de-furto-e-preso-pela-pm-em-catole-do-rocha\/","og_site_name":"Pol\u00edcia Militar da Para\u00edba","article_published_time":"2024-06-27T12:30:30+00:00","article_modified_time":"2024-06-27T12:30:32+00:00","og_image":[{"width":1600,"height":1200,"url":"http:\/\/www.pm.pb.gov.br\/portal\/wp-content\/uploads\/2024\/06\/WhatsApp-Image-2024-06-27-at-08.26.59.jpeg","type":"image\/jpeg"}],"author":"Tarcisio Oliveira","twitter_card":"summary_large_image","twitter_misc":{"Escrito por":"Tarcisio Oliveira","Est. tempo de leitura":"1 minuto"},"schema":{"@context":"https:\/\/schema.org","@graph":[{"@type":"Article","@id":"https:\/\/www.pm.pb.gov.br\/portal\/2024\/06\/27\/reincidencia-pela-segunda-vez-no-ano-acusado-de-furto-e-preso-pela-pm-em-catole-do-rocha\/#article","isPartOf":{"@id":"https:\/\/www.pm.pb.gov.br\/portal\/2024\/06\/27\/reincidencia-pela-segunda-vez-no-ano-acusado-de-furto-e-preso-pela-pm-em-catole-do-rocha\/"},"author":{"name":"Tarcisio Oliveira","@id":"https:\/\/www.pm.pb.gov.br\/portal\/#\/schema\/person\/f84f56dcc78ce4357054da888b8247fd"},"headline":"REINCID\u00caNCIA: Pela segunda vez no ano, acusado de furto \u00e9 preso pela PM em Catol\u00e9 do Rocha","datePublished":"2024-06-27T12:30:30+00:00","dateModified":"2024-06-27T12:30:32+00:00","mainEntityOfPage":{"@id":"https:\/\/www.pm.pb.gov.br\/portal\/2024\/06\/27\/reincidencia-pela-segunda-vez-no-ano-acusado-de-furto-e-preso-pela-pm-em-catole-do-rocha\/"},"wordCount":147,"publisher":{"@id":"https:\/\/www.pm.pb.gov.br\/portal\/#organization"},"articleSection":["A\u00e7\u00f5es Policiais"],"inLanguage":"pt-BR"},{"@type":"WebPage","@id":"https:\/\/www.pm.pb.gov.br\/portal\/2024\/06\/27\/reincidencia-pela-segunda-vez-no-ano-acusado-de-furto-e-preso-pela-pm-em-catole-do-rocha\/","url":"https:\/\/www.pm.pb.gov.br\/portal\/2024\/06\/27\/reincidencia-pela-segunda-vez-no-ano-acusado-de-furto-e-preso-pela-pm-em-catole-do-rocha\/","name":"REINCID\u00caNCIA: Pela segunda vez no ano, acusado de furto \u00e9 preso pela PM em Catol\u00e9 do Rocha - Pol\u00edcia Militar da Para\u00edba","isPartOf":{"@id":"https:\/\/www.pm.pb.gov.br\/portal\/#website"},"datePublished":"2024-06-27T12:30:30+00:00","dateModified":"2024-06-27T12:30:32+00:00","description":"Infrator j\u00e1 havia sido preso ap\u00f3s furtar uma TV neste ano de 2024; novo crime tamb\u00e9m foi frustrado pela PMPB.","breadcrumb":{"@id":"https:\/\/www.pm.pb.gov.br\/portal\/2024\/06\/27\/reincidencia-pela-segunda-vez-no-ano-acusado-de-furto-e-preso-pela-pm-em-catole-do-rocha\/#breadcrumb"},"inLanguage":"pt-BR","potentialAction":[{"@type":"ReadAction","target":["https:\/\/www.pm.pb.gov.br\/portal\/2024\/06\/27\/reincidencia-pela-segunda-vez-no-ano-acusado-de-furto-e-preso-pela-pm-em-catole-do-rocha\/"]}]},{"@type":"BreadcrumbList","@id":"https:\/\/www.pm.pb.gov.br\/portal\/2024\/06\/27\/reincidencia-pela-segunda-vez-no-ano-acusado-de-furto-e-preso-pela-pm-em-catole-do-rocha\/#breadcrumb","itemListElement":[{"@type":"ListItem","position":1,"name":"In\u00edcio","item":"https:\/\/www.pm.pb.gov.br\/portal\/"},{"@type":"ListItem","position":2,"name":"REINCID\u00caNCIA: Pela segunda vez no ano, acusado de furto \u00e9 preso pela PM em Catol\u00e9 do Rocha"}]},{"@type":"WebSite","@id":"https:\/\/www.pm.pb.gov.br\/portal\/#website","url":"https:\/\/www.pm.pb.gov.br\/portal\/","name":"Pol\u00edcia Militar da Para\u00edba","description":"","publisher":{"@id":"https:\/\/www.pm.pb.gov.br\/portal\/#organization"},"potentialAction":[{"@type":"SearchAction","target":{"@type":"EntryPoint","urlTemplate":"https:\/\/www.pm.pb.gov.br\/portal\/?s={search_term_string}"},"query-input":"required name=search_term_string"}],"inLanguage":"pt-BR"},{"@type":"Organization","@id":"https:\/\/www.pm.pb.gov.br\/portal\/#organization","name":"Pol\u00edcia Militar da Para\u00edba","url":"https:\/\/www.pm.pb.gov.br\/portal\/","logo":{"@type":"ImageObject","inLanguage":"pt-BR","@id":"https:\/\/www.pm.pb.gov.br\/portal\/#\/schema\/logo\/image\/","url":"https:\/\/www.pm.pb.gov.br\/portal\/wp-content\/uploads\/2025\/03\/cropped-logo-site-mag2-1.png","contentUrl":"https:\/\/www.pm.pb.gov.br\/portal\/wp-content\/uploads\/2025\/03\/cropped-logo-site-mag2-1.png","width":320,"height":90,"caption":"Pol\u00edcia Militar da Para\u00edba"},"image":{"@id":"https:\/\/www.pm.pb.gov.br\/portal\/#\/schema\/logo\/image\/"}},{"@type":"Person","@id":"https:\/\/www.pm.pb.gov.br\/portal\/#\/schema\/person\/f84f56dcc78ce4357054da888b8247fd","name":"Tarcisio Oliveira","image":{"@type":"ImageObject","inLanguage":"pt-BR","@id":"https:\/\/www.pm.pb.gov.br\/portal\/#\/schema\/person\/image\/","url":"https:\/\/secure.gravatar.com\/avatar\/72917b630b69d31cd0297507f34bac97?s=96&d=mm&r=g","contentUrl":"https:\/\/secure.gravatar.com\/avatar\/72917b630b69d31cd0297507f34bac97?s=96&d=mm&r=g","caption":"Tarcisio Oliveira"},"url":"https:\/\/www.pm.pb.gov.br\/portal\/author\/tarcisio\/"}]}},"_links":{"self":[{"href":"https:\/\/www.pm.pb.gov.br\/portal\/wp-json\/wp\/v2\/posts\/922712"}],"collection":[{"href":"https:\/\/www.pm.pb.gov.br\/portal\/wp-json\/wp\/v2\/posts"}],"about":[{"href":"https:\/\/www.pm.pb.gov.br\/portal\/wp-json\/wp\/v2\/types\/post"}],"author":[{"embeddable":true,"href":"https:\/\/www.pm.pb.gov.br\/portal\/wp-json\/wp\/v2\/users\/12"}],"replies":[{"embeddable":true,"href":"https:\/\/www.pm.pb.gov.br\/portal\/wp-json\/wp\/v2\/comments?post=922712"}],"version-history":[{"count":1,"href":"https:\/\/www.pm.pb.gov.br\/portal\/wp-json\/wp\/v2\/posts\/922712\/revisions"}],"predecessor-version":[{"id":922714,"href":"https:\/\/www.pm.pb.gov.br\/portal\/wp-json\/wp\/v2\/posts\/922712\/revisions\/922714"}],"wp:featuredmedia":[{"embeddable":true,"href":"https:\/\/www.pm.pb.gov.br\/portal\/wp-json\/wp\/v2\/media\/922713"}],"wp:attachment":[{"href":"https:\/\/www.pm.pb.gov.br\/portal\/wp-json\/wp\/v2\/media?parent=922712"}],"wp:term":[{"taxonomy":"category","embeddable":true,"href":"https:\/\/www.pm.pb.gov.br\/portal\/wp-json\/wp\/v2\/categories?post=922712"},{"taxonomy":"post_tag","embeddable":true,"href":"https:\/\/www.pm.pb.gov.br\/portal\/wp-json\/wp\/v2\/tags?post=922712"}],"curies":[{"name":"wp","href":"https:\/\/api.w.org\/{rel}","templated":true}]}}