{"id":922707,"date":"2024-06-27T05:58:00","date_gmt":"2024-06-27T08:58:00","guid":{"rendered":"https:\/\/www.pm.pb.gov.br\/portal\/?p=922707"},"modified":"2024-06-27T08:51:11","modified_gmt":"2024-06-27T11:51:11","slug":"policia-militar-frustra-novos-crimes-e-apreende-espingarda-e-drogas-com-infratores-no-litoral-sul","status":"publish","type":"post","link":"https:\/\/www.pm.pb.gov.br\/portal\/2024\/06\/27\/policia-militar-frustra-novos-crimes-e-apreende-espingarda-e-drogas-com-infratores-no-litoral-sul\/","title":{"rendered":"Pol\u00edcia Militar frustra novos crimes e apreende espingarda e drogas com infratores no litoral sul"},"content":{"rendered":"\n<p>A Pol\u00edcia Militar frustrou novos crimes ao apreender uma arma de fogo e drogas que estavam com um grupo de cinco pessoas, na cidade de Pedras de Fogo, na regi\u00e3o do litoral sul da Para\u00edba. A a\u00e7\u00e3o aconteceu na noite da \u00faltima quarta-feira (26).<\/p>\n<p>Os acusados foram presos pelos policiais da 1\u00aa Companhia Independente. Eles estavam em uma casa com uma espingarda calibre 12, muni\u00e7\u00f5es, cerca de 30 por\u00e7\u00f5es de diversas drogas, v\u00e1rias embalagens para os entorpecentes, dinheiro e balan\u00e7as de precis\u00e3o.<\/p>\n<p>Todos os acusados e o material il\u00edcito foram encaminhado para a delegacia para a devida investiga\u00e7\u00e3o, que dever\u00e1 apurar esse e outros crimes cometidos pelos infratores.<\/p>\n<p><em>Atualizado \u00e0s\u00a0 09h15.<\/em><\/p>\n","protected":false},"excerpt":{"rendered":"<p>A Pol\u00edcia Militar frustrou novos crimes ao apreender uma arma de fogo e drogas que estavam com um grupo de<\/p>\n","protected":false},"author":12,"featured_media":922708,"comment_status":"closed","ping_status":"closed","sticky":false,"template":"","format":"standard","meta":{"_exactmetrics_skip_tracking":false,"_exactmetrics_sitenote_active":false,"_exactmetrics_sitenote_note":"","_exactmetrics_sitenote_category":0,"footnotes":""},"categories":[4],"tags":[],"yoast_head":"<!-- This site is optimized with the Yoast SEO plugin v22.0 - https:\/\/yoast.com\/wordpress\/plugins\/seo\/ -->\n<title>Pol\u00edcia Militar frustra novos crimes e apreende espingarda e drogas com infratores no litoral sul - Pol\u00edcia Militar da Para\u00edba<\/title>\n<meta name=\"description\" content=\"A\u00e7\u00e3o ocorreu na noite da \u00faltima quinta-feira (26) resultando em cinco pessoas conduzidas para a delegacia.\" \/>\n<meta name=\"robots\" content=\"index, follow, max-snippet:-1, max-image-preview:large, max-video-preview:-1\" \/>\n<link rel=\"canonical\" href=\"https:\/\/www.pm.pb.gov.br\/portal\/2024\/06\/27\/policia-militar-frustra-novos-crimes-e-apreende-espingarda-e-drogas-com-infratores-no-litoral-sul\/\" \/>\n<meta property=\"og:locale\" content=\"pt_BR\" \/>\n<meta property=\"og:type\" content=\"article\" \/>\n<meta property=\"og:title\" content=\"Pol\u00edcia Militar frustra novos crimes e apreende espingarda e drogas com infratores no litoral sul - Pol\u00edcia Militar da Para\u00edba\" \/>\n<meta property=\"og:description\" content=\"A\u00e7\u00e3o ocorreu na noite da \u00faltima quinta-feira (26) resultando em cinco pessoas conduzidas para a delegacia.\" \/>\n<meta property=\"og:url\" content=\"https:\/\/www.pm.pb.gov.br\/portal\/2024\/06\/27\/policia-militar-frustra-novos-crimes-e-apreende-espingarda-e-drogas-com-infratores-no-litoral-sul\/\" \/>\n<meta property=\"og:site_name\" content=\"Pol\u00edcia Militar da Para\u00edba\" \/>\n<meta property=\"article:published_time\" content=\"2024-06-27T08:58:00+00:00\" \/>\n<meta property=\"article:modified_time\" content=\"2024-06-27T11:51:11+00:00\" \/>\n<meta property=\"og:image\" content=\"http:\/\/www.pm.pb.gov.br\/portal\/wp-content\/uploads\/2024\/06\/WhatsApp-Image-2024-06-27-at-01.23.59.jpeg\" \/>\n\t<meta property=\"og:image:width\" content=\"800\" \/>\n\t<meta property=\"og:image:height\" content=\"445\" \/>\n\t<meta property=\"og:image:type\" content=\"image\/jpeg\" \/>\n<meta name=\"author\" content=\"Tarcisio Oliveira\" \/>\n<meta name=\"twitter:card\" content=\"summary_large_image\" \/>\n<meta name=\"twitter:label1\" content=\"Escrito por\" \/>\n\t<meta name=\"twitter:data1\" content=\"Tarcisio Oliveira\" \/>\n\t<meta name=\"twitter:label2\" content=\"Est. tempo de leitura\" \/>\n\t<meta name=\"twitter:data2\" content=\"1 minuto\" \/>\n<script type=\"application\/ld+json\" class=\"yoast-schema-graph\">{\"@context\":\"https:\/\/schema.org\",\"@graph\":[{\"@type\":\"Article\",\"@id\":\"https:\/\/www.pm.pb.gov.br\/portal\/2024\/06\/27\/policia-militar-frustra-novos-crimes-e-apreende-espingarda-e-drogas-com-infratores-no-litoral-sul\/#article\",\"isPartOf\":{\"@id\":\"https:\/\/www.pm.pb.gov.br\/portal\/2024\/06\/27\/policia-militar-frustra-novos-crimes-e-apreende-espingarda-e-drogas-com-infratores-no-litoral-sul\/\"},\"author\":{\"name\":\"Tarcisio Oliveira\",\"@id\":\"https:\/\/www.pm.pb.gov.br\/portal\/#\/schema\/person\/f84f56dcc78ce4357054da888b8247fd\"},\"headline\":\"Pol\u00edcia Militar frustra novos crimes e apreende espingarda e drogas com infratores no litoral sul\",\"datePublished\":\"2024-06-27T08:58:00+00:00\",\"dateModified\":\"2024-06-27T11:51:11+00:00\",\"mainEntityOfPage\":{\"@id\":\"https:\/\/www.pm.pb.gov.br\/portal\/2024\/06\/27\/policia-militar-frustra-novos-crimes-e-apreende-espingarda-e-drogas-com-infratores-no-litoral-sul\/\"},\"wordCount\":134,\"publisher\":{\"@id\":\"https:\/\/www.pm.pb.gov.br\/portal\/#organization\"},\"articleSection\":[\"A\u00e7\u00f5es Policiais\"],\"inLanguage\":\"pt-BR\"},{\"@type\":\"WebPage\",\"@id\":\"https:\/\/www.pm.pb.gov.br\/portal\/2024\/06\/27\/policia-militar-frustra-novos-crimes-e-apreende-espingarda-e-drogas-com-infratores-no-litoral-sul\/\",\"url\":\"https:\/\/www.pm.pb.gov.br\/portal\/2024\/06\/27\/policia-militar-frustra-novos-crimes-e-apreende-espingarda-e-drogas-com-infratores-no-litoral-sul\/\",\"name\":\"Pol\u00edcia Militar frustra novos crimes e apreende espingarda e drogas com infratores no litoral sul - Pol\u00edcia Militar da Para\u00edba\",\"isPartOf\":{\"@id\":\"https:\/\/www.pm.pb.gov.br\/portal\/#website\"},\"datePublished\":\"2024-06-27T08:58:00+00:00\",\"dateModified\":\"2024-06-27T11:51:11+00:00\",\"description\":\"A\u00e7\u00e3o ocorreu na noite da \u00faltima quinta-feira (26) resultando em cinco pessoas conduzidas para a delegacia.\",\"breadcrumb\":{\"@id\":\"https:\/\/www.pm.pb.gov.br\/portal\/2024\/06\/27\/policia-militar-frustra-novos-crimes-e-apreende-espingarda-e-drogas-com-infratores-no-litoral-sul\/#breadcrumb\"},\"inLanguage\":\"pt-BR\",\"potentialAction\":[{\"@type\":\"ReadAction\",\"target\":[\"https:\/\/www.pm.pb.gov.br\/portal\/2024\/06\/27\/policia-militar-frustra-novos-crimes-e-apreende-espingarda-e-drogas-com-infratores-no-litoral-sul\/\"]}]},{\"@type\":\"BreadcrumbList\",\"@id\":\"https:\/\/www.pm.pb.gov.br\/portal\/2024\/06\/27\/policia-militar-frustra-novos-crimes-e-apreende-espingarda-e-drogas-com-infratores-no-litoral-sul\/#breadcrumb\",\"itemListElement\":[{\"@type\":\"ListItem\",\"position\":1,\"name\":\"In\u00edcio\",\"item\":\"https:\/\/www.pm.pb.gov.br\/portal\/\"},{\"@type\":\"ListItem\",\"position\":2,\"name\":\"Pol\u00edcia Militar frustra novos crimes e apreende espingarda e drogas com infratores no litoral sul\"}]},{\"@type\":\"WebSite\",\"@id\":\"https:\/\/www.pm.pb.gov.br\/portal\/#website\",\"url\":\"https:\/\/www.pm.pb.gov.br\/portal\/\",\"name\":\"Pol\u00edcia Militar da Para\u00edba\",\"description\":\"\",\"publisher\":{\"@id\":\"https:\/\/www.pm.pb.gov.br\/portal\/#organization\"},\"potentialAction\":[{\"@type\":\"SearchAction\",\"target\":{\"@type\":\"EntryPoint\",\"urlTemplate\":\"https:\/\/www.pm.pb.gov.br\/portal\/?s={search_term_string}\"},\"query-input\":\"required name=search_term_string\"}],\"inLanguage\":\"pt-BR\"},{\"@type\":\"Organization\",\"@id\":\"https:\/\/www.pm.pb.gov.br\/portal\/#organization\",\"name\":\"Pol\u00edcia Militar da Para\u00edba\",\"url\":\"https:\/\/www.pm.pb.gov.br\/portal\/\",\"logo\":{\"@type\":\"ImageObject\",\"inLanguage\":\"pt-BR\",\"@id\":\"https:\/\/www.pm.pb.gov.br\/portal\/#\/schema\/logo\/image\/\",\"url\":\"https:\/\/www.pm.pb.gov.br\/portal\/wp-content\/uploads\/2025\/03\/cropped-logo-site-mag2-1.png\",\"contentUrl\":\"https:\/\/www.pm.pb.gov.br\/portal\/wp-content\/uploads\/2025\/03\/cropped-logo-site-mag2-1.png\",\"width\":320,\"height\":90,\"caption\":\"Pol\u00edcia Militar da Para\u00edba\"},\"image\":{\"@id\":\"https:\/\/www.pm.pb.gov.br\/portal\/#\/schema\/logo\/image\/\"}},{\"@type\":\"Person\",\"@id\":\"https:\/\/www.pm.pb.gov.br\/portal\/#\/schema\/person\/f84f56dcc78ce4357054da888b8247fd\",\"name\":\"Tarcisio Oliveira\",\"image\":{\"@type\":\"ImageObject\",\"inLanguage\":\"pt-BR\",\"@id\":\"https:\/\/www.pm.pb.gov.br\/portal\/#\/schema\/person\/image\/\",\"url\":\"https:\/\/secure.gravatar.com\/avatar\/72917b630b69d31cd0297507f34bac97?s=96&d=mm&r=g\",\"contentUrl\":\"https:\/\/secure.gravatar.com\/avatar\/72917b630b69d31cd0297507f34bac97?s=96&d=mm&r=g\",\"caption\":\"Tarcisio Oliveira\"},\"url\":\"https:\/\/www.pm.pb.gov.br\/portal\/author\/tarcisio\/\"}]}<\/script>\n<!-- \/ Yoast SEO plugin. -->","yoast_head_json":{"title":"Pol\u00edcia Militar frustra novos crimes e apreende espingarda e drogas com infratores no litoral sul - Pol\u00edcia Militar da Para\u00edba","description":"A\u00e7\u00e3o ocorreu na noite da \u00faltima quinta-feira (26) resultando em cinco pessoas conduzidas para a delegacia.","robots":{"index":"index","follow":"follow","max-snippet":"max-snippet:-1","max-image-preview":"max-image-preview:large","max-video-preview":"max-video-preview:-1"},"canonical":"https:\/\/www.pm.pb.gov.br\/portal\/2024\/06\/27\/policia-militar-frustra-novos-crimes-e-apreende-espingarda-e-drogas-com-infratores-no-litoral-sul\/","og_locale":"pt_BR","og_type":"article","og_title":"Pol\u00edcia Militar frustra novos crimes e apreende espingarda e drogas com infratores no litoral sul - Pol\u00edcia Militar da Para\u00edba","og_description":"A\u00e7\u00e3o ocorreu na noite da \u00faltima quinta-feira (26) resultando em cinco pessoas conduzidas para a delegacia.","og_url":"https:\/\/www.pm.pb.gov.br\/portal\/2024\/06\/27\/policia-militar-frustra-novos-crimes-e-apreende-espingarda-e-drogas-com-infratores-no-litoral-sul\/","og_site_name":"Pol\u00edcia Militar da Para\u00edba","article_published_time":"2024-06-27T08:58:00+00:00","article_modified_time":"2024-06-27T11:51:11+00:00","og_image":[{"width":800,"height":445,"url":"http:\/\/www.pm.pb.gov.br\/portal\/wp-content\/uploads\/2024\/06\/WhatsApp-Image-2024-06-27-at-01.23.59.jpeg","type":"image\/jpeg"}],"author":"Tarcisio Oliveira","twitter_card":"summary_large_image","twitter_misc":{"Escrito por":"Tarcisio Oliveira","Est. tempo de leitura":"1 minuto"},"schema":{"@context":"https:\/\/schema.org","@graph":[{"@type":"Article","@id":"https:\/\/www.pm.pb.gov.br\/portal\/2024\/06\/27\/policia-militar-frustra-novos-crimes-e-apreende-espingarda-e-drogas-com-infratores-no-litoral-sul\/#article","isPartOf":{"@id":"https:\/\/www.pm.pb.gov.br\/portal\/2024\/06\/27\/policia-militar-frustra-novos-crimes-e-apreende-espingarda-e-drogas-com-infratores-no-litoral-sul\/"},"author":{"name":"Tarcisio Oliveira","@id":"https:\/\/www.pm.pb.gov.br\/portal\/#\/schema\/person\/f84f56dcc78ce4357054da888b8247fd"},"headline":"Pol\u00edcia Militar frustra novos crimes e apreende espingarda e drogas com infratores no litoral sul","datePublished":"2024-06-27T08:58:00+00:00","dateModified":"2024-06-27T11:51:11+00:00","mainEntityOfPage":{"@id":"https:\/\/www.pm.pb.gov.br\/portal\/2024\/06\/27\/policia-militar-frustra-novos-crimes-e-apreende-espingarda-e-drogas-com-infratores-no-litoral-sul\/"},"wordCount":134,"publisher":{"@id":"https:\/\/www.pm.pb.gov.br\/portal\/#organization"},"articleSection":["A\u00e7\u00f5es Policiais"],"inLanguage":"pt-BR"},{"@type":"WebPage","@id":"https:\/\/www.pm.pb.gov.br\/portal\/2024\/06\/27\/policia-militar-frustra-novos-crimes-e-apreende-espingarda-e-drogas-com-infratores-no-litoral-sul\/","url":"https:\/\/www.pm.pb.gov.br\/portal\/2024\/06\/27\/policia-militar-frustra-novos-crimes-e-apreende-espingarda-e-drogas-com-infratores-no-litoral-sul\/","name":"Pol\u00edcia Militar frustra novos crimes e apreende espingarda e drogas com infratores no litoral sul - Pol\u00edcia Militar da Para\u00edba","isPartOf":{"@id":"https:\/\/www.pm.pb.gov.br\/portal\/#website"},"datePublished":"2024-06-27T08:58:00+00:00","dateModified":"2024-06-27T11:51:11+00:00","description":"A\u00e7\u00e3o ocorreu na noite da \u00faltima quinta-feira (26) resultando em cinco pessoas conduzidas para a delegacia.","breadcrumb":{"@id":"https:\/\/www.pm.pb.gov.br\/portal\/2024\/06\/27\/policia-militar-frustra-novos-crimes-e-apreende-espingarda-e-drogas-com-infratores-no-litoral-sul\/#breadcrumb"},"inLanguage":"pt-BR","potentialAction":[{"@type":"ReadAction","target":["https:\/\/www.pm.pb.gov.br\/portal\/2024\/06\/27\/policia-militar-frustra-novos-crimes-e-apreende-espingarda-e-drogas-com-infratores-no-litoral-sul\/"]}]},{"@type":"BreadcrumbList","@id":"https:\/\/www.pm.pb.gov.br\/portal\/2024\/06\/27\/policia-militar-frustra-novos-crimes-e-apreende-espingarda-e-drogas-com-infratores-no-litoral-sul\/#breadcrumb","itemListElement":[{"@type":"ListItem","position":1,"name":"In\u00edcio","item":"https:\/\/www.pm.pb.gov.br\/portal\/"},{"@type":"ListItem","position":2,"name":"Pol\u00edcia Militar frustra novos crimes e apreende espingarda e drogas com infratores no litoral sul"}]},{"@type":"WebSite","@id":"https:\/\/www.pm.pb.gov.br\/portal\/#website","url":"https:\/\/www.pm.pb.gov.br\/portal\/","name":"Pol\u00edcia Militar da Para\u00edba","description":"","publisher":{"@id":"https:\/\/www.pm.pb.gov.br\/portal\/#organization"},"potentialAction":[{"@type":"SearchAction","target":{"@type":"EntryPoint","urlTemplate":"https:\/\/www.pm.pb.gov.br\/portal\/?s={search_term_string}"},"query-input":"required name=search_term_string"}],"inLanguage":"pt-BR"},{"@type":"Organization","@id":"https:\/\/www.pm.pb.gov.br\/portal\/#organization","name":"Pol\u00edcia Militar da Para\u00edba","url":"https:\/\/www.pm.pb.gov.br\/portal\/","logo":{"@type":"ImageObject","inLanguage":"pt-BR","@id":"https:\/\/www.pm.pb.gov.br\/portal\/#\/schema\/logo\/image\/","url":"https:\/\/www.pm.pb.gov.br\/portal\/wp-content\/uploads\/2025\/03\/cropped-logo-site-mag2-1.png","contentUrl":"https:\/\/www.pm.pb.gov.br\/portal\/wp-content\/uploads\/2025\/03\/cropped-logo-site-mag2-1.png","width":320,"height":90,"caption":"Pol\u00edcia Militar da Para\u00edba"},"image":{"@id":"https:\/\/www.pm.pb.gov.br\/portal\/#\/schema\/logo\/image\/"}},{"@type":"Person","@id":"https:\/\/www.pm.pb.gov.br\/portal\/#\/schema\/person\/f84f56dcc78ce4357054da888b8247fd","name":"Tarcisio Oliveira","image":{"@type":"ImageObject","inLanguage":"pt-BR","@id":"https:\/\/www.pm.pb.gov.br\/portal\/#\/schema\/person\/image\/","url":"https:\/\/secure.gravatar.com\/avatar\/72917b630b69d31cd0297507f34bac97?s=96&d=mm&r=g","contentUrl":"https:\/\/secure.gravatar.com\/avatar\/72917b630b69d31cd0297507f34bac97?s=96&d=mm&r=g","caption":"Tarcisio Oliveira"},"url":"https:\/\/www.pm.pb.gov.br\/portal\/author\/tarcisio\/"}]}},"_links":{"self":[{"href":"https:\/\/www.pm.pb.gov.br\/portal\/wp-json\/wp\/v2\/posts\/922707"}],"collection":[{"href":"https:\/\/www.pm.pb.gov.br\/portal\/wp-json\/wp\/v2\/posts"}],"about":[{"href":"https:\/\/www.pm.pb.gov.br\/portal\/wp-json\/wp\/v2\/types\/post"}],"author":[{"embeddable":true,"href":"https:\/\/www.pm.pb.gov.br\/portal\/wp-json\/wp\/v2\/users\/12"}],"replies":[{"embeddable":true,"href":"https:\/\/www.pm.pb.gov.br\/portal\/wp-json\/wp\/v2\/comments?post=922707"}],"version-history":[{"count":2,"href":"https:\/\/www.pm.pb.gov.br\/portal\/wp-json\/wp\/v2\/posts\/922707\/revisions"}],"predecessor-version":[{"id":922710,"href":"https:\/\/www.pm.pb.gov.br\/portal\/wp-json\/wp\/v2\/posts\/922707\/revisions\/922710"}],"wp:featuredmedia":[{"embeddable":true,"href":"https:\/\/www.pm.pb.gov.br\/portal\/wp-json\/wp\/v2\/media\/922708"}],"wp:attachment":[{"href":"https:\/\/www.pm.pb.gov.br\/portal\/wp-json\/wp\/v2\/media?parent=922707"}],"wp:term":[{"taxonomy":"category","embeddable":true,"href":"https:\/\/www.pm.pb.gov.br\/portal\/wp-json\/wp\/v2\/categories?post=922707"},{"taxonomy":"post_tag","embeddable":true,"href":"https:\/\/www.pm.pb.gov.br\/portal\/wp-json\/wp\/v2\/tags?post=922707"}],"curies":[{"name":"wp","href":"https:\/\/api.w.org\/{rel}","templated":true}]}}