{"id":922657,"date":"2024-06-25T14:57:30","date_gmt":"2024-06-25T17:57:30","guid":{"rendered":"https:\/\/www.pm.pb.gov.br\/portal\/?p=922657"},"modified":"2024-06-25T14:57:31","modified_gmt":"2024-06-25T17:57:31","slug":"operacao-apreende-48-motos-que-estavam-circulando-com-cano-de-escape-barulhento-no-sao-joao-da-pb","status":"publish","type":"post","link":"https:\/\/www.pm.pb.gov.br\/portal\/2024\/06\/25\/operacao-apreende-48-motos-que-estavam-circulando-com-cano-de-escape-barulhento-no-sao-joao-da-pb\/","title":{"rendered":"Opera\u00e7\u00e3o apreende 48 motos que estavam circulando com cano de escape barulhento no S\u00e3o Jo\u00e3o da PB"},"content":{"rendered":"\n<p>Nas ruas da Para\u00edba, fora dos locais de eventos juninos, foi realizada a Opera\u00e7\u00e3o Randandan, que teve o objetivo de combater a circula\u00e7\u00e3o de motos com canos de escape adulterado. Entre os dias 23 e 24, foram apreendidos 48 ve\u00edculos por essa pr\u00e1tica.<br><br>O trabalho buscou garantir o sossego das pessoas, principalmente as que optaram por n\u00e3o participar dos festejos. Os ve\u00edculos apreendidos na opera\u00e7\u00e3o, al\u00e9m de causar riscos no tr\u00e2nsito, estavam emitindo barulho perto de \u00e1reas resid\u00eancias, hospitais e outros locais onde as barreiras do BPTran (Batalh\u00e3o de Policiamento de Tr\u00e2nsito) foram montadas.<br><br>A opera\u00e7\u00e3o continua nesta \u00faltima semana de junho. J\u00e1 s\u00e3o quase 250 ve\u00edculos apreendidos na opera\u00e7\u00e3o, este m\u00eas.<\/p>\n\n\n\n<p><img loading=\"lazy\" decoding=\"async\" width=\"901\" height=\"1600\" class=\"wp-image-922663\" style=\"width: 800px;\" src=\"http:\/\/www.pm.pb.gov.br\/portal\/wp-content\/uploads\/2024\/06\/WhatsApp-Image-2024-06-25-at-3.08.18-PM.jpeg\" alt=\"\" srcset=\"https:\/\/www.pm.pb.gov.br\/portal\/wp-content\/uploads\/2024\/06\/WhatsApp-Image-2024-06-25-at-3.08.18-PM.jpeg 901w, https:\/\/www.pm.pb.gov.br\/portal\/wp-content\/uploads\/2024\/06\/WhatsApp-Image-2024-06-25-at-3.08.18-PM-251x445.jpeg 251w, https:\/\/www.pm.pb.gov.br\/portal\/wp-content\/uploads\/2024\/06\/WhatsApp-Image-2024-06-25-at-3.08.18-PM-321x570.jpeg 321w, https:\/\/www.pm.pb.gov.br\/portal\/wp-content\/uploads\/2024\/06\/WhatsApp-Image-2024-06-25-at-3.08.18-PM-768x1364.jpeg 768w, https:\/\/www.pm.pb.gov.br\/portal\/wp-content\/uploads\/2024\/06\/WhatsApp-Image-2024-06-25-at-3.08.18-PM-865x1536.jpeg 865w\" sizes=\"(max-width: 901px) 100vw, 901px\" \/><\/p>\n","protected":false},"excerpt":{"rendered":"<p>Nas ruas da Para\u00edba, fora dos locais de eventos juninos, foi realizada a Opera\u00e7\u00e3o Randandan, que teve o objetivo de<\/p>\n","protected":false},"author":18,"featured_media":922664,"comment_status":"closed","ping_status":"closed","sticky":false,"template":"","format":"standard","meta":{"_exactmetrics_skip_tracking":false,"_exactmetrics_sitenote_active":false,"_exactmetrics_sitenote_note":"","_exactmetrics_sitenote_category":0,"footnotes":""},"categories":[4],"tags":[],"yoast_head":"<!-- This site is optimized with the Yoast SEO plugin v22.0 - https:\/\/yoast.com\/wordpress\/plugins\/seo\/ -->\n<title>Opera\u00e7\u00e3o apreende 48 motos que estavam circulando com cano de escape barulhento no S\u00e3o Jo\u00e3o da PB - Pol\u00edcia Militar da Para\u00edba<\/title>\n<meta name=\"robots\" content=\"index, follow, max-snippet:-1, max-image-preview:large, max-video-preview:-1\" \/>\n<link rel=\"canonical\" href=\"https:\/\/www.pm.pb.gov.br\/portal\/2024\/06\/25\/operacao-apreende-48-motos-que-estavam-circulando-com-cano-de-escape-barulhento-no-sao-joao-da-pb\/\" \/>\n<meta property=\"og:locale\" content=\"pt_BR\" \/>\n<meta property=\"og:type\" content=\"article\" \/>\n<meta property=\"og:title\" content=\"Opera\u00e7\u00e3o apreende 48 motos que estavam circulando com cano de escape barulhento no S\u00e3o Jo\u00e3o da PB - Pol\u00edcia Militar da Para\u00edba\" \/>\n<meta property=\"og:description\" content=\"Nas ruas da Para\u00edba, fora dos locais de eventos juninos, foi realizada a Opera\u00e7\u00e3o Randandan, que teve o objetivo de\" \/>\n<meta property=\"og:url\" content=\"https:\/\/www.pm.pb.gov.br\/portal\/2024\/06\/25\/operacao-apreende-48-motos-que-estavam-circulando-com-cano-de-escape-barulhento-no-sao-joao-da-pb\/\" \/>\n<meta property=\"og:site_name\" content=\"Pol\u00edcia Militar da Para\u00edba\" \/>\n<meta property=\"article:published_time\" content=\"2024-06-25T17:57:30+00:00\" \/>\n<meta property=\"article:modified_time\" content=\"2024-06-25T17:57:31+00:00\" \/>\n<meta property=\"og:image\" content=\"http:\/\/www.pm.pb.gov.br\/portal\/wp-content\/uploads\/2024\/06\/WhatsApp-Image-2024-06-25-at-3.05.27-PM.jpeg\" \/>\n\t<meta property=\"og:image:width\" content=\"1280\" \/>\n\t<meta property=\"og:image:height\" content=\"960\" \/>\n\t<meta property=\"og:image:type\" content=\"image\/jpeg\" \/>\n<meta name=\"author\" content=\"Luiz Duarte\" \/>\n<meta name=\"twitter:card\" content=\"summary_large_image\" \/>\n<meta name=\"twitter:label1\" content=\"Escrito por\" \/>\n\t<meta name=\"twitter:data1\" content=\"Luiz Duarte\" \/>\n\t<meta name=\"twitter:label2\" content=\"Est. tempo de leitura\" \/>\n\t<meta name=\"twitter:data2\" content=\"2 minutos\" \/>\n<script type=\"application\/ld+json\" class=\"yoast-schema-graph\">{\"@context\":\"https:\/\/schema.org\",\"@graph\":[{\"@type\":\"Article\",\"@id\":\"https:\/\/www.pm.pb.gov.br\/portal\/2024\/06\/25\/operacao-apreende-48-motos-que-estavam-circulando-com-cano-de-escape-barulhento-no-sao-joao-da-pb\/#article\",\"isPartOf\":{\"@id\":\"https:\/\/www.pm.pb.gov.br\/portal\/2024\/06\/25\/operacao-apreende-48-motos-que-estavam-circulando-com-cano-de-escape-barulhento-no-sao-joao-da-pb\/\"},\"author\":{\"name\":\"Luiz Duarte\",\"@id\":\"https:\/\/www.pm.pb.gov.br\/portal\/#\/schema\/person\/89dd009e2523c97adf8def1d6cf90ca1\"},\"headline\":\"Opera\u00e7\u00e3o apreende 48 motos que estavam circulando com cano de escape barulhento no S\u00e3o Jo\u00e3o da PB\",\"datePublished\":\"2024-06-25T17:57:30+00:00\",\"dateModified\":\"2024-06-25T17:57:31+00:00\",\"mainEntityOfPage\":{\"@id\":\"https:\/\/www.pm.pb.gov.br\/portal\/2024\/06\/25\/operacao-apreende-48-motos-que-estavam-circulando-com-cano-de-escape-barulhento-no-sao-joao-da-pb\/\"},\"wordCount\":145,\"publisher\":{\"@id\":\"https:\/\/www.pm.pb.gov.br\/portal\/#organization\"},\"articleSection\":[\"A\u00e7\u00f5es Policiais\"],\"inLanguage\":\"pt-BR\"},{\"@type\":\"WebPage\",\"@id\":\"https:\/\/www.pm.pb.gov.br\/portal\/2024\/06\/25\/operacao-apreende-48-motos-que-estavam-circulando-com-cano-de-escape-barulhento-no-sao-joao-da-pb\/\",\"url\":\"https:\/\/www.pm.pb.gov.br\/portal\/2024\/06\/25\/operacao-apreende-48-motos-que-estavam-circulando-com-cano-de-escape-barulhento-no-sao-joao-da-pb\/\",\"name\":\"Opera\u00e7\u00e3o apreende 48 motos que estavam circulando com cano de escape barulhento no S\u00e3o Jo\u00e3o da PB - Pol\u00edcia Militar da Para\u00edba\",\"isPartOf\":{\"@id\":\"https:\/\/www.pm.pb.gov.br\/portal\/#website\"},\"datePublished\":\"2024-06-25T17:57:30+00:00\",\"dateModified\":\"2024-06-25T17:57:31+00:00\",\"breadcrumb\":{\"@id\":\"https:\/\/www.pm.pb.gov.br\/portal\/2024\/06\/25\/operacao-apreende-48-motos-que-estavam-circulando-com-cano-de-escape-barulhento-no-sao-joao-da-pb\/#breadcrumb\"},\"inLanguage\":\"pt-BR\",\"potentialAction\":[{\"@type\":\"ReadAction\",\"target\":[\"https:\/\/www.pm.pb.gov.br\/portal\/2024\/06\/25\/operacao-apreende-48-motos-que-estavam-circulando-com-cano-de-escape-barulhento-no-sao-joao-da-pb\/\"]}]},{\"@type\":\"BreadcrumbList\",\"@id\":\"https:\/\/www.pm.pb.gov.br\/portal\/2024\/06\/25\/operacao-apreende-48-motos-que-estavam-circulando-com-cano-de-escape-barulhento-no-sao-joao-da-pb\/#breadcrumb\",\"itemListElement\":[{\"@type\":\"ListItem\",\"position\":1,\"name\":\"In\u00edcio\",\"item\":\"https:\/\/www.pm.pb.gov.br\/portal\/\"},{\"@type\":\"ListItem\",\"position\":2,\"name\":\"Opera\u00e7\u00e3o apreende 48 motos que estavam circulando com cano de escape barulhento no S\u00e3o Jo\u00e3o da PB\"}]},{\"@type\":\"WebSite\",\"@id\":\"https:\/\/www.pm.pb.gov.br\/portal\/#website\",\"url\":\"https:\/\/www.pm.pb.gov.br\/portal\/\",\"name\":\"Pol\u00edcia Militar da Para\u00edba\",\"description\":\"\",\"publisher\":{\"@id\":\"https:\/\/www.pm.pb.gov.br\/portal\/#organization\"},\"potentialAction\":[{\"@type\":\"SearchAction\",\"target\":{\"@type\":\"EntryPoint\",\"urlTemplate\":\"https:\/\/www.pm.pb.gov.br\/portal\/?s={search_term_string}\"},\"query-input\":\"required name=search_term_string\"}],\"inLanguage\":\"pt-BR\"},{\"@type\":\"Organization\",\"@id\":\"https:\/\/www.pm.pb.gov.br\/portal\/#organization\",\"name\":\"Pol\u00edcia Militar da Para\u00edba\",\"url\":\"https:\/\/www.pm.pb.gov.br\/portal\/\",\"logo\":{\"@type\":\"ImageObject\",\"inLanguage\":\"pt-BR\",\"@id\":\"https:\/\/www.pm.pb.gov.br\/portal\/#\/schema\/logo\/image\/\",\"url\":\"https:\/\/www.pm.pb.gov.br\/portal\/wp-content\/uploads\/2025\/03\/cropped-logo-site-mag2-1.png\",\"contentUrl\":\"https:\/\/www.pm.pb.gov.br\/portal\/wp-content\/uploads\/2025\/03\/cropped-logo-site-mag2-1.png\",\"width\":320,\"height\":90,\"caption\":\"Pol\u00edcia Militar da Para\u00edba\"},\"image\":{\"@id\":\"https:\/\/www.pm.pb.gov.br\/portal\/#\/schema\/logo\/image\/\"}},{\"@type\":\"Person\",\"@id\":\"https:\/\/www.pm.pb.gov.br\/portal\/#\/schema\/person\/89dd009e2523c97adf8def1d6cf90ca1\",\"name\":\"Luiz Duarte\",\"image\":{\"@type\":\"ImageObject\",\"inLanguage\":\"pt-BR\",\"@id\":\"https:\/\/www.pm.pb.gov.br\/portal\/#\/schema\/person\/image\/\",\"url\":\"https:\/\/secure.gravatar.com\/avatar\/ce5539b97246ef4d24dd039a3f64145b?s=96&d=mm&r=g\",\"contentUrl\":\"https:\/\/secure.gravatar.com\/avatar\/ce5539b97246ef4d24dd039a3f64145b?s=96&d=mm&r=g\",\"caption\":\"Luiz Duarte\"},\"url\":\"https:\/\/www.pm.pb.gov.br\/portal\/author\/luiz\/\"}]}<\/script>\n<!-- \/ Yoast SEO plugin. -->","yoast_head_json":{"title":"Opera\u00e7\u00e3o apreende 48 motos que estavam circulando com cano de escape barulhento no S\u00e3o Jo\u00e3o da PB - Pol\u00edcia Militar da Para\u00edba","robots":{"index":"index","follow":"follow","max-snippet":"max-snippet:-1","max-image-preview":"max-image-preview:large","max-video-preview":"max-video-preview:-1"},"canonical":"https:\/\/www.pm.pb.gov.br\/portal\/2024\/06\/25\/operacao-apreende-48-motos-que-estavam-circulando-com-cano-de-escape-barulhento-no-sao-joao-da-pb\/","og_locale":"pt_BR","og_type":"article","og_title":"Opera\u00e7\u00e3o apreende 48 motos que estavam circulando com cano de escape barulhento no S\u00e3o Jo\u00e3o da PB - Pol\u00edcia Militar da Para\u00edba","og_description":"Nas ruas da Para\u00edba, fora dos locais de eventos juninos, foi realizada a Opera\u00e7\u00e3o Randandan, que teve o objetivo de","og_url":"https:\/\/www.pm.pb.gov.br\/portal\/2024\/06\/25\/operacao-apreende-48-motos-que-estavam-circulando-com-cano-de-escape-barulhento-no-sao-joao-da-pb\/","og_site_name":"Pol\u00edcia Militar da Para\u00edba","article_published_time":"2024-06-25T17:57:30+00:00","article_modified_time":"2024-06-25T17:57:31+00:00","og_image":[{"width":1280,"height":960,"url":"http:\/\/www.pm.pb.gov.br\/portal\/wp-content\/uploads\/2024\/06\/WhatsApp-Image-2024-06-25-at-3.05.27-PM.jpeg","type":"image\/jpeg"}],"author":"Luiz Duarte","twitter_card":"summary_large_image","twitter_misc":{"Escrito por":"Luiz Duarte","Est. tempo de leitura":"2 minutos"},"schema":{"@context":"https:\/\/schema.org","@graph":[{"@type":"Article","@id":"https:\/\/www.pm.pb.gov.br\/portal\/2024\/06\/25\/operacao-apreende-48-motos-que-estavam-circulando-com-cano-de-escape-barulhento-no-sao-joao-da-pb\/#article","isPartOf":{"@id":"https:\/\/www.pm.pb.gov.br\/portal\/2024\/06\/25\/operacao-apreende-48-motos-que-estavam-circulando-com-cano-de-escape-barulhento-no-sao-joao-da-pb\/"},"author":{"name":"Luiz Duarte","@id":"https:\/\/www.pm.pb.gov.br\/portal\/#\/schema\/person\/89dd009e2523c97adf8def1d6cf90ca1"},"headline":"Opera\u00e7\u00e3o apreende 48 motos que estavam circulando com cano de escape barulhento no S\u00e3o Jo\u00e3o da PB","datePublished":"2024-06-25T17:57:30+00:00","dateModified":"2024-06-25T17:57:31+00:00","mainEntityOfPage":{"@id":"https:\/\/www.pm.pb.gov.br\/portal\/2024\/06\/25\/operacao-apreende-48-motos-que-estavam-circulando-com-cano-de-escape-barulhento-no-sao-joao-da-pb\/"},"wordCount":145,"publisher":{"@id":"https:\/\/www.pm.pb.gov.br\/portal\/#organization"},"articleSection":["A\u00e7\u00f5es Policiais"],"inLanguage":"pt-BR"},{"@type":"WebPage","@id":"https:\/\/www.pm.pb.gov.br\/portal\/2024\/06\/25\/operacao-apreende-48-motos-que-estavam-circulando-com-cano-de-escape-barulhento-no-sao-joao-da-pb\/","url":"https:\/\/www.pm.pb.gov.br\/portal\/2024\/06\/25\/operacao-apreende-48-motos-que-estavam-circulando-com-cano-de-escape-barulhento-no-sao-joao-da-pb\/","name":"Opera\u00e7\u00e3o apreende 48 motos que estavam circulando com cano de escape barulhento no S\u00e3o Jo\u00e3o da PB - Pol\u00edcia Militar da Para\u00edba","isPartOf":{"@id":"https:\/\/www.pm.pb.gov.br\/portal\/#website"},"datePublished":"2024-06-25T17:57:30+00:00","dateModified":"2024-06-25T17:57:31+00:00","breadcrumb":{"@id":"https:\/\/www.pm.pb.gov.br\/portal\/2024\/06\/25\/operacao-apreende-48-motos-que-estavam-circulando-com-cano-de-escape-barulhento-no-sao-joao-da-pb\/#breadcrumb"},"inLanguage":"pt-BR","potentialAction":[{"@type":"ReadAction","target":["https:\/\/www.pm.pb.gov.br\/portal\/2024\/06\/25\/operacao-apreende-48-motos-que-estavam-circulando-com-cano-de-escape-barulhento-no-sao-joao-da-pb\/"]}]},{"@type":"BreadcrumbList","@id":"https:\/\/www.pm.pb.gov.br\/portal\/2024\/06\/25\/operacao-apreende-48-motos-que-estavam-circulando-com-cano-de-escape-barulhento-no-sao-joao-da-pb\/#breadcrumb","itemListElement":[{"@type":"ListItem","position":1,"name":"In\u00edcio","item":"https:\/\/www.pm.pb.gov.br\/portal\/"},{"@type":"ListItem","position":2,"name":"Opera\u00e7\u00e3o apreende 48 motos que estavam circulando com cano de escape barulhento no S\u00e3o Jo\u00e3o da PB"}]},{"@type":"WebSite","@id":"https:\/\/www.pm.pb.gov.br\/portal\/#website","url":"https:\/\/www.pm.pb.gov.br\/portal\/","name":"Pol\u00edcia Militar da Para\u00edba","description":"","publisher":{"@id":"https:\/\/www.pm.pb.gov.br\/portal\/#organization"},"potentialAction":[{"@type":"SearchAction","target":{"@type":"EntryPoint","urlTemplate":"https:\/\/www.pm.pb.gov.br\/portal\/?s={search_term_string}"},"query-input":"required name=search_term_string"}],"inLanguage":"pt-BR"},{"@type":"Organization","@id":"https:\/\/www.pm.pb.gov.br\/portal\/#organization","name":"Pol\u00edcia Militar da Para\u00edba","url":"https:\/\/www.pm.pb.gov.br\/portal\/","logo":{"@type":"ImageObject","inLanguage":"pt-BR","@id":"https:\/\/www.pm.pb.gov.br\/portal\/#\/schema\/logo\/image\/","url":"https:\/\/www.pm.pb.gov.br\/portal\/wp-content\/uploads\/2025\/03\/cropped-logo-site-mag2-1.png","contentUrl":"https:\/\/www.pm.pb.gov.br\/portal\/wp-content\/uploads\/2025\/03\/cropped-logo-site-mag2-1.png","width":320,"height":90,"caption":"Pol\u00edcia Militar da Para\u00edba"},"image":{"@id":"https:\/\/www.pm.pb.gov.br\/portal\/#\/schema\/logo\/image\/"}},{"@type":"Person","@id":"https:\/\/www.pm.pb.gov.br\/portal\/#\/schema\/person\/89dd009e2523c97adf8def1d6cf90ca1","name":"Luiz Duarte","image":{"@type":"ImageObject","inLanguage":"pt-BR","@id":"https:\/\/www.pm.pb.gov.br\/portal\/#\/schema\/person\/image\/","url":"https:\/\/secure.gravatar.com\/avatar\/ce5539b97246ef4d24dd039a3f64145b?s=96&d=mm&r=g","contentUrl":"https:\/\/secure.gravatar.com\/avatar\/ce5539b97246ef4d24dd039a3f64145b?s=96&d=mm&r=g","caption":"Luiz Duarte"},"url":"https:\/\/www.pm.pb.gov.br\/portal\/author\/luiz\/"}]}},"_links":{"self":[{"href":"https:\/\/www.pm.pb.gov.br\/portal\/wp-json\/wp\/v2\/posts\/922657"}],"collection":[{"href":"https:\/\/www.pm.pb.gov.br\/portal\/wp-json\/wp\/v2\/posts"}],"about":[{"href":"https:\/\/www.pm.pb.gov.br\/portal\/wp-json\/wp\/v2\/types\/post"}],"author":[{"embeddable":true,"href":"https:\/\/www.pm.pb.gov.br\/portal\/wp-json\/wp\/v2\/users\/18"}],"replies":[{"embeddable":true,"href":"https:\/\/www.pm.pb.gov.br\/portal\/wp-json\/wp\/v2\/comments?post=922657"}],"version-history":[{"count":3,"href":"https:\/\/www.pm.pb.gov.br\/portal\/wp-json\/wp\/v2\/posts\/922657\/revisions"}],"predecessor-version":[{"id":922666,"href":"https:\/\/www.pm.pb.gov.br\/portal\/wp-json\/wp\/v2\/posts\/922657\/revisions\/922666"}],"wp:featuredmedia":[{"embeddable":true,"href":"https:\/\/www.pm.pb.gov.br\/portal\/wp-json\/wp\/v2\/media\/922664"}],"wp:attachment":[{"href":"https:\/\/www.pm.pb.gov.br\/portal\/wp-json\/wp\/v2\/media?parent=922657"}],"wp:term":[{"taxonomy":"category","embeddable":true,"href":"https:\/\/www.pm.pb.gov.br\/portal\/wp-json\/wp\/v2\/categories?post=922657"},{"taxonomy":"post_tag","embeddable":true,"href":"https:\/\/www.pm.pb.gov.br\/portal\/wp-json\/wp\/v2\/tags?post=922657"}],"curies":[{"name":"wp","href":"https:\/\/api.w.org\/{rel}","templated":true}]}}